{"id":8907,"date":"2018-11-10T17:44:05","date_gmt":"2018-11-10T17:44:05","guid":{"rendered":"http:\/\/quehacerpolitico.mx\/migrantes-de-la-caravana-llegan-a-celaya-e-irapuato-guanajuato-esperan-el-arribo-de-4-mil\/"},"modified":"2018-11-10T17:44:05","modified_gmt":"2018-11-10T17:44:05","slug":"migrantes-de-la-caravana-llegan-a-celaya-e-irapuato-guanajuato-esperan-el-arribo-de-4-mil","status":"publish","type":"post","link":"https:\/\/quehacerpolitico.mx\/?p=8907","title":{"rendered":"Migrantes de la caravana llegan a Celaya e Irapuato, Guanajuato; esperan el arribo de 4 mil"},"content":{"rendered":"<h1>Migrantes de la caravana llegan a Celaya e Irapuato, Guanajuato; esperan el arribo de 4 mil<\/h1>\n<p>Por Redacci\u00f3n QP<\/p>\n<p>Entre 2 mil 500 y 4 mil <strong>personas centroamericanas<\/strong>llegar\u00e1n a Guanajuato como parte de la<strong>caravana migrante<\/strong>, que busca llegar a Estados Unidos en b\u00fasqueda de mejores oportunidades de vida. Aunque los primeros grupos comenzaron a registrarse la noche del viernes en <strong>Celaya<\/strong> e <strong>Irapuato<\/strong>, se espera que su arribo se prolongue hasta el domingo, de tal forma que las autoridades estatales ya realizan un plan de atenci\u00f3n integral y apoyo humanitario.<\/p>\n<p>Juan Hern\u00e1ndez, titular de la Secretar\u00eda del Migrante y Enlace Internacional presidi\u00f3 una rueda de prensa en la que explic\u00f3 que la <strong>caravana migrante\u00a0<\/strong>estar\u00e1 arribando este fin de semana y se prev\u00e9 que tenga dos posibles pasos: uno por la carretera federal 57 y otro por la carretera federal 45.<\/p>\n<blockquote>\n<p>Se\u00f1al\u00f3 que la prioridad del gobierno estatal ser\u00e1 dar ayuda integral a las y los <strong>migrantes<\/strong>, apoy\u00e1ndolos en temas de salud, alimentaci\u00f3n y albergue: \u201cla cara humanitaria es muy, muy importante y vamos a atenderlos en su camino\u201d.<\/p>\n<\/blockquote>\n<p>Para esta finalidad, \u00e1reas como el DIF Estatal, la Secretar\u00eda de Salud, Protecci\u00f3n Civil y la Secretar\u00eda de Seguridad P\u00fablica del Estado est\u00e1n colaborando con los municipios por donde esta <strong>caravana migrante<\/strong> podr\u00eda cruzar.<\/p>\n<div id=\"attachment_3496001\" class=\"wp-caption alignnone\"><img loading=\"lazy\" decoding=\"async\" class=\"wp-image-3496001 size-full\" src=\"https:\/\/www.sinembargo.mx\/wp-content\/uploads\/2018\/11\/caravana-migrante-gto-1.png\" sizes=\"auto, (max-width: 700px) 100vw, 700px\" srcset=\"https:\/\/www.sinembargo.mx\/wp-content\/uploads\/2018\/11\/caravana-migrante-gto-1.png 700w, https:\/\/www.sinembargo.mx\/wp-content\/uploads\/2018\/11\/caravana-migrante-gto-1-300x148.png 300w\" alt=\"\" width=\"700\" height=\"346\" \/><\/p>\n<p class=\"wp-caption-text\">El titular de la Secretar\u00eda del Migrante y Enlace Internacional explic\u00f3 que la caravana migrante arribar\u00e1 a Guanajuato este fin de semana. Foto: Especial, v\u00eda Zona Franca.<\/p>\n<\/div>\n<p>El titular de la Secretar\u00eda del Migrante y Enlace Internacional explic\u00f3 que desde hace unos d\u00edas ha estado en contacto con tres de los 18 l\u00edderes <strong>migrantes<\/strong> que vienen acompa\u00f1ando los contingentes. En estos di\u00e1logos se manifestaron las dos posibles rutas para atravesar el estado de Guanajuato, en donde se prev\u00e9 que no est\u00e9n m\u00e1s de 24 horas.<\/p>\n<p>La primera ruta, y que es la m\u00e1s recomendable por ser la m\u00e1s corta, es la que tomar\u00edan si pasan por la carretera federal 57, atravesando los municipios de <strong>San Jos\u00e9 Iturbide<\/strong>, <strong>San Diego de la Uni\u00f3n<\/strong> y <strong>San Luis de la Paz<\/strong>.<\/p>\n<p>\u201cNosotros les hemos ofrecido, porque es el mejor lugar donde podemos instalarlos bien, atenderlos bien y que parece ser que les conviene m\u00e1s, porque es m\u00e1s corto, es ac\u00e1 por San Jos\u00e9 Iturbide\u201d, explic\u00f3 Juan Hern\u00e1ndez, quien se\u00f1al\u00f3 que tambi\u00e9n est\u00e1n orientando a los migrantes para que tomen la ruta m\u00e1s corta y conveniente.<\/p>\n<p>La otra ruta ser\u00eda por la carretera federal 45, atravesando los municipios de <strong>Celaya<\/strong>, <strong>Irapuato<\/strong> y <strong>Le\u00f3n<\/strong>. Estos ayuntamientos ya se est\u00e1n preparando para recibir a los migrantes, aunque la ruta no sea la m\u00e1s recomendable.<\/p>\n<p>\u201c<strong>Celaya<\/strong> est\u00e1 haciendo la revisi\u00f3n de algunos lugares y est\u00e1n por confirm\u00e1rnoslos, as\u00ed tambi\u00e9n en el caso de Le\u00f3n que est\u00e1n explorando un terreno muy amplio que est\u00e1 en la entrada de la ciudad, ah\u00ed por la Puerta del Milenio, y est\u00e1n viendo otro terreno por la Le\u00f3n \u2013 Lagos (\u2026) el que ya confirm\u00f3 es <strong>Irapuato<\/strong>, donde nos ofreci\u00f3 la posibilidad de recibirlos en el DIF Municipal, y que tendr\u00edan la capacidad de recibir a 2 mil 500 personas\u201d, dijo Antonio G\u00fcereca P\u00e9rez, director estatal de Protecci\u00f3n Civil.<\/p>\n<p>Juan Hern\u00e1ndez manifest\u00f3 que se espera que los migrantes vayan llegando de poco en poco en contingentes, y que se prev\u00e9 que la atenci\u00f3n humanitaria pueda darse de manera ininterrumpida durante su paso por el estado.<\/p>\n<p>La Secretar\u00eda de Salud del Estado tambi\u00e9n se est\u00e1 preparando para la atenci\u00f3n de los migrantes. Daniel Alberto D\u00edaz Mart\u00ednez, titular de esta dependencia, mencion\u00f3 que la principal causa de preocupaci\u00f3n es la deshidrataci\u00f3n y el cansancio que puedan padecer.<\/p>\n<p>Agreg\u00f3 que ya se pusieron en contacto con las \u00e1reas de salud de otros estados, para conocer cu\u00e1les son las principales necesidades de los <strong>migrantes<\/strong>: \u201cde tal manera que nosotros estemos listos, entendemos que esta es una zona de tr\u00e1nsito, pero todos nuestros hospitales estar\u00e1n priorizando su derecho a la salud\u201d.<\/p>\n<p>El director del DIF, Jos\u00e9 Alfonso Borja Pimentel, manifest\u00f3 que est\u00e1n preparando raciones de comida para los <strong>migrantes<\/strong> que est\u00e9n de paso por <strong>Guanajuato<\/strong>, pero adem\u00e1s solicit\u00f3 la ayuda de la poblaci\u00f3n, para que pueda realizar donaciones de ropa, tenis en buen estado y enseres de uso personal para los migrantes.<\/p>\n<p class=\"p1\"><strong><span class=\"s1\">ARRIBAN PRIMEROS GRUPOS A CELAYA<\/span><\/strong><\/p>\n<p class=\"p1\">La noche del viernes comenzaron a pasar por la ciudad de <strong>Celaya<\/strong> los primeros grupos pertenecientes a la<strong> caravana migrante<\/strong>, donde van mujeres, ni\u00f1os y hombres, quienes hicieron una parada en las instalaciones de la Polic\u00eda Federal destacamento Celaya, esto alrededor de las 21:00 horas.<\/p>\n<div id=\"attachment_3496003\" class=\"wp-caption alignnone\"><img loading=\"lazy\" decoding=\"async\" class=\"wp-image-3496003 size-full\" src=\"https:\/\/www.sinembargo.mx\/wp-content\/uploads\/2018\/11\/caravana-migrantes-guanajauto-2.jpg\" sizes=\"auto, (max-width: 700px) 100vw, 700px\" srcset=\"https:\/\/www.sinembargo.mx\/wp-content\/uploads\/2018\/11\/caravana-migrantes-guanajauto-2.jpg 700w, https:\/\/www.sinembargo.mx\/wp-content\/uploads\/2018\/11\/caravana-migrantes-guanajauto-2-278x300.jpg 278w\" alt=\"\" width=\"700\" height=\"756\" \/><\/p>\n<p class=\"wp-caption-text\">Un grupo de migrantes lleg\u00f3 a Guanajuato, se espera que en los pr\u00f3ximos d\u00edas m\u00e1s personas migrantes centroamericanas pasen por la entidad. Foto: Luis Garc\u00eda, Zona Franca.<\/p>\n<\/div>\n<p>Recibieron atenci\u00f3n m\u00e9dica por parte de personal del DIF municipal, la Secretar\u00eda de Salud del Estado de Guanajuato y otras dependencias de los tres niveles de gobierno, adem\u00e1s fueron apoyados con alimentos y con espacios para poder descansar.<\/p>\n<blockquote>\n<p>El contingente estuvo integrado por 40 hombres, 10 mujeres y 6 ni\u00f1os, quienes se detuvieron por un espacio de una hora aproximadamente, para continuar con rumbo a <strong>Irapuato<\/strong>, con el apoyo de transporte de la empresa Saetas de Guanajuato.<\/p>\n<\/blockquote>\n<p>En el transcurso de este fin de semana se espera arribe un grupo mayor que pase por la entidad.<\/p>\n<p class=\"p1\"><strong><span class=\"s1\">TAMBI\u00c9N EN IRAPUATO<\/span><\/strong><\/p>\n<p>Otro grupo de <strong>migrantes centroamericanos<\/strong>lleg\u00f3 la noche de este viernes a <strong>Irapuato<\/strong>, fueron cerca de 60 personas entre menores, mujeres y hombres; luego de nueve horas de descanso, se espera que sigan su viaje.<\/p>\n<p>Alrededor de las 21:00 horas de este viernes, un cami\u00f3n de <strong>personas migrantes centroamericanas<\/strong> ingres\u00f3 a Irapuato. El gobierno municipal habilit\u00f3 uno de los salones del Centro DIF para que pernoctaran ah\u00ed.<\/p>\n<p>Este grupo acord\u00f3 continuar su recorrido a las 6:00 horas de hoy.<\/p>\n<div id=\"attachment_3496004\" class=\"wp-caption alignnone\"><img loading=\"lazy\" decoding=\"async\" class=\"wp-image-3496004 size-full\" src=\"https:\/\/www.sinembargo.mx\/wp-content\/uploads\/2018\/11\/caravana-migrantes-guanajauto-3.jpg\" sizes=\"auto, (max-width: 700px) 100vw, 700px\" srcset=\"https:\/\/www.sinembargo.mx\/wp-content\/uploads\/2018\/11\/caravana-migrantes-guanajauto-3.jpg 700w, https:\/\/www.sinembargo.mx\/wp-content\/uploads\/2018\/11\/caravana-migrantes-guanajauto-3-300x249.jpg 300w\" alt=\"\" width=\"700\" height=\"580\" \/><\/p>\n<p class=\"wp-caption-text\">La noche de ayer comenzaron a pasar por la ciudad de Celaya los primeros grupos pertenecientes a la caravana migrante. Foto: Luis Garc\u00eda, Zona Franca.<\/p>\n<\/div>\n<p>En tanto, el grupo m\u00e1s fuerte que se qued\u00f3 en <strong>Quer\u00e9taro<\/strong>, seg\u00fan confirm\u00f3 el Secretario de Seguridad Ciudadana Pedro Cort\u00e9s, se espera que por la madrugada de este s\u00e1bado y el domingo hagan su arribo a este municipio.<\/p>\n<p>La administraci\u00f3n municipal aportar\u00e1 el albergue y los servicios m\u00e9dicos en caso de requerirse, mientras las asociaciones de Casa del Migrante y C\u00e1ritas tambi\u00e9n estar\u00e1n realizando atenci\u00f3n.<\/p>\n<p>Con Informaci\u00f3n de Zona Franca<\/p>\n","protected":false},"excerpt":{"rendered":"<p>Migrantes de la caravana llegan a Celaya e Irapuato, Guanajuato; esperan el arribo de 4 mil<br \/>\nPor Redacci\u00f3n QP<\/p>\n","protected":false},"author":2,"featured_media":8906,"comment_status":"open","ping_status":"open","sticky":false,"template":"","format":"standard","meta":{"_monsterinsights_skip_tracking":false,"_monsterinsights_sitenote_active":false,"_monsterinsights_sitenote_note":"","_monsterinsights_sitenote_category":0,"footnotes":""},"categories":[2],"tags":[],"class_list":["post-8907","post","type-post","status-publish","format-standard","has-post-thumbnail","hentry","category-noticias"],"yoast_head":"<!-- This site is optimized with the Yoast SEO plugin v27.3 - https:\/\/yoast.com\/product\/yoast-seo-wordpress\/ -->\n<title>Migrantes de la caravana llegan a Celaya e Irapuato, Guanajuato; esperan el arribo de 4 mil -<\/title>\n<meta name=\"robots\" content=\"index, follow, max-snippet:-1, max-image-preview:large, max-video-preview:-1\" \/>\n<link rel=\"canonical\" href=\"https:\/\/quehacerpolitico.mx\/?p=8907\" \/>\n<meta property=\"og:locale\" content=\"es_MX\" \/>\n<meta property=\"og:type\" content=\"article\" \/>\n<meta property=\"og:title\" content=\"Migrantes de la caravana llegan a Celaya e Irapuato, Guanajuato; esperan el arribo de 4 mil -\" \/>\n<meta property=\"og:description\" content=\"Migrantes de la caravana llegan a Celaya e Irapuato, Guanajuato; esperan el arribo de 4 mil Por Redacci\u00f3n QP\" \/>\n<meta property=\"og:url\" content=\"https:\/\/quehacerpolitico.mx\/?p=8907\" \/>\n<meta property=\"article:published_time\" content=\"2018-11-10T17:44:05+00:00\" \/>\n<meta name=\"author\" content=\"Redacci\u00f3n QP\" \/>\n<meta name=\"twitter:card\" content=\"summary_large_image\" \/>\n<meta name=\"twitter:label1\" content=\"Escrito por\" \/>\n\t<meta name=\"twitter:data1\" content=\"Redacci\u00f3n QP\" \/>\n\t<meta name=\"twitter:label2\" content=\"Tiempo de lectura\" \/>\n\t<meta name=\"twitter:data2\" content=\"6 minutos\" \/>\n<script type=\"application\/ld+json\" class=\"yoast-schema-graph\">{\"@context\":\"https:\\\/\\\/schema.org\",\"@graph\":[{\"@type\":\"Article\",\"@id\":\"https:\\\/\\\/quehacerpolitico.mx\\\/?p=8907#article\",\"isPartOf\":{\"@id\":\"https:\\\/\\\/quehacerpolitico.mx\\\/?p=8907\"},\"author\":{\"name\":\"Redacci\u00f3n QP\",\"@id\":\"https:\\\/\\\/quehacerpolitico.mx\\\/#\\\/schema\\\/person\\\/496d8ad2d1d3f8036101dca7ee39e585\"},\"headline\":\"Migrantes de la caravana llegan a Celaya e Irapuato, Guanajuato; esperan el arribo de 4 mil\",\"datePublished\":\"2018-11-10T17:44:05+00:00\",\"mainEntityOfPage\":{\"@id\":\"https:\\\/\\\/quehacerpolitico.mx\\\/?p=8907\"},\"wordCount\":1134,\"commentCount\":0,\"image\":{\"@id\":\"https:\\\/\\\/quehacerpolitico.mx\\\/?p=8907#primaryimage\"},\"thumbnailUrl\":\"\",\"articleSection\":[\"Noticias\"],\"inLanguage\":\"es\",\"potentialAction\":[{\"@type\":\"CommentAction\",\"name\":\"Comment\",\"target\":[\"https:\\\/\\\/quehacerpolitico.mx\\\/?p=8907#respond\"]}]},{\"@type\":\"WebPage\",\"@id\":\"https:\\\/\\\/quehacerpolitico.mx\\\/?p=8907\",\"url\":\"https:\\\/\\\/quehacerpolitico.mx\\\/?p=8907\",\"name\":\"Migrantes de la caravana llegan a Celaya e Irapuato, Guanajuato; esperan el arribo de 4 mil -\",\"isPartOf\":{\"@id\":\"https:\\\/\\\/quehacerpolitico.mx\\\/#website\"},\"primaryImageOfPage\":{\"@id\":\"https:\\\/\\\/quehacerpolitico.mx\\\/?p=8907#primaryimage\"},\"image\":{\"@id\":\"https:\\\/\\\/quehacerpolitico.mx\\\/?p=8907#primaryimage\"},\"thumbnailUrl\":\"\",\"datePublished\":\"2018-11-10T17:44:05+00:00\",\"author\":{\"@id\":\"https:\\\/\\\/quehacerpolitico.mx\\\/#\\\/schema\\\/person\\\/496d8ad2d1d3f8036101dca7ee39e585\"},\"breadcrumb\":{\"@id\":\"https:\\\/\\\/quehacerpolitico.mx\\\/?p=8907#breadcrumb\"},\"inLanguage\":\"es\",\"potentialAction\":[{\"@type\":\"ReadAction\",\"target\":[\"https:\\\/\\\/quehacerpolitico.mx\\\/?p=8907\"]}]},{\"@type\":\"ImageObject\",\"inLanguage\":\"es\",\"@id\":\"https:\\\/\\\/quehacerpolitico.mx\\\/?p=8907#primaryimage\",\"url\":\"\",\"contentUrl\":\"\"},{\"@type\":\"BreadcrumbList\",\"@id\":\"https:\\\/\\\/quehacerpolitico.mx\\\/?p=8907#breadcrumb\",\"itemListElement\":[{\"@type\":\"ListItem\",\"position\":1,\"name\":\"Inicio\",\"item\":\"https:\\\/\\\/quehacerpolitico.mx\\\/\"},{\"@type\":\"ListItem\",\"position\":2,\"name\":\"Migrantes de la caravana llegan a Celaya e Irapuato, Guanajuato; esperan el arribo de 4 mil\"}]},{\"@type\":\"WebSite\",\"@id\":\"https:\\\/\\\/quehacerpolitico.mx\\\/#website\",\"url\":\"https:\\\/\\\/quehacerpolitico.mx\\\/\",\"name\":\"\",\"description\":\"\",\"potentialAction\":[{\"@type\":\"SearchAction\",\"target\":{\"@type\":\"EntryPoint\",\"urlTemplate\":\"https:\\\/\\\/quehacerpolitico.mx\\\/?s={search_term_string}\"},\"query-input\":{\"@type\":\"PropertyValueSpecification\",\"valueRequired\":true,\"valueName\":\"search_term_string\"}}],\"inLanguage\":\"es\"},{\"@type\":\"Person\",\"@id\":\"https:\\\/\\\/quehacerpolitico.mx\\\/#\\\/schema\\\/person\\\/496d8ad2d1d3f8036101dca7ee39e585\",\"name\":\"Redacci\u00f3n QP\",\"image\":{\"@type\":\"ImageObject\",\"inLanguage\":\"es\",\"@id\":\"https:\\\/\\\/secure.gravatar.com\\\/avatar\\\/c7164ed6fdec453195284ad24a5ae5b6e1eed2b848477fa2a4787ba9adf39a41?s=96&d=mm&r=g\",\"url\":\"https:\\\/\\\/secure.gravatar.com\\\/avatar\\\/c7164ed6fdec453195284ad24a5ae5b6e1eed2b848477fa2a4787ba9adf39a41?s=96&d=mm&r=g\",\"contentUrl\":\"https:\\\/\\\/secure.gravatar.com\\\/avatar\\\/c7164ed6fdec453195284ad24a5ae5b6e1eed2b848477fa2a4787ba9adf39a41?s=96&d=mm&r=g\",\"caption\":\"Redacci\u00f3n QP\"},\"url\":\"https:\\\/\\\/quehacerpolitico.mx\\\/?author=2\"}]}<\/script>\n<!-- \/ Yoast SEO plugin. -->","yoast_head_json":{"title":"Migrantes de la caravana llegan a Celaya e Irapuato, Guanajuato; esperan el arribo de 4 mil -","robots":{"index":"index","follow":"follow","max-snippet":"max-snippet:-1","max-image-preview":"max-image-preview:large","max-video-preview":"max-video-preview:-1"},"canonical":"https:\/\/quehacerpolitico.mx\/?p=8907","og_locale":"es_MX","og_type":"article","og_title":"Migrantes de la caravana llegan a Celaya e Irapuato, Guanajuato; esperan el arribo de 4 mil -","og_description":"Migrantes de la caravana llegan a Celaya e Irapuato, Guanajuato; esperan el arribo de 4 mil Por Redacci\u00f3n QP","og_url":"https:\/\/quehacerpolitico.mx\/?p=8907","article_published_time":"2018-11-10T17:44:05+00:00","author":"Redacci\u00f3n QP","twitter_card":"summary_large_image","twitter_misc":{"Escrito por":"Redacci\u00f3n QP","Tiempo de lectura":"6 minutos"},"schema":{"@context":"https:\/\/schema.org","@graph":[{"@type":"Article","@id":"https:\/\/quehacerpolitico.mx\/?p=8907#article","isPartOf":{"@id":"https:\/\/quehacerpolitico.mx\/?p=8907"},"author":{"name":"Redacci\u00f3n QP","@id":"https:\/\/quehacerpolitico.mx\/#\/schema\/person\/496d8ad2d1d3f8036101dca7ee39e585"},"headline":"Migrantes de la caravana llegan a Celaya e Irapuato, Guanajuato; esperan el arribo de 4 mil","datePublished":"2018-11-10T17:44:05+00:00","mainEntityOfPage":{"@id":"https:\/\/quehacerpolitico.mx\/?p=8907"},"wordCount":1134,"commentCount":0,"image":{"@id":"https:\/\/quehacerpolitico.mx\/?p=8907#primaryimage"},"thumbnailUrl":"","articleSection":["Noticias"],"inLanguage":"es","potentialAction":[{"@type":"CommentAction","name":"Comment","target":["https:\/\/quehacerpolitico.mx\/?p=8907#respond"]}]},{"@type":"WebPage","@id":"https:\/\/quehacerpolitico.mx\/?p=8907","url":"https:\/\/quehacerpolitico.mx\/?p=8907","name":"Migrantes de la caravana llegan a Celaya e Irapuato, Guanajuato; esperan el arribo de 4 mil -","isPartOf":{"@id":"https:\/\/quehacerpolitico.mx\/#website"},"primaryImageOfPage":{"@id":"https:\/\/quehacerpolitico.mx\/?p=8907#primaryimage"},"image":{"@id":"https:\/\/quehacerpolitico.mx\/?p=8907#primaryimage"},"thumbnailUrl":"","datePublished":"2018-11-10T17:44:05+00:00","author":{"@id":"https:\/\/quehacerpolitico.mx\/#\/schema\/person\/496d8ad2d1d3f8036101dca7ee39e585"},"breadcrumb":{"@id":"https:\/\/quehacerpolitico.mx\/?p=8907#breadcrumb"},"inLanguage":"es","potentialAction":[{"@type":"ReadAction","target":["https:\/\/quehacerpolitico.mx\/?p=8907"]}]},{"@type":"ImageObject","inLanguage":"es","@id":"https:\/\/quehacerpolitico.mx\/?p=8907#primaryimage","url":"","contentUrl":""},{"@type":"BreadcrumbList","@id":"https:\/\/quehacerpolitico.mx\/?p=8907#breadcrumb","itemListElement":[{"@type":"ListItem","position":1,"name":"Inicio","item":"https:\/\/quehacerpolitico.mx\/"},{"@type":"ListItem","position":2,"name":"Migrantes de la caravana llegan a Celaya e Irapuato, Guanajuato; esperan el arribo de 4 mil"}]},{"@type":"WebSite","@id":"https:\/\/quehacerpolitico.mx\/#website","url":"https:\/\/quehacerpolitico.mx\/","name":"","description":"","potentialAction":[{"@type":"SearchAction","target":{"@type":"EntryPoint","urlTemplate":"https:\/\/quehacerpolitico.mx\/?s={search_term_string}"},"query-input":{"@type":"PropertyValueSpecification","valueRequired":true,"valueName":"search_term_string"}}],"inLanguage":"es"},{"@type":"Person","@id":"https:\/\/quehacerpolitico.mx\/#\/schema\/person\/496d8ad2d1d3f8036101dca7ee39e585","name":"Redacci\u00f3n QP","image":{"@type":"ImageObject","inLanguage":"es","@id":"https:\/\/secure.gravatar.com\/avatar\/c7164ed6fdec453195284ad24a5ae5b6e1eed2b848477fa2a4787ba9adf39a41?s=96&d=mm&r=g","url":"https:\/\/secure.gravatar.com\/avatar\/c7164ed6fdec453195284ad24a5ae5b6e1eed2b848477fa2a4787ba9adf39a41?s=96&d=mm&r=g","contentUrl":"https:\/\/secure.gravatar.com\/avatar\/c7164ed6fdec453195284ad24a5ae5b6e1eed2b848477fa2a4787ba9adf39a41?s=96&d=mm&r=g","caption":"Redacci\u00f3n QP"},"url":"https:\/\/quehacerpolitico.mx\/?author=2"}]}},"featured_image_urls":{"full":"","thumbnail":"","medium":"","medium_large":"","large":"","1536x1536":"","2048x2048":"","covernews-featured":"","covernews-medium":""},"author_info":{"display_name":"Redacci\u00f3n QP","author_link":"https:\/\/quehacerpolitico.mx\/?author=2"},"category_info":"<a href=\"https:\/\/quehacerpolitico.mx\/?cat=2\" rel=\"category\">Noticias<\/a>","tag_info":"Noticias","comment_count":"0","_links":{"self":[{"href":"https:\/\/quehacerpolitico.mx\/index.php?rest_route=\/wp\/v2\/posts\/8907","targetHints":{"allow":["GET"]}}],"collection":[{"href":"https:\/\/quehacerpolitico.mx\/index.php?rest_route=\/wp\/v2\/posts"}],"about":[{"href":"https:\/\/quehacerpolitico.mx\/index.php?rest_route=\/wp\/v2\/types\/post"}],"author":[{"embeddable":true,"href":"https:\/\/quehacerpolitico.mx\/index.php?rest_route=\/wp\/v2\/users\/2"}],"replies":[{"embeddable":true,"href":"https:\/\/quehacerpolitico.mx\/index.php?rest_route=%2Fwp%2Fv2%2Fcomments&post=8907"}],"version-history":[{"count":0,"href":"https:\/\/quehacerpolitico.mx\/index.php?rest_route=\/wp\/v2\/posts\/8907\/revisions"}],"wp:featuredmedia":[{"embeddable":true,"href":"https:\/\/quehacerpolitico.mx\/index.php?rest_route=\/"}],"wp:attachment":[{"href":"https:\/\/quehacerpolitico.mx\/index.php?rest_route=%2Fwp%2Fv2%2Fmedia&parent=8907"}],"wp:term":[{"taxonomy":"category","embeddable":true,"href":"https:\/\/quehacerpolitico.mx\/index.php?rest_route=%2Fwp%2Fv2%2Fcategories&post=8907"},{"taxonomy":"post_tag","embeddable":true,"href":"https:\/\/quehacerpolitico.mx\/index.php?rest_route=%2Fwp%2Fv2%2Ftags&post=8907"}],"curies":[{"name":"wp","href":"https:\/\/api.w.org\/{rel}","templated":true}]}}