{"id":89067,"date":"2022-01-27T19:33:18","date_gmt":"2022-01-27T19:33:18","guid":{"rendered":"https:\/\/quehacerpolitico.mx\/?p=89067"},"modified":"2022-01-27T19:33:21","modified_gmt":"2022-01-27T19:33:21","slug":"amlo-sale-en-defensa-de-lopez-gatell-ante-investigacion-en-su-contra","status":"publish","type":"post","link":"https:\/\/quehacerpolitico.mx\/?p=89067","title":{"rendered":"AMLO sale en defensa de L\u00f3pez-Gatell ante investigaci\u00f3n en su contra\u00a0"},"content":{"rendered":"\n<p>Por Redacci\u00f3n QP<\/p>\n\n\n\n<p>En la &#8220;ma\u00f1anera&#8221;, AMLO asegur\u00f3 que &#8220;es una dicha&#8221; que M\u00e9xico cuente\u00a0con un especialista como L\u00f3pez-Gatell<\/p>\n\n\n\n<p>Luego que un juez federal orden\u00f3 a la Fiscal\u00eda General de la Rep\u00fablica (FGR) iniciar una investigaci\u00f3n en contra de Hugo L\u00f3pez-Gatell, subsecretario de Prevenci\u00f3n y Promoci\u00f3n de la Salud, por posibles omisiones en el manejo de la pandemia de Covid, el presidente Andr\u00e9s Manuel L\u00f3pez Obrador sali\u00f3 en su apoyo y asegur\u00f3 que esta denuncia presentada por familiares de v\u00edctimas no solo es la injusticia sino una actuaci\u00f3n de mala fe.<\/p>\n\n\n\n<figure class=\"wp-block-embed is-type-rich is-provider-twitter wp-block-embed-twitter\"><div class=\"wp-block-embed__wrapper\">\n<blockquote class=\"twitter-tweet\" data-width=\"550\" data-dnt=\"true\"><p lang=\"es\" dir=\"ltr\">Demandaron a Hugo L\u00f3pez-Gatell por las muertes provocadas por la pandemia <a href=\"https:\/\/twitter.com\/hashtag\/Covid_19?src=hash&amp;ref_src=twsrc%5Etfw\">#Covid_19<\/a><br><br>El presidente <a href=\"https:\/\/twitter.com\/lopezobrador_?ref_src=twsrc%5Etfw\">@lopezobrador_<\/a> lo defendi\u00f3:<br>&quot;Es una actuaci\u00f3n de mala fe&quot; <a href=\"https:\/\/t.co\/HMQeJIdUyd\">pic.twitter.com\/HMQeJIdUyd<\/a><\/p>&mdash; Ruido en la Red (@RuidoEnLaRed) <a href=\"https:\/\/twitter.com\/RuidoEnLaRed\/status\/1486770862242029570?ref_src=twsrc%5Etfw\">January 27, 2022<\/a><\/blockquote><script async src=\"https:\/\/platform.twitter.com\/widgets.js\" charset=\"utf-8\"><\/script>\n<\/div><\/figure>\n\n\n\n<p>En conferencia de prensa y a pregunta expresa,<strong>AMLO asegur\u00f3 que L\u00f3pez-Gatell es un profesional de primer orden, serio, y manifest\u00f3 que &#8220;es una dicha&#8221; el que M\u00e9xico cuente con estas circunstancias tan dif\u00edciles, en referencia a la pandemia, con un funcionario como \u00e9l pues es uno de los &#8220;mejores especialistas en pandemia del mundo<\/strong>&#8220;.<\/p>\n\n\n\n<p>&#8220;Pues de apoyo a Hugo Lopez-Gatell, creo que no solo es una injusticia, sino es una actuaci\u00f3n de mala fe, dir\u00eda de odio. No se toma en cuenta que los servicios prestados a la sociedad por el doctor Hugo L\u00f3pez-Gatell ha sido excepcional, es un profesional de primer orden, serio&#8221;.<\/p>\n\n\n\n<p>&#8220;Es una dicha el que contemos en esta circunstancia tan dif\u00edcil con un profesional con tanto conocimiento sobre la materia, es de los mejores especialistas en pandemia del mundo&#8221;.<\/p>\n\n\n\n<p>En Palacio Nacional, L\u00f3pez Obrador record\u00f3 que en su visita a Washington en noviembre pasado para reunirse con su hom\u00f3logo de Estados Unidos, Joe Biden y el primer ministro de Canad\u00e1, Justin Trudeau, y supo que uno de los temas era el COVID, no dud\u00f3 en enviar al subsecretario pues afirm\u00f3 que es una autoridad en la materia, un hombre honesto y &#8220;un aut\u00e9ntico servidor p\u00fablico&#8221;.<\/p>\n\n\n\n<p>&#8220;Ahora que nos invitaron a la Casa Blanca, y&nbsp;<strong>en la agenda iba el tema del COVID&nbsp;no dud\u00e9 en invitar a Hugo L\u00f3pez-Gatell. Es una autoridad y es una gente decente, un hombre honesto, un aut\u00e9ntico servidor p\u00fablico<\/strong>, pero es tanta la descomposici\u00f3n la inmoralidad de los conservadores, y como no les ha &nbsp;resultado sus pron\u00f3sticos de desastre y hemos ido avanzando enfrentamos la pandemia y no con malos resultados, si lo vemos en el concierto de las naciones, pues est\u00e1n obnubilados, una cosa irracional&#8221;.<\/p>\n\n\n\n<p>En el sal\u00f3n Tesorer\u00eda, el jefe del Ejecutivo federal acus\u00f3 que quienes hac\u00edan grandes negocios en sexenios pasados echaron a andar una campa\u00f1a de desprestigio.<\/p>\n\n\n\n<p>&#8220;La decisi\u00f3n de este juez es por una denuncia que interpusieron v\u00edctimas que han fallecido&#8221;, se le se\u00f1al\u00f3.<\/p>\n\n\n\n<p>&#8220;S\u00ed, s\u00ed, pero es desde luego producto del rencor, del odio, y de la politiquer\u00eda, con todo respeto, me consta que el doctor Hugo Lopez-Gatell &nbsp;es un profesional responsable. Empezamos desde que comenz\u00f3 la pandemia a atender a todos, imag\u00ednense lo que fue levantar un sistema de salud, que estaba en los suelos, caracterizado por la corrupci\u00f3n, porque se han dedicado a saquear se robaban hasta el dinero de las medicinas, las adulteraban&#8221;.<\/p>\n\n\n\n<p>&#8220;Como todo eso se termin\u00f3, los que hac\u00edan los grandes negocios, se dedicaron a impulsar a echar a andar una campa\u00f1a de desprestigio pensando que nos iban a hacer cambiar de parecer, que \u00edbamos a dar marcha atr\u00e1s, que por la campa\u00f1a de medios \u00edbamos a decir, &#8220;van \u00a0a ver c\u00f3mo nos entendemos&#8221;. No, si aqu\u00ed no venimos a soportar o a ser c\u00f3mplices de corrupci\u00f3n ni de impunidad, aqu\u00ed venimos a limpiar de corrupci\u00f3n a eso llegamos, eso fue lo que ofrecimos en la campa\u00f1a, eso es lo que estamos haciendo&#8221;, dijo.<\/p>\n\n\n\n<p>Con informaci\u00f3n de SUN<\/p>\n","protected":false},"excerpt":{"rendered":"<p>Por Redacci\u00f3n QP En la &#8220;ma\u00f1anera&#8221;, AMLO asegur\u00f3 que &#8220;es una dicha&#8221; que M\u00e9xico cuente\u00a0con&#8230;<\/p>\n","protected":false},"author":2,"featured_media":89068,"comment_status":"open","ping_status":"open","sticky":false,"template":"","format":"standard","meta":{"_monsterinsights_skip_tracking":false,"_monsterinsights_sitenote_active":false,"_monsterinsights_sitenote_note":"","_monsterinsights_sitenote_category":0,"footnotes":""},"categories":[2],"tags":[],"class_list":["post-89067","post","type-post","status-publish","format-standard","has-post-thumbnail","hentry","category-noticias"],"yoast_head":"<!-- This site is optimized with the Yoast SEO plugin v27.3 - https:\/\/yoast.com\/product\/yoast-seo-wordpress\/ -->\n<title>AMLO sale en defensa de L\u00f3pez-Gatell ante investigaci\u00f3n en su contra\u00a0 -<\/title>\n<meta name=\"robots\" content=\"index, follow, max-snippet:-1, max-image-preview:large, max-video-preview:-1\" \/>\n<link rel=\"canonical\" href=\"https:\/\/quehacerpolitico.mx\/?p=89067\" \/>\n<meta property=\"og:locale\" content=\"es_MX\" \/>\n<meta property=\"og:type\" content=\"article\" \/>\n<meta property=\"og:title\" content=\"AMLO sale en defensa de L\u00f3pez-Gatell ante investigaci\u00f3n en su contra\u00a0 -\" \/>\n<meta property=\"og:description\" content=\"Por Redacci\u00f3n QP En la &#8220;ma\u00f1anera&#8221;, AMLO asegur\u00f3 que &#8220;es una dicha&#8221; que M\u00e9xico cuente\u00a0con...\" \/>\n<meta property=\"og:url\" content=\"https:\/\/quehacerpolitico.mx\/?p=89067\" \/>\n<meta property=\"article:published_time\" content=\"2022-01-27T19:33:18+00:00\" \/>\n<meta property=\"article:modified_time\" content=\"2022-01-27T19:33:21+00:00\" \/>\n<meta property=\"og:image\" content=\"https:\/\/quehacerpolitico.mx\/wp-content\/uploads\/2022\/01\/DA3A4963-CF04-4790-8DE5-F65F567C5232.jpeg\" \/>\n\t<meta property=\"og:image:width\" content=\"1284\" \/>\n\t<meta property=\"og:image:height\" content=\"702\" \/>\n\t<meta property=\"og:image:type\" content=\"image\/jpeg\" \/>\n<meta name=\"author\" content=\"Redacci\u00f3n QP\" \/>\n<meta name=\"twitter:card\" content=\"summary_large_image\" \/>\n<meta name=\"twitter:label1\" content=\"Escrito por\" \/>\n\t<meta name=\"twitter:data1\" content=\"Redacci\u00f3n QP\" \/>\n\t<meta name=\"twitter:label2\" content=\"Tiempo de lectura\" \/>\n\t<meta name=\"twitter:data2\" content=\"3 minutos\" \/>\n<script type=\"application\/ld+json\" class=\"yoast-schema-graph\">{\"@context\":\"https:\\\/\\\/schema.org\",\"@graph\":[{\"@type\":\"Article\",\"@id\":\"https:\\\/\\\/quehacerpolitico.mx\\\/?p=89067#article\",\"isPartOf\":{\"@id\":\"https:\\\/\\\/quehacerpolitico.mx\\\/?p=89067\"},\"author\":{\"name\":\"Redacci\u00f3n QP\",\"@id\":\"https:\\\/\\\/quehacerpolitico.mx\\\/#\\\/schema\\\/person\\\/496d8ad2d1d3f8036101dca7ee39e585\"},\"headline\":\"AMLO sale en defensa de L\u00f3pez-Gatell ante investigaci\u00f3n en su contra\u00a0\",\"datePublished\":\"2022-01-27T19:33:18+00:00\",\"dateModified\":\"2022-01-27T19:33:21+00:00\",\"mainEntityOfPage\":{\"@id\":\"https:\\\/\\\/quehacerpolitico.mx\\\/?p=89067\"},\"wordCount\":665,\"commentCount\":0,\"image\":{\"@id\":\"https:\\\/\\\/quehacerpolitico.mx\\\/?p=89067#primaryimage\"},\"thumbnailUrl\":\"https:\\\/\\\/quehacerpolitico.mx\\\/wp-content\\\/uploads\\\/2022\\\/01\\\/DA3A4963-CF04-4790-8DE5-F65F567C5232.jpeg\",\"articleSection\":[\"Noticias\"],\"inLanguage\":\"es\",\"potentialAction\":[{\"@type\":\"CommentAction\",\"name\":\"Comment\",\"target\":[\"https:\\\/\\\/quehacerpolitico.mx\\\/?p=89067#respond\"]}]},{\"@type\":\"WebPage\",\"@id\":\"https:\\\/\\\/quehacerpolitico.mx\\\/?p=89067\",\"url\":\"https:\\\/\\\/quehacerpolitico.mx\\\/?p=89067\",\"name\":\"AMLO sale en defensa de L\u00f3pez-Gatell ante investigaci\u00f3n en su contra\u00a0 -\",\"isPartOf\":{\"@id\":\"https:\\\/\\\/quehacerpolitico.mx\\\/#website\"},\"primaryImageOfPage\":{\"@id\":\"https:\\\/\\\/quehacerpolitico.mx\\\/?p=89067#primaryimage\"},\"image\":{\"@id\":\"https:\\\/\\\/quehacerpolitico.mx\\\/?p=89067#primaryimage\"},\"thumbnailUrl\":\"https:\\\/\\\/quehacerpolitico.mx\\\/wp-content\\\/uploads\\\/2022\\\/01\\\/DA3A4963-CF04-4790-8DE5-F65F567C5232.jpeg\",\"datePublished\":\"2022-01-27T19:33:18+00:00\",\"dateModified\":\"2022-01-27T19:33:21+00:00\",\"author\":{\"@id\":\"https:\\\/\\\/quehacerpolitico.mx\\\/#\\\/schema\\\/person\\\/496d8ad2d1d3f8036101dca7ee39e585\"},\"breadcrumb\":{\"@id\":\"https:\\\/\\\/quehacerpolitico.mx\\\/?p=89067#breadcrumb\"},\"inLanguage\":\"es\",\"potentialAction\":[{\"@type\":\"ReadAction\",\"target\":[\"https:\\\/\\\/quehacerpolitico.mx\\\/?p=89067\"]}]},{\"@type\":\"ImageObject\",\"inLanguage\":\"es\",\"@id\":\"https:\\\/\\\/quehacerpolitico.mx\\\/?p=89067#primaryimage\",\"url\":\"https:\\\/\\\/quehacerpolitico.mx\\\/wp-content\\\/uploads\\\/2022\\\/01\\\/DA3A4963-CF04-4790-8DE5-F65F567C5232.jpeg\",\"contentUrl\":\"https:\\\/\\\/quehacerpolitico.mx\\\/wp-content\\\/uploads\\\/2022\\\/01\\\/DA3A4963-CF04-4790-8DE5-F65F567C5232.jpeg\",\"width\":1284,\"height\":702},{\"@type\":\"BreadcrumbList\",\"@id\":\"https:\\\/\\\/quehacerpolitico.mx\\\/?p=89067#breadcrumb\",\"itemListElement\":[{\"@type\":\"ListItem\",\"position\":1,\"name\":\"Inicio\",\"item\":\"https:\\\/\\\/quehacerpolitico.mx\\\/\"},{\"@type\":\"ListItem\",\"position\":2,\"name\":\"AMLO sale en defensa de L\u00f3pez-Gatell ante investigaci\u00f3n en su contra\u00a0\"}]},{\"@type\":\"WebSite\",\"@id\":\"https:\\\/\\\/quehacerpolitico.mx\\\/#website\",\"url\":\"https:\\\/\\\/quehacerpolitico.mx\\\/\",\"name\":\"\",\"description\":\"\",\"potentialAction\":[{\"@type\":\"SearchAction\",\"target\":{\"@type\":\"EntryPoint\",\"urlTemplate\":\"https:\\\/\\\/quehacerpolitico.mx\\\/?s={search_term_string}\"},\"query-input\":{\"@type\":\"PropertyValueSpecification\",\"valueRequired\":true,\"valueName\":\"search_term_string\"}}],\"inLanguage\":\"es\"},{\"@type\":\"Person\",\"@id\":\"https:\\\/\\\/quehacerpolitico.mx\\\/#\\\/schema\\\/person\\\/496d8ad2d1d3f8036101dca7ee39e585\",\"name\":\"Redacci\u00f3n QP\",\"image\":{\"@type\":\"ImageObject\",\"inLanguage\":\"es\",\"@id\":\"https:\\\/\\\/secure.gravatar.com\\\/avatar\\\/c7164ed6fdec453195284ad24a5ae5b6e1eed2b848477fa2a4787ba9adf39a41?s=96&d=mm&r=g\",\"url\":\"https:\\\/\\\/secure.gravatar.com\\\/avatar\\\/c7164ed6fdec453195284ad24a5ae5b6e1eed2b848477fa2a4787ba9adf39a41?s=96&d=mm&r=g\",\"contentUrl\":\"https:\\\/\\\/secure.gravatar.com\\\/avatar\\\/c7164ed6fdec453195284ad24a5ae5b6e1eed2b848477fa2a4787ba9adf39a41?s=96&d=mm&r=g\",\"caption\":\"Redacci\u00f3n QP\"},\"url\":\"https:\\\/\\\/quehacerpolitico.mx\\\/?author=2\"}]}<\/script>\n<!-- \/ Yoast SEO plugin. -->","yoast_head_json":{"title":"AMLO sale en defensa de L\u00f3pez-Gatell ante investigaci\u00f3n en su contra\u00a0 -","robots":{"index":"index","follow":"follow","max-snippet":"max-snippet:-1","max-image-preview":"max-image-preview:large","max-video-preview":"max-video-preview:-1"},"canonical":"https:\/\/quehacerpolitico.mx\/?p=89067","og_locale":"es_MX","og_type":"article","og_title":"AMLO sale en defensa de L\u00f3pez-Gatell ante investigaci\u00f3n en su contra\u00a0 -","og_description":"Por Redacci\u00f3n QP En la &#8220;ma\u00f1anera&#8221;, AMLO asegur\u00f3 que &#8220;es una dicha&#8221; que M\u00e9xico cuente\u00a0con...","og_url":"https:\/\/quehacerpolitico.mx\/?p=89067","article_published_time":"2022-01-27T19:33:18+00:00","article_modified_time":"2022-01-27T19:33:21+00:00","og_image":[{"width":1284,"height":702,"url":"https:\/\/quehacerpolitico.mx\/wp-content\/uploads\/2022\/01\/DA3A4963-CF04-4790-8DE5-F65F567C5232.jpeg","type":"image\/jpeg"}],"author":"Redacci\u00f3n QP","twitter_card":"summary_large_image","twitter_misc":{"Escrito por":"Redacci\u00f3n QP","Tiempo de lectura":"3 minutos"},"schema":{"@context":"https:\/\/schema.org","@graph":[{"@type":"Article","@id":"https:\/\/quehacerpolitico.mx\/?p=89067#article","isPartOf":{"@id":"https:\/\/quehacerpolitico.mx\/?p=89067"},"author":{"name":"Redacci\u00f3n QP","@id":"https:\/\/quehacerpolitico.mx\/#\/schema\/person\/496d8ad2d1d3f8036101dca7ee39e585"},"headline":"AMLO sale en defensa de L\u00f3pez-Gatell ante investigaci\u00f3n en su contra\u00a0","datePublished":"2022-01-27T19:33:18+00:00","dateModified":"2022-01-27T19:33:21+00:00","mainEntityOfPage":{"@id":"https:\/\/quehacerpolitico.mx\/?p=89067"},"wordCount":665,"commentCount":0,"image":{"@id":"https:\/\/quehacerpolitico.mx\/?p=89067#primaryimage"},"thumbnailUrl":"https:\/\/quehacerpolitico.mx\/wp-content\/uploads\/2022\/01\/DA3A4963-CF04-4790-8DE5-F65F567C5232.jpeg","articleSection":["Noticias"],"inLanguage":"es","potentialAction":[{"@type":"CommentAction","name":"Comment","target":["https:\/\/quehacerpolitico.mx\/?p=89067#respond"]}]},{"@type":"WebPage","@id":"https:\/\/quehacerpolitico.mx\/?p=89067","url":"https:\/\/quehacerpolitico.mx\/?p=89067","name":"AMLO sale en defensa de L\u00f3pez-Gatell ante investigaci\u00f3n en su contra\u00a0 -","isPartOf":{"@id":"https:\/\/quehacerpolitico.mx\/#website"},"primaryImageOfPage":{"@id":"https:\/\/quehacerpolitico.mx\/?p=89067#primaryimage"},"image":{"@id":"https:\/\/quehacerpolitico.mx\/?p=89067#primaryimage"},"thumbnailUrl":"https:\/\/quehacerpolitico.mx\/wp-content\/uploads\/2022\/01\/DA3A4963-CF04-4790-8DE5-F65F567C5232.jpeg","datePublished":"2022-01-27T19:33:18+00:00","dateModified":"2022-01-27T19:33:21+00:00","author":{"@id":"https:\/\/quehacerpolitico.mx\/#\/schema\/person\/496d8ad2d1d3f8036101dca7ee39e585"},"breadcrumb":{"@id":"https:\/\/quehacerpolitico.mx\/?p=89067#breadcrumb"},"inLanguage":"es","potentialAction":[{"@type":"ReadAction","target":["https:\/\/quehacerpolitico.mx\/?p=89067"]}]},{"@type":"ImageObject","inLanguage":"es","@id":"https:\/\/quehacerpolitico.mx\/?p=89067#primaryimage","url":"https:\/\/quehacerpolitico.mx\/wp-content\/uploads\/2022\/01\/DA3A4963-CF04-4790-8DE5-F65F567C5232.jpeg","contentUrl":"https:\/\/quehacerpolitico.mx\/wp-content\/uploads\/2022\/01\/DA3A4963-CF04-4790-8DE5-F65F567C5232.jpeg","width":1284,"height":702},{"@type":"BreadcrumbList","@id":"https:\/\/quehacerpolitico.mx\/?p=89067#breadcrumb","itemListElement":[{"@type":"ListItem","position":1,"name":"Inicio","item":"https:\/\/quehacerpolitico.mx\/"},{"@type":"ListItem","position":2,"name":"AMLO sale en defensa de L\u00f3pez-Gatell ante investigaci\u00f3n en su contra\u00a0"}]},{"@type":"WebSite","@id":"https:\/\/quehacerpolitico.mx\/#website","url":"https:\/\/quehacerpolitico.mx\/","name":"","description":"","potentialAction":[{"@type":"SearchAction","target":{"@type":"EntryPoint","urlTemplate":"https:\/\/quehacerpolitico.mx\/?s={search_term_string}"},"query-input":{"@type":"PropertyValueSpecification","valueRequired":true,"valueName":"search_term_string"}}],"inLanguage":"es"},{"@type":"Person","@id":"https:\/\/quehacerpolitico.mx\/#\/schema\/person\/496d8ad2d1d3f8036101dca7ee39e585","name":"Redacci\u00f3n QP","image":{"@type":"ImageObject","inLanguage":"es","@id":"https:\/\/secure.gravatar.com\/avatar\/c7164ed6fdec453195284ad24a5ae5b6e1eed2b848477fa2a4787ba9adf39a41?s=96&d=mm&r=g","url":"https:\/\/secure.gravatar.com\/avatar\/c7164ed6fdec453195284ad24a5ae5b6e1eed2b848477fa2a4787ba9adf39a41?s=96&d=mm&r=g","contentUrl":"https:\/\/secure.gravatar.com\/avatar\/c7164ed6fdec453195284ad24a5ae5b6e1eed2b848477fa2a4787ba9adf39a41?s=96&d=mm&r=g","caption":"Redacci\u00f3n QP"},"url":"https:\/\/quehacerpolitico.mx\/?author=2"}]}},"featured_image_urls":{"full":["https:\/\/quehacerpolitico.mx\/wp-content\/uploads\/2022\/01\/DA3A4963-CF04-4790-8DE5-F65F567C5232.jpeg",1284,702,false],"thumbnail":["https:\/\/quehacerpolitico.mx\/wp-content\/uploads\/2022\/01\/DA3A4963-CF04-4790-8DE5-F65F567C5232-150x150.jpeg",150,150,true],"medium":["https:\/\/quehacerpolitico.mx\/wp-content\/uploads\/2022\/01\/DA3A4963-CF04-4790-8DE5-F65F567C5232-300x164.jpeg",300,164,true],"medium_large":["https:\/\/quehacerpolitico.mx\/wp-content\/uploads\/2022\/01\/DA3A4963-CF04-4790-8DE5-F65F567C5232-768x420.jpeg",640,350,true],"large":["https:\/\/quehacerpolitico.mx\/wp-content\/uploads\/2022\/01\/DA3A4963-CF04-4790-8DE5-F65F567C5232-1024x560.jpeg",640,350,true],"1536x1536":["https:\/\/quehacerpolitico.mx\/wp-content\/uploads\/2022\/01\/DA3A4963-CF04-4790-8DE5-F65F567C5232.jpeg",1284,702,false],"2048x2048":["https:\/\/quehacerpolitico.mx\/wp-content\/uploads\/2022\/01\/DA3A4963-CF04-4790-8DE5-F65F567C5232.jpeg",1284,702,false],"covernews-featured":["https:\/\/quehacerpolitico.mx\/wp-content\/uploads\/2022\/01\/DA3A4963-CF04-4790-8DE5-F65F567C5232.jpeg",1024,560,false],"covernews-medium":["https:\/\/quehacerpolitico.mx\/wp-content\/uploads\/2022\/01\/DA3A4963-CF04-4790-8DE5-F65F567C5232.jpeg",540,295,false]},"author_info":{"display_name":"Redacci\u00f3n QP","author_link":"https:\/\/quehacerpolitico.mx\/?author=2"},"category_info":"<a href=\"https:\/\/quehacerpolitico.mx\/?cat=2\" rel=\"category\">Noticias<\/a>","tag_info":"Noticias","comment_count":"0","_links":{"self":[{"href":"https:\/\/quehacerpolitico.mx\/index.php?rest_route=\/wp\/v2\/posts\/89067","targetHints":{"allow":["GET"]}}],"collection":[{"href":"https:\/\/quehacerpolitico.mx\/index.php?rest_route=\/wp\/v2\/posts"}],"about":[{"href":"https:\/\/quehacerpolitico.mx\/index.php?rest_route=\/wp\/v2\/types\/post"}],"author":[{"embeddable":true,"href":"https:\/\/quehacerpolitico.mx\/index.php?rest_route=\/wp\/v2\/users\/2"}],"replies":[{"embeddable":true,"href":"https:\/\/quehacerpolitico.mx\/index.php?rest_route=%2Fwp%2Fv2%2Fcomments&post=89067"}],"version-history":[{"count":1,"href":"https:\/\/quehacerpolitico.mx\/index.php?rest_route=\/wp\/v2\/posts\/89067\/revisions"}],"predecessor-version":[{"id":89069,"href":"https:\/\/quehacerpolitico.mx\/index.php?rest_route=\/wp\/v2\/posts\/89067\/revisions\/89069"}],"wp:featuredmedia":[{"embeddable":true,"href":"https:\/\/quehacerpolitico.mx\/index.php?rest_route=\/wp\/v2\/media\/89068"}],"wp:attachment":[{"href":"https:\/\/quehacerpolitico.mx\/index.php?rest_route=%2Fwp%2Fv2%2Fmedia&parent=89067"}],"wp:term":[{"taxonomy":"category","embeddable":true,"href":"https:\/\/quehacerpolitico.mx\/index.php?rest_route=%2Fwp%2Fv2%2Fcategories&post=89067"},{"taxonomy":"post_tag","embeddable":true,"href":"https:\/\/quehacerpolitico.mx\/index.php?rest_route=%2Fwp%2Fv2%2Ftags&post=89067"}],"curies":[{"name":"wp","href":"https:\/\/api.w.org\/{rel}","templated":true}]}}