{"id":89061,"date":"2022-01-27T15:24:05","date_gmt":"2022-01-27T15:24:05","guid":{"rendered":"https:\/\/quehacerpolitico.mx\/?p=89061"},"modified":"2022-01-27T15:24:09","modified_gmt":"2022-01-27T15:24:09","slug":"oxxo-responde-a-postura-de-gobierno-con-spot-y-asegura-que-paga-lo-justo-por-luz","status":"publish","type":"post","link":"https:\/\/quehacerpolitico.mx\/?p=89061","title":{"rendered":"Oxxo responde a postura de gobierno con spot y asegura que paga \u201clo justo por luz\u201d\u00a0"},"content":{"rendered":"\n<p>Por Redacci\u00f3n QP<\/p>\n\n\n\n<p>La cadena de tiendas de autoservicio expuso que una de sus unidades le paga a la Comisi\u00f3n Federal de Electricidad alrededor de 16 mil 870 pesos por dicho concepto al mes y alrededor de 33 mil 740 pesos al bimestre.<\/p>\n\n\n\n<p>Luego de que el presidente&nbsp;<strong>Andr\u00e9s Manuel L\u00f3pez Obrador<\/strong>&nbsp;se\u00f1ala en noviembre pasado que empresas como Oxxo pagan menos electricidad que las tiendas de abarrotes, la cadena de tiendas de conveniencia Oxxo revir\u00f3 el discurso sobre el pago de luz y afirm\u00f3 que la compa\u00f1\u00eda paga lo justo por dicho servicio.&nbsp;<\/p>\n\n\n\n<p>As\u00ed lo expuso a trav\u00e9s de un spot en el que se\u00f1ala que una tienda le paga a la\u00a0<strong>Comisi\u00f3n Federal de Electricidad\u00a0<\/strong>(CFE) alrededor de 16 mil 870 pesos por dicho concepto al mes y alrededor de 33 mil 740 pesos al bimestre.<\/p>\n\n\n\n<p>Seg\u00fan el discurso del presidente Andr\u00e9s Manuel L\u00f3pez Obrador, los proyectos de autoabasto de energ\u00eda por parte de Oxxo y otras empresas como Walmart de M\u00e9xico, cuentan con subsidios con los que,&nbsp;<strong>afirma, pagan menos por electricidad que un hogar del pa\u00eds.<\/strong><\/p>\n\n\n\n<blockquote class=\"wp-block-quote is-layout-flow wp-block-quote-is-layout-flow\"><p>&#8220;Usted paga 1.53 pesos por kilowatt\/hora y Oxxo 2.51 pesos por kilowatt\/hora. Pero la mayor\u00eda de las tiendas Oxxo reciben energ\u00eda limpia de parques e\u00f3licos&#8221;, se\u00f1ala la cadena en el audiovisual.&nbsp;<\/p><\/blockquote>\n\n\n\n<p><strong>De acuerdo con informaci\u00f3n de la cadena propiedad de Fomento Econ\u00f3mico Mexicano<\/strong>\u00a0(Femsa), alrededor de 70 por ciento de sus unidades consumen energ\u00eda limpia.<\/p>\n\n\n\n<p>Con ello, indica en su p\u00e1gina, anualmente se evitan m\u00e1s de 564 mil toneladas de CO2 al aire, equivalentes a m\u00e1s de 209 mil carros circulando en un a\u00f1o.<\/p>\n\n\n\n<figure class=\"wp-block-embed is-type-video is-provider-youtube wp-block-embed-youtube wp-embed-aspect-16-9 wp-has-aspect-ratio\"><div class=\"wp-block-embed__wrapper\">\n<iframe loading=\"lazy\" title=\"OXXO paga lo justo y protege el medio ambiente\" width=\"640\" height=\"360\" src=\"https:\/\/www.youtube.com\/embed\/3qwBQEQaTRA?feature=oembed\" frameborder=\"0\" allow=\"accelerometer; autoplay; clipboard-write; encrypted-media; gyroscope; picture-in-picture; web-share\" referrerpolicy=\"strict-origin-when-cross-origin\" allowfullscreen><\/iframe>\n<\/div><\/figure>\n\n\n\n<p>De este uso, indic\u00f3 que a cada tienda les cuesta cerca de 14 mil pesos al mes y que una parte se le paga a la dependencia que dirige Manuel Bartlett.<\/p>\n\n\n\n<blockquote class=\"wp-block-quote is-layout-flow wp-block-quote-is-layout-flow\"><p>&#8220;Adem\u00e1s ahorramos con refrigeradores de bajo consumo y luces led&#8221;, afirma la empresa.<\/p><\/blockquote>\n\n\n\n<p><strong>Seg\u00fan explica en su p\u00e1gina de internet, todos los permisos de generaci\u00f3n de energ\u00eda de las sociedades&nbsp;<\/strong>de auto abasto con las que participan fueron otorgados por la autoridad correspondiente, en este caso la Comisi\u00f3n Reguladora de Energ\u00eda (CRE) y contaron con el visto bueno de CFE.<\/p>\n\n\n\n<blockquote class=\"wp-block-quote is-layout-flow wp-block-quote-is-layout-flow\"><p>&#8220;Cada tienda Oxxo que recibe energ\u00eda limpia, le paga a CFE mensualmente el uso de las l\u00edneas de transmisi\u00f3n y distribuci\u00f3n de la red nacional para el porteo de toda la energ\u00eda. Este pago se realiza con base en las tarifas que establece la Comisi\u00f3n Reguladora de Energ\u00eda (CRE) y que actualiza cada mes&#8221;, indica.<\/p><\/blockquote>\n","protected":false},"excerpt":{"rendered":"<p>Por Redacci\u00f3n QP La cadena de tiendas de autoservicio expuso que una de sus unidades&#8230;<\/p>\n","protected":false},"author":2,"featured_media":89062,"comment_status":"open","ping_status":"open","sticky":false,"template":"","format":"standard","meta":{"_monsterinsights_skip_tracking":false,"_monsterinsights_sitenote_active":false,"_monsterinsights_sitenote_note":"","_monsterinsights_sitenote_category":0,"footnotes":""},"categories":[56],"tags":[],"class_list":["post-89061","post","type-post","status-publish","format-standard","has-post-thumbnail","hentry","category-economia"],"yoast_head":"<!-- This site is optimized with the Yoast SEO plugin v27.3 - https:\/\/yoast.com\/product\/yoast-seo-wordpress\/ -->\n<title>Oxxo responde a postura de gobierno con spot y asegura que paga \u201clo justo por luz\u201d\u00a0 -<\/title>\n<meta name=\"robots\" content=\"index, follow, max-snippet:-1, max-image-preview:large, max-video-preview:-1\" \/>\n<link rel=\"canonical\" href=\"https:\/\/quehacerpolitico.mx\/?p=89061\" \/>\n<meta property=\"og:locale\" content=\"es_MX\" \/>\n<meta property=\"og:type\" content=\"article\" \/>\n<meta property=\"og:title\" content=\"Oxxo responde a postura de gobierno con spot y asegura que paga \u201clo justo por luz\u201d\u00a0 -\" \/>\n<meta property=\"og:description\" content=\"Por Redacci\u00f3n QP La cadena de tiendas de autoservicio expuso que una de sus unidades...\" \/>\n<meta property=\"og:url\" content=\"https:\/\/quehacerpolitico.mx\/?p=89061\" \/>\n<meta property=\"article:published_time\" content=\"2022-01-27T15:24:05+00:00\" \/>\n<meta property=\"article:modified_time\" content=\"2022-01-27T15:24:09+00:00\" \/>\n<meta property=\"og:image\" content=\"https:\/\/quehacerpolitico.mx\/wp-content\/uploads\/2022\/01\/B40240AA-A2C2-4AC3-A058-4F47DC397336.jpeg\" \/>\n\t<meta property=\"og:image:width\" content=\"1284\" \/>\n\t<meta property=\"og:image:height\" content=\"697\" \/>\n\t<meta property=\"og:image:type\" content=\"image\/jpeg\" \/>\n<meta name=\"author\" content=\"Redacci\u00f3n QP\" \/>\n<meta name=\"twitter:card\" content=\"summary_large_image\" \/>\n<meta name=\"twitter:label1\" content=\"Escrito por\" \/>\n\t<meta name=\"twitter:data1\" content=\"Redacci\u00f3n QP\" \/>\n\t<meta name=\"twitter:label2\" content=\"Tiempo de lectura\" \/>\n\t<meta name=\"twitter:data2\" content=\"2 minutos\" \/>\n<script type=\"application\/ld+json\" class=\"yoast-schema-graph\">{\"@context\":\"https:\\\/\\\/schema.org\",\"@graph\":[{\"@type\":\"Article\",\"@id\":\"https:\\\/\\\/quehacerpolitico.mx\\\/?p=89061#article\",\"isPartOf\":{\"@id\":\"https:\\\/\\\/quehacerpolitico.mx\\\/?p=89061\"},\"author\":{\"name\":\"Redacci\u00f3n QP\",\"@id\":\"https:\\\/\\\/quehacerpolitico.mx\\\/#\\\/schema\\\/person\\\/496d8ad2d1d3f8036101dca7ee39e585\"},\"headline\":\"Oxxo responde a postura de gobierno con spot y asegura que paga \u201clo justo por luz\u201d\u00a0\",\"datePublished\":\"2022-01-27T15:24:05+00:00\",\"dateModified\":\"2022-01-27T15:24:09+00:00\",\"mainEntityOfPage\":{\"@id\":\"https:\\\/\\\/quehacerpolitico.mx\\\/?p=89061\"},\"wordCount\":464,\"commentCount\":0,\"image\":{\"@id\":\"https:\\\/\\\/quehacerpolitico.mx\\\/?p=89061#primaryimage\"},\"thumbnailUrl\":\"https:\\\/\\\/quehacerpolitico.mx\\\/wp-content\\\/uploads\\\/2022\\\/01\\\/B40240AA-A2C2-4AC3-A058-4F47DC397336.jpeg\",\"articleSection\":[\"Econom\u00eda\"],\"inLanguage\":\"es\",\"potentialAction\":[{\"@type\":\"CommentAction\",\"name\":\"Comment\",\"target\":[\"https:\\\/\\\/quehacerpolitico.mx\\\/?p=89061#respond\"]}]},{\"@type\":\"WebPage\",\"@id\":\"https:\\\/\\\/quehacerpolitico.mx\\\/?p=89061\",\"url\":\"https:\\\/\\\/quehacerpolitico.mx\\\/?p=89061\",\"name\":\"Oxxo responde a postura de gobierno con spot y asegura que paga \u201clo justo por luz\u201d\u00a0 -\",\"isPartOf\":{\"@id\":\"https:\\\/\\\/quehacerpolitico.mx\\\/#website\"},\"primaryImageOfPage\":{\"@id\":\"https:\\\/\\\/quehacerpolitico.mx\\\/?p=89061#primaryimage\"},\"image\":{\"@id\":\"https:\\\/\\\/quehacerpolitico.mx\\\/?p=89061#primaryimage\"},\"thumbnailUrl\":\"https:\\\/\\\/quehacerpolitico.mx\\\/wp-content\\\/uploads\\\/2022\\\/01\\\/B40240AA-A2C2-4AC3-A058-4F47DC397336.jpeg\",\"datePublished\":\"2022-01-27T15:24:05+00:00\",\"dateModified\":\"2022-01-27T15:24:09+00:00\",\"author\":{\"@id\":\"https:\\\/\\\/quehacerpolitico.mx\\\/#\\\/schema\\\/person\\\/496d8ad2d1d3f8036101dca7ee39e585\"},\"breadcrumb\":{\"@id\":\"https:\\\/\\\/quehacerpolitico.mx\\\/?p=89061#breadcrumb\"},\"inLanguage\":\"es\",\"potentialAction\":[{\"@type\":\"ReadAction\",\"target\":[\"https:\\\/\\\/quehacerpolitico.mx\\\/?p=89061\"]}]},{\"@type\":\"ImageObject\",\"inLanguage\":\"es\",\"@id\":\"https:\\\/\\\/quehacerpolitico.mx\\\/?p=89061#primaryimage\",\"url\":\"https:\\\/\\\/quehacerpolitico.mx\\\/wp-content\\\/uploads\\\/2022\\\/01\\\/B40240AA-A2C2-4AC3-A058-4F47DC397336.jpeg\",\"contentUrl\":\"https:\\\/\\\/quehacerpolitico.mx\\\/wp-content\\\/uploads\\\/2022\\\/01\\\/B40240AA-A2C2-4AC3-A058-4F47DC397336.jpeg\",\"width\":1284,\"height\":697},{\"@type\":\"BreadcrumbList\",\"@id\":\"https:\\\/\\\/quehacerpolitico.mx\\\/?p=89061#breadcrumb\",\"itemListElement\":[{\"@type\":\"ListItem\",\"position\":1,\"name\":\"Inicio\",\"item\":\"https:\\\/\\\/quehacerpolitico.mx\\\/\"},{\"@type\":\"ListItem\",\"position\":2,\"name\":\"Oxxo responde a postura de gobierno con spot y asegura que paga \u201clo justo por luz\u201d\u00a0\"}]},{\"@type\":\"WebSite\",\"@id\":\"https:\\\/\\\/quehacerpolitico.mx\\\/#website\",\"url\":\"https:\\\/\\\/quehacerpolitico.mx\\\/\",\"name\":\"\",\"description\":\"\",\"potentialAction\":[{\"@type\":\"SearchAction\",\"target\":{\"@type\":\"EntryPoint\",\"urlTemplate\":\"https:\\\/\\\/quehacerpolitico.mx\\\/?s={search_term_string}\"},\"query-input\":{\"@type\":\"PropertyValueSpecification\",\"valueRequired\":true,\"valueName\":\"search_term_string\"}}],\"inLanguage\":\"es\"},{\"@type\":\"Person\",\"@id\":\"https:\\\/\\\/quehacerpolitico.mx\\\/#\\\/schema\\\/person\\\/496d8ad2d1d3f8036101dca7ee39e585\",\"name\":\"Redacci\u00f3n QP\",\"image\":{\"@type\":\"ImageObject\",\"inLanguage\":\"es\",\"@id\":\"https:\\\/\\\/secure.gravatar.com\\\/avatar\\\/c7164ed6fdec453195284ad24a5ae5b6e1eed2b848477fa2a4787ba9adf39a41?s=96&d=mm&r=g\",\"url\":\"https:\\\/\\\/secure.gravatar.com\\\/avatar\\\/c7164ed6fdec453195284ad24a5ae5b6e1eed2b848477fa2a4787ba9adf39a41?s=96&d=mm&r=g\",\"contentUrl\":\"https:\\\/\\\/secure.gravatar.com\\\/avatar\\\/c7164ed6fdec453195284ad24a5ae5b6e1eed2b848477fa2a4787ba9adf39a41?s=96&d=mm&r=g\",\"caption\":\"Redacci\u00f3n QP\"},\"url\":\"https:\\\/\\\/quehacerpolitico.mx\\\/?author=2\"}]}<\/script>\n<!-- \/ Yoast SEO plugin. -->","yoast_head_json":{"title":"Oxxo responde a postura de gobierno con spot y asegura que paga \u201clo justo por luz\u201d\u00a0 -","robots":{"index":"index","follow":"follow","max-snippet":"max-snippet:-1","max-image-preview":"max-image-preview:large","max-video-preview":"max-video-preview:-1"},"canonical":"https:\/\/quehacerpolitico.mx\/?p=89061","og_locale":"es_MX","og_type":"article","og_title":"Oxxo responde a postura de gobierno con spot y asegura que paga \u201clo justo por luz\u201d\u00a0 -","og_description":"Por Redacci\u00f3n QP La cadena de tiendas de autoservicio expuso que una de sus unidades...","og_url":"https:\/\/quehacerpolitico.mx\/?p=89061","article_published_time":"2022-01-27T15:24:05+00:00","article_modified_time":"2022-01-27T15:24:09+00:00","og_image":[{"width":1284,"height":697,"url":"https:\/\/quehacerpolitico.mx\/wp-content\/uploads\/2022\/01\/B40240AA-A2C2-4AC3-A058-4F47DC397336.jpeg","type":"image\/jpeg"}],"author":"Redacci\u00f3n QP","twitter_card":"summary_large_image","twitter_misc":{"Escrito por":"Redacci\u00f3n QP","Tiempo de lectura":"2 minutos"},"schema":{"@context":"https:\/\/schema.org","@graph":[{"@type":"Article","@id":"https:\/\/quehacerpolitico.mx\/?p=89061#article","isPartOf":{"@id":"https:\/\/quehacerpolitico.mx\/?p=89061"},"author":{"name":"Redacci\u00f3n QP","@id":"https:\/\/quehacerpolitico.mx\/#\/schema\/person\/496d8ad2d1d3f8036101dca7ee39e585"},"headline":"Oxxo responde a postura de gobierno con spot y asegura que paga \u201clo justo por luz\u201d\u00a0","datePublished":"2022-01-27T15:24:05+00:00","dateModified":"2022-01-27T15:24:09+00:00","mainEntityOfPage":{"@id":"https:\/\/quehacerpolitico.mx\/?p=89061"},"wordCount":464,"commentCount":0,"image":{"@id":"https:\/\/quehacerpolitico.mx\/?p=89061#primaryimage"},"thumbnailUrl":"https:\/\/quehacerpolitico.mx\/wp-content\/uploads\/2022\/01\/B40240AA-A2C2-4AC3-A058-4F47DC397336.jpeg","articleSection":["Econom\u00eda"],"inLanguage":"es","potentialAction":[{"@type":"CommentAction","name":"Comment","target":["https:\/\/quehacerpolitico.mx\/?p=89061#respond"]}]},{"@type":"WebPage","@id":"https:\/\/quehacerpolitico.mx\/?p=89061","url":"https:\/\/quehacerpolitico.mx\/?p=89061","name":"Oxxo responde a postura de gobierno con spot y asegura que paga \u201clo justo por luz\u201d\u00a0 -","isPartOf":{"@id":"https:\/\/quehacerpolitico.mx\/#website"},"primaryImageOfPage":{"@id":"https:\/\/quehacerpolitico.mx\/?p=89061#primaryimage"},"image":{"@id":"https:\/\/quehacerpolitico.mx\/?p=89061#primaryimage"},"thumbnailUrl":"https:\/\/quehacerpolitico.mx\/wp-content\/uploads\/2022\/01\/B40240AA-A2C2-4AC3-A058-4F47DC397336.jpeg","datePublished":"2022-01-27T15:24:05+00:00","dateModified":"2022-01-27T15:24:09+00:00","author":{"@id":"https:\/\/quehacerpolitico.mx\/#\/schema\/person\/496d8ad2d1d3f8036101dca7ee39e585"},"breadcrumb":{"@id":"https:\/\/quehacerpolitico.mx\/?p=89061#breadcrumb"},"inLanguage":"es","potentialAction":[{"@type":"ReadAction","target":["https:\/\/quehacerpolitico.mx\/?p=89061"]}]},{"@type":"ImageObject","inLanguage":"es","@id":"https:\/\/quehacerpolitico.mx\/?p=89061#primaryimage","url":"https:\/\/quehacerpolitico.mx\/wp-content\/uploads\/2022\/01\/B40240AA-A2C2-4AC3-A058-4F47DC397336.jpeg","contentUrl":"https:\/\/quehacerpolitico.mx\/wp-content\/uploads\/2022\/01\/B40240AA-A2C2-4AC3-A058-4F47DC397336.jpeg","width":1284,"height":697},{"@type":"BreadcrumbList","@id":"https:\/\/quehacerpolitico.mx\/?p=89061#breadcrumb","itemListElement":[{"@type":"ListItem","position":1,"name":"Inicio","item":"https:\/\/quehacerpolitico.mx\/"},{"@type":"ListItem","position":2,"name":"Oxxo responde a postura de gobierno con spot y asegura que paga \u201clo justo por luz\u201d\u00a0"}]},{"@type":"WebSite","@id":"https:\/\/quehacerpolitico.mx\/#website","url":"https:\/\/quehacerpolitico.mx\/","name":"","description":"","potentialAction":[{"@type":"SearchAction","target":{"@type":"EntryPoint","urlTemplate":"https:\/\/quehacerpolitico.mx\/?s={search_term_string}"},"query-input":{"@type":"PropertyValueSpecification","valueRequired":true,"valueName":"search_term_string"}}],"inLanguage":"es"},{"@type":"Person","@id":"https:\/\/quehacerpolitico.mx\/#\/schema\/person\/496d8ad2d1d3f8036101dca7ee39e585","name":"Redacci\u00f3n QP","image":{"@type":"ImageObject","inLanguage":"es","@id":"https:\/\/secure.gravatar.com\/avatar\/c7164ed6fdec453195284ad24a5ae5b6e1eed2b848477fa2a4787ba9adf39a41?s=96&d=mm&r=g","url":"https:\/\/secure.gravatar.com\/avatar\/c7164ed6fdec453195284ad24a5ae5b6e1eed2b848477fa2a4787ba9adf39a41?s=96&d=mm&r=g","contentUrl":"https:\/\/secure.gravatar.com\/avatar\/c7164ed6fdec453195284ad24a5ae5b6e1eed2b848477fa2a4787ba9adf39a41?s=96&d=mm&r=g","caption":"Redacci\u00f3n QP"},"url":"https:\/\/quehacerpolitico.mx\/?author=2"}]}},"featured_image_urls":{"full":["https:\/\/quehacerpolitico.mx\/wp-content\/uploads\/2022\/01\/B40240AA-A2C2-4AC3-A058-4F47DC397336.jpeg",1284,697,false],"thumbnail":["https:\/\/quehacerpolitico.mx\/wp-content\/uploads\/2022\/01\/B40240AA-A2C2-4AC3-A058-4F47DC397336-150x150.jpeg",150,150,true],"medium":["https:\/\/quehacerpolitico.mx\/wp-content\/uploads\/2022\/01\/B40240AA-A2C2-4AC3-A058-4F47DC397336-300x163.jpeg",300,163,true],"medium_large":["https:\/\/quehacerpolitico.mx\/wp-content\/uploads\/2022\/01\/B40240AA-A2C2-4AC3-A058-4F47DC397336-768x417.jpeg",640,348,true],"large":["https:\/\/quehacerpolitico.mx\/wp-content\/uploads\/2022\/01\/B40240AA-A2C2-4AC3-A058-4F47DC397336-1024x556.jpeg",640,348,true],"1536x1536":["https:\/\/quehacerpolitico.mx\/wp-content\/uploads\/2022\/01\/B40240AA-A2C2-4AC3-A058-4F47DC397336.jpeg",1284,697,false],"2048x2048":["https:\/\/quehacerpolitico.mx\/wp-content\/uploads\/2022\/01\/B40240AA-A2C2-4AC3-A058-4F47DC397336.jpeg",1284,697,false],"covernews-featured":["https:\/\/quehacerpolitico.mx\/wp-content\/uploads\/2022\/01\/B40240AA-A2C2-4AC3-A058-4F47DC397336.jpeg",1024,556,false],"covernews-medium":["https:\/\/quehacerpolitico.mx\/wp-content\/uploads\/2022\/01\/B40240AA-A2C2-4AC3-A058-4F47DC397336.jpeg",540,293,false]},"author_info":{"display_name":"Redacci\u00f3n QP","author_link":"https:\/\/quehacerpolitico.mx\/?author=2"},"category_info":"<a href=\"https:\/\/quehacerpolitico.mx\/?cat=56\" rel=\"category\">Econom\u00eda<\/a>","tag_info":"Econom\u00eda","comment_count":"0","_links":{"self":[{"href":"https:\/\/quehacerpolitico.mx\/index.php?rest_route=\/wp\/v2\/posts\/89061","targetHints":{"allow":["GET"]}}],"collection":[{"href":"https:\/\/quehacerpolitico.mx\/index.php?rest_route=\/wp\/v2\/posts"}],"about":[{"href":"https:\/\/quehacerpolitico.mx\/index.php?rest_route=\/wp\/v2\/types\/post"}],"author":[{"embeddable":true,"href":"https:\/\/quehacerpolitico.mx\/index.php?rest_route=\/wp\/v2\/users\/2"}],"replies":[{"embeddable":true,"href":"https:\/\/quehacerpolitico.mx\/index.php?rest_route=%2Fwp%2Fv2%2Fcomments&post=89061"}],"version-history":[{"count":1,"href":"https:\/\/quehacerpolitico.mx\/index.php?rest_route=\/wp\/v2\/posts\/89061\/revisions"}],"predecessor-version":[{"id":89063,"href":"https:\/\/quehacerpolitico.mx\/index.php?rest_route=\/wp\/v2\/posts\/89061\/revisions\/89063"}],"wp:featuredmedia":[{"embeddable":true,"href":"https:\/\/quehacerpolitico.mx\/index.php?rest_route=\/wp\/v2\/media\/89062"}],"wp:attachment":[{"href":"https:\/\/quehacerpolitico.mx\/index.php?rest_route=%2Fwp%2Fv2%2Fmedia&parent=89061"}],"wp:term":[{"taxonomy":"category","embeddable":true,"href":"https:\/\/quehacerpolitico.mx\/index.php?rest_route=%2Fwp%2Fv2%2Fcategories&post=89061"},{"taxonomy":"post_tag","embeddable":true,"href":"https:\/\/quehacerpolitico.mx\/index.php?rest_route=%2Fwp%2Fv2%2Ftags&post=89061"}],"curies":[{"name":"wp","href":"https:\/\/api.w.org\/{rel}","templated":true}]}}