{"id":8905,"date":"2018-11-10T17:36:18","date_gmt":"2018-11-10T17:36:18","guid":{"rendered":"http:\/\/quehacerpolitico.mx\/cuitlahuac-garcia-pide-que-yunes-linares-aclare-la-version-oficial-sobre-el-asesinato-de-valeria\/"},"modified":"2018-11-10T17:36:18","modified_gmt":"2018-11-10T17:36:18","slug":"cuitlahuac-garcia-pide-que-yunes-linares-aclare-la-version-oficial-sobre-el-asesinato-de-valeria","status":"publish","type":"post","link":"https:\/\/quehacerpolitico.mx\/?p=8905","title":{"rendered":"Cuitl\u00e1huac Garc\u00eda pide que Yunes Linares aclare la versi\u00f3n oficial sobre el asesinato de Valeria"},"content":{"rendered":"<h1>Cuitl\u00e1huac Garc\u00eda pide que Yunes Linares aclare la versi\u00f3n oficial sobre el asesinato de Valeria<\/h1>\n<p>Por Redacci\u00f3n QP<\/p>\n<p>El <strong>Gobernador electo de Veracruz<\/strong>, Cuitl\u00e1huac Garc\u00eda, se\u00f1al\u00f3 que la <strong>Fiscal\u00eda de Veracruz<\/strong> deber\u00e1 aclarar por qu\u00e9 dicen que hubo confusi\u00f3n en el asesinato de Valeria, hija de la <strong>diputada federal de Morena<\/strong> y, sobre todo, qu\u00e9 sab\u00eda el homicida de la joven, que fue callado con su muerte.<\/p>\n<blockquote>\n<p>\u201cDeber\u00e1n aclarar por qu\u00e9 dicen que fue confusi\u00f3n y cu\u00e1l es el m\u00f3vil de los asesinos del homicida. Qu\u00e9 sab\u00eda el homicida que lo callaron con su muerte\u201d, indic\u00f3\u00a0Cuitl\u00e1huac Garc\u00eda.<\/p>\n<\/blockquote>\n<p>Garc\u00eda Jim\u00e9nez lament\u00f3 el asesinato de la hija de la diputada de Morena, y agreg\u00f3 que \u201cduele que en Veracruz se lleva una cifra r\u00e9cord de asesinatos no aclarados, de homicidios dolosos. Van m\u00e1s de mil 500 homicidios en lo que va del a\u00f1o y todos duelen\u201d.<\/p>\n<blockquote>\n<p>A\u00f1adi\u00f3 que la explicaci\u00f3n que el Gobernador de Veracruz, Miguel \u00c1ngel Yunes Linares, dio sobre el asesinato de la joven de 22 a\u00f1os, no es cre\u00edble y que hay dudas al respecto.<\/p>\n<\/blockquote>\n<p>\u201cLa explicaci\u00f3n que da el gobernador no es cre\u00edble. Hay algunas cosas que nos dejan dudas\u201d, dijo el pr\u00f3ximo gobernador de la entidad.<\/p>\n<p>\u201cDice que fue una confusi\u00f3n, no es cre\u00edble la versi\u00f3n de confusi\u00f3n porque en las primeras versiones se supo que el homicida espero a la v\u00edctima hasta identificarla, por lo tanto \u00e9l no ten\u00eda confusi\u00f3n de a qui\u00e9n estaba esperando para matar, y fueron nueve disparos\u201d, a\u00f1adi\u00f3.<\/p>\n<blockquote>\n<p>Apunt\u00f3 que \u201cla Fiscal\u00eda tiene que investigar el m\u00f3vil, no est\u00e1 claro, porque no es confusi\u00f3n. Tambi\u00e9n otra versi\u00f3n en estos hechos, debe haber una reconstrucci\u00f3n de los sucesos, de los minutos en que sucede, uno a uno, porque esa parte en la que el homicidio identifica a su v\u00edctima son claves\u201d.<\/p>\n<\/blockquote>\n<p>Coment\u00f3 que \u201csolo la Fiscal\u00eda ha dicho, o el gobernador vocero de la Fiscal\u00eda ha dicho, que el retrato hablado fue la forma en que identifican al victimario, no aportan m\u00e1s pruebas. Tres, el motivo porque matan al homicida no est\u00e1 especificado, no dicen la raz\u00f3n, que por qu\u00e9 ahora el homicida est\u00e1 muerto\u201d.<\/p>\n<p>\u201cNo olvidemos, que eso levanta de inmediato sospechas, que en otros asesinatos que han sido pol\u00edticos, tambi\u00e9n el homicida termina muerto antes de que se aclare el asesinato. Habr\u00eda que preguntarle a la Fiscal\u00eda cu\u00e1l fue el m\u00f3vil de los asesinos para acabar con el homicida, \u00bfqu\u00e9 sab\u00eda el homicida?\u201d, se\u00f1al\u00f3.<\/p>\n<p>Con Informaci\u00f3n de Plumas Libres<\/p>\n","protected":false},"excerpt":{"rendered":"<p>Cuitl\u00e1huac Garc\u00eda pide que Yunes Linares aclare la versi\u00f3n oficial sobre el asesinato de Valeria<br \/>\nPor Redacci\u00f3n QP<\/p>\n","protected":false},"author":2,"featured_media":8904,"comment_status":"open","ping_status":"open","sticky":false,"template":"","format":"standard","meta":{"_monsterinsights_skip_tracking":false,"_monsterinsights_sitenote_active":false,"_monsterinsights_sitenote_note":"","_monsterinsights_sitenote_category":0,"footnotes":""},"categories":[2],"tags":[],"class_list":["post-8905","post","type-post","status-publish","format-standard","has-post-thumbnail","hentry","category-noticias"],"yoast_head":"<!-- This site is optimized with the Yoast SEO plugin v27.3 - https:\/\/yoast.com\/product\/yoast-seo-wordpress\/ -->\n<title>Cuitl\u00e1huac Garc\u00eda pide que Yunes Linares aclare la versi\u00f3n oficial sobre el asesinato de Valeria -<\/title>\n<meta name=\"robots\" content=\"index, follow, max-snippet:-1, max-image-preview:large, max-video-preview:-1\" \/>\n<link rel=\"canonical\" href=\"https:\/\/quehacerpolitico.mx\/?p=8905\" \/>\n<meta property=\"og:locale\" content=\"es_MX\" \/>\n<meta property=\"og:type\" content=\"article\" \/>\n<meta property=\"og:title\" content=\"Cuitl\u00e1huac Garc\u00eda pide que Yunes Linares aclare la versi\u00f3n oficial sobre el asesinato de Valeria -\" \/>\n<meta property=\"og:description\" content=\"Cuitl\u00e1huac Garc\u00eda pide que Yunes Linares aclare la versi\u00f3n oficial sobre el asesinato de Valeria Por Redacci\u00f3n QP\" \/>\n<meta property=\"og:url\" content=\"https:\/\/quehacerpolitico.mx\/?p=8905\" \/>\n<meta property=\"article:published_time\" content=\"2018-11-10T17:36:18+00:00\" \/>\n<meta name=\"author\" content=\"Redacci\u00f3n QP\" \/>\n<meta name=\"twitter:card\" content=\"summary_large_image\" \/>\n<meta name=\"twitter:label1\" content=\"Escrito por\" \/>\n\t<meta name=\"twitter:data1\" content=\"Redacci\u00f3n QP\" \/>\n\t<meta name=\"twitter:label2\" content=\"Tiempo de lectura\" \/>\n\t<meta name=\"twitter:data2\" content=\"2 minutos\" \/>\n<script type=\"application\/ld+json\" class=\"yoast-schema-graph\">{\"@context\":\"https:\\\/\\\/schema.org\",\"@graph\":[{\"@type\":\"Article\",\"@id\":\"https:\\\/\\\/quehacerpolitico.mx\\\/?p=8905#article\",\"isPartOf\":{\"@id\":\"https:\\\/\\\/quehacerpolitico.mx\\\/?p=8905\"},\"author\":{\"name\":\"Redacci\u00f3n QP\",\"@id\":\"https:\\\/\\\/quehacerpolitico.mx\\\/#\\\/schema\\\/person\\\/496d8ad2d1d3f8036101dca7ee39e585\"},\"headline\":\"Cuitl\u00e1huac Garc\u00eda pide que Yunes Linares aclare la versi\u00f3n oficial sobre el asesinato de Valeria\",\"datePublished\":\"2018-11-10T17:36:18+00:00\",\"mainEntityOfPage\":{\"@id\":\"https:\\\/\\\/quehacerpolitico.mx\\\/?p=8905\"},\"wordCount\":483,\"commentCount\":0,\"image\":{\"@id\":\"https:\\\/\\\/quehacerpolitico.mx\\\/?p=8905#primaryimage\"},\"thumbnailUrl\":\"\",\"articleSection\":[\"Noticias\"],\"inLanguage\":\"es\",\"potentialAction\":[{\"@type\":\"CommentAction\",\"name\":\"Comment\",\"target\":[\"https:\\\/\\\/quehacerpolitico.mx\\\/?p=8905#respond\"]}]},{\"@type\":\"WebPage\",\"@id\":\"https:\\\/\\\/quehacerpolitico.mx\\\/?p=8905\",\"url\":\"https:\\\/\\\/quehacerpolitico.mx\\\/?p=8905\",\"name\":\"Cuitl\u00e1huac Garc\u00eda pide que Yunes Linares aclare la versi\u00f3n oficial sobre el asesinato de Valeria -\",\"isPartOf\":{\"@id\":\"https:\\\/\\\/quehacerpolitico.mx\\\/#website\"},\"primaryImageOfPage\":{\"@id\":\"https:\\\/\\\/quehacerpolitico.mx\\\/?p=8905#primaryimage\"},\"image\":{\"@id\":\"https:\\\/\\\/quehacerpolitico.mx\\\/?p=8905#primaryimage\"},\"thumbnailUrl\":\"\",\"datePublished\":\"2018-11-10T17:36:18+00:00\",\"author\":{\"@id\":\"https:\\\/\\\/quehacerpolitico.mx\\\/#\\\/schema\\\/person\\\/496d8ad2d1d3f8036101dca7ee39e585\"},\"breadcrumb\":{\"@id\":\"https:\\\/\\\/quehacerpolitico.mx\\\/?p=8905#breadcrumb\"},\"inLanguage\":\"es\",\"potentialAction\":[{\"@type\":\"ReadAction\",\"target\":[\"https:\\\/\\\/quehacerpolitico.mx\\\/?p=8905\"]}]},{\"@type\":\"ImageObject\",\"inLanguage\":\"es\",\"@id\":\"https:\\\/\\\/quehacerpolitico.mx\\\/?p=8905#primaryimage\",\"url\":\"\",\"contentUrl\":\"\"},{\"@type\":\"BreadcrumbList\",\"@id\":\"https:\\\/\\\/quehacerpolitico.mx\\\/?p=8905#breadcrumb\",\"itemListElement\":[{\"@type\":\"ListItem\",\"position\":1,\"name\":\"Inicio\",\"item\":\"https:\\\/\\\/quehacerpolitico.mx\\\/\"},{\"@type\":\"ListItem\",\"position\":2,\"name\":\"Cuitl\u00e1huac Garc\u00eda pide que Yunes Linares aclare la versi\u00f3n oficial sobre el asesinato de Valeria\"}]},{\"@type\":\"WebSite\",\"@id\":\"https:\\\/\\\/quehacerpolitico.mx\\\/#website\",\"url\":\"https:\\\/\\\/quehacerpolitico.mx\\\/\",\"name\":\"\",\"description\":\"\",\"potentialAction\":[{\"@type\":\"SearchAction\",\"target\":{\"@type\":\"EntryPoint\",\"urlTemplate\":\"https:\\\/\\\/quehacerpolitico.mx\\\/?s={search_term_string}\"},\"query-input\":{\"@type\":\"PropertyValueSpecification\",\"valueRequired\":true,\"valueName\":\"search_term_string\"}}],\"inLanguage\":\"es\"},{\"@type\":\"Person\",\"@id\":\"https:\\\/\\\/quehacerpolitico.mx\\\/#\\\/schema\\\/person\\\/496d8ad2d1d3f8036101dca7ee39e585\",\"name\":\"Redacci\u00f3n QP\",\"image\":{\"@type\":\"ImageObject\",\"inLanguage\":\"es\",\"@id\":\"https:\\\/\\\/secure.gravatar.com\\\/avatar\\\/c7164ed6fdec453195284ad24a5ae5b6e1eed2b848477fa2a4787ba9adf39a41?s=96&d=mm&r=g\",\"url\":\"https:\\\/\\\/secure.gravatar.com\\\/avatar\\\/c7164ed6fdec453195284ad24a5ae5b6e1eed2b848477fa2a4787ba9adf39a41?s=96&d=mm&r=g\",\"contentUrl\":\"https:\\\/\\\/secure.gravatar.com\\\/avatar\\\/c7164ed6fdec453195284ad24a5ae5b6e1eed2b848477fa2a4787ba9adf39a41?s=96&d=mm&r=g\",\"caption\":\"Redacci\u00f3n QP\"},\"url\":\"https:\\\/\\\/quehacerpolitico.mx\\\/?author=2\"}]}<\/script>\n<!-- \/ Yoast SEO plugin. -->","yoast_head_json":{"title":"Cuitl\u00e1huac Garc\u00eda pide que Yunes Linares aclare la versi\u00f3n oficial sobre el asesinato de Valeria -","robots":{"index":"index","follow":"follow","max-snippet":"max-snippet:-1","max-image-preview":"max-image-preview:large","max-video-preview":"max-video-preview:-1"},"canonical":"https:\/\/quehacerpolitico.mx\/?p=8905","og_locale":"es_MX","og_type":"article","og_title":"Cuitl\u00e1huac Garc\u00eda pide que Yunes Linares aclare la versi\u00f3n oficial sobre el asesinato de Valeria -","og_description":"Cuitl\u00e1huac Garc\u00eda pide que Yunes Linares aclare la versi\u00f3n oficial sobre el asesinato de Valeria Por Redacci\u00f3n QP","og_url":"https:\/\/quehacerpolitico.mx\/?p=8905","article_published_time":"2018-11-10T17:36:18+00:00","author":"Redacci\u00f3n QP","twitter_card":"summary_large_image","twitter_misc":{"Escrito por":"Redacci\u00f3n QP","Tiempo de lectura":"2 minutos"},"schema":{"@context":"https:\/\/schema.org","@graph":[{"@type":"Article","@id":"https:\/\/quehacerpolitico.mx\/?p=8905#article","isPartOf":{"@id":"https:\/\/quehacerpolitico.mx\/?p=8905"},"author":{"name":"Redacci\u00f3n QP","@id":"https:\/\/quehacerpolitico.mx\/#\/schema\/person\/496d8ad2d1d3f8036101dca7ee39e585"},"headline":"Cuitl\u00e1huac Garc\u00eda pide que Yunes Linares aclare la versi\u00f3n oficial sobre el asesinato de Valeria","datePublished":"2018-11-10T17:36:18+00:00","mainEntityOfPage":{"@id":"https:\/\/quehacerpolitico.mx\/?p=8905"},"wordCount":483,"commentCount":0,"image":{"@id":"https:\/\/quehacerpolitico.mx\/?p=8905#primaryimage"},"thumbnailUrl":"","articleSection":["Noticias"],"inLanguage":"es","potentialAction":[{"@type":"CommentAction","name":"Comment","target":["https:\/\/quehacerpolitico.mx\/?p=8905#respond"]}]},{"@type":"WebPage","@id":"https:\/\/quehacerpolitico.mx\/?p=8905","url":"https:\/\/quehacerpolitico.mx\/?p=8905","name":"Cuitl\u00e1huac Garc\u00eda pide que Yunes Linares aclare la versi\u00f3n oficial sobre el asesinato de Valeria -","isPartOf":{"@id":"https:\/\/quehacerpolitico.mx\/#website"},"primaryImageOfPage":{"@id":"https:\/\/quehacerpolitico.mx\/?p=8905#primaryimage"},"image":{"@id":"https:\/\/quehacerpolitico.mx\/?p=8905#primaryimage"},"thumbnailUrl":"","datePublished":"2018-11-10T17:36:18+00:00","author":{"@id":"https:\/\/quehacerpolitico.mx\/#\/schema\/person\/496d8ad2d1d3f8036101dca7ee39e585"},"breadcrumb":{"@id":"https:\/\/quehacerpolitico.mx\/?p=8905#breadcrumb"},"inLanguage":"es","potentialAction":[{"@type":"ReadAction","target":["https:\/\/quehacerpolitico.mx\/?p=8905"]}]},{"@type":"ImageObject","inLanguage":"es","@id":"https:\/\/quehacerpolitico.mx\/?p=8905#primaryimage","url":"","contentUrl":""},{"@type":"BreadcrumbList","@id":"https:\/\/quehacerpolitico.mx\/?p=8905#breadcrumb","itemListElement":[{"@type":"ListItem","position":1,"name":"Inicio","item":"https:\/\/quehacerpolitico.mx\/"},{"@type":"ListItem","position":2,"name":"Cuitl\u00e1huac Garc\u00eda pide que Yunes Linares aclare la versi\u00f3n oficial sobre el asesinato de Valeria"}]},{"@type":"WebSite","@id":"https:\/\/quehacerpolitico.mx\/#website","url":"https:\/\/quehacerpolitico.mx\/","name":"","description":"","potentialAction":[{"@type":"SearchAction","target":{"@type":"EntryPoint","urlTemplate":"https:\/\/quehacerpolitico.mx\/?s={search_term_string}"},"query-input":{"@type":"PropertyValueSpecification","valueRequired":true,"valueName":"search_term_string"}}],"inLanguage":"es"},{"@type":"Person","@id":"https:\/\/quehacerpolitico.mx\/#\/schema\/person\/496d8ad2d1d3f8036101dca7ee39e585","name":"Redacci\u00f3n QP","image":{"@type":"ImageObject","inLanguage":"es","@id":"https:\/\/secure.gravatar.com\/avatar\/c7164ed6fdec453195284ad24a5ae5b6e1eed2b848477fa2a4787ba9adf39a41?s=96&d=mm&r=g","url":"https:\/\/secure.gravatar.com\/avatar\/c7164ed6fdec453195284ad24a5ae5b6e1eed2b848477fa2a4787ba9adf39a41?s=96&d=mm&r=g","contentUrl":"https:\/\/secure.gravatar.com\/avatar\/c7164ed6fdec453195284ad24a5ae5b6e1eed2b848477fa2a4787ba9adf39a41?s=96&d=mm&r=g","caption":"Redacci\u00f3n QP"},"url":"https:\/\/quehacerpolitico.mx\/?author=2"}]}},"featured_image_urls":{"full":"","thumbnail":"","medium":"","medium_large":"","large":"","1536x1536":"","2048x2048":"","covernews-featured":"","covernews-medium":""},"author_info":{"display_name":"Redacci\u00f3n QP","author_link":"https:\/\/quehacerpolitico.mx\/?author=2"},"category_info":"<a href=\"https:\/\/quehacerpolitico.mx\/?cat=2\" rel=\"category\">Noticias<\/a>","tag_info":"Noticias","comment_count":"0","_links":{"self":[{"href":"https:\/\/quehacerpolitico.mx\/index.php?rest_route=\/wp\/v2\/posts\/8905","targetHints":{"allow":["GET"]}}],"collection":[{"href":"https:\/\/quehacerpolitico.mx\/index.php?rest_route=\/wp\/v2\/posts"}],"about":[{"href":"https:\/\/quehacerpolitico.mx\/index.php?rest_route=\/wp\/v2\/types\/post"}],"author":[{"embeddable":true,"href":"https:\/\/quehacerpolitico.mx\/index.php?rest_route=\/wp\/v2\/users\/2"}],"replies":[{"embeddable":true,"href":"https:\/\/quehacerpolitico.mx\/index.php?rest_route=%2Fwp%2Fv2%2Fcomments&post=8905"}],"version-history":[{"count":0,"href":"https:\/\/quehacerpolitico.mx\/index.php?rest_route=\/wp\/v2\/posts\/8905\/revisions"}],"wp:featuredmedia":[{"embeddable":true,"href":"https:\/\/quehacerpolitico.mx\/index.php?rest_route=\/"}],"wp:attachment":[{"href":"https:\/\/quehacerpolitico.mx\/index.php?rest_route=%2Fwp%2Fv2%2Fmedia&parent=8905"}],"wp:term":[{"taxonomy":"category","embeddable":true,"href":"https:\/\/quehacerpolitico.mx\/index.php?rest_route=%2Fwp%2Fv2%2Fcategories&post=8905"},{"taxonomy":"post_tag","embeddable":true,"href":"https:\/\/quehacerpolitico.mx\/index.php?rest_route=%2Fwp%2Fv2%2Ftags&post=8905"}],"curies":[{"name":"wp","href":"https:\/\/api.w.org\/{rel}","templated":true}]}}