{"id":88996,"date":"2022-01-26T05:44:24","date_gmt":"2022-01-26T05:44:24","guid":{"rendered":"https:\/\/quehacerpolitico.mx\/?p=88996"},"modified":"2022-01-26T05:44:27","modified_gmt":"2022-01-26T05:44:27","slug":"marcha-en-cdmx-protestan-tras-asesinato-de-mujeres-en-ciudad-juarez","status":"publish","type":"post","link":"https:\/\/quehacerpolitico.mx\/?p=88996","title":{"rendered":"Marcha en CDMX: Protestan tras asesinato de mujeres en Ciudad Ju\u00e1rez"},"content":{"rendered":"\n<p>Por Redacci\u00f3n QP<\/p>\n\n\n\n<p>El 16 de enero los cuerpos desmembrados de dos mujeres fueron hallados en una carretera en Ciudad Ju\u00e1rez<\/p>\n\n\n\n<p>Varias decenas de personas reclamaron justicia y se unieron en su dolor este martes en la Ciudad de M\u00e9xico por el reciente asesinato de\u00a0<strong>dos mujeres lesbianas en Ciudad Ju\u00e1rez,\u00a0Chihuahua.<\/strong><\/p>\n\n\n\n<p>Al grito de\u00a0<strong>&#8220;No m\u00e1s lesbofobia&#8221;<\/strong>\u00a0y\u00a0<strong>&#8220;Resistencia hasta que amar no nos cueste la vida&#8221;<\/strong>, entre muchas otras consignas, las activistas, en su gran mayor\u00eda mujeres, se reunieron a las puertas de la oficina de representaci\u00f3n del Gobierno de Chihuahua en la capital mexicana.<\/p>\n\n\n\n<figure class=\"wp-block-embed is-type-rich is-provider-twitter wp-block-embed-twitter\"><div class=\"wp-block-embed__wrapper\">\n<blockquote class=\"twitter-tweet\" data-width=\"550\" data-dnt=\"true\"><p lang=\"es\" dir=\"ltr\">\u201cA los narcos abrazos a los periodistas balazos\u201d se lee en una pancarta en la protesta frente a la <a href=\"https:\/\/twitter.com\/SEGOB_mx?ref_src=twsrc%5Etfw\">@SEGOB_mx<\/a> <a href=\"https:\/\/twitter.com\/hashtag\/PeriodismoEnRiesgo?src=hash&amp;ref_src=twsrc%5Etfw\">#PeriodismoEnRiesgo<\/a><a href=\"https:\/\/twitter.com\/hashtag\/NoSeMataLaVerdad?src=hash&amp;ref_src=twsrc%5Etfw\">#NoSeMataLaVerdad<\/a><a href=\"https:\/\/twitter.com\/hashtag\/NiSilencioNiOlvido?src=hash&amp;ref_src=twsrc%5Etfw\">#NiSilencioNiOlvido<\/a><a href=\"https:\/\/t.co\/qj3R4AA8Xt\">https:\/\/t.co\/qj3R4AA8Xt<\/a> <a href=\"https:\/\/t.co\/FHYzErRW5d\">pic.twitter.com\/FHYzErRW5d<\/a><\/p>&mdash; Reporte \u00cdndigo (@Reporte_Indigo) <a href=\"https:\/\/twitter.com\/Reporte_Indigo\/status\/1486172826574983171?ref_src=twsrc%5Etfw\">January 26, 2022<\/a><\/blockquote><script async src=\"https:\/\/platform.twitter.com\/widgets.js\" charset=\"utf-8\"><\/script>\n<\/div><\/figure>\n\n\n\n<p>All\u00ed, las mujeres hicieron pintadas en los muros y ventanas del edificio, batucada, danza y leyeron un comunicado en el que aseguraron que buscar\u00e1n justicia.<\/p>\n\n\n\n<p><strong>&#8220;Ya no estamos dispuestas a aceptar la impunidad, a callar ante el horror (&#8230;) S\u00e9panlo y s\u00e9panlo bien, ninguna agresi\u00f3n hacia ninguna de nosotras quedar\u00e1 sin respuesta.<\/strong>\u00a0Cada vez somos m\u00e1s y estamos m\u00e1s organizadas. No pueden matarnos a todas, no pueden desaparecernos a todas&#8221;, expresaron las manifestantes.<\/p>\n\n\n\n<figure class=\"wp-block-embed is-type-rich is-provider-twitter wp-block-embed-twitter\"><div class=\"wp-block-embed__wrapper\">\n<blockquote class=\"twitter-tweet\" data-width=\"550\" data-dnt=\"true\"><p lang=\"es\" dir=\"ltr\">Desde 2018, 54 comunicadores han sido ASESINADOS en M\u00e9xico<br><br>Solo este mes, tres. <a href=\"https:\/\/twitter.com\/hashtag\/LourdesMaldonado?src=hash&amp;ref_src=twsrc%5Etfw\">#LourdesMaldonado<\/a> la \u00faltima<a href=\"https:\/\/twitter.com\/hashtag\/NoSeMataLaVerdad?src=hash&amp;ref_src=twsrc%5Etfw\">#NoSeMataLaVerdad<\/a><a href=\"https:\/\/twitter.com\/hashtag\/PeriodismoEnRiesgo?src=hash&amp;ref_src=twsrc%5Etfw\">#PeriodismoEnRiesgo<\/a> <a href=\"https:\/\/t.co\/T4aY3bigQQ\">pic.twitter.com\/T4aY3bigQQ<\/a><\/p>&mdash; Ruido en la Red (@RuidoEnLaRed) <a href=\"https:\/\/twitter.com\/RuidoEnLaRed\/status\/1486047281438765066?ref_src=twsrc%5Etfw\">January 25, 2022<\/a><\/blockquote><script async src=\"https:\/\/platform.twitter.com\/widgets.js\" charset=\"utf-8\"><\/script>\n<\/div><\/figure>\n\n\n\n<figure class=\"wp-block-embed is-type-rich is-provider-twitter wp-block-embed-twitter\"><div class=\"wp-block-embed__wrapper\">\n<blockquote class=\"twitter-tweet\" data-width=\"550\" data-dnt=\"true\"><p lang=\"es\" dir=\"ltr\">Esta ma\u00f1ana afuera de palacio de nacional \ud83d\udcf8\ud83d\udcf8\u270d\ud83c\udffc<a href=\"https:\/\/twitter.com\/hashtag\/NoSeMataLaVerdad?src=hash&amp;ref_src=twsrc%5Etfw\">#NoSeMataLaVerdad<\/a> <a href=\"https:\/\/twitter.com\/hashtag\/NoSeMataLaVerdadMatandoPeriodistas?src=hash&amp;ref_src=twsrc%5Etfw\">#NoSeMataLaVerdadMatandoPeriodistas<\/a> <a href=\"https:\/\/twitter.com\/hashtag\/NiSilencioNiOlvido?src=hash&amp;ref_src=twsrc%5Etfw\">#NiSilencioNiOlvido<\/a> <a href=\"https:\/\/twitter.com\/hashtag\/PeriodismoEnRiesgo?src=hash&amp;ref_src=twsrc%5Etfw\">#PeriodismoEnRiesgo<\/a> <a href=\"https:\/\/twitter.com\/hashtag\/SinMasPeriodistasEnSusListas?src=hash&amp;ref_src=twsrc%5Etfw\">#SinMasPeriodistasEnSusListas<\/a> <a href=\"https:\/\/t.co\/Rke376rzAj\">pic.twitter.com\/Rke376rzAj<\/a><\/p>&mdash; Daniel Ojeda (@danielojedaju) <a href=\"https:\/\/twitter.com\/danielojedaju\/status\/1485976480026877961?ref_src=twsrc%5Etfw\">January 25, 2022<\/a><\/blockquote><script async src=\"https:\/\/platform.twitter.com\/widgets.js\" charset=\"utf-8\"><\/script>\n<\/div><\/figure>\n\n\n\n<p>Durante la manifestaci\u00f3n, instaron a las autoridades locales, estatales y federales pero sobre todo a la organizaci\u00f3n de la comunidad LGBT, dada la desconfianza en las autoridades y la impunidad imperante en el pa\u00eds.<\/p>\n\n\n\n<p>&#8220;Hacemos un llamado a todas las mujeres lesbianas, maricas y trans a reforzar nuestros discursos. Hacemos un llamado a fortalecer redes y mecanismos de seguridad, para que el miedo cambie de bando, para que sea un lugar de miedo para ellos, para los machistas, para los feminicidas, para los que odian a las mujeres&#8221;, dijeron.<\/p>\n\n\n\n<p><strong>El 16 de enero los cuerpos desmembrados de dos mujeres fueron hallados en una carretera en Ciudad\u00a0Ju\u00e1rez.<\/strong><\/p>\n\n\n\n<figure class=\"wp-block-embed is-type-rich is-provider-twitter wp-block-embed-twitter\"><div class=\"wp-block-embed__wrapper\">\n<blockquote class=\"twitter-tweet\" data-width=\"550\" data-dnt=\"true\"><p lang=\"es\" dir=\"ltr\"><a href=\"https:\/\/twitter.com\/hashtag\/PeriodismoEnRiesgo?src=hash&amp;ref_src=twsrc%5Etfw\">#PeriodismoEnRiesgo<\/a> I &quot;A los periodistas nos est\u00e1n matando todos los d\u00edas con los bajos salarios, con las condiciones deplorables que enfrentamos, con las agresiones constantes&quot;, denuncian periodistas de <a href=\"https:\/\/twitter.com\/hashtag\/Notimex?src=hash&amp;ref_src=twsrc%5Etfw\">#Notimex<\/a>.<br><br> \ud83d\udcf9<a href=\"https:\/\/twitter.com\/EthanMBaez?ref_src=twsrc%5Etfw\">@EthanMBaez<\/a> <a href=\"https:\/\/t.co\/l42CloPcvD\">pic.twitter.com\/l42CloPcvD<\/a><\/p>&mdash; Animal Pol\u00edtico (@Pajaropolitico) <a href=\"https:\/\/twitter.com\/Pajaropolitico\/status\/1486177415739031553?ref_src=twsrc%5Etfw\">January 26, 2022<\/a><\/blockquote><script async src=\"https:\/\/platform.twitter.com\/widgets.js\" charset=\"utf-8\"><\/script>\n<\/div><\/figure>\n\n\n\n<p>Las autoridades informaron que se trataba de una pareja de mujeres residentes en El Paso, Texas y que eran madres de tres hijos. Sin embargo la Fiscal\u00eda del estado asegura que no son estadounidenses.<\/p>\n\n\n\n<p>Noem\u00ed Medina y Julissa Ram\u00edrez era una pareja de lesbianas, de 25 y 30 a\u00f1os, respectivamente, quienes se casaron el verano pasado y ten\u00edan bajo su custodia a dos ni\u00f1as y un ni\u00f1o.<\/p>\n\n\n\n<figure class=\"wp-block-embed is-type-rich is-provider-twitter wp-block-embed-twitter\"><div class=\"wp-block-embed__wrapper\">\n<blockquote class=\"twitter-tweet\" data-width=\"550\" data-dnt=\"true\"><p lang=\"es\" dir=\"ltr\">Decenas de periodistas se concentran frente a la Secretar\u00eda de Gobernaci\u00f3n para reclamar justicia por el asesinato de la periodista Lourdes Maldonado y los dem\u00e1s casos que han ocurrido en los \u00faltimos a\u00f1os en el pa\u00eds.<a href=\"https:\/\/twitter.com\/hashtag\/VIDEO?src=hash&amp;ref_src=twsrc%5Etfw\">#VIDEO<\/a>: Manuel Espino <a href=\"https:\/\/t.co\/MtH3tBk5Pp\">pic.twitter.com\/MtH3tBk5Pp<\/a><\/p>&mdash; El Universal (@El_Universal_Mx) <a href=\"https:\/\/twitter.com\/El_Universal_Mx\/status\/1486164161214263296?ref_src=twsrc%5Etfw\">January 26, 2022<\/a><\/blockquote><script async src=\"https:\/\/platform.twitter.com\/widgets.js\" charset=\"utf-8\"><\/script>\n<\/div><\/figure>\n\n\n\n<p>Despu\u00e9s de que sus familiares reportaron su desaparici\u00f3n, el 16 de enero fueron localizados sus cuerpos.<\/p>\n\n\n\n<p>El mi\u00e9rcoles la Fiscal\u00eda General del Estado de Chihuahua inform\u00f3 de la detenci\u00f3n de&nbsp;<strong>Jaqueline Isela C. R. y David R.<\/strong>, presuntos responsables de la muerte de Julissa y Noem\u00ed.<\/p>\n\n\n\n<p>El pasado jueves un centenar de miembros de la comunidad LGBT tambi\u00e9n se manifestaron frente a la Fiscal\u00eda General del Estado de Chihuahua Zona Norte para exigir justicia.<\/p>\n\n\n\n<p>Seg\u00fan la organizaci\u00f3n Letra Ese, cada mes se registran en M\u00e9xico seis asesinatos de odio contra personas LGBT.<\/p>\n\n\n\n<p>M\u00e9xico es el segundo pa\u00eds de Latinoam\u00e9rica con m\u00e1s violencia por homofobia y transfobia, despu\u00e9s de Brasil, seg\u00fan el Observatorio Nacional de Cr\u00edmenes de Odio LGBT de la Fundaci\u00f3n Arco\u00edris.<\/p>\n\n\n\n<p>Con informaci\u00f3n de EFE<\/p>\n","protected":false},"excerpt":{"rendered":"<p>Por Redacci\u00f3n QP El 16 de enero los cuerpos desmembrados de dos mujeres fueron hallados&#8230;<\/p>\n","protected":false},"author":2,"featured_media":88997,"comment_status":"open","ping_status":"open","sticky":false,"template":"","format":"standard","meta":{"_monsterinsights_skip_tracking":false,"_monsterinsights_sitenote_active":false,"_monsterinsights_sitenote_note":"","_monsterinsights_sitenote_category":0,"footnotes":""},"categories":[55],"tags":[],"class_list":["post-88996","post","type-post","status-publish","format-standard","has-post-thumbnail","hentry","category-cdmx"],"yoast_head":"<!-- This site is optimized with the Yoast SEO plugin v27.3 - https:\/\/yoast.com\/product\/yoast-seo-wordpress\/ -->\n<title>Marcha en CDMX: Protestan tras asesinato de mujeres en Ciudad Ju\u00e1rez -<\/title>\n<meta name=\"robots\" content=\"index, follow, max-snippet:-1, max-image-preview:large, max-video-preview:-1\" \/>\n<link rel=\"canonical\" href=\"https:\/\/quehacerpolitico.mx\/?p=88996\" \/>\n<meta property=\"og:locale\" content=\"es_MX\" \/>\n<meta property=\"og:type\" content=\"article\" \/>\n<meta property=\"og:title\" content=\"Marcha en CDMX: Protestan tras asesinato de mujeres en Ciudad Ju\u00e1rez -\" \/>\n<meta property=\"og:description\" content=\"Por Redacci\u00f3n QP El 16 de enero los cuerpos desmembrados de dos mujeres fueron hallados...\" \/>\n<meta property=\"og:url\" content=\"https:\/\/quehacerpolitico.mx\/?p=88996\" \/>\n<meta property=\"article:published_time\" content=\"2022-01-26T05:44:24+00:00\" \/>\n<meta property=\"article:modified_time\" content=\"2022-01-26T05:44:27+00:00\" \/>\n<meta property=\"og:image\" content=\"https:\/\/quehacerpolitico.mx\/wp-content\/uploads\/2022\/01\/59A19A8A-A5EB-48D5-AF9A-405B2F8562FE.jpeg\" \/>\n\t<meta property=\"og:image:width\" content=\"1536\" \/>\n\t<meta property=\"og:image:height\" content=\"2048\" \/>\n\t<meta property=\"og:image:type\" content=\"image\/jpeg\" \/>\n<meta name=\"author\" content=\"Redacci\u00f3n QP\" \/>\n<meta name=\"twitter:card\" content=\"summary_large_image\" \/>\n<meta name=\"twitter:label1\" content=\"Escrito por\" \/>\n\t<meta name=\"twitter:data1\" content=\"Redacci\u00f3n QP\" \/>\n\t<meta name=\"twitter:label2\" content=\"Tiempo de lectura\" \/>\n\t<meta name=\"twitter:data2\" content=\"3 minutos\" \/>\n<script type=\"application\/ld+json\" class=\"yoast-schema-graph\">{\"@context\":\"https:\\\/\\\/schema.org\",\"@graph\":[{\"@type\":\"Article\",\"@id\":\"https:\\\/\\\/quehacerpolitico.mx\\\/?p=88996#article\",\"isPartOf\":{\"@id\":\"https:\\\/\\\/quehacerpolitico.mx\\\/?p=88996\"},\"author\":{\"name\":\"Redacci\u00f3n QP\",\"@id\":\"https:\\\/\\\/quehacerpolitico.mx\\\/#\\\/schema\\\/person\\\/496d8ad2d1d3f8036101dca7ee39e585\"},\"headline\":\"Marcha en CDMX: Protestan tras asesinato de mujeres en Ciudad Ju\u00e1rez\",\"datePublished\":\"2022-01-26T05:44:24+00:00\",\"dateModified\":\"2022-01-26T05:44:27+00:00\",\"mainEntityOfPage\":{\"@id\":\"https:\\\/\\\/quehacerpolitico.mx\\\/?p=88996\"},\"wordCount\":553,\"commentCount\":0,\"image\":{\"@id\":\"https:\\\/\\\/quehacerpolitico.mx\\\/?p=88996#primaryimage\"},\"thumbnailUrl\":\"https:\\\/\\\/quehacerpolitico.mx\\\/wp-content\\\/uploads\\\/2022\\\/01\\\/59A19A8A-A5EB-48D5-AF9A-405B2F8562FE.jpeg\",\"articleSection\":[\"CDMX\"],\"inLanguage\":\"es\",\"potentialAction\":[{\"@type\":\"CommentAction\",\"name\":\"Comment\",\"target\":[\"https:\\\/\\\/quehacerpolitico.mx\\\/?p=88996#respond\"]}]},{\"@type\":\"WebPage\",\"@id\":\"https:\\\/\\\/quehacerpolitico.mx\\\/?p=88996\",\"url\":\"https:\\\/\\\/quehacerpolitico.mx\\\/?p=88996\",\"name\":\"Marcha en CDMX: Protestan tras asesinato de mujeres en Ciudad Ju\u00e1rez -\",\"isPartOf\":{\"@id\":\"https:\\\/\\\/quehacerpolitico.mx\\\/#website\"},\"primaryImageOfPage\":{\"@id\":\"https:\\\/\\\/quehacerpolitico.mx\\\/?p=88996#primaryimage\"},\"image\":{\"@id\":\"https:\\\/\\\/quehacerpolitico.mx\\\/?p=88996#primaryimage\"},\"thumbnailUrl\":\"https:\\\/\\\/quehacerpolitico.mx\\\/wp-content\\\/uploads\\\/2022\\\/01\\\/59A19A8A-A5EB-48D5-AF9A-405B2F8562FE.jpeg\",\"datePublished\":\"2022-01-26T05:44:24+00:00\",\"dateModified\":\"2022-01-26T05:44:27+00:00\",\"author\":{\"@id\":\"https:\\\/\\\/quehacerpolitico.mx\\\/#\\\/schema\\\/person\\\/496d8ad2d1d3f8036101dca7ee39e585\"},\"breadcrumb\":{\"@id\":\"https:\\\/\\\/quehacerpolitico.mx\\\/?p=88996#breadcrumb\"},\"inLanguage\":\"es\",\"potentialAction\":[{\"@type\":\"ReadAction\",\"target\":[\"https:\\\/\\\/quehacerpolitico.mx\\\/?p=88996\"]}]},{\"@type\":\"ImageObject\",\"inLanguage\":\"es\",\"@id\":\"https:\\\/\\\/quehacerpolitico.mx\\\/?p=88996#primaryimage\",\"url\":\"https:\\\/\\\/quehacerpolitico.mx\\\/wp-content\\\/uploads\\\/2022\\\/01\\\/59A19A8A-A5EB-48D5-AF9A-405B2F8562FE.jpeg\",\"contentUrl\":\"https:\\\/\\\/quehacerpolitico.mx\\\/wp-content\\\/uploads\\\/2022\\\/01\\\/59A19A8A-A5EB-48D5-AF9A-405B2F8562FE.jpeg\",\"width\":1536,\"height\":2048},{\"@type\":\"BreadcrumbList\",\"@id\":\"https:\\\/\\\/quehacerpolitico.mx\\\/?p=88996#breadcrumb\",\"itemListElement\":[{\"@type\":\"ListItem\",\"position\":1,\"name\":\"Inicio\",\"item\":\"https:\\\/\\\/quehacerpolitico.mx\\\/\"},{\"@type\":\"ListItem\",\"position\":2,\"name\":\"Marcha en CDMX: Protestan tras asesinato de mujeres en Ciudad Ju\u00e1rez\"}]},{\"@type\":\"WebSite\",\"@id\":\"https:\\\/\\\/quehacerpolitico.mx\\\/#website\",\"url\":\"https:\\\/\\\/quehacerpolitico.mx\\\/\",\"name\":\"\",\"description\":\"\",\"potentialAction\":[{\"@type\":\"SearchAction\",\"target\":{\"@type\":\"EntryPoint\",\"urlTemplate\":\"https:\\\/\\\/quehacerpolitico.mx\\\/?s={search_term_string}\"},\"query-input\":{\"@type\":\"PropertyValueSpecification\",\"valueRequired\":true,\"valueName\":\"search_term_string\"}}],\"inLanguage\":\"es\"},{\"@type\":\"Person\",\"@id\":\"https:\\\/\\\/quehacerpolitico.mx\\\/#\\\/schema\\\/person\\\/496d8ad2d1d3f8036101dca7ee39e585\",\"name\":\"Redacci\u00f3n QP\",\"image\":{\"@type\":\"ImageObject\",\"inLanguage\":\"es\",\"@id\":\"https:\\\/\\\/secure.gravatar.com\\\/avatar\\\/c7164ed6fdec453195284ad24a5ae5b6e1eed2b848477fa2a4787ba9adf39a41?s=96&d=mm&r=g\",\"url\":\"https:\\\/\\\/secure.gravatar.com\\\/avatar\\\/c7164ed6fdec453195284ad24a5ae5b6e1eed2b848477fa2a4787ba9adf39a41?s=96&d=mm&r=g\",\"contentUrl\":\"https:\\\/\\\/secure.gravatar.com\\\/avatar\\\/c7164ed6fdec453195284ad24a5ae5b6e1eed2b848477fa2a4787ba9adf39a41?s=96&d=mm&r=g\",\"caption\":\"Redacci\u00f3n QP\"},\"url\":\"https:\\\/\\\/quehacerpolitico.mx\\\/?author=2\"}]}<\/script>\n<!-- \/ Yoast SEO plugin. -->","yoast_head_json":{"title":"Marcha en CDMX: Protestan tras asesinato de mujeres en Ciudad Ju\u00e1rez -","robots":{"index":"index","follow":"follow","max-snippet":"max-snippet:-1","max-image-preview":"max-image-preview:large","max-video-preview":"max-video-preview:-1"},"canonical":"https:\/\/quehacerpolitico.mx\/?p=88996","og_locale":"es_MX","og_type":"article","og_title":"Marcha en CDMX: Protestan tras asesinato de mujeres en Ciudad Ju\u00e1rez -","og_description":"Por Redacci\u00f3n QP El 16 de enero los cuerpos desmembrados de dos mujeres fueron hallados...","og_url":"https:\/\/quehacerpolitico.mx\/?p=88996","article_published_time":"2022-01-26T05:44:24+00:00","article_modified_time":"2022-01-26T05:44:27+00:00","og_image":[{"width":1536,"height":2048,"url":"https:\/\/quehacerpolitico.mx\/wp-content\/uploads\/2022\/01\/59A19A8A-A5EB-48D5-AF9A-405B2F8562FE.jpeg","type":"image\/jpeg"}],"author":"Redacci\u00f3n QP","twitter_card":"summary_large_image","twitter_misc":{"Escrito por":"Redacci\u00f3n QP","Tiempo de lectura":"3 minutos"},"schema":{"@context":"https:\/\/schema.org","@graph":[{"@type":"Article","@id":"https:\/\/quehacerpolitico.mx\/?p=88996#article","isPartOf":{"@id":"https:\/\/quehacerpolitico.mx\/?p=88996"},"author":{"name":"Redacci\u00f3n QP","@id":"https:\/\/quehacerpolitico.mx\/#\/schema\/person\/496d8ad2d1d3f8036101dca7ee39e585"},"headline":"Marcha en CDMX: Protestan tras asesinato de mujeres en Ciudad Ju\u00e1rez","datePublished":"2022-01-26T05:44:24+00:00","dateModified":"2022-01-26T05:44:27+00:00","mainEntityOfPage":{"@id":"https:\/\/quehacerpolitico.mx\/?p=88996"},"wordCount":553,"commentCount":0,"image":{"@id":"https:\/\/quehacerpolitico.mx\/?p=88996#primaryimage"},"thumbnailUrl":"https:\/\/quehacerpolitico.mx\/wp-content\/uploads\/2022\/01\/59A19A8A-A5EB-48D5-AF9A-405B2F8562FE.jpeg","articleSection":["CDMX"],"inLanguage":"es","potentialAction":[{"@type":"CommentAction","name":"Comment","target":["https:\/\/quehacerpolitico.mx\/?p=88996#respond"]}]},{"@type":"WebPage","@id":"https:\/\/quehacerpolitico.mx\/?p=88996","url":"https:\/\/quehacerpolitico.mx\/?p=88996","name":"Marcha en CDMX: Protestan tras asesinato de mujeres en Ciudad Ju\u00e1rez -","isPartOf":{"@id":"https:\/\/quehacerpolitico.mx\/#website"},"primaryImageOfPage":{"@id":"https:\/\/quehacerpolitico.mx\/?p=88996#primaryimage"},"image":{"@id":"https:\/\/quehacerpolitico.mx\/?p=88996#primaryimage"},"thumbnailUrl":"https:\/\/quehacerpolitico.mx\/wp-content\/uploads\/2022\/01\/59A19A8A-A5EB-48D5-AF9A-405B2F8562FE.jpeg","datePublished":"2022-01-26T05:44:24+00:00","dateModified":"2022-01-26T05:44:27+00:00","author":{"@id":"https:\/\/quehacerpolitico.mx\/#\/schema\/person\/496d8ad2d1d3f8036101dca7ee39e585"},"breadcrumb":{"@id":"https:\/\/quehacerpolitico.mx\/?p=88996#breadcrumb"},"inLanguage":"es","potentialAction":[{"@type":"ReadAction","target":["https:\/\/quehacerpolitico.mx\/?p=88996"]}]},{"@type":"ImageObject","inLanguage":"es","@id":"https:\/\/quehacerpolitico.mx\/?p=88996#primaryimage","url":"https:\/\/quehacerpolitico.mx\/wp-content\/uploads\/2022\/01\/59A19A8A-A5EB-48D5-AF9A-405B2F8562FE.jpeg","contentUrl":"https:\/\/quehacerpolitico.mx\/wp-content\/uploads\/2022\/01\/59A19A8A-A5EB-48D5-AF9A-405B2F8562FE.jpeg","width":1536,"height":2048},{"@type":"BreadcrumbList","@id":"https:\/\/quehacerpolitico.mx\/?p=88996#breadcrumb","itemListElement":[{"@type":"ListItem","position":1,"name":"Inicio","item":"https:\/\/quehacerpolitico.mx\/"},{"@type":"ListItem","position":2,"name":"Marcha en CDMX: Protestan tras asesinato de mujeres en Ciudad Ju\u00e1rez"}]},{"@type":"WebSite","@id":"https:\/\/quehacerpolitico.mx\/#website","url":"https:\/\/quehacerpolitico.mx\/","name":"","description":"","potentialAction":[{"@type":"SearchAction","target":{"@type":"EntryPoint","urlTemplate":"https:\/\/quehacerpolitico.mx\/?s={search_term_string}"},"query-input":{"@type":"PropertyValueSpecification","valueRequired":true,"valueName":"search_term_string"}}],"inLanguage":"es"},{"@type":"Person","@id":"https:\/\/quehacerpolitico.mx\/#\/schema\/person\/496d8ad2d1d3f8036101dca7ee39e585","name":"Redacci\u00f3n QP","image":{"@type":"ImageObject","inLanguage":"es","@id":"https:\/\/secure.gravatar.com\/avatar\/c7164ed6fdec453195284ad24a5ae5b6e1eed2b848477fa2a4787ba9adf39a41?s=96&d=mm&r=g","url":"https:\/\/secure.gravatar.com\/avatar\/c7164ed6fdec453195284ad24a5ae5b6e1eed2b848477fa2a4787ba9adf39a41?s=96&d=mm&r=g","contentUrl":"https:\/\/secure.gravatar.com\/avatar\/c7164ed6fdec453195284ad24a5ae5b6e1eed2b848477fa2a4787ba9adf39a41?s=96&d=mm&r=g","caption":"Redacci\u00f3n QP"},"url":"https:\/\/quehacerpolitico.mx\/?author=2"}]}},"featured_image_urls":{"full":["https:\/\/quehacerpolitico.mx\/wp-content\/uploads\/2022\/01\/59A19A8A-A5EB-48D5-AF9A-405B2F8562FE.jpeg",1536,2048,false],"thumbnail":["https:\/\/quehacerpolitico.mx\/wp-content\/uploads\/2022\/01\/59A19A8A-A5EB-48D5-AF9A-405B2F8562FE-150x150.jpeg",150,150,true],"medium":["https:\/\/quehacerpolitico.mx\/wp-content\/uploads\/2022\/01\/59A19A8A-A5EB-48D5-AF9A-405B2F8562FE-225x300.jpeg",225,300,true],"medium_large":["https:\/\/quehacerpolitico.mx\/wp-content\/uploads\/2022\/01\/59A19A8A-A5EB-48D5-AF9A-405B2F8562FE-768x1024.jpeg",640,853,true],"large":["https:\/\/quehacerpolitico.mx\/wp-content\/uploads\/2022\/01\/59A19A8A-A5EB-48D5-AF9A-405B2F8562FE-768x1024.jpeg",640,853,true],"1536x1536":["https:\/\/quehacerpolitico.mx\/wp-content\/uploads\/2022\/01\/59A19A8A-A5EB-48D5-AF9A-405B2F8562FE-1152x1536.jpeg",1152,1536,true],"2048x2048":["https:\/\/quehacerpolitico.mx\/wp-content\/uploads\/2022\/01\/59A19A8A-A5EB-48D5-AF9A-405B2F8562FE.jpeg",1536,2048,false],"covernews-featured":["https:\/\/quehacerpolitico.mx\/wp-content\/uploads\/2022\/01\/59A19A8A-A5EB-48D5-AF9A-405B2F8562FE.jpeg",1024,1365,false],"covernews-medium":["https:\/\/quehacerpolitico.mx\/wp-content\/uploads\/2022\/01\/59A19A8A-A5EB-48D5-AF9A-405B2F8562FE.jpeg",255,340,false]},"author_info":{"display_name":"Redacci\u00f3n QP","author_link":"https:\/\/quehacerpolitico.mx\/?author=2"},"category_info":"<a href=\"https:\/\/quehacerpolitico.mx\/?cat=55\" rel=\"category\">CDMX<\/a>","tag_info":"CDMX","comment_count":"0","_links":{"self":[{"href":"https:\/\/quehacerpolitico.mx\/index.php?rest_route=\/wp\/v2\/posts\/88996","targetHints":{"allow":["GET"]}}],"collection":[{"href":"https:\/\/quehacerpolitico.mx\/index.php?rest_route=\/wp\/v2\/posts"}],"about":[{"href":"https:\/\/quehacerpolitico.mx\/index.php?rest_route=\/wp\/v2\/types\/post"}],"author":[{"embeddable":true,"href":"https:\/\/quehacerpolitico.mx\/index.php?rest_route=\/wp\/v2\/users\/2"}],"replies":[{"embeddable":true,"href":"https:\/\/quehacerpolitico.mx\/index.php?rest_route=%2Fwp%2Fv2%2Fcomments&post=88996"}],"version-history":[{"count":1,"href":"https:\/\/quehacerpolitico.mx\/index.php?rest_route=\/wp\/v2\/posts\/88996\/revisions"}],"predecessor-version":[{"id":88998,"href":"https:\/\/quehacerpolitico.mx\/index.php?rest_route=\/wp\/v2\/posts\/88996\/revisions\/88998"}],"wp:featuredmedia":[{"embeddable":true,"href":"https:\/\/quehacerpolitico.mx\/index.php?rest_route=\/wp\/v2\/media\/88997"}],"wp:attachment":[{"href":"https:\/\/quehacerpolitico.mx\/index.php?rest_route=%2Fwp%2Fv2%2Fmedia&parent=88996"}],"wp:term":[{"taxonomy":"category","embeddable":true,"href":"https:\/\/quehacerpolitico.mx\/index.php?rest_route=%2Fwp%2Fv2%2Fcategories&post=88996"},{"taxonomy":"post_tag","embeddable":true,"href":"https:\/\/quehacerpolitico.mx\/index.php?rest_route=%2Fwp%2Fv2%2Ftags&post=88996"}],"curies":[{"name":"wp","href":"https:\/\/api.w.org\/{rel}","templated":true}]}}