{"id":88993,"date":"2022-01-26T05:28:07","date_gmt":"2022-01-26T05:28:07","guid":{"rendered":"https:\/\/quehacerpolitico.mx\/?p=88993"},"modified":"2022-01-26T05:28:10","modified_gmt":"2022-01-26T05:28:10","slug":"despiden-al-administrador-del-panteon-de-iztapalapa-tras-escandalo%ef%bf%bc","status":"publish","type":"post","link":"https:\/\/quehacerpolitico.mx\/?p=88993","title":{"rendered":"Despiden al administrador del pante\u00f3n de Iztapalapa tras esc\u00e1ndalo\ufffc"},"content":{"rendered":"\n<p>Por Redacci\u00f3n QP<\/p>\n\n\n\n<p>Informan que todos los trabajadores del cementerio rendir\u00e1n declaraci\u00f3n ante la Fiscal\u00eda capitalina para que se aclaren los hechos<\/p>\n\n\n\n<p>La alcaldesa de Iztapalapa, Clara Brugada, inform\u00f3 que el administrador del pante\u00f3n San Nicol\u00e1s Tolentino, de donde fue exhumado el cad\u00e1ver del beb\u00e9 Tadeo,\u00a0<strong>fue separado del cargo y todos los trabajadores del cementerio rendir\u00e1n declaraci\u00f3n ante la Fiscal\u00eda capitalina para que se aclaren los hechos.<\/strong><\/p>\n\n\n\n<figure class=\"wp-block-embed is-type-video is-provider-youtube wp-block-embed-youtube wp-embed-aspect-16-9 wp-has-aspect-ratio\"><div class=\"wp-block-embed__wrapper\">\n<iframe loading=\"lazy\" title=\"Separan del cargo a administrador de pante\u00f3n en Iztapalapa por caso del beb\u00e9 hallado en penal\" width=\"640\" height=\"360\" src=\"https:\/\/www.youtube.com\/embed\/eB5GOXU8zXM?feature=oembed\" frameborder=\"0\" allow=\"accelerometer; autoplay; clipboard-write; encrypted-media; gyroscope; picture-in-picture; web-share\" referrerpolicy=\"strict-origin-when-cross-origin\" allowfullscreen><\/iframe>\n<\/div><\/figure>\n\n\n\n<p>En este camposanto, hay 148 trabajadores de base cuyas funciones son labores de inhumaci\u00f3n y abrir fosas, as\u00ed como 300 auxiliares, que son personas que laboran en el pante\u00f3n, pero no tienen una relaci\u00f3n laboral con la alcald\u00eda. &#8220;Todos est\u00e1n a disposici\u00f3n de la Fiscal\u00eda de la Ciudad de M\u00e9xico&#8221;.<\/p>\n\n\n\n<p>De igual forma, Brugada anticip\u00f3 que<strong>\u00a0se va a iniciar un proceso muy importante de vigilancia en el pante\u00f3n y se va a reestructurar todo el sistema de panteones en\u00a0Iztapalapa<\/strong>. Se va a mejorar la seguridad, con vigilancia remota, drones y c\u00e1maras de vigilancia. Se har\u00e1 uso de la tecnolog\u00eda para mejorar la seguridad y se adquirir\u00e1n m\u00e1s patrullas para vigilar el per\u00edmetro.<\/p>\n\n\n\n<p>&#8220;Tambi\u00e9n se emprender\u00e1n acciones para modernizar el pante\u00f3n, que es el segundo m\u00e1s grande de la ciudad, con un mill\u00f3n 100 mil metros cuadrados de extensi\u00f3n, y transformarlo en digno y seguro. Por ello, se destinar\u00e1 un equipo de la alcald\u00eda dedicado especialmente al tema de las bardas perimetrales&#8221;, expuso en un comunicado.<\/p>\n\n\n\n<p>De acuerdo con las investigaciones que haga la Fiscal\u00eda,\u00a0<strong>se actuar\u00e1 penalmente contra cualquier trabajador que est\u00e9 involucrado en el hecho<\/strong>. &#8220;Somos los primeros interesados en saber qu\u00e9 pas\u00f3. Si hay algo detr\u00e1s de este hecho, se tiene que encontrar. Eso es tarea de la Fiscal\u00eda. Tenemos que dar toda la informaci\u00f3n que nos pidan para atender este y cualquier otro caso&#8221;.<\/p>\n\n\n\n<p>Asimismo, la alcald\u00eda trabaja junto con la jefa de gobierno de la Ciudad de M\u00e9xico, Claudia Sheinbaum, en la revisi\u00f3n y actualizaci\u00f3n del reglamento de panteones, para modernizar este instrumento jur\u00eddico y las herramientas de la autoridad a fin de combatir pr\u00e1cticas ilegales o actividades irregulares.<\/p>\n\n\n\n<p>Con informaci\u00f3n de SUN<\/p>\n","protected":false},"excerpt":{"rendered":"<p>Por Redacci\u00f3n QP Informan que todos los trabajadores del cementerio rendir\u00e1n declaraci\u00f3n ante la Fiscal\u00eda&#8230;<\/p>\n","protected":false},"author":2,"featured_media":88994,"comment_status":"open","ping_status":"open","sticky":false,"template":"","format":"standard","meta":{"_monsterinsights_skip_tracking":false,"_monsterinsights_sitenote_active":false,"_monsterinsights_sitenote_note":"","_monsterinsights_sitenote_category":0,"footnotes":""},"categories":[55],"tags":[],"class_list":["post-88993","post","type-post","status-publish","format-standard","has-post-thumbnail","hentry","category-cdmx"],"yoast_head":"<!-- This site is optimized with the Yoast SEO plugin v27.3 - https:\/\/yoast.com\/product\/yoast-seo-wordpress\/ -->\n<title>Despiden al administrador del pante\u00f3n de Iztapalapa tras esc\u00e1ndalo\ufffc -<\/title>\n<meta name=\"robots\" content=\"index, follow, max-snippet:-1, max-image-preview:large, max-video-preview:-1\" \/>\n<link rel=\"canonical\" href=\"https:\/\/quehacerpolitico.mx\/?p=88993\" \/>\n<meta property=\"og:locale\" content=\"es_MX\" \/>\n<meta property=\"og:type\" content=\"article\" \/>\n<meta property=\"og:title\" content=\"Despiden al administrador del pante\u00f3n de Iztapalapa tras esc\u00e1ndalo\ufffc -\" \/>\n<meta property=\"og:description\" content=\"Por Redacci\u00f3n QP Informan que todos los trabajadores del cementerio rendir\u00e1n declaraci\u00f3n ante la Fiscal\u00eda...\" \/>\n<meta property=\"og:url\" content=\"https:\/\/quehacerpolitico.mx\/?p=88993\" \/>\n<meta property=\"article:published_time\" content=\"2022-01-26T05:28:07+00:00\" \/>\n<meta property=\"article:modified_time\" content=\"2022-01-26T05:28:10+00:00\" \/>\n<meta property=\"og:image\" content=\"https:\/\/quehacerpolitico.mx\/wp-content\/uploads\/2022\/01\/CA246AB9-4C43-4437-91DD-DC75E49A5343.jpeg\" \/>\n\t<meta property=\"og:image:width\" content=\"771\" \/>\n\t<meta property=\"og:image:height\" content=\"398\" \/>\n\t<meta property=\"og:image:type\" content=\"image\/jpeg\" \/>\n<meta name=\"author\" content=\"Redacci\u00f3n QP\" \/>\n<meta name=\"twitter:card\" content=\"summary_large_image\" \/>\n<meta name=\"twitter:label1\" content=\"Escrito por\" \/>\n\t<meta name=\"twitter:data1\" content=\"Redacci\u00f3n QP\" \/>\n\t<meta name=\"twitter:label2\" content=\"Tiempo de lectura\" \/>\n\t<meta name=\"twitter:data2\" content=\"2 minutos\" \/>\n<script type=\"application\/ld+json\" class=\"yoast-schema-graph\">{\"@context\":\"https:\\\/\\\/schema.org\",\"@graph\":[{\"@type\":\"Article\",\"@id\":\"https:\\\/\\\/quehacerpolitico.mx\\\/?p=88993#article\",\"isPartOf\":{\"@id\":\"https:\\\/\\\/quehacerpolitico.mx\\\/?p=88993\"},\"author\":{\"name\":\"Redacci\u00f3n QP\",\"@id\":\"https:\\\/\\\/quehacerpolitico.mx\\\/#\\\/schema\\\/person\\\/496d8ad2d1d3f8036101dca7ee39e585\"},\"headline\":\"Despiden al administrador del pante\u00f3n de Iztapalapa tras esc\u00e1ndalo\ufffc\",\"datePublished\":\"2022-01-26T05:28:07+00:00\",\"dateModified\":\"2022-01-26T05:28:10+00:00\",\"mainEntityOfPage\":{\"@id\":\"https:\\\/\\\/quehacerpolitico.mx\\\/?p=88993\"},\"wordCount\":403,\"commentCount\":0,\"image\":{\"@id\":\"https:\\\/\\\/quehacerpolitico.mx\\\/?p=88993#primaryimage\"},\"thumbnailUrl\":\"https:\\\/\\\/quehacerpolitico.mx\\\/wp-content\\\/uploads\\\/2022\\\/01\\\/CA246AB9-4C43-4437-91DD-DC75E49A5343.jpeg\",\"articleSection\":[\"CDMX\"],\"inLanguage\":\"es\",\"potentialAction\":[{\"@type\":\"CommentAction\",\"name\":\"Comment\",\"target\":[\"https:\\\/\\\/quehacerpolitico.mx\\\/?p=88993#respond\"]}]},{\"@type\":\"WebPage\",\"@id\":\"https:\\\/\\\/quehacerpolitico.mx\\\/?p=88993\",\"url\":\"https:\\\/\\\/quehacerpolitico.mx\\\/?p=88993\",\"name\":\"Despiden al administrador del pante\u00f3n de Iztapalapa tras esc\u00e1ndalo\ufffc -\",\"isPartOf\":{\"@id\":\"https:\\\/\\\/quehacerpolitico.mx\\\/#website\"},\"primaryImageOfPage\":{\"@id\":\"https:\\\/\\\/quehacerpolitico.mx\\\/?p=88993#primaryimage\"},\"image\":{\"@id\":\"https:\\\/\\\/quehacerpolitico.mx\\\/?p=88993#primaryimage\"},\"thumbnailUrl\":\"https:\\\/\\\/quehacerpolitico.mx\\\/wp-content\\\/uploads\\\/2022\\\/01\\\/CA246AB9-4C43-4437-91DD-DC75E49A5343.jpeg\",\"datePublished\":\"2022-01-26T05:28:07+00:00\",\"dateModified\":\"2022-01-26T05:28:10+00:00\",\"author\":{\"@id\":\"https:\\\/\\\/quehacerpolitico.mx\\\/#\\\/schema\\\/person\\\/496d8ad2d1d3f8036101dca7ee39e585\"},\"breadcrumb\":{\"@id\":\"https:\\\/\\\/quehacerpolitico.mx\\\/?p=88993#breadcrumb\"},\"inLanguage\":\"es\",\"potentialAction\":[{\"@type\":\"ReadAction\",\"target\":[\"https:\\\/\\\/quehacerpolitico.mx\\\/?p=88993\"]}]},{\"@type\":\"ImageObject\",\"inLanguage\":\"es\",\"@id\":\"https:\\\/\\\/quehacerpolitico.mx\\\/?p=88993#primaryimage\",\"url\":\"https:\\\/\\\/quehacerpolitico.mx\\\/wp-content\\\/uploads\\\/2022\\\/01\\\/CA246AB9-4C43-4437-91DD-DC75E49A5343.jpeg\",\"contentUrl\":\"https:\\\/\\\/quehacerpolitico.mx\\\/wp-content\\\/uploads\\\/2022\\\/01\\\/CA246AB9-4C43-4437-91DD-DC75E49A5343.jpeg\",\"width\":771,\"height\":398},{\"@type\":\"BreadcrumbList\",\"@id\":\"https:\\\/\\\/quehacerpolitico.mx\\\/?p=88993#breadcrumb\",\"itemListElement\":[{\"@type\":\"ListItem\",\"position\":1,\"name\":\"Inicio\",\"item\":\"https:\\\/\\\/quehacerpolitico.mx\\\/\"},{\"@type\":\"ListItem\",\"position\":2,\"name\":\"Despiden al administrador del pante\u00f3n de Iztapalapa tras esc\u00e1ndalo\ufffc\"}]},{\"@type\":\"WebSite\",\"@id\":\"https:\\\/\\\/quehacerpolitico.mx\\\/#website\",\"url\":\"https:\\\/\\\/quehacerpolitico.mx\\\/\",\"name\":\"\",\"description\":\"\",\"potentialAction\":[{\"@type\":\"SearchAction\",\"target\":{\"@type\":\"EntryPoint\",\"urlTemplate\":\"https:\\\/\\\/quehacerpolitico.mx\\\/?s={search_term_string}\"},\"query-input\":{\"@type\":\"PropertyValueSpecification\",\"valueRequired\":true,\"valueName\":\"search_term_string\"}}],\"inLanguage\":\"es\"},{\"@type\":\"Person\",\"@id\":\"https:\\\/\\\/quehacerpolitico.mx\\\/#\\\/schema\\\/person\\\/496d8ad2d1d3f8036101dca7ee39e585\",\"name\":\"Redacci\u00f3n QP\",\"image\":{\"@type\":\"ImageObject\",\"inLanguage\":\"es\",\"@id\":\"https:\\\/\\\/secure.gravatar.com\\\/avatar\\\/c7164ed6fdec453195284ad24a5ae5b6e1eed2b848477fa2a4787ba9adf39a41?s=96&d=mm&r=g\",\"url\":\"https:\\\/\\\/secure.gravatar.com\\\/avatar\\\/c7164ed6fdec453195284ad24a5ae5b6e1eed2b848477fa2a4787ba9adf39a41?s=96&d=mm&r=g\",\"contentUrl\":\"https:\\\/\\\/secure.gravatar.com\\\/avatar\\\/c7164ed6fdec453195284ad24a5ae5b6e1eed2b848477fa2a4787ba9adf39a41?s=96&d=mm&r=g\",\"caption\":\"Redacci\u00f3n QP\"},\"url\":\"https:\\\/\\\/quehacerpolitico.mx\\\/?author=2\"}]}<\/script>\n<!-- \/ Yoast SEO plugin. -->","yoast_head_json":{"title":"Despiden al administrador del pante\u00f3n de Iztapalapa tras esc\u00e1ndalo\ufffc -","robots":{"index":"index","follow":"follow","max-snippet":"max-snippet:-1","max-image-preview":"max-image-preview:large","max-video-preview":"max-video-preview:-1"},"canonical":"https:\/\/quehacerpolitico.mx\/?p=88993","og_locale":"es_MX","og_type":"article","og_title":"Despiden al administrador del pante\u00f3n de Iztapalapa tras esc\u00e1ndalo\ufffc -","og_description":"Por Redacci\u00f3n QP Informan que todos los trabajadores del cementerio rendir\u00e1n declaraci\u00f3n ante la Fiscal\u00eda...","og_url":"https:\/\/quehacerpolitico.mx\/?p=88993","article_published_time":"2022-01-26T05:28:07+00:00","article_modified_time":"2022-01-26T05:28:10+00:00","og_image":[{"width":771,"height":398,"url":"https:\/\/quehacerpolitico.mx\/wp-content\/uploads\/2022\/01\/CA246AB9-4C43-4437-91DD-DC75E49A5343.jpeg","type":"image\/jpeg"}],"author":"Redacci\u00f3n QP","twitter_card":"summary_large_image","twitter_misc":{"Escrito por":"Redacci\u00f3n QP","Tiempo de lectura":"2 minutos"},"schema":{"@context":"https:\/\/schema.org","@graph":[{"@type":"Article","@id":"https:\/\/quehacerpolitico.mx\/?p=88993#article","isPartOf":{"@id":"https:\/\/quehacerpolitico.mx\/?p=88993"},"author":{"name":"Redacci\u00f3n QP","@id":"https:\/\/quehacerpolitico.mx\/#\/schema\/person\/496d8ad2d1d3f8036101dca7ee39e585"},"headline":"Despiden al administrador del pante\u00f3n de Iztapalapa tras esc\u00e1ndalo\ufffc","datePublished":"2022-01-26T05:28:07+00:00","dateModified":"2022-01-26T05:28:10+00:00","mainEntityOfPage":{"@id":"https:\/\/quehacerpolitico.mx\/?p=88993"},"wordCount":403,"commentCount":0,"image":{"@id":"https:\/\/quehacerpolitico.mx\/?p=88993#primaryimage"},"thumbnailUrl":"https:\/\/quehacerpolitico.mx\/wp-content\/uploads\/2022\/01\/CA246AB9-4C43-4437-91DD-DC75E49A5343.jpeg","articleSection":["CDMX"],"inLanguage":"es","potentialAction":[{"@type":"CommentAction","name":"Comment","target":["https:\/\/quehacerpolitico.mx\/?p=88993#respond"]}]},{"@type":"WebPage","@id":"https:\/\/quehacerpolitico.mx\/?p=88993","url":"https:\/\/quehacerpolitico.mx\/?p=88993","name":"Despiden al administrador del pante\u00f3n de Iztapalapa tras esc\u00e1ndalo\ufffc -","isPartOf":{"@id":"https:\/\/quehacerpolitico.mx\/#website"},"primaryImageOfPage":{"@id":"https:\/\/quehacerpolitico.mx\/?p=88993#primaryimage"},"image":{"@id":"https:\/\/quehacerpolitico.mx\/?p=88993#primaryimage"},"thumbnailUrl":"https:\/\/quehacerpolitico.mx\/wp-content\/uploads\/2022\/01\/CA246AB9-4C43-4437-91DD-DC75E49A5343.jpeg","datePublished":"2022-01-26T05:28:07+00:00","dateModified":"2022-01-26T05:28:10+00:00","author":{"@id":"https:\/\/quehacerpolitico.mx\/#\/schema\/person\/496d8ad2d1d3f8036101dca7ee39e585"},"breadcrumb":{"@id":"https:\/\/quehacerpolitico.mx\/?p=88993#breadcrumb"},"inLanguage":"es","potentialAction":[{"@type":"ReadAction","target":["https:\/\/quehacerpolitico.mx\/?p=88993"]}]},{"@type":"ImageObject","inLanguage":"es","@id":"https:\/\/quehacerpolitico.mx\/?p=88993#primaryimage","url":"https:\/\/quehacerpolitico.mx\/wp-content\/uploads\/2022\/01\/CA246AB9-4C43-4437-91DD-DC75E49A5343.jpeg","contentUrl":"https:\/\/quehacerpolitico.mx\/wp-content\/uploads\/2022\/01\/CA246AB9-4C43-4437-91DD-DC75E49A5343.jpeg","width":771,"height":398},{"@type":"BreadcrumbList","@id":"https:\/\/quehacerpolitico.mx\/?p=88993#breadcrumb","itemListElement":[{"@type":"ListItem","position":1,"name":"Inicio","item":"https:\/\/quehacerpolitico.mx\/"},{"@type":"ListItem","position":2,"name":"Despiden al administrador del pante\u00f3n de Iztapalapa tras esc\u00e1ndalo\ufffc"}]},{"@type":"WebSite","@id":"https:\/\/quehacerpolitico.mx\/#website","url":"https:\/\/quehacerpolitico.mx\/","name":"","description":"","potentialAction":[{"@type":"SearchAction","target":{"@type":"EntryPoint","urlTemplate":"https:\/\/quehacerpolitico.mx\/?s={search_term_string}"},"query-input":{"@type":"PropertyValueSpecification","valueRequired":true,"valueName":"search_term_string"}}],"inLanguage":"es"},{"@type":"Person","@id":"https:\/\/quehacerpolitico.mx\/#\/schema\/person\/496d8ad2d1d3f8036101dca7ee39e585","name":"Redacci\u00f3n QP","image":{"@type":"ImageObject","inLanguage":"es","@id":"https:\/\/secure.gravatar.com\/avatar\/c7164ed6fdec453195284ad24a5ae5b6e1eed2b848477fa2a4787ba9adf39a41?s=96&d=mm&r=g","url":"https:\/\/secure.gravatar.com\/avatar\/c7164ed6fdec453195284ad24a5ae5b6e1eed2b848477fa2a4787ba9adf39a41?s=96&d=mm&r=g","contentUrl":"https:\/\/secure.gravatar.com\/avatar\/c7164ed6fdec453195284ad24a5ae5b6e1eed2b848477fa2a4787ba9adf39a41?s=96&d=mm&r=g","caption":"Redacci\u00f3n QP"},"url":"https:\/\/quehacerpolitico.mx\/?author=2"}]}},"featured_image_urls":{"full":["https:\/\/quehacerpolitico.mx\/wp-content\/uploads\/2022\/01\/CA246AB9-4C43-4437-91DD-DC75E49A5343.jpeg",771,398,false],"thumbnail":["https:\/\/quehacerpolitico.mx\/wp-content\/uploads\/2022\/01\/CA246AB9-4C43-4437-91DD-DC75E49A5343-150x150.jpeg",150,150,true],"medium":["https:\/\/quehacerpolitico.mx\/wp-content\/uploads\/2022\/01\/CA246AB9-4C43-4437-91DD-DC75E49A5343-300x155.jpeg",300,155,true],"medium_large":["https:\/\/quehacerpolitico.mx\/wp-content\/uploads\/2022\/01\/CA246AB9-4C43-4437-91DD-DC75E49A5343-768x396.jpeg",640,330,true],"large":["https:\/\/quehacerpolitico.mx\/wp-content\/uploads\/2022\/01\/CA246AB9-4C43-4437-91DD-DC75E49A5343.jpeg",640,330,false],"1536x1536":["https:\/\/quehacerpolitico.mx\/wp-content\/uploads\/2022\/01\/CA246AB9-4C43-4437-91DD-DC75E49A5343.jpeg",771,398,false],"2048x2048":["https:\/\/quehacerpolitico.mx\/wp-content\/uploads\/2022\/01\/CA246AB9-4C43-4437-91DD-DC75E49A5343.jpeg",771,398,false],"covernews-featured":["https:\/\/quehacerpolitico.mx\/wp-content\/uploads\/2022\/01\/CA246AB9-4C43-4437-91DD-DC75E49A5343.jpeg",771,398,false],"covernews-medium":["https:\/\/quehacerpolitico.mx\/wp-content\/uploads\/2022\/01\/CA246AB9-4C43-4437-91DD-DC75E49A5343.jpeg",540,279,false]},"author_info":{"display_name":"Redacci\u00f3n QP","author_link":"https:\/\/quehacerpolitico.mx\/?author=2"},"category_info":"<a href=\"https:\/\/quehacerpolitico.mx\/?cat=55\" rel=\"category\">CDMX<\/a>","tag_info":"CDMX","comment_count":"0","_links":{"self":[{"href":"https:\/\/quehacerpolitico.mx\/index.php?rest_route=\/wp\/v2\/posts\/88993","targetHints":{"allow":["GET"]}}],"collection":[{"href":"https:\/\/quehacerpolitico.mx\/index.php?rest_route=\/wp\/v2\/posts"}],"about":[{"href":"https:\/\/quehacerpolitico.mx\/index.php?rest_route=\/wp\/v2\/types\/post"}],"author":[{"embeddable":true,"href":"https:\/\/quehacerpolitico.mx\/index.php?rest_route=\/wp\/v2\/users\/2"}],"replies":[{"embeddable":true,"href":"https:\/\/quehacerpolitico.mx\/index.php?rest_route=%2Fwp%2Fv2%2Fcomments&post=88993"}],"version-history":[{"count":1,"href":"https:\/\/quehacerpolitico.mx\/index.php?rest_route=\/wp\/v2\/posts\/88993\/revisions"}],"predecessor-version":[{"id":88995,"href":"https:\/\/quehacerpolitico.mx\/index.php?rest_route=\/wp\/v2\/posts\/88993\/revisions\/88995"}],"wp:featuredmedia":[{"embeddable":true,"href":"https:\/\/quehacerpolitico.mx\/index.php?rest_route=\/wp\/v2\/media\/88994"}],"wp:attachment":[{"href":"https:\/\/quehacerpolitico.mx\/index.php?rest_route=%2Fwp%2Fv2%2Fmedia&parent=88993"}],"wp:term":[{"taxonomy":"category","embeddable":true,"href":"https:\/\/quehacerpolitico.mx\/index.php?rest_route=%2Fwp%2Fv2%2Fcategories&post=88993"},{"taxonomy":"post_tag","embeddable":true,"href":"https:\/\/quehacerpolitico.mx\/index.php?rest_route=%2Fwp%2Fv2%2Ftags&post=88993"}],"curies":[{"name":"wp","href":"https:\/\/api.w.org\/{rel}","templated":true}]}}