{"id":8899,"date":"2018-11-10T16:52:25","date_gmt":"2018-11-10T16:52:25","guid":{"rendered":"http:\/\/quehacerpolitico.mx\/queretaro-rescato-el-empate-ante-veracruz\/"},"modified":"2018-11-10T16:52:25","modified_gmt":"2018-11-10T16:52:25","slug":"queretaro-rescato-el-empate-ante-veracruz","status":"publish","type":"post","link":"https:\/\/quehacerpolitico.mx\/?p=8899","title":{"rendered":"Quer\u00e9taro rescat\u00f3 el empate ante Veracruz"},"content":{"rendered":"<h2 class=\"genTitle\">Quer\u00e9taro rescat\u00f3 el empate ante Veracruz<\/h2>\n<p>Por Redacci\u00f3n QP<\/p>\n<p>Cuando parec\u00eda que <strong>Veracruz<\/strong> daba la sorpresa, <strong>Quer\u00e9taro<\/strong> mostr\u00f3 sus cualidades y concret\u00f3 dos tantos con los que <strong>rescat\u00f3<\/strong> un punto y sigue en la pelea por entrar a la <strong>Liguilla<\/strong>, en un duelo correspondiente a la jornada 16 del <strong>Apertura 2018<\/strong>.<\/p>\n<p>Con este resultado, los futbolistas del cuadro jarocho sumaron 10 puntos. Mientras que los Gallos Blancos registran 23 unidades. En la Fecha 17, Veracruz visitar\u00e1 al Am\u00e9rica; el cuadro queretano recibir\u00e1 al Necaxa.<\/p>\n<p>El encuentro inici\u00f3 con buen ritmo, y desde el principio el cuadro escualo busc\u00f3 los goles. Tan es as\u00ed que, al minuto 19 Bryan Carrasco concret\u00f3 el primero con un tiro bombeado, tras un contragolpe y un servicio de Adri\u00e1n Luna.<\/p>\n<p>Los locales no dejaron de buscar otro tanto, y lo consiguieron, luego de un cobro de tiro de esquina, que cabece\u00f3 Ruiz. el panorama luc\u00eda alentador para un conjunto al que no se le han dado los resultados en este torneo, y que sigue en la parte baja de la competencia.<\/p>\n<p>Sin embargo, Gallos Blancos no se fue abajo con la desventaja. La respuesta al segundo tanto del partido lleg\u00f3 con un tiro de Camilo Sanvezzo, para la fortuna de la escuadra jarocha, Sebasti\u00e1n Jurado hizo una gran atajada.<\/p>\n<p>Para la segunda mitad, el entrenador Rafael Puente del R\u00edo hizo modificaciones. Edson Puch y Miguel Samudio ingresaron al terreno de juego para buscar el empate o darle la vuelta al duelo, esa era la meta.<\/p>\n<p>Para su buena fortuna, al 54\u00b4, Alexis P\u00e9rez le dio una alegr\u00eda a los suyos al acortar distancias con un remate con la cabeza. Desde ese momento, Veracruz no encontr\u00f3 el camino para ampliar su ventaja. Sufri\u00f3 por los embates del rival.<\/p>\n<p>Edson Puch fue uno de los elementos que m\u00e1s luci\u00f3 en esos instantes, con buenas jugadas y tiros, pero con mala punter\u00eda. Cuando parec\u00eda que el duelo terminar\u00eda a favor de Veracruz, en tiempo de compensaci\u00f3n (93\u2032), Hiram Mier igual\u00f3 el duelo con un remate con la cabeza.<\/p>\n","protected":false},"excerpt":{"rendered":"<p>Quer\u00e9taro rescat\u00f3 el empate ante Veracruz<br \/>\nPor Redacci\u00f3n QP<\/p>\n","protected":false},"author":2,"featured_media":8898,"comment_status":"open","ping_status":"open","sticky":false,"template":"","format":"standard","meta":{"_monsterinsights_skip_tracking":false,"_monsterinsights_sitenote_active":false,"_monsterinsights_sitenote_note":"","_monsterinsights_sitenote_category":0,"footnotes":""},"categories":[54],"tags":[],"class_list":["post-8899","post","type-post","status-publish","format-standard","has-post-thumbnail","hentry","category-deportes"],"yoast_head":"<!-- This site is optimized with the Yoast SEO plugin v27.3 - https:\/\/yoast.com\/product\/yoast-seo-wordpress\/ -->\n<title>Quer\u00e9taro rescat\u00f3 el empate ante Veracruz -<\/title>\n<meta name=\"robots\" content=\"index, follow, max-snippet:-1, max-image-preview:large, max-video-preview:-1\" \/>\n<link rel=\"canonical\" href=\"https:\/\/quehacerpolitico.mx\/?p=8899\" \/>\n<meta property=\"og:locale\" content=\"es_MX\" \/>\n<meta property=\"og:type\" content=\"article\" \/>\n<meta property=\"og:title\" content=\"Quer\u00e9taro rescat\u00f3 el empate ante Veracruz -\" \/>\n<meta property=\"og:description\" content=\"Quer\u00e9taro rescat\u00f3 el empate ante Veracruz Por Redacci\u00f3n QP\" \/>\n<meta property=\"og:url\" content=\"https:\/\/quehacerpolitico.mx\/?p=8899\" \/>\n<meta property=\"article:published_time\" content=\"2018-11-10T16:52:25+00:00\" \/>\n<meta name=\"author\" content=\"Redacci\u00f3n QP\" \/>\n<meta name=\"twitter:card\" content=\"summary_large_image\" \/>\n<meta name=\"twitter:label1\" content=\"Escrito por\" \/>\n\t<meta name=\"twitter:data1\" content=\"Redacci\u00f3n QP\" \/>\n\t<meta name=\"twitter:label2\" content=\"Tiempo de lectura\" \/>\n\t<meta name=\"twitter:data2\" content=\"2 minutos\" \/>\n<script type=\"application\/ld+json\" class=\"yoast-schema-graph\">{\"@context\":\"https:\\\/\\\/schema.org\",\"@graph\":[{\"@type\":\"Article\",\"@id\":\"https:\\\/\\\/quehacerpolitico.mx\\\/?p=8899#article\",\"isPartOf\":{\"@id\":\"https:\\\/\\\/quehacerpolitico.mx\\\/?p=8899\"},\"author\":{\"name\":\"Redacci\u00f3n QP\",\"@id\":\"https:\\\/\\\/quehacerpolitico.mx\\\/#\\\/schema\\\/person\\\/496d8ad2d1d3f8036101dca7ee39e585\"},\"headline\":\"Quer\u00e9taro rescat\u00f3 el empate ante Veracruz\",\"datePublished\":\"2018-11-10T16:52:25+00:00\",\"mainEntityOfPage\":{\"@id\":\"https:\\\/\\\/quehacerpolitico.mx\\\/?p=8899\"},\"wordCount\":355,\"commentCount\":0,\"image\":{\"@id\":\"https:\\\/\\\/quehacerpolitico.mx\\\/?p=8899#primaryimage\"},\"thumbnailUrl\":\"\",\"articleSection\":[\"Deportes\"],\"inLanguage\":\"es\",\"potentialAction\":[{\"@type\":\"CommentAction\",\"name\":\"Comment\",\"target\":[\"https:\\\/\\\/quehacerpolitico.mx\\\/?p=8899#respond\"]}]},{\"@type\":\"WebPage\",\"@id\":\"https:\\\/\\\/quehacerpolitico.mx\\\/?p=8899\",\"url\":\"https:\\\/\\\/quehacerpolitico.mx\\\/?p=8899\",\"name\":\"Quer\u00e9taro rescat\u00f3 el empate ante Veracruz -\",\"isPartOf\":{\"@id\":\"https:\\\/\\\/quehacerpolitico.mx\\\/#website\"},\"primaryImageOfPage\":{\"@id\":\"https:\\\/\\\/quehacerpolitico.mx\\\/?p=8899#primaryimage\"},\"image\":{\"@id\":\"https:\\\/\\\/quehacerpolitico.mx\\\/?p=8899#primaryimage\"},\"thumbnailUrl\":\"\",\"datePublished\":\"2018-11-10T16:52:25+00:00\",\"author\":{\"@id\":\"https:\\\/\\\/quehacerpolitico.mx\\\/#\\\/schema\\\/person\\\/496d8ad2d1d3f8036101dca7ee39e585\"},\"breadcrumb\":{\"@id\":\"https:\\\/\\\/quehacerpolitico.mx\\\/?p=8899#breadcrumb\"},\"inLanguage\":\"es\",\"potentialAction\":[{\"@type\":\"ReadAction\",\"target\":[\"https:\\\/\\\/quehacerpolitico.mx\\\/?p=8899\"]}]},{\"@type\":\"ImageObject\",\"inLanguage\":\"es\",\"@id\":\"https:\\\/\\\/quehacerpolitico.mx\\\/?p=8899#primaryimage\",\"url\":\"\",\"contentUrl\":\"\"},{\"@type\":\"BreadcrumbList\",\"@id\":\"https:\\\/\\\/quehacerpolitico.mx\\\/?p=8899#breadcrumb\",\"itemListElement\":[{\"@type\":\"ListItem\",\"position\":1,\"name\":\"Inicio\",\"item\":\"https:\\\/\\\/quehacerpolitico.mx\\\/\"},{\"@type\":\"ListItem\",\"position\":2,\"name\":\"Quer\u00e9taro rescat\u00f3 el empate ante Veracruz\"}]},{\"@type\":\"WebSite\",\"@id\":\"https:\\\/\\\/quehacerpolitico.mx\\\/#website\",\"url\":\"https:\\\/\\\/quehacerpolitico.mx\\\/\",\"name\":\"\",\"description\":\"\",\"potentialAction\":[{\"@type\":\"SearchAction\",\"target\":{\"@type\":\"EntryPoint\",\"urlTemplate\":\"https:\\\/\\\/quehacerpolitico.mx\\\/?s={search_term_string}\"},\"query-input\":{\"@type\":\"PropertyValueSpecification\",\"valueRequired\":true,\"valueName\":\"search_term_string\"}}],\"inLanguage\":\"es\"},{\"@type\":\"Person\",\"@id\":\"https:\\\/\\\/quehacerpolitico.mx\\\/#\\\/schema\\\/person\\\/496d8ad2d1d3f8036101dca7ee39e585\",\"name\":\"Redacci\u00f3n QP\",\"image\":{\"@type\":\"ImageObject\",\"inLanguage\":\"es\",\"@id\":\"https:\\\/\\\/secure.gravatar.com\\\/avatar\\\/c7164ed6fdec453195284ad24a5ae5b6e1eed2b848477fa2a4787ba9adf39a41?s=96&d=mm&r=g\",\"url\":\"https:\\\/\\\/secure.gravatar.com\\\/avatar\\\/c7164ed6fdec453195284ad24a5ae5b6e1eed2b848477fa2a4787ba9adf39a41?s=96&d=mm&r=g\",\"contentUrl\":\"https:\\\/\\\/secure.gravatar.com\\\/avatar\\\/c7164ed6fdec453195284ad24a5ae5b6e1eed2b848477fa2a4787ba9adf39a41?s=96&d=mm&r=g\",\"caption\":\"Redacci\u00f3n QP\"},\"url\":\"https:\\\/\\\/quehacerpolitico.mx\\\/?author=2\"}]}<\/script>\n<!-- \/ Yoast SEO plugin. -->","yoast_head_json":{"title":"Quer\u00e9taro rescat\u00f3 el empate ante Veracruz -","robots":{"index":"index","follow":"follow","max-snippet":"max-snippet:-1","max-image-preview":"max-image-preview:large","max-video-preview":"max-video-preview:-1"},"canonical":"https:\/\/quehacerpolitico.mx\/?p=8899","og_locale":"es_MX","og_type":"article","og_title":"Quer\u00e9taro rescat\u00f3 el empate ante Veracruz -","og_description":"Quer\u00e9taro rescat\u00f3 el empate ante Veracruz Por Redacci\u00f3n QP","og_url":"https:\/\/quehacerpolitico.mx\/?p=8899","article_published_time":"2018-11-10T16:52:25+00:00","author":"Redacci\u00f3n QP","twitter_card":"summary_large_image","twitter_misc":{"Escrito por":"Redacci\u00f3n QP","Tiempo de lectura":"2 minutos"},"schema":{"@context":"https:\/\/schema.org","@graph":[{"@type":"Article","@id":"https:\/\/quehacerpolitico.mx\/?p=8899#article","isPartOf":{"@id":"https:\/\/quehacerpolitico.mx\/?p=8899"},"author":{"name":"Redacci\u00f3n QP","@id":"https:\/\/quehacerpolitico.mx\/#\/schema\/person\/496d8ad2d1d3f8036101dca7ee39e585"},"headline":"Quer\u00e9taro rescat\u00f3 el empate ante Veracruz","datePublished":"2018-11-10T16:52:25+00:00","mainEntityOfPage":{"@id":"https:\/\/quehacerpolitico.mx\/?p=8899"},"wordCount":355,"commentCount":0,"image":{"@id":"https:\/\/quehacerpolitico.mx\/?p=8899#primaryimage"},"thumbnailUrl":"","articleSection":["Deportes"],"inLanguage":"es","potentialAction":[{"@type":"CommentAction","name":"Comment","target":["https:\/\/quehacerpolitico.mx\/?p=8899#respond"]}]},{"@type":"WebPage","@id":"https:\/\/quehacerpolitico.mx\/?p=8899","url":"https:\/\/quehacerpolitico.mx\/?p=8899","name":"Quer\u00e9taro rescat\u00f3 el empate ante Veracruz -","isPartOf":{"@id":"https:\/\/quehacerpolitico.mx\/#website"},"primaryImageOfPage":{"@id":"https:\/\/quehacerpolitico.mx\/?p=8899#primaryimage"},"image":{"@id":"https:\/\/quehacerpolitico.mx\/?p=8899#primaryimage"},"thumbnailUrl":"","datePublished":"2018-11-10T16:52:25+00:00","author":{"@id":"https:\/\/quehacerpolitico.mx\/#\/schema\/person\/496d8ad2d1d3f8036101dca7ee39e585"},"breadcrumb":{"@id":"https:\/\/quehacerpolitico.mx\/?p=8899#breadcrumb"},"inLanguage":"es","potentialAction":[{"@type":"ReadAction","target":["https:\/\/quehacerpolitico.mx\/?p=8899"]}]},{"@type":"ImageObject","inLanguage":"es","@id":"https:\/\/quehacerpolitico.mx\/?p=8899#primaryimage","url":"","contentUrl":""},{"@type":"BreadcrumbList","@id":"https:\/\/quehacerpolitico.mx\/?p=8899#breadcrumb","itemListElement":[{"@type":"ListItem","position":1,"name":"Inicio","item":"https:\/\/quehacerpolitico.mx\/"},{"@type":"ListItem","position":2,"name":"Quer\u00e9taro rescat\u00f3 el empate ante Veracruz"}]},{"@type":"WebSite","@id":"https:\/\/quehacerpolitico.mx\/#website","url":"https:\/\/quehacerpolitico.mx\/","name":"","description":"","potentialAction":[{"@type":"SearchAction","target":{"@type":"EntryPoint","urlTemplate":"https:\/\/quehacerpolitico.mx\/?s={search_term_string}"},"query-input":{"@type":"PropertyValueSpecification","valueRequired":true,"valueName":"search_term_string"}}],"inLanguage":"es"},{"@type":"Person","@id":"https:\/\/quehacerpolitico.mx\/#\/schema\/person\/496d8ad2d1d3f8036101dca7ee39e585","name":"Redacci\u00f3n QP","image":{"@type":"ImageObject","inLanguage":"es","@id":"https:\/\/secure.gravatar.com\/avatar\/c7164ed6fdec453195284ad24a5ae5b6e1eed2b848477fa2a4787ba9adf39a41?s=96&d=mm&r=g","url":"https:\/\/secure.gravatar.com\/avatar\/c7164ed6fdec453195284ad24a5ae5b6e1eed2b848477fa2a4787ba9adf39a41?s=96&d=mm&r=g","contentUrl":"https:\/\/secure.gravatar.com\/avatar\/c7164ed6fdec453195284ad24a5ae5b6e1eed2b848477fa2a4787ba9adf39a41?s=96&d=mm&r=g","caption":"Redacci\u00f3n QP"},"url":"https:\/\/quehacerpolitico.mx\/?author=2"}]}},"featured_image_urls":{"full":"","thumbnail":"","medium":"","medium_large":"","large":"","1536x1536":"","2048x2048":"","covernews-featured":"","covernews-medium":""},"author_info":{"display_name":"Redacci\u00f3n QP","author_link":"https:\/\/quehacerpolitico.mx\/?author=2"},"category_info":"<a href=\"https:\/\/quehacerpolitico.mx\/?cat=54\" rel=\"category\">Deportes<\/a>","tag_info":"Deportes","comment_count":"0","_links":{"self":[{"href":"https:\/\/quehacerpolitico.mx\/index.php?rest_route=\/wp\/v2\/posts\/8899","targetHints":{"allow":["GET"]}}],"collection":[{"href":"https:\/\/quehacerpolitico.mx\/index.php?rest_route=\/wp\/v2\/posts"}],"about":[{"href":"https:\/\/quehacerpolitico.mx\/index.php?rest_route=\/wp\/v2\/types\/post"}],"author":[{"embeddable":true,"href":"https:\/\/quehacerpolitico.mx\/index.php?rest_route=\/wp\/v2\/users\/2"}],"replies":[{"embeddable":true,"href":"https:\/\/quehacerpolitico.mx\/index.php?rest_route=%2Fwp%2Fv2%2Fcomments&post=8899"}],"version-history":[{"count":0,"href":"https:\/\/quehacerpolitico.mx\/index.php?rest_route=\/wp\/v2\/posts\/8899\/revisions"}],"wp:featuredmedia":[{"embeddable":true,"href":"https:\/\/quehacerpolitico.mx\/index.php?rest_route=\/"}],"wp:attachment":[{"href":"https:\/\/quehacerpolitico.mx\/index.php?rest_route=%2Fwp%2Fv2%2Fmedia&parent=8899"}],"wp:term":[{"taxonomy":"category","embeddable":true,"href":"https:\/\/quehacerpolitico.mx\/index.php?rest_route=%2Fwp%2Fv2%2Fcategories&post=8899"},{"taxonomy":"post_tag","embeddable":true,"href":"https:\/\/quehacerpolitico.mx\/index.php?rest_route=%2Fwp%2Fv2%2Ftags&post=8899"}],"curies":[{"name":"wp","href":"https:\/\/api.w.org\/{rel}","templated":true}]}}