{"id":88988,"date":"2022-01-26T05:15:38","date_gmt":"2022-01-26T05:15:38","guid":{"rendered":"https:\/\/quehacerpolitico.mx\/?p=88988"},"modified":"2022-01-26T05:15:43","modified_gmt":"2022-01-26T05:15:43","slug":"exsecretario-de-seguridad-de-morelos-denuncia-a-cuauhtemoc-blanco-ante-la-fgr","status":"publish","type":"post","link":"https:\/\/quehacerpolitico.mx\/?p=88988","title":{"rendered":"Exsecretario de seguridad de Morelos denuncia a Cuauht\u00e9moc Blanco ante la FGR\u00a0"},"content":{"rendered":"\n<p>Por Redacci\u00f3n QP<\/p>\n\n\n\n<p>Alberto Capella interpuso\u00a0una denuncia encontra del gobernador Blanco por delitos contra la salud y delincuencia organizada<\/p>\n\n\n\n<p>Alberto Capella, exsecretario de Seguridad de Morelos<strong>\u00a0durante la administraci\u00f3n de Graco Ram\u00edrez<\/strong>, denunci\u00f3 ante la Fiscal\u00eda General de la Rep\u00fablica (FGR) al gobernador morenista\u00a0<strong>Cuauht\u00e9moc Blanco por delincuencia organizada<\/strong>\u00a0y delitos contra la salud.<\/p>\n\n\n\n<figure class=\"wp-block-image size-full\"><img loading=\"lazy\" decoding=\"async\" width=\"633\" height=\"1024\" src=\"https:\/\/quehacerpolitico.mx\/wp-content\/uploads\/2022\/01\/image-114.jpeg\" alt=\"\" class=\"wp-image-88989\" srcset=\"https:\/\/quehacerpolitico.mx\/wp-content\/uploads\/2022\/01\/image-114.jpeg 633w, https:\/\/quehacerpolitico.mx\/wp-content\/uploads\/2022\/01\/image-114-185x300.jpeg 185w, https:\/\/quehacerpolitico.mx\/wp-content\/uploads\/2022\/01\/image-114-90x146.jpeg 90w, https:\/\/quehacerpolitico.mx\/wp-content\/uploads\/2022\/01\/image-114-31x50.jpeg 31w, https:\/\/quehacerpolitico.mx\/wp-content\/uploads\/2022\/01\/image-114-46x75.jpeg 46w\" sizes=\"auto, (max-width: 633px) 100vw, 633px\" \/><\/figure>\n\n\n\n<p>En conferencia de prensa en la Ciudad de M\u00e9xico,\u00a0<strong>Capella adelant\u00f3 que presentar\u00e1 una denuncia\u00a0<\/strong>ante la<strong>\u00a0Unidad de Inteligencia Financiera\u00a0<\/strong>(UIF) por los movimientos del gobernador Blanco.<\/p>\n\n\n\n<figure class=\"wp-block-image size-large\"><img loading=\"lazy\" decoding=\"async\" width=\"859\" height=\"1024\" src=\"https:\/\/quehacerpolitico.mx\/wp-content\/uploads\/2022\/01\/image-115-859x1024.jpeg\" alt=\"\" class=\"wp-image-88990\" srcset=\"https:\/\/quehacerpolitico.mx\/wp-content\/uploads\/2022\/01\/image-115-859x1024.jpeg 859w, https:\/\/quehacerpolitico.mx\/wp-content\/uploads\/2022\/01\/image-115-252x300.jpeg 252w, https:\/\/quehacerpolitico.mx\/wp-content\/uploads\/2022\/01\/image-115-768x915.jpeg 768w, https:\/\/quehacerpolitico.mx\/wp-content\/uploads\/2022\/01\/image-115-122x146.jpeg 122w, https:\/\/quehacerpolitico.mx\/wp-content\/uploads\/2022\/01\/image-115-42x50.jpeg 42w, https:\/\/quehacerpolitico.mx\/wp-content\/uploads\/2022\/01\/image-115-63x75.jpeg 63w, https:\/\/quehacerpolitico.mx\/wp-content\/uploads\/2022\/01\/image-115.jpeg 1125w\" sizes=\"auto, (max-width: 859px) 100vw, 859px\" \/><\/figure>\n\n\n\n<figure class=\"wp-block-embed is-type-rich is-provider-twitter wp-block-embed-twitter\"><div class=\"wp-block-embed__wrapper\">\n<blockquote class=\"twitter-tweet\" data-width=\"550\" data-dnt=\"true\"><p lang=\"es\" dir=\"ltr\">Presenta <a href=\"https:\/\/twitter.com\/kpya?ref_src=twsrc%5Etfw\">@kpya<\/a> denuncia contra <a href=\"https:\/\/twitter.com\/cuauhtemocb10?ref_src=twsrc%5Etfw\">@cuauhtemocb10<\/a> y lo hace responsable de cualquier situaci\u00f3n en su contra, de su familia o colaboradores. <a href=\"https:\/\/t.co\/5dNnOeXn4V\">pic.twitter.com\/5dNnOeXn4V<\/a><\/p>&mdash; Ver\u00f3nica Mac\u00edas (@veromaciashe) <a href=\"https:\/\/twitter.com\/veromaciashe\/status\/1486040806242848769?ref_src=twsrc%5Etfw\">January 25, 2022<\/a><\/blockquote><script async src=\"https:\/\/platform.twitter.com\/widgets.js\" charset=\"utf-8\"><\/script>\n<\/div><\/figure>\n\n\n\n<p>Indic\u00f3 que\u00a0<strong>recibi\u00f3 &#8220;informaci\u00f3n impactante&#8221;\u00a0<\/strong>que se\u00f1alan &#8220;a ciertos actores&#8221;, con cierto liderazgo policiaco, &#8220;que pudieran ser la clave<strong>\u00a0para poder esclarecer&#8221; la fotograf\u00eda<\/strong>\u00a0de Cuauht\u00e9moc Blanco con supuestos l\u00edderes de la delincuencia organizada.<\/p>\n\n\n\n<figure class=\"wp-block-embed is-type-video is-provider-youtube wp-block-embed-youtube wp-embed-aspect-16-9 wp-has-aspect-ratio\"><div class=\"wp-block-embed__wrapper\">\n<iframe loading=\"lazy\" title=\"\ud83d\udd34 Cuauht\u00e9moc Blanco pudo entregarle Morelos al crimen organizado\" width=\"640\" height=\"360\" src=\"https:\/\/www.youtube.com\/embed\/TI5O4-Z-Y6Y?feature=oembed\" frameborder=\"0\" allow=\"accelerometer; autoplay; clipboard-write; encrypted-media; gyroscope; picture-in-picture; web-share\" referrerpolicy=\"strict-origin-when-cross-origin\" allowfullscreen><\/iframe>\n<\/div><\/figure>\n\n\n\n<p>Con informaci\u00f3n de SUN<\/p>\n","protected":false},"excerpt":{"rendered":"<p>Por Redacci\u00f3n QP Alberto Capella interpuso\u00a0una denuncia encontra del gobernador Blanco por delitos contra la&#8230;<\/p>\n","protected":false},"author":2,"featured_media":88991,"comment_status":"open","ping_status":"open","sticky":false,"template":"","format":"standard","meta":{"_monsterinsights_skip_tracking":false,"_monsterinsights_sitenote_active":false,"_monsterinsights_sitenote_note":"","_monsterinsights_sitenote_category":0,"footnotes":""},"categories":[2],"tags":[],"class_list":["post-88988","post","type-post","status-publish","format-standard","has-post-thumbnail","hentry","category-noticias"],"yoast_head":"<!-- This site is optimized with the Yoast SEO plugin v27.3 - https:\/\/yoast.com\/product\/yoast-seo-wordpress\/ -->\n<title>Exsecretario de seguridad de Morelos denuncia a Cuauht\u00e9moc Blanco ante la FGR\u00a0 -<\/title>\n<meta name=\"robots\" content=\"index, follow, max-snippet:-1, max-image-preview:large, max-video-preview:-1\" \/>\n<link rel=\"canonical\" href=\"https:\/\/quehacerpolitico.mx\/?p=88988\" \/>\n<meta property=\"og:locale\" content=\"es_MX\" \/>\n<meta property=\"og:type\" content=\"article\" \/>\n<meta property=\"og:title\" content=\"Exsecretario de seguridad de Morelos denuncia a Cuauht\u00e9moc Blanco ante la FGR\u00a0 -\" \/>\n<meta property=\"og:description\" content=\"Por Redacci\u00f3n QP Alberto Capella interpuso\u00a0una denuncia encontra del gobernador Blanco por delitos contra la...\" \/>\n<meta property=\"og:url\" content=\"https:\/\/quehacerpolitico.mx\/?p=88988\" \/>\n<meta property=\"article:published_time\" content=\"2022-01-26T05:15:38+00:00\" \/>\n<meta property=\"article:modified_time\" content=\"2022-01-26T05:15:43+00:00\" \/>\n<meta property=\"og:image\" content=\"https:\/\/quehacerpolitico.mx\/wp-content\/uploads\/2022\/01\/B5A531B8-9DE0-4000-BA00-955B086AD85D.jpeg\" \/>\n\t<meta property=\"og:image:width\" content=\"716\" \/>\n\t<meta property=\"og:image:height\" content=\"428\" \/>\n\t<meta property=\"og:image:type\" content=\"image\/jpeg\" \/>\n<meta name=\"author\" content=\"Redacci\u00f3n QP\" \/>\n<meta name=\"twitter:card\" content=\"summary_large_image\" \/>\n<meta name=\"twitter:label1\" content=\"Escrito por\" \/>\n\t<meta name=\"twitter:data1\" content=\"Redacci\u00f3n QP\" \/>\n\t<meta name=\"twitter:label2\" content=\"Tiempo de lectura\" \/>\n\t<meta name=\"twitter:data2\" content=\"1 minuto\" \/>\n<script type=\"application\/ld+json\" class=\"yoast-schema-graph\">{\"@context\":\"https:\\\/\\\/schema.org\",\"@graph\":[{\"@type\":\"Article\",\"@id\":\"https:\\\/\\\/quehacerpolitico.mx\\\/?p=88988#article\",\"isPartOf\":{\"@id\":\"https:\\\/\\\/quehacerpolitico.mx\\\/?p=88988\"},\"author\":{\"name\":\"Redacci\u00f3n QP\",\"@id\":\"https:\\\/\\\/quehacerpolitico.mx\\\/#\\\/schema\\\/person\\\/496d8ad2d1d3f8036101dca7ee39e585\"},\"headline\":\"Exsecretario de seguridad de Morelos denuncia a Cuauht\u00e9moc Blanco ante la FGR\u00a0\",\"datePublished\":\"2022-01-26T05:15:38+00:00\",\"dateModified\":\"2022-01-26T05:15:43+00:00\",\"mainEntityOfPage\":{\"@id\":\"https:\\\/\\\/quehacerpolitico.mx\\\/?p=88988\"},\"wordCount\":160,\"commentCount\":0,\"image\":{\"@id\":\"https:\\\/\\\/quehacerpolitico.mx\\\/?p=88988#primaryimage\"},\"thumbnailUrl\":\"https:\\\/\\\/quehacerpolitico.mx\\\/wp-content\\\/uploads\\\/2022\\\/01\\\/B5A531B8-9DE0-4000-BA00-955B086AD85D.jpeg\",\"articleSection\":[\"Noticias\"],\"inLanguage\":\"es\",\"potentialAction\":[{\"@type\":\"CommentAction\",\"name\":\"Comment\",\"target\":[\"https:\\\/\\\/quehacerpolitico.mx\\\/?p=88988#respond\"]}]},{\"@type\":\"WebPage\",\"@id\":\"https:\\\/\\\/quehacerpolitico.mx\\\/?p=88988\",\"url\":\"https:\\\/\\\/quehacerpolitico.mx\\\/?p=88988\",\"name\":\"Exsecretario de seguridad de Morelos denuncia a Cuauht\u00e9moc Blanco ante la FGR\u00a0 -\",\"isPartOf\":{\"@id\":\"https:\\\/\\\/quehacerpolitico.mx\\\/#website\"},\"primaryImageOfPage\":{\"@id\":\"https:\\\/\\\/quehacerpolitico.mx\\\/?p=88988#primaryimage\"},\"image\":{\"@id\":\"https:\\\/\\\/quehacerpolitico.mx\\\/?p=88988#primaryimage\"},\"thumbnailUrl\":\"https:\\\/\\\/quehacerpolitico.mx\\\/wp-content\\\/uploads\\\/2022\\\/01\\\/B5A531B8-9DE0-4000-BA00-955B086AD85D.jpeg\",\"datePublished\":\"2022-01-26T05:15:38+00:00\",\"dateModified\":\"2022-01-26T05:15:43+00:00\",\"author\":{\"@id\":\"https:\\\/\\\/quehacerpolitico.mx\\\/#\\\/schema\\\/person\\\/496d8ad2d1d3f8036101dca7ee39e585\"},\"breadcrumb\":{\"@id\":\"https:\\\/\\\/quehacerpolitico.mx\\\/?p=88988#breadcrumb\"},\"inLanguage\":\"es\",\"potentialAction\":[{\"@type\":\"ReadAction\",\"target\":[\"https:\\\/\\\/quehacerpolitico.mx\\\/?p=88988\"]}]},{\"@type\":\"ImageObject\",\"inLanguage\":\"es\",\"@id\":\"https:\\\/\\\/quehacerpolitico.mx\\\/?p=88988#primaryimage\",\"url\":\"https:\\\/\\\/quehacerpolitico.mx\\\/wp-content\\\/uploads\\\/2022\\\/01\\\/B5A531B8-9DE0-4000-BA00-955B086AD85D.jpeg\",\"contentUrl\":\"https:\\\/\\\/quehacerpolitico.mx\\\/wp-content\\\/uploads\\\/2022\\\/01\\\/B5A531B8-9DE0-4000-BA00-955B086AD85D.jpeg\",\"width\":716,\"height\":428},{\"@type\":\"BreadcrumbList\",\"@id\":\"https:\\\/\\\/quehacerpolitico.mx\\\/?p=88988#breadcrumb\",\"itemListElement\":[{\"@type\":\"ListItem\",\"position\":1,\"name\":\"Inicio\",\"item\":\"https:\\\/\\\/quehacerpolitico.mx\\\/\"},{\"@type\":\"ListItem\",\"position\":2,\"name\":\"Exsecretario de seguridad de Morelos denuncia a Cuauht\u00e9moc Blanco ante la FGR\u00a0\"}]},{\"@type\":\"WebSite\",\"@id\":\"https:\\\/\\\/quehacerpolitico.mx\\\/#website\",\"url\":\"https:\\\/\\\/quehacerpolitico.mx\\\/\",\"name\":\"\",\"description\":\"\",\"potentialAction\":[{\"@type\":\"SearchAction\",\"target\":{\"@type\":\"EntryPoint\",\"urlTemplate\":\"https:\\\/\\\/quehacerpolitico.mx\\\/?s={search_term_string}\"},\"query-input\":{\"@type\":\"PropertyValueSpecification\",\"valueRequired\":true,\"valueName\":\"search_term_string\"}}],\"inLanguage\":\"es\"},{\"@type\":\"Person\",\"@id\":\"https:\\\/\\\/quehacerpolitico.mx\\\/#\\\/schema\\\/person\\\/496d8ad2d1d3f8036101dca7ee39e585\",\"name\":\"Redacci\u00f3n QP\",\"image\":{\"@type\":\"ImageObject\",\"inLanguage\":\"es\",\"@id\":\"https:\\\/\\\/secure.gravatar.com\\\/avatar\\\/c7164ed6fdec453195284ad24a5ae5b6e1eed2b848477fa2a4787ba9adf39a41?s=96&d=mm&r=g\",\"url\":\"https:\\\/\\\/secure.gravatar.com\\\/avatar\\\/c7164ed6fdec453195284ad24a5ae5b6e1eed2b848477fa2a4787ba9adf39a41?s=96&d=mm&r=g\",\"contentUrl\":\"https:\\\/\\\/secure.gravatar.com\\\/avatar\\\/c7164ed6fdec453195284ad24a5ae5b6e1eed2b848477fa2a4787ba9adf39a41?s=96&d=mm&r=g\",\"caption\":\"Redacci\u00f3n QP\"},\"url\":\"https:\\\/\\\/quehacerpolitico.mx\\\/?author=2\"}]}<\/script>\n<!-- \/ Yoast SEO plugin. -->","yoast_head_json":{"title":"Exsecretario de seguridad de Morelos denuncia a Cuauht\u00e9moc Blanco ante la FGR\u00a0 -","robots":{"index":"index","follow":"follow","max-snippet":"max-snippet:-1","max-image-preview":"max-image-preview:large","max-video-preview":"max-video-preview:-1"},"canonical":"https:\/\/quehacerpolitico.mx\/?p=88988","og_locale":"es_MX","og_type":"article","og_title":"Exsecretario de seguridad de Morelos denuncia a Cuauht\u00e9moc Blanco ante la FGR\u00a0 -","og_description":"Por Redacci\u00f3n QP Alberto Capella interpuso\u00a0una denuncia encontra del gobernador Blanco por delitos contra la...","og_url":"https:\/\/quehacerpolitico.mx\/?p=88988","article_published_time":"2022-01-26T05:15:38+00:00","article_modified_time":"2022-01-26T05:15:43+00:00","og_image":[{"width":716,"height":428,"url":"https:\/\/quehacerpolitico.mx\/wp-content\/uploads\/2022\/01\/B5A531B8-9DE0-4000-BA00-955B086AD85D.jpeg","type":"image\/jpeg"}],"author":"Redacci\u00f3n QP","twitter_card":"summary_large_image","twitter_misc":{"Escrito por":"Redacci\u00f3n QP","Tiempo de lectura":"1 minuto"},"schema":{"@context":"https:\/\/schema.org","@graph":[{"@type":"Article","@id":"https:\/\/quehacerpolitico.mx\/?p=88988#article","isPartOf":{"@id":"https:\/\/quehacerpolitico.mx\/?p=88988"},"author":{"name":"Redacci\u00f3n QP","@id":"https:\/\/quehacerpolitico.mx\/#\/schema\/person\/496d8ad2d1d3f8036101dca7ee39e585"},"headline":"Exsecretario de seguridad de Morelos denuncia a Cuauht\u00e9moc Blanco ante la FGR\u00a0","datePublished":"2022-01-26T05:15:38+00:00","dateModified":"2022-01-26T05:15:43+00:00","mainEntityOfPage":{"@id":"https:\/\/quehacerpolitico.mx\/?p=88988"},"wordCount":160,"commentCount":0,"image":{"@id":"https:\/\/quehacerpolitico.mx\/?p=88988#primaryimage"},"thumbnailUrl":"https:\/\/quehacerpolitico.mx\/wp-content\/uploads\/2022\/01\/B5A531B8-9DE0-4000-BA00-955B086AD85D.jpeg","articleSection":["Noticias"],"inLanguage":"es","potentialAction":[{"@type":"CommentAction","name":"Comment","target":["https:\/\/quehacerpolitico.mx\/?p=88988#respond"]}]},{"@type":"WebPage","@id":"https:\/\/quehacerpolitico.mx\/?p=88988","url":"https:\/\/quehacerpolitico.mx\/?p=88988","name":"Exsecretario de seguridad de Morelos denuncia a Cuauht\u00e9moc Blanco ante la FGR\u00a0 -","isPartOf":{"@id":"https:\/\/quehacerpolitico.mx\/#website"},"primaryImageOfPage":{"@id":"https:\/\/quehacerpolitico.mx\/?p=88988#primaryimage"},"image":{"@id":"https:\/\/quehacerpolitico.mx\/?p=88988#primaryimage"},"thumbnailUrl":"https:\/\/quehacerpolitico.mx\/wp-content\/uploads\/2022\/01\/B5A531B8-9DE0-4000-BA00-955B086AD85D.jpeg","datePublished":"2022-01-26T05:15:38+00:00","dateModified":"2022-01-26T05:15:43+00:00","author":{"@id":"https:\/\/quehacerpolitico.mx\/#\/schema\/person\/496d8ad2d1d3f8036101dca7ee39e585"},"breadcrumb":{"@id":"https:\/\/quehacerpolitico.mx\/?p=88988#breadcrumb"},"inLanguage":"es","potentialAction":[{"@type":"ReadAction","target":["https:\/\/quehacerpolitico.mx\/?p=88988"]}]},{"@type":"ImageObject","inLanguage":"es","@id":"https:\/\/quehacerpolitico.mx\/?p=88988#primaryimage","url":"https:\/\/quehacerpolitico.mx\/wp-content\/uploads\/2022\/01\/B5A531B8-9DE0-4000-BA00-955B086AD85D.jpeg","contentUrl":"https:\/\/quehacerpolitico.mx\/wp-content\/uploads\/2022\/01\/B5A531B8-9DE0-4000-BA00-955B086AD85D.jpeg","width":716,"height":428},{"@type":"BreadcrumbList","@id":"https:\/\/quehacerpolitico.mx\/?p=88988#breadcrumb","itemListElement":[{"@type":"ListItem","position":1,"name":"Inicio","item":"https:\/\/quehacerpolitico.mx\/"},{"@type":"ListItem","position":2,"name":"Exsecretario de seguridad de Morelos denuncia a Cuauht\u00e9moc Blanco ante la FGR\u00a0"}]},{"@type":"WebSite","@id":"https:\/\/quehacerpolitico.mx\/#website","url":"https:\/\/quehacerpolitico.mx\/","name":"","description":"","potentialAction":[{"@type":"SearchAction","target":{"@type":"EntryPoint","urlTemplate":"https:\/\/quehacerpolitico.mx\/?s={search_term_string}"},"query-input":{"@type":"PropertyValueSpecification","valueRequired":true,"valueName":"search_term_string"}}],"inLanguage":"es"},{"@type":"Person","@id":"https:\/\/quehacerpolitico.mx\/#\/schema\/person\/496d8ad2d1d3f8036101dca7ee39e585","name":"Redacci\u00f3n QP","image":{"@type":"ImageObject","inLanguage":"es","@id":"https:\/\/secure.gravatar.com\/avatar\/c7164ed6fdec453195284ad24a5ae5b6e1eed2b848477fa2a4787ba9adf39a41?s=96&d=mm&r=g","url":"https:\/\/secure.gravatar.com\/avatar\/c7164ed6fdec453195284ad24a5ae5b6e1eed2b848477fa2a4787ba9adf39a41?s=96&d=mm&r=g","contentUrl":"https:\/\/secure.gravatar.com\/avatar\/c7164ed6fdec453195284ad24a5ae5b6e1eed2b848477fa2a4787ba9adf39a41?s=96&d=mm&r=g","caption":"Redacci\u00f3n QP"},"url":"https:\/\/quehacerpolitico.mx\/?author=2"}]}},"featured_image_urls":{"full":["https:\/\/quehacerpolitico.mx\/wp-content\/uploads\/2022\/01\/B5A531B8-9DE0-4000-BA00-955B086AD85D.jpeg",716,428,false],"thumbnail":["https:\/\/quehacerpolitico.mx\/wp-content\/uploads\/2022\/01\/B5A531B8-9DE0-4000-BA00-955B086AD85D-150x150.jpeg",150,150,true],"medium":["https:\/\/quehacerpolitico.mx\/wp-content\/uploads\/2022\/01\/B5A531B8-9DE0-4000-BA00-955B086AD85D-300x179.jpeg",300,179,true],"medium_large":["https:\/\/quehacerpolitico.mx\/wp-content\/uploads\/2022\/01\/B5A531B8-9DE0-4000-BA00-955B086AD85D.jpeg",640,383,false],"large":["https:\/\/quehacerpolitico.mx\/wp-content\/uploads\/2022\/01\/B5A531B8-9DE0-4000-BA00-955B086AD85D.jpeg",640,383,false],"1536x1536":["https:\/\/quehacerpolitico.mx\/wp-content\/uploads\/2022\/01\/B5A531B8-9DE0-4000-BA00-955B086AD85D.jpeg",716,428,false],"2048x2048":["https:\/\/quehacerpolitico.mx\/wp-content\/uploads\/2022\/01\/B5A531B8-9DE0-4000-BA00-955B086AD85D.jpeg",716,428,false],"covernews-featured":["https:\/\/quehacerpolitico.mx\/wp-content\/uploads\/2022\/01\/B5A531B8-9DE0-4000-BA00-955B086AD85D.jpeg",716,428,false],"covernews-medium":["https:\/\/quehacerpolitico.mx\/wp-content\/uploads\/2022\/01\/B5A531B8-9DE0-4000-BA00-955B086AD85D.jpeg",540,323,false]},"author_info":{"display_name":"Redacci\u00f3n QP","author_link":"https:\/\/quehacerpolitico.mx\/?author=2"},"category_info":"<a href=\"https:\/\/quehacerpolitico.mx\/?cat=2\" rel=\"category\">Noticias<\/a>","tag_info":"Noticias","comment_count":"0","_links":{"self":[{"href":"https:\/\/quehacerpolitico.mx\/index.php?rest_route=\/wp\/v2\/posts\/88988","targetHints":{"allow":["GET"]}}],"collection":[{"href":"https:\/\/quehacerpolitico.mx\/index.php?rest_route=\/wp\/v2\/posts"}],"about":[{"href":"https:\/\/quehacerpolitico.mx\/index.php?rest_route=\/wp\/v2\/types\/post"}],"author":[{"embeddable":true,"href":"https:\/\/quehacerpolitico.mx\/index.php?rest_route=\/wp\/v2\/users\/2"}],"replies":[{"embeddable":true,"href":"https:\/\/quehacerpolitico.mx\/index.php?rest_route=%2Fwp%2Fv2%2Fcomments&post=88988"}],"version-history":[{"count":1,"href":"https:\/\/quehacerpolitico.mx\/index.php?rest_route=\/wp\/v2\/posts\/88988\/revisions"}],"predecessor-version":[{"id":88992,"href":"https:\/\/quehacerpolitico.mx\/index.php?rest_route=\/wp\/v2\/posts\/88988\/revisions\/88992"}],"wp:featuredmedia":[{"embeddable":true,"href":"https:\/\/quehacerpolitico.mx\/index.php?rest_route=\/wp\/v2\/media\/88991"}],"wp:attachment":[{"href":"https:\/\/quehacerpolitico.mx\/index.php?rest_route=%2Fwp%2Fv2%2Fmedia&parent=88988"}],"wp:term":[{"taxonomy":"category","embeddable":true,"href":"https:\/\/quehacerpolitico.mx\/index.php?rest_route=%2Fwp%2Fv2%2Fcategories&post=88988"},{"taxonomy":"post_tag","embeddable":true,"href":"https:\/\/quehacerpolitico.mx\/index.php?rest_route=%2Fwp%2Fv2%2Ftags&post=88988"}],"curies":[{"name":"wp","href":"https:\/\/api.w.org\/{rel}","templated":true}]}}