{"id":88983,"date":"2022-01-26T04:41:49","date_gmt":"2022-01-26T04:41:49","guid":{"rendered":"https:\/\/quehacerpolitico.mx\/?p=88983"},"modified":"2022-01-26T04:41:52","modified_gmt":"2022-01-26T04:41:52","slug":"aseguran-expertos-que-la-seccion-de-detenidos-en-la-mananera-de-amlo-es-anticonstitucional","status":"publish","type":"post","link":"https:\/\/quehacerpolitico.mx\/?p=88983","title":{"rendered":"Aseguran expertos que la secci\u00f3n de \u201cdetenidos\u201d en la ma\u00f1anera de AMLO es anticonstitucional"},"content":{"rendered":"\n<p>Por Redacci\u00f3n QP<\/p>\n\n\n\n<p>El\u00a0abogado penalista \u00d3scar Daniel Hern\u00e1ndez dijo que los afectados incluso podr\u00edan presentar una\u00a0denuncia\u00a0de car\u00e1cter penal o\u00a0demanda de car\u00e1cter civil por da\u00f1os y perjuicios<\/p>\n\n\n\n<p>La nueva secci\u00f3n de las ma\u00f1aneras que anunci\u00f3 el\u00a0Presidente Andres Manuel Lopez Obrador (AMLO) para ventilar a los \u201cdetenidos por cr\u00edmenes ocurridos en contra de los ciudadanos\u201d\u00a0es un acto anticonstitucional,\u00a0de acuerdo con el<strong>\u00a0abogado penalista \u00d3scar Daniel Hern\u00e1ndez Ibarra.<\/strong><\/p>\n\n\n\n<p>\u201cEstar\u00eda exponiendo a las personas violando su presunci\u00f3n de inocencia que establece el C\u00f3digo Nacional de Procedimientos Penales.&nbsp;<strong>Tambi\u00e9n viola sus derechos humanos<\/strong>\u201d, dijo.<\/p>\n\n\n\n<p>Explic\u00f3 que \u201cel\u00a0<strong>Art\u00edculo 113 del C\u00f3digo Nacional de Procedimientos Penales<\/strong>\u00a0refiere que cuando ingresa una persona detenida la ley dice que es inocente hasta que se le demuestre lo contrario y si \u00e9l pretende sacarlo antes a la luz habr\u00eda violaciones, pues no son criminales hasta que no tengan una sentencia definitiva y se demuestre la culpabilidad de las personas\u201d.<\/p>\n\n\n\n<p>Se\u00f1al\u00f3 que la ley de Informaci\u00f3n tambi\u00e9n exige el resguardo de los datos una persona detenida. \u201c<strong>Debe tener autorizaci\u00f3n de las personas detenidas<\/strong>&nbsp;y&nbsp;con trabajos les dejan hacer una llamada telef\u00f3nica\u201d.<\/p>\n\n\n\n<p>\u201cEst\u00e1 prohibido divulgar informaci\u00f3n y fotograf\u00edas porque se est\u00e1n violando los derechos de las personas detenidas\u201d.<\/p>\n\n\n\n<p>Se\u00f1al\u00f3 que las consecuencias podr\u00edan ser&nbsp;<strong>que el detenido salga en libertad&nbsp;<\/strong>por las violaciones a su debido proceso&nbsp;como el caso de Florence Cassez&nbsp;o hasta sanciones legales contra el Presidente o quien ventile la informaci\u00f3n.<\/p>\n\n\n\n<p>\u201cJur\u00eddicamente&nbsp;<strong>puede haber denuncias de car\u00e1cter penal y demanda de car\u00e1cter civil<\/strong>&nbsp;por da\u00f1os y perjuicios a la persona. Las consecuencias a futuro son&nbsp;que se le haga hasta un juicio pol\u00edtico al Presidente&nbsp;y por esa serie de circunstancias podr\u00edan desaforarlo para que pueda afrontar consecuencias de car\u00e1cter legal\u201d.<\/p>\n\n\n\n<p>Detall\u00f3 que, antes de adoptar el sistema de justicia penal acusatorio,&nbsp;<strong>cuya reforma se realiz\u00f3 en 2008 en el pa\u00eds<\/strong>, \u201clos detenidos sal\u00edan y hasta las c\u00e1maras los segu\u00edan y todo, ahora ya no se puede. Se deben de cuidar todos esos aspectos que son muy finos y muy t\u00e9cnicos porque puede haber consecuencias por cada acto\u201d.<\/p>\n","protected":false},"excerpt":{"rendered":"<p>Por Redacci\u00f3n QP El\u00a0abogado penalista \u00d3scar Daniel Hern\u00e1ndez dijo que los afectados incluso podr\u00edan presentar&#8230;<\/p>\n","protected":false},"author":2,"featured_media":88958,"comment_status":"open","ping_status":"open","sticky":false,"template":"","format":"standard","meta":{"_monsterinsights_skip_tracking":false,"_monsterinsights_sitenote_active":false,"_monsterinsights_sitenote_note":"","_monsterinsights_sitenote_category":0,"footnotes":""},"categories":[2],"tags":[],"class_list":["post-88983","post","type-post","status-publish","format-standard","has-post-thumbnail","hentry","category-noticias"],"yoast_head":"<!-- This site is optimized with the Yoast SEO plugin v27.3 - https:\/\/yoast.com\/product\/yoast-seo-wordpress\/ -->\n<title>Aseguran expertos que la secci\u00f3n de \u201cdetenidos\u201d en la ma\u00f1anera de AMLO es anticonstitucional -<\/title>\n<meta name=\"robots\" content=\"index, follow, max-snippet:-1, max-image-preview:large, max-video-preview:-1\" \/>\n<link rel=\"canonical\" href=\"https:\/\/quehacerpolitico.mx\/?p=88983\" \/>\n<meta property=\"og:locale\" content=\"es_MX\" \/>\n<meta property=\"og:type\" content=\"article\" \/>\n<meta property=\"og:title\" content=\"Aseguran expertos que la secci\u00f3n de \u201cdetenidos\u201d en la ma\u00f1anera de AMLO es anticonstitucional -\" \/>\n<meta property=\"og:description\" content=\"Por Redacci\u00f3n QP El\u00a0abogado penalista \u00d3scar Daniel Hern\u00e1ndez dijo que los afectados incluso podr\u00edan presentar...\" \/>\n<meta property=\"og:url\" content=\"https:\/\/quehacerpolitico.mx\/?p=88983\" \/>\n<meta property=\"article:published_time\" content=\"2022-01-26T04:41:49+00:00\" \/>\n<meta property=\"article:modified_time\" content=\"2022-01-26T04:41:52+00:00\" \/>\n<meta property=\"og:image\" content=\"https:\/\/quehacerpolitico.mx\/wp-content\/uploads\/2022\/01\/572C7B72-716B-416C-A897-09B503CAB8E9.jpeg\" \/>\n\t<meta property=\"og:image:width\" content=\"1284\" \/>\n\t<meta property=\"og:image:height\" content=\"693\" \/>\n\t<meta property=\"og:image:type\" content=\"image\/jpeg\" \/>\n<meta name=\"author\" content=\"Redacci\u00f3n QP\" \/>\n<meta name=\"twitter:card\" content=\"summary_large_image\" \/>\n<meta name=\"twitter:label1\" content=\"Escrito por\" \/>\n\t<meta name=\"twitter:data1\" content=\"Redacci\u00f3n QP\" \/>\n\t<meta name=\"twitter:label2\" content=\"Tiempo de lectura\" \/>\n\t<meta name=\"twitter:data2\" content=\"2 minutos\" \/>\n<script type=\"application\/ld+json\" class=\"yoast-schema-graph\">{\"@context\":\"https:\\\/\\\/schema.org\",\"@graph\":[{\"@type\":\"Article\",\"@id\":\"https:\\\/\\\/quehacerpolitico.mx\\\/?p=88983#article\",\"isPartOf\":{\"@id\":\"https:\\\/\\\/quehacerpolitico.mx\\\/?p=88983\"},\"author\":{\"name\":\"Redacci\u00f3n QP\",\"@id\":\"https:\\\/\\\/quehacerpolitico.mx\\\/#\\\/schema\\\/person\\\/496d8ad2d1d3f8036101dca7ee39e585\"},\"headline\":\"Aseguran expertos que la secci\u00f3n de \u201cdetenidos\u201d en la ma\u00f1anera de AMLO es anticonstitucional\",\"datePublished\":\"2022-01-26T04:41:49+00:00\",\"dateModified\":\"2022-01-26T04:41:52+00:00\",\"mainEntityOfPage\":{\"@id\":\"https:\\\/\\\/quehacerpolitico.mx\\\/?p=88983\"},\"wordCount\":415,\"commentCount\":0,\"image\":{\"@id\":\"https:\\\/\\\/quehacerpolitico.mx\\\/?p=88983#primaryimage\"},\"thumbnailUrl\":\"https:\\\/\\\/quehacerpolitico.mx\\\/wp-content\\\/uploads\\\/2022\\\/01\\\/572C7B72-716B-416C-A897-09B503CAB8E9.jpeg\",\"articleSection\":[\"Noticias\"],\"inLanguage\":\"es\",\"potentialAction\":[{\"@type\":\"CommentAction\",\"name\":\"Comment\",\"target\":[\"https:\\\/\\\/quehacerpolitico.mx\\\/?p=88983#respond\"]}]},{\"@type\":\"WebPage\",\"@id\":\"https:\\\/\\\/quehacerpolitico.mx\\\/?p=88983\",\"url\":\"https:\\\/\\\/quehacerpolitico.mx\\\/?p=88983\",\"name\":\"Aseguran expertos que la secci\u00f3n de \u201cdetenidos\u201d en la ma\u00f1anera de AMLO es anticonstitucional -\",\"isPartOf\":{\"@id\":\"https:\\\/\\\/quehacerpolitico.mx\\\/#website\"},\"primaryImageOfPage\":{\"@id\":\"https:\\\/\\\/quehacerpolitico.mx\\\/?p=88983#primaryimage\"},\"image\":{\"@id\":\"https:\\\/\\\/quehacerpolitico.mx\\\/?p=88983#primaryimage\"},\"thumbnailUrl\":\"https:\\\/\\\/quehacerpolitico.mx\\\/wp-content\\\/uploads\\\/2022\\\/01\\\/572C7B72-716B-416C-A897-09B503CAB8E9.jpeg\",\"datePublished\":\"2022-01-26T04:41:49+00:00\",\"dateModified\":\"2022-01-26T04:41:52+00:00\",\"author\":{\"@id\":\"https:\\\/\\\/quehacerpolitico.mx\\\/#\\\/schema\\\/person\\\/496d8ad2d1d3f8036101dca7ee39e585\"},\"breadcrumb\":{\"@id\":\"https:\\\/\\\/quehacerpolitico.mx\\\/?p=88983#breadcrumb\"},\"inLanguage\":\"es\",\"potentialAction\":[{\"@type\":\"ReadAction\",\"target\":[\"https:\\\/\\\/quehacerpolitico.mx\\\/?p=88983\"]}]},{\"@type\":\"ImageObject\",\"inLanguage\":\"es\",\"@id\":\"https:\\\/\\\/quehacerpolitico.mx\\\/?p=88983#primaryimage\",\"url\":\"https:\\\/\\\/quehacerpolitico.mx\\\/wp-content\\\/uploads\\\/2022\\\/01\\\/572C7B72-716B-416C-A897-09B503CAB8E9.jpeg\",\"contentUrl\":\"https:\\\/\\\/quehacerpolitico.mx\\\/wp-content\\\/uploads\\\/2022\\\/01\\\/572C7B72-716B-416C-A897-09B503CAB8E9.jpeg\",\"width\":1284,\"height\":693},{\"@type\":\"BreadcrumbList\",\"@id\":\"https:\\\/\\\/quehacerpolitico.mx\\\/?p=88983#breadcrumb\",\"itemListElement\":[{\"@type\":\"ListItem\",\"position\":1,\"name\":\"Inicio\",\"item\":\"https:\\\/\\\/quehacerpolitico.mx\\\/\"},{\"@type\":\"ListItem\",\"position\":2,\"name\":\"Aseguran expertos que la secci\u00f3n de \u201cdetenidos\u201d en la ma\u00f1anera de AMLO es anticonstitucional\"}]},{\"@type\":\"WebSite\",\"@id\":\"https:\\\/\\\/quehacerpolitico.mx\\\/#website\",\"url\":\"https:\\\/\\\/quehacerpolitico.mx\\\/\",\"name\":\"\",\"description\":\"\",\"potentialAction\":[{\"@type\":\"SearchAction\",\"target\":{\"@type\":\"EntryPoint\",\"urlTemplate\":\"https:\\\/\\\/quehacerpolitico.mx\\\/?s={search_term_string}\"},\"query-input\":{\"@type\":\"PropertyValueSpecification\",\"valueRequired\":true,\"valueName\":\"search_term_string\"}}],\"inLanguage\":\"es\"},{\"@type\":\"Person\",\"@id\":\"https:\\\/\\\/quehacerpolitico.mx\\\/#\\\/schema\\\/person\\\/496d8ad2d1d3f8036101dca7ee39e585\",\"name\":\"Redacci\u00f3n QP\",\"image\":{\"@type\":\"ImageObject\",\"inLanguage\":\"es\",\"@id\":\"https:\\\/\\\/secure.gravatar.com\\\/avatar\\\/c7164ed6fdec453195284ad24a5ae5b6e1eed2b848477fa2a4787ba9adf39a41?s=96&d=mm&r=g\",\"url\":\"https:\\\/\\\/secure.gravatar.com\\\/avatar\\\/c7164ed6fdec453195284ad24a5ae5b6e1eed2b848477fa2a4787ba9adf39a41?s=96&d=mm&r=g\",\"contentUrl\":\"https:\\\/\\\/secure.gravatar.com\\\/avatar\\\/c7164ed6fdec453195284ad24a5ae5b6e1eed2b848477fa2a4787ba9adf39a41?s=96&d=mm&r=g\",\"caption\":\"Redacci\u00f3n QP\"},\"url\":\"https:\\\/\\\/quehacerpolitico.mx\\\/?author=2\"}]}<\/script>\n<!-- \/ Yoast SEO plugin. -->","yoast_head_json":{"title":"Aseguran expertos que la secci\u00f3n de \u201cdetenidos\u201d en la ma\u00f1anera de AMLO es anticonstitucional -","robots":{"index":"index","follow":"follow","max-snippet":"max-snippet:-1","max-image-preview":"max-image-preview:large","max-video-preview":"max-video-preview:-1"},"canonical":"https:\/\/quehacerpolitico.mx\/?p=88983","og_locale":"es_MX","og_type":"article","og_title":"Aseguran expertos que la secci\u00f3n de \u201cdetenidos\u201d en la ma\u00f1anera de AMLO es anticonstitucional -","og_description":"Por Redacci\u00f3n QP El\u00a0abogado penalista \u00d3scar Daniel Hern\u00e1ndez dijo que los afectados incluso podr\u00edan presentar...","og_url":"https:\/\/quehacerpolitico.mx\/?p=88983","article_published_time":"2022-01-26T04:41:49+00:00","article_modified_time":"2022-01-26T04:41:52+00:00","og_image":[{"width":1284,"height":693,"url":"https:\/\/quehacerpolitico.mx\/wp-content\/uploads\/2022\/01\/572C7B72-716B-416C-A897-09B503CAB8E9.jpeg","type":"image\/jpeg"}],"author":"Redacci\u00f3n QP","twitter_card":"summary_large_image","twitter_misc":{"Escrito por":"Redacci\u00f3n QP","Tiempo de lectura":"2 minutos"},"schema":{"@context":"https:\/\/schema.org","@graph":[{"@type":"Article","@id":"https:\/\/quehacerpolitico.mx\/?p=88983#article","isPartOf":{"@id":"https:\/\/quehacerpolitico.mx\/?p=88983"},"author":{"name":"Redacci\u00f3n QP","@id":"https:\/\/quehacerpolitico.mx\/#\/schema\/person\/496d8ad2d1d3f8036101dca7ee39e585"},"headline":"Aseguran expertos que la secci\u00f3n de \u201cdetenidos\u201d en la ma\u00f1anera de AMLO es anticonstitucional","datePublished":"2022-01-26T04:41:49+00:00","dateModified":"2022-01-26T04:41:52+00:00","mainEntityOfPage":{"@id":"https:\/\/quehacerpolitico.mx\/?p=88983"},"wordCount":415,"commentCount":0,"image":{"@id":"https:\/\/quehacerpolitico.mx\/?p=88983#primaryimage"},"thumbnailUrl":"https:\/\/quehacerpolitico.mx\/wp-content\/uploads\/2022\/01\/572C7B72-716B-416C-A897-09B503CAB8E9.jpeg","articleSection":["Noticias"],"inLanguage":"es","potentialAction":[{"@type":"CommentAction","name":"Comment","target":["https:\/\/quehacerpolitico.mx\/?p=88983#respond"]}]},{"@type":"WebPage","@id":"https:\/\/quehacerpolitico.mx\/?p=88983","url":"https:\/\/quehacerpolitico.mx\/?p=88983","name":"Aseguran expertos que la secci\u00f3n de \u201cdetenidos\u201d en la ma\u00f1anera de AMLO es anticonstitucional -","isPartOf":{"@id":"https:\/\/quehacerpolitico.mx\/#website"},"primaryImageOfPage":{"@id":"https:\/\/quehacerpolitico.mx\/?p=88983#primaryimage"},"image":{"@id":"https:\/\/quehacerpolitico.mx\/?p=88983#primaryimage"},"thumbnailUrl":"https:\/\/quehacerpolitico.mx\/wp-content\/uploads\/2022\/01\/572C7B72-716B-416C-A897-09B503CAB8E9.jpeg","datePublished":"2022-01-26T04:41:49+00:00","dateModified":"2022-01-26T04:41:52+00:00","author":{"@id":"https:\/\/quehacerpolitico.mx\/#\/schema\/person\/496d8ad2d1d3f8036101dca7ee39e585"},"breadcrumb":{"@id":"https:\/\/quehacerpolitico.mx\/?p=88983#breadcrumb"},"inLanguage":"es","potentialAction":[{"@type":"ReadAction","target":["https:\/\/quehacerpolitico.mx\/?p=88983"]}]},{"@type":"ImageObject","inLanguage":"es","@id":"https:\/\/quehacerpolitico.mx\/?p=88983#primaryimage","url":"https:\/\/quehacerpolitico.mx\/wp-content\/uploads\/2022\/01\/572C7B72-716B-416C-A897-09B503CAB8E9.jpeg","contentUrl":"https:\/\/quehacerpolitico.mx\/wp-content\/uploads\/2022\/01\/572C7B72-716B-416C-A897-09B503CAB8E9.jpeg","width":1284,"height":693},{"@type":"BreadcrumbList","@id":"https:\/\/quehacerpolitico.mx\/?p=88983#breadcrumb","itemListElement":[{"@type":"ListItem","position":1,"name":"Inicio","item":"https:\/\/quehacerpolitico.mx\/"},{"@type":"ListItem","position":2,"name":"Aseguran expertos que la secci\u00f3n de \u201cdetenidos\u201d en la ma\u00f1anera de AMLO es anticonstitucional"}]},{"@type":"WebSite","@id":"https:\/\/quehacerpolitico.mx\/#website","url":"https:\/\/quehacerpolitico.mx\/","name":"","description":"","potentialAction":[{"@type":"SearchAction","target":{"@type":"EntryPoint","urlTemplate":"https:\/\/quehacerpolitico.mx\/?s={search_term_string}"},"query-input":{"@type":"PropertyValueSpecification","valueRequired":true,"valueName":"search_term_string"}}],"inLanguage":"es"},{"@type":"Person","@id":"https:\/\/quehacerpolitico.mx\/#\/schema\/person\/496d8ad2d1d3f8036101dca7ee39e585","name":"Redacci\u00f3n QP","image":{"@type":"ImageObject","inLanguage":"es","@id":"https:\/\/secure.gravatar.com\/avatar\/c7164ed6fdec453195284ad24a5ae5b6e1eed2b848477fa2a4787ba9adf39a41?s=96&d=mm&r=g","url":"https:\/\/secure.gravatar.com\/avatar\/c7164ed6fdec453195284ad24a5ae5b6e1eed2b848477fa2a4787ba9adf39a41?s=96&d=mm&r=g","contentUrl":"https:\/\/secure.gravatar.com\/avatar\/c7164ed6fdec453195284ad24a5ae5b6e1eed2b848477fa2a4787ba9adf39a41?s=96&d=mm&r=g","caption":"Redacci\u00f3n QP"},"url":"https:\/\/quehacerpolitico.mx\/?author=2"}]}},"featured_image_urls":{"full":["https:\/\/quehacerpolitico.mx\/wp-content\/uploads\/2022\/01\/572C7B72-716B-416C-A897-09B503CAB8E9.jpeg",1284,693,false],"thumbnail":["https:\/\/quehacerpolitico.mx\/wp-content\/uploads\/2022\/01\/572C7B72-716B-416C-A897-09B503CAB8E9-150x150.jpeg",150,150,true],"medium":["https:\/\/quehacerpolitico.mx\/wp-content\/uploads\/2022\/01\/572C7B72-716B-416C-A897-09B503CAB8E9-300x162.jpeg",300,162,true],"medium_large":["https:\/\/quehacerpolitico.mx\/wp-content\/uploads\/2022\/01\/572C7B72-716B-416C-A897-09B503CAB8E9-768x415.jpeg",640,346,true],"large":["https:\/\/quehacerpolitico.mx\/wp-content\/uploads\/2022\/01\/572C7B72-716B-416C-A897-09B503CAB8E9-1024x553.jpeg",640,346,true],"1536x1536":["https:\/\/quehacerpolitico.mx\/wp-content\/uploads\/2022\/01\/572C7B72-716B-416C-A897-09B503CAB8E9.jpeg",1284,693,false],"2048x2048":["https:\/\/quehacerpolitico.mx\/wp-content\/uploads\/2022\/01\/572C7B72-716B-416C-A897-09B503CAB8E9.jpeg",1284,693,false],"covernews-featured":["https:\/\/quehacerpolitico.mx\/wp-content\/uploads\/2022\/01\/572C7B72-716B-416C-A897-09B503CAB8E9.jpeg",1024,553,false],"covernews-medium":["https:\/\/quehacerpolitico.mx\/wp-content\/uploads\/2022\/01\/572C7B72-716B-416C-A897-09B503CAB8E9.jpeg",540,291,false]},"author_info":{"display_name":"Redacci\u00f3n QP","author_link":"https:\/\/quehacerpolitico.mx\/?author=2"},"category_info":"<a href=\"https:\/\/quehacerpolitico.mx\/?cat=2\" rel=\"category\">Noticias<\/a>","tag_info":"Noticias","comment_count":"0","_links":{"self":[{"href":"https:\/\/quehacerpolitico.mx\/index.php?rest_route=\/wp\/v2\/posts\/88983","targetHints":{"allow":["GET"]}}],"collection":[{"href":"https:\/\/quehacerpolitico.mx\/index.php?rest_route=\/wp\/v2\/posts"}],"about":[{"href":"https:\/\/quehacerpolitico.mx\/index.php?rest_route=\/wp\/v2\/types\/post"}],"author":[{"embeddable":true,"href":"https:\/\/quehacerpolitico.mx\/index.php?rest_route=\/wp\/v2\/users\/2"}],"replies":[{"embeddable":true,"href":"https:\/\/quehacerpolitico.mx\/index.php?rest_route=%2Fwp%2Fv2%2Fcomments&post=88983"}],"version-history":[{"count":1,"href":"https:\/\/quehacerpolitico.mx\/index.php?rest_route=\/wp\/v2\/posts\/88983\/revisions"}],"predecessor-version":[{"id":88984,"href":"https:\/\/quehacerpolitico.mx\/index.php?rest_route=\/wp\/v2\/posts\/88983\/revisions\/88984"}],"wp:featuredmedia":[{"embeddable":true,"href":"https:\/\/quehacerpolitico.mx\/index.php?rest_route=\/wp\/v2\/media\/88958"}],"wp:attachment":[{"href":"https:\/\/quehacerpolitico.mx\/index.php?rest_route=%2Fwp%2Fv2%2Fmedia&parent=88983"}],"wp:term":[{"taxonomy":"category","embeddable":true,"href":"https:\/\/quehacerpolitico.mx\/index.php?rest_route=%2Fwp%2Fv2%2Fcategories&post=88983"},{"taxonomy":"post_tag","embeddable":true,"href":"https:\/\/quehacerpolitico.mx\/index.php?rest_route=%2Fwp%2Fv2%2Ftags&post=88983"}],"curies":[{"name":"wp","href":"https:\/\/api.w.org\/{rel}","templated":true}]}}