{"id":88975,"date":"2022-01-26T04:21:29","date_gmt":"2022-01-26T04:21:29","guid":{"rendered":"https:\/\/quehacerpolitico.mx\/?p=88975"},"modified":"2022-01-26T04:21:32","modified_gmt":"2022-01-26T04:21:32","slug":"mexico-registra-44-mil-902-casos-del-virus-y-475-muertes","status":"publish","type":"post","link":"https:\/\/quehacerpolitico.mx\/?p=88975","title":{"rendered":"M\u00e9xico registra 44 mil 902 casos del virus y 475 muertes"},"content":{"rendered":"\n<p>Por Redacci\u00f3n QP<\/p>\n\n\n\n<p>El n\u00famero de muertes reportado este d\u00eda es el m\u00e1s alto de la cuarta ola de la pandemia COVID\u00a0en el pa\u00eds<\/p>\n\n\n\n<p>M\u00e9xico registr\u00f3 este martes\u00a0<strong>44 mil 902\u00a0<\/strong>nuevos contagios de\u00a0<strong>COVID-19<\/strong>\u00a0para llegar a un total de<strong>cuatro millones 730 mil 669\u00a0<\/strong>casos, adem\u00e1s de<strong>\u00a0475 muertes\u00a0<\/strong>para totalizar\u00a0<strong>303 mil 776 decesos<\/strong>, inform\u00f3 la Secretar\u00eda de Salud.<\/p>\n\n\n\n<figure class=\"wp-block-image size-full\"><img loading=\"lazy\" decoding=\"async\" width=\"975\" height=\"956\" src=\"https:\/\/quehacerpolitico.mx\/wp-content\/uploads\/2022\/01\/image-110.jpeg\" alt=\"\" class=\"wp-image-88977\" srcset=\"https:\/\/quehacerpolitico.mx\/wp-content\/uploads\/2022\/01\/image-110.jpeg 975w, https:\/\/quehacerpolitico.mx\/wp-content\/uploads\/2022\/01\/image-110-300x294.jpeg 300w, https:\/\/quehacerpolitico.mx\/wp-content\/uploads\/2022\/01\/image-110-768x753.jpeg 768w, https:\/\/quehacerpolitico.mx\/wp-content\/uploads\/2022\/01\/image-110-149x146.jpeg 149w, https:\/\/quehacerpolitico.mx\/wp-content\/uploads\/2022\/01\/image-110-50x50.jpeg 50w, https:\/\/quehacerpolitico.mx\/wp-content\/uploads\/2022\/01\/image-110-76x75.jpeg 76w\" sizes=\"auto, (max-width: 975px) 100vw, 975px\" \/><\/figure>\n\n\n\n<p>El n\u00famero de muertes reportado este d\u00eda es el m\u00e1s alto de la cuarta ola de la pandemia en el pa\u00eds.<\/p>\n\n\n\n<p>En la pasada semana, M\u00e9xico report\u00f3 sus cifras m\u00e1s altas de contagios, con un r\u00e9cord hist\u00f3rico de\u00a0<strong>60 mil 552<\/strong>\u00a0el mi\u00e9rcoles y\u00a0<strong>51 mil 368\u00a0<\/strong>el s\u00e1bado, adem\u00e1s de muertes diarias por encima de las 300.<\/p>\n\n\n\n<figure class=\"wp-block-image size-full\"><img loading=\"lazy\" decoding=\"async\" width=\"481\" height=\"583\" src=\"https:\/\/quehacerpolitico.mx\/wp-content\/uploads\/2022\/01\/image-113.jpeg\" alt=\"\" class=\"wp-image-88980\" srcset=\"https:\/\/quehacerpolitico.mx\/wp-content\/uploads\/2022\/01\/image-113.jpeg 481w, https:\/\/quehacerpolitico.mx\/wp-content\/uploads\/2022\/01\/image-113-248x300.jpeg 248w, https:\/\/quehacerpolitico.mx\/wp-content\/uploads\/2022\/01\/image-113-120x146.jpeg 120w, https:\/\/quehacerpolitico.mx\/wp-content\/uploads\/2022\/01\/image-113-41x50.jpeg 41w, https:\/\/quehacerpolitico.mx\/wp-content\/uploads\/2022\/01\/image-113-62x75.jpeg 62w\" sizes=\"auto, (max-width: 481px) 100vw, 481px\" \/><\/figure>\n\n\n\n<figure class=\"wp-block-image size-full\"><img loading=\"lazy\" decoding=\"async\" width=\"482\" height=\"867\" src=\"https:\/\/quehacerpolitico.mx\/wp-content\/uploads\/2022\/01\/image-112.jpeg\" alt=\"\" class=\"wp-image-88979\" srcset=\"https:\/\/quehacerpolitico.mx\/wp-content\/uploads\/2022\/01\/image-112.jpeg 482w, https:\/\/quehacerpolitico.mx\/wp-content\/uploads\/2022\/01\/image-112-167x300.jpeg 167w, https:\/\/quehacerpolitico.mx\/wp-content\/uploads\/2022\/01\/image-112-81x146.jpeg 81w, https:\/\/quehacerpolitico.mx\/wp-content\/uploads\/2022\/01\/image-112-28x50.jpeg 28w, https:\/\/quehacerpolitico.mx\/wp-content\/uploads\/2022\/01\/image-112-42x75.jpeg 42w\" sizes=\"auto, (max-width: 482px) 100vw, 482px\" \/><\/figure>\n\n\n\n<p>Con estas cifras,&nbsp;<strong>M\u00e9xico es el decimocuarto pa\u00eds en el mundo en n\u00famero de contagios confirmados y es el quinto con m\u00e1s decesos por esta causa<\/strong>, por detr\u00e1s de Estados Unidos, Brasil, India y Rusia, seg\u00fan el recuento de la Universidad Johns Hopkins.<\/p>\n\n\n\n<p>Las autoridades sanitarias reconocen que, con base en las actas de defunci\u00f3n, el pa\u00eds puede rozar los<strong>\u00a0455 mil<\/strong>\u00a0fallecimientos y estiman que M\u00e9xico acumula en realidad\u00a0<strong>cuatro millones 983 mil 728 contagios.<\/strong><\/p>\n\n\n\n<p>De los contagios confirmados, hay\u00a0<strong>293 mil 602 casos activos<\/strong>, que han presentado s\u00edntomas durante los \u00faltimos 14 d\u00edas y suponen el 5.9% del total.<\/p>\n\n\n\n<figure class=\"wp-block-image size-large\"><img loading=\"lazy\" decoding=\"async\" width=\"838\" height=\"1024\" src=\"https:\/\/quehacerpolitico.mx\/wp-content\/uploads\/2022\/01\/image-111-838x1024.jpeg\" alt=\"\" class=\"wp-image-88978\" srcset=\"https:\/\/quehacerpolitico.mx\/wp-content\/uploads\/2022\/01\/image-111-838x1024.jpeg 838w, https:\/\/quehacerpolitico.mx\/wp-content\/uploads\/2022\/01\/image-111-246x300.jpeg 246w, https:\/\/quehacerpolitico.mx\/wp-content\/uploads\/2022\/01\/image-111-768x938.jpeg 768w, https:\/\/quehacerpolitico.mx\/wp-content\/uploads\/2022\/01\/image-111-120x146.jpeg 120w, https:\/\/quehacerpolitico.mx\/wp-content\/uploads\/2022\/01\/image-111-41x50.jpeg 41w, https:\/\/quehacerpolitico.mx\/wp-content\/uploads\/2022\/01\/image-111-61x75.jpeg 61w, https:\/\/quehacerpolitico.mx\/wp-content\/uploads\/2022\/01\/image-111.jpeg 975w\" sizes=\"auto, (max-width: 838px) 100vw, 838px\" \/><\/figure>\n\n\n\n<p>Adem\u00e1s, desde el inicio de la pandemia se han recuperado&nbsp;<strong>tres millones 808 mil 028<\/strong>&nbsp;personas.<\/p>\n\n\n\n<p>La ocupaci\u00f3n media de camas generales en hospitales mexicanos se sit\u00faa en un 44% y la de terapia intensiva en un 26 por ciento.<\/p>\n\n\n\n<p>A partir del lunes 24 de enero y hasta el 6 de febrero, 12 de los 32 estados del pa\u00eds estar\u00e1n en sem\u00e1foro de riesgo epidemiol\u00f3gico verde (riesgo bajo de contagios), 10 en amarillo (riesgo medio), entre ellos Ciudad de M\u00e9xico; nueve en naranja (riesgo alto) y uno en rojo, Aguascalientes, por m\u00e1ximo riesgo.<\/p>\n\n\n\n<h2 class=\"wp-block-heading\" id=\"plan-de-vacunacion\">Plan de vacunaci\u00f3n<\/h2>\n\n\n\n<p>Las autoridades tambi\u00e9n indicaron que dentro del programa de vacunaci\u00f3n se han administrado 161.46 millones de dosis, al sumar 380 mil 097 durante la \u00faltima jornada.<\/p>\n\n\n\n<p>El Gobierno de M\u00e9xico afirma que es el s\u00e9ptimo pa\u00eds que m\u00e1s dosis ha aplicado en n\u00fameros absolutos.<\/p>\n\n\n\n<p>De los 126 millones de habitantes, 83.34 millones en el pa\u00eds han recibido al menos una dosis de la vacuna, con lo que 89% de la poblaci\u00f3n de 18 a\u00f1os y m\u00e1s han recibido al menos una dosis.<\/p>\n\n\n\n<p>En tanto, 76.61 millones han completado su esquema de vacunaci\u00f3n.<\/p>\n\n\n\n<figure class=\"wp-block-embed is-type-video is-provider-youtube wp-block-embed-youtube wp-embed-aspect-16-9 wp-has-aspect-ratio\"><div class=\"wp-block-embed__wrapper\">\n<iframe loading=\"lazy\" title=\"M\u00e9xico registra casi 500 muertes y 44 mil 902 casos por Covid-19 en 24 horas\" width=\"640\" height=\"360\" src=\"https:\/\/www.youtube.com\/embed\/n_2E6MFvg48?feature=oembed\" frameborder=\"0\" allow=\"accelerometer; autoplay; clipboard-write; encrypted-media; gyroscope; picture-in-picture; web-share\" referrerpolicy=\"strict-origin-when-cross-origin\" allowfullscreen><\/iframe>\n<\/div><\/figure>\n\n\n\n<p> Con Informaci\u00f3n de EFE<\/p>\n","protected":false},"excerpt":{"rendered":"<p>Por Redacci\u00f3n QP El n\u00famero de muertes reportado este d\u00eda es el m\u00e1s alto de&#8230;<\/p>\n","protected":false},"author":2,"featured_media":88981,"comment_status":"open","ping_status":"open","sticky":false,"template":"","format":"standard","meta":{"_monsterinsights_skip_tracking":false,"_monsterinsights_sitenote_active":false,"_monsterinsights_sitenote_note":"","_monsterinsights_sitenote_category":0,"footnotes":""},"categories":[2],"tags":[],"class_list":["post-88975","post","type-post","status-publish","format-standard","has-post-thumbnail","hentry","category-noticias"],"yoast_head":"<!-- This site is optimized with the Yoast SEO plugin v27.3 - https:\/\/yoast.com\/product\/yoast-seo-wordpress\/ -->\n<title>M\u00e9xico registra 44 mil 902 casos del virus y 475 muertes -<\/title>\n<meta name=\"robots\" content=\"index, follow, max-snippet:-1, max-image-preview:large, max-video-preview:-1\" \/>\n<link rel=\"canonical\" href=\"https:\/\/quehacerpolitico.mx\/?p=88975\" \/>\n<meta property=\"og:locale\" content=\"es_MX\" \/>\n<meta property=\"og:type\" content=\"article\" \/>\n<meta property=\"og:title\" content=\"M\u00e9xico registra 44 mil 902 casos del virus y 475 muertes -\" \/>\n<meta property=\"og:description\" content=\"Por Redacci\u00f3n QP El n\u00famero de muertes reportado este d\u00eda es el m\u00e1s alto de...\" \/>\n<meta property=\"og:url\" content=\"https:\/\/quehacerpolitico.mx\/?p=88975\" \/>\n<meta property=\"article:published_time\" content=\"2022-01-26T04:21:29+00:00\" \/>\n<meta property=\"article:modified_time\" content=\"2022-01-26T04:21:32+00:00\" \/>\n<meta property=\"og:image\" content=\"https:\/\/quehacerpolitico.mx\/wp-content\/uploads\/2022\/01\/9A833888-6691-445B-AAA0-C05C8F2EDBC5.jpeg\" \/>\n\t<meta property=\"og:image:width\" content=\"1083\" \/>\n\t<meta property=\"og:image:height\" content=\"693\" \/>\n\t<meta property=\"og:image:type\" content=\"image\/jpeg\" \/>\n<meta name=\"author\" content=\"Redacci\u00f3n QP\" \/>\n<meta name=\"twitter:card\" content=\"summary_large_image\" \/>\n<meta name=\"twitter:label1\" content=\"Escrito por\" \/>\n\t<meta name=\"twitter:data1\" content=\"Redacci\u00f3n QP\" \/>\n\t<meta name=\"twitter:label2\" content=\"Tiempo de lectura\" \/>\n\t<meta name=\"twitter:data2\" content=\"2 minutos\" \/>\n<script type=\"application\/ld+json\" class=\"yoast-schema-graph\">{\"@context\":\"https:\\\/\\\/schema.org\",\"@graph\":[{\"@type\":\"Article\",\"@id\":\"https:\\\/\\\/quehacerpolitico.mx\\\/?p=88975#article\",\"isPartOf\":{\"@id\":\"https:\\\/\\\/quehacerpolitico.mx\\\/?p=88975\"},\"author\":{\"name\":\"Redacci\u00f3n QP\",\"@id\":\"https:\\\/\\\/quehacerpolitico.mx\\\/#\\\/schema\\\/person\\\/496d8ad2d1d3f8036101dca7ee39e585\"},\"headline\":\"M\u00e9xico registra 44 mil 902 casos del virus y 475 muertes\",\"datePublished\":\"2022-01-26T04:21:29+00:00\",\"dateModified\":\"2022-01-26T04:21:32+00:00\",\"mainEntityOfPage\":{\"@id\":\"https:\\\/\\\/quehacerpolitico.mx\\\/?p=88975\"},\"wordCount\":449,\"commentCount\":0,\"image\":{\"@id\":\"https:\\\/\\\/quehacerpolitico.mx\\\/?p=88975#primaryimage\"},\"thumbnailUrl\":\"https:\\\/\\\/quehacerpolitico.mx\\\/wp-content\\\/uploads\\\/2022\\\/01\\\/9A833888-6691-445B-AAA0-C05C8F2EDBC5.jpeg\",\"articleSection\":[\"Noticias\"],\"inLanguage\":\"es\",\"potentialAction\":[{\"@type\":\"CommentAction\",\"name\":\"Comment\",\"target\":[\"https:\\\/\\\/quehacerpolitico.mx\\\/?p=88975#respond\"]}]},{\"@type\":\"WebPage\",\"@id\":\"https:\\\/\\\/quehacerpolitico.mx\\\/?p=88975\",\"url\":\"https:\\\/\\\/quehacerpolitico.mx\\\/?p=88975\",\"name\":\"M\u00e9xico registra 44 mil 902 casos del virus y 475 muertes -\",\"isPartOf\":{\"@id\":\"https:\\\/\\\/quehacerpolitico.mx\\\/#website\"},\"primaryImageOfPage\":{\"@id\":\"https:\\\/\\\/quehacerpolitico.mx\\\/?p=88975#primaryimage\"},\"image\":{\"@id\":\"https:\\\/\\\/quehacerpolitico.mx\\\/?p=88975#primaryimage\"},\"thumbnailUrl\":\"https:\\\/\\\/quehacerpolitico.mx\\\/wp-content\\\/uploads\\\/2022\\\/01\\\/9A833888-6691-445B-AAA0-C05C8F2EDBC5.jpeg\",\"datePublished\":\"2022-01-26T04:21:29+00:00\",\"dateModified\":\"2022-01-26T04:21:32+00:00\",\"author\":{\"@id\":\"https:\\\/\\\/quehacerpolitico.mx\\\/#\\\/schema\\\/person\\\/496d8ad2d1d3f8036101dca7ee39e585\"},\"breadcrumb\":{\"@id\":\"https:\\\/\\\/quehacerpolitico.mx\\\/?p=88975#breadcrumb\"},\"inLanguage\":\"es\",\"potentialAction\":[{\"@type\":\"ReadAction\",\"target\":[\"https:\\\/\\\/quehacerpolitico.mx\\\/?p=88975\"]}]},{\"@type\":\"ImageObject\",\"inLanguage\":\"es\",\"@id\":\"https:\\\/\\\/quehacerpolitico.mx\\\/?p=88975#primaryimage\",\"url\":\"https:\\\/\\\/quehacerpolitico.mx\\\/wp-content\\\/uploads\\\/2022\\\/01\\\/9A833888-6691-445B-AAA0-C05C8F2EDBC5.jpeg\",\"contentUrl\":\"https:\\\/\\\/quehacerpolitico.mx\\\/wp-content\\\/uploads\\\/2022\\\/01\\\/9A833888-6691-445B-AAA0-C05C8F2EDBC5.jpeg\",\"width\":1083,\"height\":693},{\"@type\":\"BreadcrumbList\",\"@id\":\"https:\\\/\\\/quehacerpolitico.mx\\\/?p=88975#breadcrumb\",\"itemListElement\":[{\"@type\":\"ListItem\",\"position\":1,\"name\":\"Inicio\",\"item\":\"https:\\\/\\\/quehacerpolitico.mx\\\/\"},{\"@type\":\"ListItem\",\"position\":2,\"name\":\"M\u00e9xico registra 44 mil 902 casos del virus y 475 muertes\"}]},{\"@type\":\"WebSite\",\"@id\":\"https:\\\/\\\/quehacerpolitico.mx\\\/#website\",\"url\":\"https:\\\/\\\/quehacerpolitico.mx\\\/\",\"name\":\"\",\"description\":\"\",\"potentialAction\":[{\"@type\":\"SearchAction\",\"target\":{\"@type\":\"EntryPoint\",\"urlTemplate\":\"https:\\\/\\\/quehacerpolitico.mx\\\/?s={search_term_string}\"},\"query-input\":{\"@type\":\"PropertyValueSpecification\",\"valueRequired\":true,\"valueName\":\"search_term_string\"}}],\"inLanguage\":\"es\"},{\"@type\":\"Person\",\"@id\":\"https:\\\/\\\/quehacerpolitico.mx\\\/#\\\/schema\\\/person\\\/496d8ad2d1d3f8036101dca7ee39e585\",\"name\":\"Redacci\u00f3n QP\",\"image\":{\"@type\":\"ImageObject\",\"inLanguage\":\"es\",\"@id\":\"https:\\\/\\\/secure.gravatar.com\\\/avatar\\\/c7164ed6fdec453195284ad24a5ae5b6e1eed2b848477fa2a4787ba9adf39a41?s=96&d=mm&r=g\",\"url\":\"https:\\\/\\\/secure.gravatar.com\\\/avatar\\\/c7164ed6fdec453195284ad24a5ae5b6e1eed2b848477fa2a4787ba9adf39a41?s=96&d=mm&r=g\",\"contentUrl\":\"https:\\\/\\\/secure.gravatar.com\\\/avatar\\\/c7164ed6fdec453195284ad24a5ae5b6e1eed2b848477fa2a4787ba9adf39a41?s=96&d=mm&r=g\",\"caption\":\"Redacci\u00f3n QP\"},\"url\":\"https:\\\/\\\/quehacerpolitico.mx\\\/?author=2\"}]}<\/script>\n<!-- \/ Yoast SEO plugin. -->","yoast_head_json":{"title":"M\u00e9xico registra 44 mil 902 casos del virus y 475 muertes -","robots":{"index":"index","follow":"follow","max-snippet":"max-snippet:-1","max-image-preview":"max-image-preview:large","max-video-preview":"max-video-preview:-1"},"canonical":"https:\/\/quehacerpolitico.mx\/?p=88975","og_locale":"es_MX","og_type":"article","og_title":"M\u00e9xico registra 44 mil 902 casos del virus y 475 muertes -","og_description":"Por Redacci\u00f3n QP El n\u00famero de muertes reportado este d\u00eda es el m\u00e1s alto de...","og_url":"https:\/\/quehacerpolitico.mx\/?p=88975","article_published_time":"2022-01-26T04:21:29+00:00","article_modified_time":"2022-01-26T04:21:32+00:00","og_image":[{"width":1083,"height":693,"url":"https:\/\/quehacerpolitico.mx\/wp-content\/uploads\/2022\/01\/9A833888-6691-445B-AAA0-C05C8F2EDBC5.jpeg","type":"image\/jpeg"}],"author":"Redacci\u00f3n QP","twitter_card":"summary_large_image","twitter_misc":{"Escrito por":"Redacci\u00f3n QP","Tiempo de lectura":"2 minutos"},"schema":{"@context":"https:\/\/schema.org","@graph":[{"@type":"Article","@id":"https:\/\/quehacerpolitico.mx\/?p=88975#article","isPartOf":{"@id":"https:\/\/quehacerpolitico.mx\/?p=88975"},"author":{"name":"Redacci\u00f3n QP","@id":"https:\/\/quehacerpolitico.mx\/#\/schema\/person\/496d8ad2d1d3f8036101dca7ee39e585"},"headline":"M\u00e9xico registra 44 mil 902 casos del virus y 475 muertes","datePublished":"2022-01-26T04:21:29+00:00","dateModified":"2022-01-26T04:21:32+00:00","mainEntityOfPage":{"@id":"https:\/\/quehacerpolitico.mx\/?p=88975"},"wordCount":449,"commentCount":0,"image":{"@id":"https:\/\/quehacerpolitico.mx\/?p=88975#primaryimage"},"thumbnailUrl":"https:\/\/quehacerpolitico.mx\/wp-content\/uploads\/2022\/01\/9A833888-6691-445B-AAA0-C05C8F2EDBC5.jpeg","articleSection":["Noticias"],"inLanguage":"es","potentialAction":[{"@type":"CommentAction","name":"Comment","target":["https:\/\/quehacerpolitico.mx\/?p=88975#respond"]}]},{"@type":"WebPage","@id":"https:\/\/quehacerpolitico.mx\/?p=88975","url":"https:\/\/quehacerpolitico.mx\/?p=88975","name":"M\u00e9xico registra 44 mil 902 casos del virus y 475 muertes -","isPartOf":{"@id":"https:\/\/quehacerpolitico.mx\/#website"},"primaryImageOfPage":{"@id":"https:\/\/quehacerpolitico.mx\/?p=88975#primaryimage"},"image":{"@id":"https:\/\/quehacerpolitico.mx\/?p=88975#primaryimage"},"thumbnailUrl":"https:\/\/quehacerpolitico.mx\/wp-content\/uploads\/2022\/01\/9A833888-6691-445B-AAA0-C05C8F2EDBC5.jpeg","datePublished":"2022-01-26T04:21:29+00:00","dateModified":"2022-01-26T04:21:32+00:00","author":{"@id":"https:\/\/quehacerpolitico.mx\/#\/schema\/person\/496d8ad2d1d3f8036101dca7ee39e585"},"breadcrumb":{"@id":"https:\/\/quehacerpolitico.mx\/?p=88975#breadcrumb"},"inLanguage":"es","potentialAction":[{"@type":"ReadAction","target":["https:\/\/quehacerpolitico.mx\/?p=88975"]}]},{"@type":"ImageObject","inLanguage":"es","@id":"https:\/\/quehacerpolitico.mx\/?p=88975#primaryimage","url":"https:\/\/quehacerpolitico.mx\/wp-content\/uploads\/2022\/01\/9A833888-6691-445B-AAA0-C05C8F2EDBC5.jpeg","contentUrl":"https:\/\/quehacerpolitico.mx\/wp-content\/uploads\/2022\/01\/9A833888-6691-445B-AAA0-C05C8F2EDBC5.jpeg","width":1083,"height":693},{"@type":"BreadcrumbList","@id":"https:\/\/quehacerpolitico.mx\/?p=88975#breadcrumb","itemListElement":[{"@type":"ListItem","position":1,"name":"Inicio","item":"https:\/\/quehacerpolitico.mx\/"},{"@type":"ListItem","position":2,"name":"M\u00e9xico registra 44 mil 902 casos del virus y 475 muertes"}]},{"@type":"WebSite","@id":"https:\/\/quehacerpolitico.mx\/#website","url":"https:\/\/quehacerpolitico.mx\/","name":"","description":"","potentialAction":[{"@type":"SearchAction","target":{"@type":"EntryPoint","urlTemplate":"https:\/\/quehacerpolitico.mx\/?s={search_term_string}"},"query-input":{"@type":"PropertyValueSpecification","valueRequired":true,"valueName":"search_term_string"}}],"inLanguage":"es"},{"@type":"Person","@id":"https:\/\/quehacerpolitico.mx\/#\/schema\/person\/496d8ad2d1d3f8036101dca7ee39e585","name":"Redacci\u00f3n QP","image":{"@type":"ImageObject","inLanguage":"es","@id":"https:\/\/secure.gravatar.com\/avatar\/c7164ed6fdec453195284ad24a5ae5b6e1eed2b848477fa2a4787ba9adf39a41?s=96&d=mm&r=g","url":"https:\/\/secure.gravatar.com\/avatar\/c7164ed6fdec453195284ad24a5ae5b6e1eed2b848477fa2a4787ba9adf39a41?s=96&d=mm&r=g","contentUrl":"https:\/\/secure.gravatar.com\/avatar\/c7164ed6fdec453195284ad24a5ae5b6e1eed2b848477fa2a4787ba9adf39a41?s=96&d=mm&r=g","caption":"Redacci\u00f3n QP"},"url":"https:\/\/quehacerpolitico.mx\/?author=2"}]}},"featured_image_urls":{"full":["https:\/\/quehacerpolitico.mx\/wp-content\/uploads\/2022\/01\/9A833888-6691-445B-AAA0-C05C8F2EDBC5.jpeg",1083,693,false],"thumbnail":["https:\/\/quehacerpolitico.mx\/wp-content\/uploads\/2022\/01\/9A833888-6691-445B-AAA0-C05C8F2EDBC5-150x150.jpeg",150,150,true],"medium":["https:\/\/quehacerpolitico.mx\/wp-content\/uploads\/2022\/01\/9A833888-6691-445B-AAA0-C05C8F2EDBC5-300x192.jpeg",300,192,true],"medium_large":["https:\/\/quehacerpolitico.mx\/wp-content\/uploads\/2022\/01\/9A833888-6691-445B-AAA0-C05C8F2EDBC5-768x491.jpeg",640,409,true],"large":["https:\/\/quehacerpolitico.mx\/wp-content\/uploads\/2022\/01\/9A833888-6691-445B-AAA0-C05C8F2EDBC5-1024x655.jpeg",640,409,true],"1536x1536":["https:\/\/quehacerpolitico.mx\/wp-content\/uploads\/2022\/01\/9A833888-6691-445B-AAA0-C05C8F2EDBC5.jpeg",1083,693,false],"2048x2048":["https:\/\/quehacerpolitico.mx\/wp-content\/uploads\/2022\/01\/9A833888-6691-445B-AAA0-C05C8F2EDBC5.jpeg",1083,693,false],"covernews-featured":["https:\/\/quehacerpolitico.mx\/wp-content\/uploads\/2022\/01\/9A833888-6691-445B-AAA0-C05C8F2EDBC5.jpeg",1024,655,false],"covernews-medium":["https:\/\/quehacerpolitico.mx\/wp-content\/uploads\/2022\/01\/9A833888-6691-445B-AAA0-C05C8F2EDBC5.jpeg",531,340,false]},"author_info":{"display_name":"Redacci\u00f3n QP","author_link":"https:\/\/quehacerpolitico.mx\/?author=2"},"category_info":"<a href=\"https:\/\/quehacerpolitico.mx\/?cat=2\" rel=\"category\">Noticias<\/a>","tag_info":"Noticias","comment_count":"0","_links":{"self":[{"href":"https:\/\/quehacerpolitico.mx\/index.php?rest_route=\/wp\/v2\/posts\/88975","targetHints":{"allow":["GET"]}}],"collection":[{"href":"https:\/\/quehacerpolitico.mx\/index.php?rest_route=\/wp\/v2\/posts"}],"about":[{"href":"https:\/\/quehacerpolitico.mx\/index.php?rest_route=\/wp\/v2\/types\/post"}],"author":[{"embeddable":true,"href":"https:\/\/quehacerpolitico.mx\/index.php?rest_route=\/wp\/v2\/users\/2"}],"replies":[{"embeddable":true,"href":"https:\/\/quehacerpolitico.mx\/index.php?rest_route=%2Fwp%2Fv2%2Fcomments&post=88975"}],"version-history":[{"count":1,"href":"https:\/\/quehacerpolitico.mx\/index.php?rest_route=\/wp\/v2\/posts\/88975\/revisions"}],"predecessor-version":[{"id":88982,"href":"https:\/\/quehacerpolitico.mx\/index.php?rest_route=\/wp\/v2\/posts\/88975\/revisions\/88982"}],"wp:featuredmedia":[{"embeddable":true,"href":"https:\/\/quehacerpolitico.mx\/index.php?rest_route=\/wp\/v2\/media\/88981"}],"wp:attachment":[{"href":"https:\/\/quehacerpolitico.mx\/index.php?rest_route=%2Fwp%2Fv2%2Fmedia&parent=88975"}],"wp:term":[{"taxonomy":"category","embeddable":true,"href":"https:\/\/quehacerpolitico.mx\/index.php?rest_route=%2Fwp%2Fv2%2Fcategories&post=88975"},{"taxonomy":"post_tag","embeddable":true,"href":"https:\/\/quehacerpolitico.mx\/index.php?rest_route=%2Fwp%2Fv2%2Ftags&post=88975"}],"curies":[{"name":"wp","href":"https:\/\/api.w.org\/{rel}","templated":true}]}}