{"id":88970,"date":"2022-01-25T18:23:31","date_gmt":"2022-01-25T18:23:31","guid":{"rendered":"https:\/\/quehacerpolitico.mx\/?p=88970"},"modified":"2022-01-25T18:23:34","modified_gmt":"2022-01-25T18:23:34","slug":"centros-comerciales-renovarse-ante-covid-19","status":"publish","type":"post","link":"https:\/\/quehacerpolitico.mx\/?p=88970","title":{"rendered":"Centros comerciales renovarse ante COVID-19"},"content":{"rendered":"\n<figure class=\"wp-block-image size-large\"><img loading=\"lazy\" decoding=\"async\" width=\"1024\" height=\"570\" src=\"https:\/\/quehacerpolitico.mx\/wp-content\/uploads\/2022\/01\/image-109-1024x570.jpeg\" alt=\"\" class=\"wp-image-88972\" srcset=\"https:\/\/quehacerpolitico.mx\/wp-content\/uploads\/2022\/01\/image-109-1024x570.jpeg 1024w, https:\/\/quehacerpolitico.mx\/wp-content\/uploads\/2022\/01\/image-109-300x167.jpeg 300w, https:\/\/quehacerpolitico.mx\/wp-content\/uploads\/2022\/01\/image-109-768x428.jpeg 768w, https:\/\/quehacerpolitico.mx\/wp-content\/uploads\/2022\/01\/image-109-260x146.jpeg 260w, https:\/\/quehacerpolitico.mx\/wp-content\/uploads\/2022\/01\/image-109-50x28.jpeg 50w, https:\/\/quehacerpolitico.mx\/wp-content\/uploads\/2022\/01\/image-109-135x75.jpeg 135w, https:\/\/quehacerpolitico.mx\/wp-content\/uploads\/2022\/01\/image-109.jpeg 1284w\" sizes=\"auto, (max-width: 1024px) 100vw, 1024px\" \/><\/figure>\n\n\n\n<p>Por Redacci\u00f3n NotiExpress | La Revista del Sector Inmobiliario<\/p>\n\n\n\n<p>Debido a la pandemia por&nbsp;<strong>COVID-19<\/strong>&nbsp;los&nbsp;<strong>centros comerciales en M\u00e9xico<\/strong>&nbsp;tuvieron que clausurar muchas de las&nbsp;<strong>actividades comerciales y de entretenimiento<\/strong>&nbsp;que ofrec\u00edan, lo cual provoc\u00f3 una disminuci\u00f3n en el flujo econ\u00f3mico que estas plazas generan cotidianamente.<\/p>\n\n\n\n<p>El progreso que un\u00a0<strong>centro comercial<\/strong>\u00a0tiene en la actualidad se ha vinculado estrechamente con un giro o modificaci\u00f3n radical en cuanto a sus<strong>\u00a0actividades,<\/strong>\u00a0algunas relacionadas con el\u00a0<strong>sector salud,<\/strong>\u00a0lo cual ha provocado que otros rubros comerciales y sociales viren la vista hacia estas.<\/p>\n\n\n\n<figure class=\"wp-block-image size-full\"><img loading=\"lazy\" decoding=\"async\" width=\"640\" height=\"480\" src=\"https:\/\/quehacerpolitico.mx\/wp-content\/uploads\/2022\/01\/image-108.jpeg\" alt=\"\" class=\"wp-image-88971\" srcset=\"https:\/\/quehacerpolitico.mx\/wp-content\/uploads\/2022\/01\/image-108.jpeg 640w, https:\/\/quehacerpolitico.mx\/wp-content\/uploads\/2022\/01\/image-108-300x225.jpeg 300w, https:\/\/quehacerpolitico.mx\/wp-content\/uploads\/2022\/01\/image-108-195x146.jpeg 195w, https:\/\/quehacerpolitico.mx\/wp-content\/uploads\/2022\/01\/image-108-50x38.jpeg 50w, https:\/\/quehacerpolitico.mx\/wp-content\/uploads\/2022\/01\/image-108-100x75.jpeg 100w\" sizes=\"auto, (max-width: 640px) 100vw, 640px\" \/><\/figure>\n\n\n\n<h2 class=\"wp-block-heading\"><strong>Evoluci\u00f3n de los centros comerciales en M\u00e9xico<\/strong><\/h2>\n\n\n\n<p>La&nbsp;<strong>renta de locales en plazas y centros comerciales<\/strong>&nbsp;tuvo durante el \u00faltimo trimestre del 2021 una participaci\u00f3n del&nbsp;<strong>7%<\/strong>&nbsp;en comparaci\u00f3n con su actividad de todo el a\u00f1o, de acuerdo a datos del&nbsp;<strong>portal inmobiliario Lamudi,<\/strong>&nbsp;lo cual es poco a comparaci\u00f3n de a\u00f1os pasados en donde se ve\u00eda una<strong>&nbsp;mayor contribuci\u00f3n econ\u00f3mica.<\/strong><\/p>\n\n\n\n<p>Los<strong>&nbsp;centros comerciales<\/strong>&nbsp;han modificado su estructura de manera paulatina, esto lo vemos reflejado en las nuevas necesidades que los usuarios tienen, ya que los mismos exigen<strong>&nbsp;experiencias m\u00e1s din\u00e1micas, familiares<\/strong>&nbsp;y que los hagan&nbsp;<strong>entretenerse<\/strong>&nbsp;despu\u00e9s del largo confinamiento.<\/p>\n\n\n\n<p>Este fen\u00f3meno social no solo<strong>\u00a0afect\u00f3 la manera de consumo<\/strong>, sino el giro que muchos comercios tuvieron al generar un\u00a0<strong>amplio cat\u00e1logo de servicios<\/strong>\u00a0y por ende el tipo de locales que fueron rentados.<\/p>\n\n\n\n<div class=\"wp-block-image\"><figure class=\"aligncenter\"><img decoding=\"async\" src=\"https:\/\/www.lamudi.com.mx\/journal\/wp-content\/uploads\/2022\/01\/shutterstock_183539141-1.jpg\" alt=\"centros comerciales\" class=\"wp-image-22071\"\/><\/figure><\/div>\n\n\n\n<p>Para los&nbsp;<strong>desarrolladores inmobiliarios<\/strong>&nbsp;represent\u00f3 un reto el modificar las&nbsp;<strong>costumbres de sus plazas comerciales,<\/strong>sin embargo, poco a poco se percataron que m\u00e1s l\u00edneas de acci\u00f3n eran posibles para implementar en dichos centros.<\/p>\n\n\n\n<p>M\u00e9xico es uno de los&nbsp;<strong>pa\u00edses en Latinoam\u00e9rica<\/strong>&nbsp;que cuenta con m\u00e1s plazas; los&nbsp;<strong>centros comerciales CDMX<\/strong>&nbsp;se llevan la delantera, por lo que tambi\u00e9n durante el a\u00f1o pasado pudimos vislumbrar una apertura de alrededor de<strong>&nbsp;266 mil metros cuadrados<\/strong>&nbsp;en la capital de acuerdo a cifras de diversos expertos.<\/p>\n\n\n\n<h2 class=\"wp-block-heading\"><strong>Innovaci\u00f3n en centros comerciales 2022<\/strong><\/h2>\n\n\n\n<p>La&nbsp;<strong>implementaci\u00f3n de nuevas maneras de consumo<\/strong>&nbsp;ha atra\u00eddo la atenci\u00f3n de los ciudadanos mexicanos a los centros comerciales, generando un incremento en los visitantes cada vez m\u00e1s amplio. Ante ello&nbsp;<strong>muchas plazas<\/strong>han tenido que reconfigurar el sentido en que son concebidas, desde sus&nbsp;<strong>espacios<\/strong>&nbsp;hasta la manera en que&nbsp;<strong>conviven con el p\u00fablico y los comerciantes.<\/strong><\/p>\n\n\n\n<p>Las<strong>&nbsp;tecnolog\u00edas sustentables<\/strong>&nbsp;han transformado a diversos&nbsp;<strong>centros comerciales de M\u00e9xico<\/strong>&nbsp;en sitios de referencia para el&nbsp;<strong>desarrollo ecol\u00f3gico<\/strong>, por lo que diversos inversionistas han<strong>&nbsp;decidido optimizar y reducir<\/strong>su huella ambiental a trav\u00e9s de sus operaciones y construcciones en estos sitios de entretenimiento comercial.<\/p>\n\n\n\n<div class=\"wp-block-image\"><figure class=\"aligncenter\"><a href=\"https:\/\/www.lamudi.com.mx\/journal\/wp-content\/uploads\/2022\/01\/shutterstock_258487925-1.jpg\" data-src=\"https:\/\/www.lamudi.com.mx\/journal\/wp-content\/uploads\/2022\/01\/shutterstock_258487925-1.jpg\" data-thumb=\"https:\/\/www.lamudi.com.mx\/journal\/wp-content\/uploads\/2022\/01\/shutterstock_258487925-1.jpg\" class=\"ml-lightbox-enabled\"><img decoding=\"async\" src=\"https:\/\/www.lamudi.com.mx\/journal\/wp-content\/uploads\/2022\/01\/shutterstock_258487925-1.jpg\" alt=\"centros comerciales\" class=\"wp-image-22072\"\/><\/a><\/figure><\/div>\n\n\n\n<p>El&nbsp;<strong>cuidado del ambiente<\/strong>&nbsp;es un concepto que hoy se vuelve realidad gracias al compromiso de&nbsp;<strong>desarrolladores<\/strong>&nbsp;que le apuestan a la sostenibilidad en sus centros comerciales, por ello esto ser\u00e1 una tendencia en aumento durante los pr\u00f3ximos a\u00f1os.<\/p>\n\n\n\n<p>En el \u00e1mbito de salud tambi\u00e9n se ha visto innovaci\u00f3n para aquellas&nbsp;<strong>plazas cerca<\/strong>&nbsp;a centros hospitalarios o que cuentan con los mismos dentro de sus instalaciones. Entre las&nbsp;<strong>nuevas implementaciones que nos trajo la pandemia<\/strong>&nbsp;en los centros comerciales se encuentran:<\/p>\n\n\n\n<ul class=\"wp-block-list\"><li><strong>M\u00f3dulos COVID de pruebas<\/strong>&nbsp;de ant\u00edgenos y PCR r\u00e1pidas<\/li><li>Atenci\u00f3n m\u00e9dica en&nbsp;<strong>m\u00f3dulos o islas a personas con COVID<\/strong><\/li><li>Comercios relacionados con la&nbsp;<strong>venta de desinfectantes, higiene y m\u00e1s<\/strong><\/li><li>Aumento de<strong>&nbsp;farmacias en centros comerciales<\/strong><\/li><\/ul>\n\n\n\n<p>Mientras tanto otros&nbsp;<strong>centros comerciales<\/strong>&nbsp;optan por tener experiencias m\u00e1s inmersivas en rubros como el arte a trav\u00e9s de la&nbsp;<strong>apertura de galer\u00edas y shows<\/strong>&nbsp;m\u00e1s especializados, as\u00ed como&nbsp;<strong>espect\u00e1culos abiertos al p\u00fablico<\/strong>&nbsp;pero limitados por la pandemia.<\/p>\n\n\n\n<p>Los\u00a0<strong>centros comerciales<\/strong>\u00a0tambi\u00e9n han implementado centros gubernamentales y m\u00f3dulos r\u00e1pidos que sirven como sustituci\u00f3n a las oficinas burocr\u00e1ticas que durante la pandemia estuvieron<strong>\u00a0cerradas o limitadas en aforo,<\/strong>\u00a0por lo que tambi\u00e9n fue parte de la innovaci\u00f3n en servicios.<\/p>\n\n\n\n<p>Los\u00a0<strong>centros de pickup fast<\/strong>\u00a0o puntos para recoger productos de los grandes consorcios o supermercados tambi\u00e9n son una implementaci\u00f3n en las<strong>\u00a0plazas comerciales<\/strong>\u00a0que benefici\u00f3 mucho a los consumidores haciendo sus<strong>\u00a0transacciones m\u00e1s sencillas<\/strong>\u00a0al no tener que bajar de su autom\u00f3vil mientras que interact\u00faan con el sitio sin exponerse.<\/p>\n\n\n\n<div class=\"wp-block-image\"><figure class=\"aligncenter\"><a href=\"https:\/\/www.lamudi.com.mx\/journal\/wp-content\/uploads\/2022\/01\/shutterstock_1712566429-1.jpg\" data-src=\"https:\/\/www.lamudi.com.mx\/journal\/wp-content\/uploads\/2022\/01\/shutterstock_1712566429-1.jpg\" data-thumb=\"https:\/\/www.lamudi.com.mx\/journal\/wp-content\/uploads\/2022\/01\/shutterstock_1712566429-1.jpg\" class=\"ml-lightbox-enabled\"><img decoding=\"async\" src=\"https:\/\/www.lamudi.com.mx\/journal\/wp-content\/uploads\/2022\/01\/shutterstock_1712566429-1.jpg\" alt=\"centros comerciales\" class=\"wp-image-22073\"\/><\/a><\/figure><\/div>\n\n\n\n<p>Los usos mixtos que pueden establecerse en los centros comerciales tambi\u00e9n es un tema interesante para la\u00a0<strong>industria comercial,<\/strong>\u00a0por lo que hoy se sigue considerando la posibilidad de\u00a0<strong>mezclar residencias, oficinas y centros comerciales<\/strong>\u00a0en un solo espacio, cuesti\u00f3n tal que ya se ha visto en\u00a0<strong>diversos sitios<\/strong>\u00a0principalmente en la CDMX.<\/p>\n\n\n\n<p>Los\u00a0<strong>nuevos proyectos<\/strong>\u00a0que se desarrollen en ciudades aleda\u00f1as y principales de M\u00e9xico tendr\u00e1n que estar dise\u00f1ados para la\u00a0<strong>nueva normalidad y los h\u00e1bitos de consumo<\/strong>\u00a0que no impliquen demasiada interacci\u00f3n, por ello es que a\u00fan tendremos que ver el\u00a0<strong>desarrollo de los centros comerciales<\/strong>\u00a0durante los pr\u00f3ximos meses.<\/p>\n\n\n\n<p>Sabias que en NotiExpress | La Revista del Sector inmobiliario?<\/p>\n\n\n\n<p>Generamos contenidos que te ayudar\u00e1n a mantenerte a la vanguardia en tecnolog\u00eda y en tendencias del sector inmobiliario para que puedas ofrecer el mejor servicio y generar m\u00e1s clientes.<\/p>\n","protected":false},"excerpt":{"rendered":"<p>Por Redacci\u00f3n NotiExpress | La Revista del Sector Inmobiliario Debido a la pandemia por&nbsp;COVID-19&nbsp;los&nbsp;centros comerciales&#8230;<\/p>\n","protected":false},"author":2,"featured_media":88973,"comment_status":"open","ping_status":"open","sticky":false,"template":"","format":"standard","meta":{"_monsterinsights_skip_tracking":false,"_monsterinsights_sitenote_active":false,"_monsterinsights_sitenote_note":"","_monsterinsights_sitenote_category":0,"footnotes":""},"categories":[56],"tags":[],"class_list":["post-88970","post","type-post","status-publish","format-standard","has-post-thumbnail","hentry","category-economia"],"yoast_head":"<!-- This site is optimized with the Yoast SEO plugin v27.3 - https:\/\/yoast.com\/product\/yoast-seo-wordpress\/ -->\n<title>Centros comerciales renovarse ante COVID-19 -<\/title>\n<meta name=\"robots\" content=\"index, follow, max-snippet:-1, max-image-preview:large, max-video-preview:-1\" \/>\n<link rel=\"canonical\" href=\"https:\/\/quehacerpolitico.mx\/?p=88970\" \/>\n<meta property=\"og:locale\" content=\"es_MX\" \/>\n<meta property=\"og:type\" content=\"article\" \/>\n<meta property=\"og:title\" content=\"Centros comerciales renovarse ante COVID-19 -\" \/>\n<meta property=\"og:description\" content=\"Por Redacci\u00f3n NotiExpress | La Revista del Sector Inmobiliario Debido a la pandemia por&nbsp;COVID-19&nbsp;los&nbsp;centros comerciales...\" \/>\n<meta property=\"og:url\" content=\"https:\/\/quehacerpolitico.mx\/?p=88970\" \/>\n<meta property=\"article:published_time\" content=\"2022-01-25T18:23:31+00:00\" \/>\n<meta property=\"article:modified_time\" content=\"2022-01-25T18:23:34+00:00\" \/>\n<meta property=\"og:image\" content=\"https:\/\/quehacerpolitico.mx\/wp-content\/uploads\/2022\/01\/D69D3A38-8EA6-4F65-9073-BC4FC2660143.jpeg\" \/>\n\t<meta property=\"og:image:width\" content=\"876\" \/>\n\t<meta property=\"og:image:height\" content=\"572\" \/>\n\t<meta property=\"og:image:type\" content=\"image\/jpeg\" \/>\n<meta name=\"author\" content=\"Redacci\u00f3n QP\" \/>\n<meta name=\"twitter:card\" content=\"summary_large_image\" \/>\n<meta name=\"twitter:label1\" content=\"Escrito por\" \/>\n\t<meta name=\"twitter:data1\" content=\"Redacci\u00f3n QP\" \/>\n\t<meta name=\"twitter:label2\" content=\"Tiempo de lectura\" \/>\n\t<meta name=\"twitter:data2\" content=\"5 minutos\" \/>\n<script type=\"application\/ld+json\" class=\"yoast-schema-graph\">{\"@context\":\"https:\\\/\\\/schema.org\",\"@graph\":[{\"@type\":\"Article\",\"@id\":\"https:\\\/\\\/quehacerpolitico.mx\\\/?p=88970#article\",\"isPartOf\":{\"@id\":\"https:\\\/\\\/quehacerpolitico.mx\\\/?p=88970\"},\"author\":{\"name\":\"Redacci\u00f3n QP\",\"@id\":\"https:\\\/\\\/quehacerpolitico.mx\\\/#\\\/schema\\\/person\\\/496d8ad2d1d3f8036101dca7ee39e585\"},\"headline\":\"Centros comerciales renovarse ante COVID-19\",\"datePublished\":\"2022-01-25T18:23:31+00:00\",\"dateModified\":\"2022-01-25T18:23:34+00:00\",\"mainEntityOfPage\":{\"@id\":\"https:\\\/\\\/quehacerpolitico.mx\\\/?p=88970\"},\"wordCount\":943,\"commentCount\":0,\"image\":{\"@id\":\"https:\\\/\\\/quehacerpolitico.mx\\\/?p=88970#primaryimage\"},\"thumbnailUrl\":\"https:\\\/\\\/quehacerpolitico.mx\\\/wp-content\\\/uploads\\\/2022\\\/01\\\/D69D3A38-8EA6-4F65-9073-BC4FC2660143.jpeg\",\"articleSection\":[\"Econom\u00eda\"],\"inLanguage\":\"es\",\"potentialAction\":[{\"@type\":\"CommentAction\",\"name\":\"Comment\",\"target\":[\"https:\\\/\\\/quehacerpolitico.mx\\\/?p=88970#respond\"]}]},{\"@type\":\"WebPage\",\"@id\":\"https:\\\/\\\/quehacerpolitico.mx\\\/?p=88970\",\"url\":\"https:\\\/\\\/quehacerpolitico.mx\\\/?p=88970\",\"name\":\"Centros comerciales renovarse ante COVID-19 -\",\"isPartOf\":{\"@id\":\"https:\\\/\\\/quehacerpolitico.mx\\\/#website\"},\"primaryImageOfPage\":{\"@id\":\"https:\\\/\\\/quehacerpolitico.mx\\\/?p=88970#primaryimage\"},\"image\":{\"@id\":\"https:\\\/\\\/quehacerpolitico.mx\\\/?p=88970#primaryimage\"},\"thumbnailUrl\":\"https:\\\/\\\/quehacerpolitico.mx\\\/wp-content\\\/uploads\\\/2022\\\/01\\\/D69D3A38-8EA6-4F65-9073-BC4FC2660143.jpeg\",\"datePublished\":\"2022-01-25T18:23:31+00:00\",\"dateModified\":\"2022-01-25T18:23:34+00:00\",\"author\":{\"@id\":\"https:\\\/\\\/quehacerpolitico.mx\\\/#\\\/schema\\\/person\\\/496d8ad2d1d3f8036101dca7ee39e585\"},\"breadcrumb\":{\"@id\":\"https:\\\/\\\/quehacerpolitico.mx\\\/?p=88970#breadcrumb\"},\"inLanguage\":\"es\",\"potentialAction\":[{\"@type\":\"ReadAction\",\"target\":[\"https:\\\/\\\/quehacerpolitico.mx\\\/?p=88970\"]}]},{\"@type\":\"ImageObject\",\"inLanguage\":\"es\",\"@id\":\"https:\\\/\\\/quehacerpolitico.mx\\\/?p=88970#primaryimage\",\"url\":\"https:\\\/\\\/quehacerpolitico.mx\\\/wp-content\\\/uploads\\\/2022\\\/01\\\/D69D3A38-8EA6-4F65-9073-BC4FC2660143.jpeg\",\"contentUrl\":\"https:\\\/\\\/quehacerpolitico.mx\\\/wp-content\\\/uploads\\\/2022\\\/01\\\/D69D3A38-8EA6-4F65-9073-BC4FC2660143.jpeg\",\"width\":876,\"height\":572},{\"@type\":\"BreadcrumbList\",\"@id\":\"https:\\\/\\\/quehacerpolitico.mx\\\/?p=88970#breadcrumb\",\"itemListElement\":[{\"@type\":\"ListItem\",\"position\":1,\"name\":\"Inicio\",\"item\":\"https:\\\/\\\/quehacerpolitico.mx\\\/\"},{\"@type\":\"ListItem\",\"position\":2,\"name\":\"Centros comerciales renovarse ante COVID-19\"}]},{\"@type\":\"WebSite\",\"@id\":\"https:\\\/\\\/quehacerpolitico.mx\\\/#website\",\"url\":\"https:\\\/\\\/quehacerpolitico.mx\\\/\",\"name\":\"\",\"description\":\"\",\"potentialAction\":[{\"@type\":\"SearchAction\",\"target\":{\"@type\":\"EntryPoint\",\"urlTemplate\":\"https:\\\/\\\/quehacerpolitico.mx\\\/?s={search_term_string}\"},\"query-input\":{\"@type\":\"PropertyValueSpecification\",\"valueRequired\":true,\"valueName\":\"search_term_string\"}}],\"inLanguage\":\"es\"},{\"@type\":\"Person\",\"@id\":\"https:\\\/\\\/quehacerpolitico.mx\\\/#\\\/schema\\\/person\\\/496d8ad2d1d3f8036101dca7ee39e585\",\"name\":\"Redacci\u00f3n QP\",\"image\":{\"@type\":\"ImageObject\",\"inLanguage\":\"es\",\"@id\":\"https:\\\/\\\/secure.gravatar.com\\\/avatar\\\/c7164ed6fdec453195284ad24a5ae5b6e1eed2b848477fa2a4787ba9adf39a41?s=96&d=mm&r=g\",\"url\":\"https:\\\/\\\/secure.gravatar.com\\\/avatar\\\/c7164ed6fdec453195284ad24a5ae5b6e1eed2b848477fa2a4787ba9adf39a41?s=96&d=mm&r=g\",\"contentUrl\":\"https:\\\/\\\/secure.gravatar.com\\\/avatar\\\/c7164ed6fdec453195284ad24a5ae5b6e1eed2b848477fa2a4787ba9adf39a41?s=96&d=mm&r=g\",\"caption\":\"Redacci\u00f3n QP\"},\"url\":\"https:\\\/\\\/quehacerpolitico.mx\\\/?author=2\"}]}<\/script>\n<!-- \/ Yoast SEO plugin. -->","yoast_head_json":{"title":"Centros comerciales renovarse ante COVID-19 -","robots":{"index":"index","follow":"follow","max-snippet":"max-snippet:-1","max-image-preview":"max-image-preview:large","max-video-preview":"max-video-preview:-1"},"canonical":"https:\/\/quehacerpolitico.mx\/?p=88970","og_locale":"es_MX","og_type":"article","og_title":"Centros comerciales renovarse ante COVID-19 -","og_description":"Por Redacci\u00f3n NotiExpress | La Revista del Sector Inmobiliario Debido a la pandemia por&nbsp;COVID-19&nbsp;los&nbsp;centros comerciales...","og_url":"https:\/\/quehacerpolitico.mx\/?p=88970","article_published_time":"2022-01-25T18:23:31+00:00","article_modified_time":"2022-01-25T18:23:34+00:00","og_image":[{"width":876,"height":572,"url":"https:\/\/quehacerpolitico.mx\/wp-content\/uploads\/2022\/01\/D69D3A38-8EA6-4F65-9073-BC4FC2660143.jpeg","type":"image\/jpeg"}],"author":"Redacci\u00f3n QP","twitter_card":"summary_large_image","twitter_misc":{"Escrito por":"Redacci\u00f3n QP","Tiempo de lectura":"5 minutos"},"schema":{"@context":"https:\/\/schema.org","@graph":[{"@type":"Article","@id":"https:\/\/quehacerpolitico.mx\/?p=88970#article","isPartOf":{"@id":"https:\/\/quehacerpolitico.mx\/?p=88970"},"author":{"name":"Redacci\u00f3n QP","@id":"https:\/\/quehacerpolitico.mx\/#\/schema\/person\/496d8ad2d1d3f8036101dca7ee39e585"},"headline":"Centros comerciales renovarse ante COVID-19","datePublished":"2022-01-25T18:23:31+00:00","dateModified":"2022-01-25T18:23:34+00:00","mainEntityOfPage":{"@id":"https:\/\/quehacerpolitico.mx\/?p=88970"},"wordCount":943,"commentCount":0,"image":{"@id":"https:\/\/quehacerpolitico.mx\/?p=88970#primaryimage"},"thumbnailUrl":"https:\/\/quehacerpolitico.mx\/wp-content\/uploads\/2022\/01\/D69D3A38-8EA6-4F65-9073-BC4FC2660143.jpeg","articleSection":["Econom\u00eda"],"inLanguage":"es","potentialAction":[{"@type":"CommentAction","name":"Comment","target":["https:\/\/quehacerpolitico.mx\/?p=88970#respond"]}]},{"@type":"WebPage","@id":"https:\/\/quehacerpolitico.mx\/?p=88970","url":"https:\/\/quehacerpolitico.mx\/?p=88970","name":"Centros comerciales renovarse ante COVID-19 -","isPartOf":{"@id":"https:\/\/quehacerpolitico.mx\/#website"},"primaryImageOfPage":{"@id":"https:\/\/quehacerpolitico.mx\/?p=88970#primaryimage"},"image":{"@id":"https:\/\/quehacerpolitico.mx\/?p=88970#primaryimage"},"thumbnailUrl":"https:\/\/quehacerpolitico.mx\/wp-content\/uploads\/2022\/01\/D69D3A38-8EA6-4F65-9073-BC4FC2660143.jpeg","datePublished":"2022-01-25T18:23:31+00:00","dateModified":"2022-01-25T18:23:34+00:00","author":{"@id":"https:\/\/quehacerpolitico.mx\/#\/schema\/person\/496d8ad2d1d3f8036101dca7ee39e585"},"breadcrumb":{"@id":"https:\/\/quehacerpolitico.mx\/?p=88970#breadcrumb"},"inLanguage":"es","potentialAction":[{"@type":"ReadAction","target":["https:\/\/quehacerpolitico.mx\/?p=88970"]}]},{"@type":"ImageObject","inLanguage":"es","@id":"https:\/\/quehacerpolitico.mx\/?p=88970#primaryimage","url":"https:\/\/quehacerpolitico.mx\/wp-content\/uploads\/2022\/01\/D69D3A38-8EA6-4F65-9073-BC4FC2660143.jpeg","contentUrl":"https:\/\/quehacerpolitico.mx\/wp-content\/uploads\/2022\/01\/D69D3A38-8EA6-4F65-9073-BC4FC2660143.jpeg","width":876,"height":572},{"@type":"BreadcrumbList","@id":"https:\/\/quehacerpolitico.mx\/?p=88970#breadcrumb","itemListElement":[{"@type":"ListItem","position":1,"name":"Inicio","item":"https:\/\/quehacerpolitico.mx\/"},{"@type":"ListItem","position":2,"name":"Centros comerciales renovarse ante COVID-19"}]},{"@type":"WebSite","@id":"https:\/\/quehacerpolitico.mx\/#website","url":"https:\/\/quehacerpolitico.mx\/","name":"","description":"","potentialAction":[{"@type":"SearchAction","target":{"@type":"EntryPoint","urlTemplate":"https:\/\/quehacerpolitico.mx\/?s={search_term_string}"},"query-input":{"@type":"PropertyValueSpecification","valueRequired":true,"valueName":"search_term_string"}}],"inLanguage":"es"},{"@type":"Person","@id":"https:\/\/quehacerpolitico.mx\/#\/schema\/person\/496d8ad2d1d3f8036101dca7ee39e585","name":"Redacci\u00f3n QP","image":{"@type":"ImageObject","inLanguage":"es","@id":"https:\/\/secure.gravatar.com\/avatar\/c7164ed6fdec453195284ad24a5ae5b6e1eed2b848477fa2a4787ba9adf39a41?s=96&d=mm&r=g","url":"https:\/\/secure.gravatar.com\/avatar\/c7164ed6fdec453195284ad24a5ae5b6e1eed2b848477fa2a4787ba9adf39a41?s=96&d=mm&r=g","contentUrl":"https:\/\/secure.gravatar.com\/avatar\/c7164ed6fdec453195284ad24a5ae5b6e1eed2b848477fa2a4787ba9adf39a41?s=96&d=mm&r=g","caption":"Redacci\u00f3n QP"},"url":"https:\/\/quehacerpolitico.mx\/?author=2"}]}},"featured_image_urls":{"full":["https:\/\/quehacerpolitico.mx\/wp-content\/uploads\/2022\/01\/D69D3A38-8EA6-4F65-9073-BC4FC2660143.jpeg",876,572,false],"thumbnail":["https:\/\/quehacerpolitico.mx\/wp-content\/uploads\/2022\/01\/D69D3A38-8EA6-4F65-9073-BC4FC2660143-150x150.jpeg",150,150,true],"medium":["https:\/\/quehacerpolitico.mx\/wp-content\/uploads\/2022\/01\/D69D3A38-8EA6-4F65-9073-BC4FC2660143-300x196.jpeg",300,196,true],"medium_large":["https:\/\/quehacerpolitico.mx\/wp-content\/uploads\/2022\/01\/D69D3A38-8EA6-4F65-9073-BC4FC2660143-768x501.jpeg",640,418,true],"large":["https:\/\/quehacerpolitico.mx\/wp-content\/uploads\/2022\/01\/D69D3A38-8EA6-4F65-9073-BC4FC2660143.jpeg",640,418,false],"1536x1536":["https:\/\/quehacerpolitico.mx\/wp-content\/uploads\/2022\/01\/D69D3A38-8EA6-4F65-9073-BC4FC2660143.jpeg",876,572,false],"2048x2048":["https:\/\/quehacerpolitico.mx\/wp-content\/uploads\/2022\/01\/D69D3A38-8EA6-4F65-9073-BC4FC2660143.jpeg",876,572,false],"covernews-featured":["https:\/\/quehacerpolitico.mx\/wp-content\/uploads\/2022\/01\/D69D3A38-8EA6-4F65-9073-BC4FC2660143.jpeg",876,572,false],"covernews-medium":["https:\/\/quehacerpolitico.mx\/wp-content\/uploads\/2022\/01\/D69D3A38-8EA6-4F65-9073-BC4FC2660143.jpeg",521,340,false]},"author_info":{"display_name":"Redacci\u00f3n QP","author_link":"https:\/\/quehacerpolitico.mx\/?author=2"},"category_info":"<a href=\"https:\/\/quehacerpolitico.mx\/?cat=56\" rel=\"category\">Econom\u00eda<\/a>","tag_info":"Econom\u00eda","comment_count":"0","_links":{"self":[{"href":"https:\/\/quehacerpolitico.mx\/index.php?rest_route=\/wp\/v2\/posts\/88970","targetHints":{"allow":["GET"]}}],"collection":[{"href":"https:\/\/quehacerpolitico.mx\/index.php?rest_route=\/wp\/v2\/posts"}],"about":[{"href":"https:\/\/quehacerpolitico.mx\/index.php?rest_route=\/wp\/v2\/types\/post"}],"author":[{"embeddable":true,"href":"https:\/\/quehacerpolitico.mx\/index.php?rest_route=\/wp\/v2\/users\/2"}],"replies":[{"embeddable":true,"href":"https:\/\/quehacerpolitico.mx\/index.php?rest_route=%2Fwp%2Fv2%2Fcomments&post=88970"}],"version-history":[{"count":1,"href":"https:\/\/quehacerpolitico.mx\/index.php?rest_route=\/wp\/v2\/posts\/88970\/revisions"}],"predecessor-version":[{"id":88974,"href":"https:\/\/quehacerpolitico.mx\/index.php?rest_route=\/wp\/v2\/posts\/88970\/revisions\/88974"}],"wp:featuredmedia":[{"embeddable":true,"href":"https:\/\/quehacerpolitico.mx\/index.php?rest_route=\/wp\/v2\/media\/88973"}],"wp:attachment":[{"href":"https:\/\/quehacerpolitico.mx\/index.php?rest_route=%2Fwp%2Fv2%2Fmedia&parent=88970"}],"wp:term":[{"taxonomy":"category","embeddable":true,"href":"https:\/\/quehacerpolitico.mx\/index.php?rest_route=%2Fwp%2Fv2%2Fcategories&post=88970"},{"taxonomy":"post_tag","embeddable":true,"href":"https:\/\/quehacerpolitico.mx\/index.php?rest_route=%2Fwp%2Fv2%2Ftags&post=88970"}],"curies":[{"name":"wp","href":"https:\/\/api.w.org\/{rel}","templated":true}]}}