{"id":8897,"date":"2018-11-10T16:04:08","date_gmt":"2018-11-10T16:04:08","guid":{"rendered":"http:\/\/quehacerpolitico.mx\/alcaldias-finaliza-operativo-de-abasto-de-agua-en-la-alcaldia-cuauhtemoc\/"},"modified":"2018-11-10T16:04:08","modified_gmt":"2018-11-10T16:04:08","slug":"alcaldias-finaliza-operativo-de-abasto-de-agua-en-la-alcaldia-cuauhtemoc","status":"publish","type":"post","link":"https:\/\/quehacerpolitico.mx\/?p=8897","title":{"rendered":"Alcald\u00edas\/\/\/Finaliza Operativo de abasto de agua en la Alcald\u00eda Cuauht\u00e9moc"},"content":{"rendered":"<p>Finaliza Operativo de abasto de agua en la Alcald\u00eda Cuauht\u00e9moc<\/p>\n<p>Por Redacci\u00f3n QP<\/p>\n<p>https:\/\/www.facebook.com\/276971495688884\/posts\/2236507393068608\/<\/p>\n<div class=\"s9\"><span class=\"s7\">\u25cf <\/span><span class=\"s8\"><span class=\"bumpedFont15\">E<\/span><\/span><span class=\"s8\"><span class=\"bumpedFont15\">l Centro de Mando de la Alcald\u00eda Cuauht\u00e9moc a lo largo del Operativo inici\u00f3 actividades a las 8:00 hrs; cont\u00f3 con personal de la Contralor\u00eda Interna, Secretar\u00eda de Gobierno y Sistemas de Aguas de M\u00e9xico<\/span><\/span><span class=\"s8\"><span class=\"bumpedFont15\">. <\/span><\/span><\/div>\n<div class=\"s9\"><span class=\"s7\">\u25cf <\/span><span class=\"s8\"><span class=\"bumpedFont15\">Se repartieron, durante los diez d\u00edas, 792 pipas en 1 214 \u00a0viajes; un total de <\/span><\/span><span class=\"s3\"><span class=\"bumpedFont15\">11 millones 529 mil litros <\/span><\/span><span class=\"s8\"><span class=\"bumpedFont15\">de agu<\/span><\/span><span class=\"s8\"><span class=\"bumpedFont15\">a, <\/span><\/span><span class=\"s8\"><span class=\"bumpedFont15\">entre hospitales, escuelas, mercados y unidades habitacionales de alta densidad poblacional.<\/span><\/span><\/div>\n<div class=\"s9\"><span class=\"s7\">\u25cf <\/span><span class=\"s8\"><span class=\"bumpedFont15\">El Operativo funcion\u00f3 en dos etapas: la primera fue de abastecimiento total y la segunda \u00a0se llev\u00f3 a cabo durante el restablecimiento <\/span><\/span><span class=\"s8\"><span class=\"bumpedFont15\">del suministro de agua<\/span><\/span><span class=\"s8\"><span class=\"bumpedFont15\">, <\/span><\/span><span class=\"s8\"><span class=\"bumpedFont15\">en dos horarios, de 9:00 hrs a 11:00 hrs y de 15:00 hrs a 17:00 hrs.<\/span><\/span><\/div>\n<div class=\"s9\"><span class=\"s7\">\u25cf <\/span><span class=\"s8\"><span class=\"bumpedFont15\">Se cont\u00f3 con 38 puntos fijos de abastecimiento en colonias y 59 en Unidades Territoriales.<\/span><\/span><\/div>\n<div class=\"s9\"><span class=\"s7\">\u25cf <\/span><span class=\"s8\"><span class=\"bumpedFont15\">La Coordinaci\u00f3n de Unidades Territoriales inform\u00f3 que se atendieron 14 mil 224 familias, 431 predios, 78 escuelas y <\/span><\/span><span class=\"s8\"><span class=\"bumpedFont15\">se lle<\/span><\/span><span class=\"s8\"><span class=\"bumpedFont15\">naron <\/span><\/span><span class=\"s8\"><span class=\"bumpedFont15\">un aproximado de 4 mil 203 cubetas.<\/span><\/span><\/div>\n<div class=\"s9\"><span class=\"s7\">\u25cf <\/span><span class=\"s8\"><span class=\"bumpedFont15\">La Direcci\u00f3n General de Seguridad Ciudadana y Protecci\u00f3n Civil apoy\u00f3 con 116 elementos<\/span><\/span><span class=\"s8\"><span class=\"bumpedFont15\">,<\/span><\/span><span class=\"s8\"><span class=\"bumpedFont15\"> por d\u00eda<\/span><\/span><span class=\"s8\"><span class=\"bumpedFont15\">,<\/span><\/span><span class=\"s8\"><span class=\"bumpedFont15\">durante el Operativo<\/span><\/span><span class=\"s8\"><span class=\"bumpedFont15\">,<\/span><\/span><span class=\"s8\"><span class=\"bumpedFont15\"> y estuvo presente en la sala de crisis del C5<\/span><\/span><span class=\"s8\"><span class=\"bumpedFont15\"> monitoreando todas las entregas de pipa. <\/span><\/span><\/div>\n<div class=\"s9\"><span class=\"s7\">\u25cf <\/span><span class=\"s8\"><span class=\"bumpedFont15\">La Alcald\u00eda suministr\u00f3 con pipas rentadas <\/span><\/span><span class=\"s8\"><span class=\"bumpedFont15\">de \u00a010, 20 y 40 mil litros<\/span><\/span> <span class=\"s8\"><span class=\"bumpedFont15\">de capacidad<\/span><\/span><span class=\"s8\"><span class=\"bumpedFont15\">.<\/span><\/span><\/div>\n<div class=\"s9\"><span class=\"s7\">\u25cf <\/span><span class=\"s8\"><span class=\"bumpedFont15\">La Direcci\u00f3n General de Administraci\u00f3n mencion\u00f3 que se rentaron \u00a0644 pipas durante todo el operativo<\/span><\/span><span class=\"s8\"><span class=\"bumpedFont15\">,<\/span><\/span><span class=\"s8\"><span class=\"bumpedFont15\"> es decir<\/span><\/span><span class=\"s8\"><span class=\"bumpedFont15\">,<\/span><\/span><span class=\"s8\"><span class=\"bumpedFont15\">hubo <\/span><\/span><span class=\"s8\"><span class=\"bumpedFont15\">un suministro de \u00a08 millones 640 mil litros de agua <\/span><\/span><span class=\"s8\"><span class=\"bumpedFont15\">durante los diez d\u00edas.<\/span><\/span><\/div>\n<div class=\"s9\"><span class=\"s7\">\u25cf <\/span><span class=\"s8\"><span class=\"bumpedFont15\">Los d\u00edas con m\u00e1s solicitudes fueron del 6 al 8 de noviembre.<\/span><\/span><\/div>\n<div class=\"s9\"><span class=\"s7\">\u25cf <\/span><span class=\"s8\"><span class=\"bumpedFont15\">Se abasteci\u00f3 a hospitales con 1 mill\u00f3n 447 mil litros; mercados con 377 mil 900 litros; escuelas con 661 mil 900 litros; albergues y comedores<\/span><\/span> <span class=\"s8\"><span class=\"bumpedFont15\">comunitarios<\/span><\/span> <span class=\"s8\"><span class=\"bumpedFont15\">con <\/span><\/span><span class=\"s8\"><span class=\"bumpedFont15\">98 mil litros; unidades habitacionales y abasto por tandeo se atendi\u00f3 con 8 millones 164 mil \u00a0litros.<\/span><\/span><\/div>\n<div class=\"s9\"><span class=\"s7\">\u25cf <\/span><span class=\"s8\"><span class=\"bumpedFont15\">Al concluir el informe<\/span><\/span><span class=\"s8\"><span class=\"bumpedFont15\">,<\/span><\/span><span class=\"s8\"><span class=\"bumpedFont15\"> el Alcalde indic\u00f3 que se abastecer\u00e1 a deportivos,<\/span><\/span> <span class=\"s8\"><span class=\"bumpedFont15\">escuelas y casas de cultura para que contin\u00faen actividades. Asimismo, aclar\u00f3 que las solicitudes de pipa se atender\u00e1n a trav\u00e9s de Centro de Servicios y Atenci\u00f3n Ciudadana (CESAC) y redes sociales.<\/span><\/span><\/div>\n","protected":false},"excerpt":{"rendered":"<p>Finaliza Operativo de abasto de agua en la Alcald\u00eda Cuauht\u00e9moc<br \/>\nPor Redacci\u00f3n QP<\/p>\n","protected":false},"author":2,"featured_media":8896,"comment_status":"open","ping_status":"open","sticky":false,"template":"","format":"standard","meta":{"_monsterinsights_skip_tracking":false,"_monsterinsights_sitenote_active":false,"_monsterinsights_sitenote_note":"","_monsterinsights_sitenote_category":0,"footnotes":""},"categories":[55],"tags":[],"class_list":["post-8897","post","type-post","status-publish","format-standard","has-post-thumbnail","hentry","category-cdmx"],"yoast_head":"<!-- This site is optimized with the Yoast SEO plugin v27.3 - https:\/\/yoast.com\/product\/yoast-seo-wordpress\/ -->\n<title>Alcald\u00edas\/\/\/Finaliza Operativo de abasto de agua en la Alcald\u00eda Cuauht\u00e9moc -<\/title>\n<meta name=\"robots\" content=\"index, follow, max-snippet:-1, max-image-preview:large, max-video-preview:-1\" \/>\n<link rel=\"canonical\" href=\"https:\/\/quehacerpolitico.mx\/?p=8897\" \/>\n<meta property=\"og:locale\" content=\"es_MX\" \/>\n<meta property=\"og:type\" content=\"article\" \/>\n<meta property=\"og:title\" content=\"Alcald\u00edas\/\/\/Finaliza Operativo de abasto de agua en la Alcald\u00eda Cuauht\u00e9moc -\" \/>\n<meta property=\"og:description\" content=\"Finaliza Operativo de abasto de agua en la Alcald\u00eda Cuauht\u00e9moc Por Redacci\u00f3n QP\" \/>\n<meta property=\"og:url\" content=\"https:\/\/quehacerpolitico.mx\/?p=8897\" \/>\n<meta property=\"article:published_time\" content=\"2018-11-10T16:04:08+00:00\" \/>\n<meta name=\"author\" content=\"Redacci\u00f3n QP\" \/>\n<meta name=\"twitter:card\" content=\"summary_large_image\" \/>\n<meta name=\"twitter:label1\" content=\"Escrito por\" \/>\n\t<meta name=\"twitter:data1\" content=\"Redacci\u00f3n QP\" \/>\n\t<meta name=\"twitter:label2\" content=\"Tiempo de lectura\" \/>\n\t<meta name=\"twitter:data2\" content=\"2 minutos\" \/>\n<script type=\"application\/ld+json\" class=\"yoast-schema-graph\">{\"@context\":\"https:\\\/\\\/schema.org\",\"@graph\":[{\"@type\":\"Article\",\"@id\":\"https:\\\/\\\/quehacerpolitico.mx\\\/?p=8897#article\",\"isPartOf\":{\"@id\":\"https:\\\/\\\/quehacerpolitico.mx\\\/?p=8897\"},\"author\":{\"name\":\"Redacci\u00f3n QP\",\"@id\":\"https:\\\/\\\/quehacerpolitico.mx\\\/#\\\/schema\\\/person\\\/496d8ad2d1d3f8036101dca7ee39e585\"},\"headline\":\"Alcald\u00edas\\\/\\\/\\\/Finaliza Operativo de abasto de agua en la Alcald\u00eda Cuauht\u00e9moc\",\"datePublished\":\"2018-11-10T16:04:08+00:00\",\"mainEntityOfPage\":{\"@id\":\"https:\\\/\\\/quehacerpolitico.mx\\\/?p=8897\"},\"wordCount\":355,\"commentCount\":0,\"image\":{\"@id\":\"https:\\\/\\\/quehacerpolitico.mx\\\/?p=8897#primaryimage\"},\"thumbnailUrl\":\"\",\"articleSection\":[\"CDMX\"],\"inLanguage\":\"es\",\"potentialAction\":[{\"@type\":\"CommentAction\",\"name\":\"Comment\",\"target\":[\"https:\\\/\\\/quehacerpolitico.mx\\\/?p=8897#respond\"]}]},{\"@type\":\"WebPage\",\"@id\":\"https:\\\/\\\/quehacerpolitico.mx\\\/?p=8897\",\"url\":\"https:\\\/\\\/quehacerpolitico.mx\\\/?p=8897\",\"name\":\"Alcald\u00edas\\\/\\\/\\\/Finaliza Operativo de abasto de agua en la Alcald\u00eda Cuauht\u00e9moc -\",\"isPartOf\":{\"@id\":\"https:\\\/\\\/quehacerpolitico.mx\\\/#website\"},\"primaryImageOfPage\":{\"@id\":\"https:\\\/\\\/quehacerpolitico.mx\\\/?p=8897#primaryimage\"},\"image\":{\"@id\":\"https:\\\/\\\/quehacerpolitico.mx\\\/?p=8897#primaryimage\"},\"thumbnailUrl\":\"\",\"datePublished\":\"2018-11-10T16:04:08+00:00\",\"author\":{\"@id\":\"https:\\\/\\\/quehacerpolitico.mx\\\/#\\\/schema\\\/person\\\/496d8ad2d1d3f8036101dca7ee39e585\"},\"breadcrumb\":{\"@id\":\"https:\\\/\\\/quehacerpolitico.mx\\\/?p=8897#breadcrumb\"},\"inLanguage\":\"es\",\"potentialAction\":[{\"@type\":\"ReadAction\",\"target\":[\"https:\\\/\\\/quehacerpolitico.mx\\\/?p=8897\"]}]},{\"@type\":\"ImageObject\",\"inLanguage\":\"es\",\"@id\":\"https:\\\/\\\/quehacerpolitico.mx\\\/?p=8897#primaryimage\",\"url\":\"\",\"contentUrl\":\"\"},{\"@type\":\"BreadcrumbList\",\"@id\":\"https:\\\/\\\/quehacerpolitico.mx\\\/?p=8897#breadcrumb\",\"itemListElement\":[{\"@type\":\"ListItem\",\"position\":1,\"name\":\"Inicio\",\"item\":\"https:\\\/\\\/quehacerpolitico.mx\\\/\"},{\"@type\":\"ListItem\",\"position\":2,\"name\":\"Alcald\u00edas\\\/\\\/\\\/Finaliza Operativo de abasto de agua en la Alcald\u00eda Cuauht\u00e9moc\"}]},{\"@type\":\"WebSite\",\"@id\":\"https:\\\/\\\/quehacerpolitico.mx\\\/#website\",\"url\":\"https:\\\/\\\/quehacerpolitico.mx\\\/\",\"name\":\"\",\"description\":\"\",\"potentialAction\":[{\"@type\":\"SearchAction\",\"target\":{\"@type\":\"EntryPoint\",\"urlTemplate\":\"https:\\\/\\\/quehacerpolitico.mx\\\/?s={search_term_string}\"},\"query-input\":{\"@type\":\"PropertyValueSpecification\",\"valueRequired\":true,\"valueName\":\"search_term_string\"}}],\"inLanguage\":\"es\"},{\"@type\":\"Person\",\"@id\":\"https:\\\/\\\/quehacerpolitico.mx\\\/#\\\/schema\\\/person\\\/496d8ad2d1d3f8036101dca7ee39e585\",\"name\":\"Redacci\u00f3n QP\",\"image\":{\"@type\":\"ImageObject\",\"inLanguage\":\"es\",\"@id\":\"https:\\\/\\\/secure.gravatar.com\\\/avatar\\\/c7164ed6fdec453195284ad24a5ae5b6e1eed2b848477fa2a4787ba9adf39a41?s=96&d=mm&r=g\",\"url\":\"https:\\\/\\\/secure.gravatar.com\\\/avatar\\\/c7164ed6fdec453195284ad24a5ae5b6e1eed2b848477fa2a4787ba9adf39a41?s=96&d=mm&r=g\",\"contentUrl\":\"https:\\\/\\\/secure.gravatar.com\\\/avatar\\\/c7164ed6fdec453195284ad24a5ae5b6e1eed2b848477fa2a4787ba9adf39a41?s=96&d=mm&r=g\",\"caption\":\"Redacci\u00f3n QP\"},\"url\":\"https:\\\/\\\/quehacerpolitico.mx\\\/?author=2\"}]}<\/script>\n<!-- \/ Yoast SEO plugin. -->","yoast_head_json":{"title":"Alcald\u00edas\/\/\/Finaliza Operativo de abasto de agua en la Alcald\u00eda Cuauht\u00e9moc -","robots":{"index":"index","follow":"follow","max-snippet":"max-snippet:-1","max-image-preview":"max-image-preview:large","max-video-preview":"max-video-preview:-1"},"canonical":"https:\/\/quehacerpolitico.mx\/?p=8897","og_locale":"es_MX","og_type":"article","og_title":"Alcald\u00edas\/\/\/Finaliza Operativo de abasto de agua en la Alcald\u00eda Cuauht\u00e9moc -","og_description":"Finaliza Operativo de abasto de agua en la Alcald\u00eda Cuauht\u00e9moc Por Redacci\u00f3n QP","og_url":"https:\/\/quehacerpolitico.mx\/?p=8897","article_published_time":"2018-11-10T16:04:08+00:00","author":"Redacci\u00f3n QP","twitter_card":"summary_large_image","twitter_misc":{"Escrito por":"Redacci\u00f3n QP","Tiempo de lectura":"2 minutos"},"schema":{"@context":"https:\/\/schema.org","@graph":[{"@type":"Article","@id":"https:\/\/quehacerpolitico.mx\/?p=8897#article","isPartOf":{"@id":"https:\/\/quehacerpolitico.mx\/?p=8897"},"author":{"name":"Redacci\u00f3n QP","@id":"https:\/\/quehacerpolitico.mx\/#\/schema\/person\/496d8ad2d1d3f8036101dca7ee39e585"},"headline":"Alcald\u00edas\/\/\/Finaliza Operativo de abasto de agua en la Alcald\u00eda Cuauht\u00e9moc","datePublished":"2018-11-10T16:04:08+00:00","mainEntityOfPage":{"@id":"https:\/\/quehacerpolitico.mx\/?p=8897"},"wordCount":355,"commentCount":0,"image":{"@id":"https:\/\/quehacerpolitico.mx\/?p=8897#primaryimage"},"thumbnailUrl":"","articleSection":["CDMX"],"inLanguage":"es","potentialAction":[{"@type":"CommentAction","name":"Comment","target":["https:\/\/quehacerpolitico.mx\/?p=8897#respond"]}]},{"@type":"WebPage","@id":"https:\/\/quehacerpolitico.mx\/?p=8897","url":"https:\/\/quehacerpolitico.mx\/?p=8897","name":"Alcald\u00edas\/\/\/Finaliza Operativo de abasto de agua en la Alcald\u00eda Cuauht\u00e9moc -","isPartOf":{"@id":"https:\/\/quehacerpolitico.mx\/#website"},"primaryImageOfPage":{"@id":"https:\/\/quehacerpolitico.mx\/?p=8897#primaryimage"},"image":{"@id":"https:\/\/quehacerpolitico.mx\/?p=8897#primaryimage"},"thumbnailUrl":"","datePublished":"2018-11-10T16:04:08+00:00","author":{"@id":"https:\/\/quehacerpolitico.mx\/#\/schema\/person\/496d8ad2d1d3f8036101dca7ee39e585"},"breadcrumb":{"@id":"https:\/\/quehacerpolitico.mx\/?p=8897#breadcrumb"},"inLanguage":"es","potentialAction":[{"@type":"ReadAction","target":["https:\/\/quehacerpolitico.mx\/?p=8897"]}]},{"@type":"ImageObject","inLanguage":"es","@id":"https:\/\/quehacerpolitico.mx\/?p=8897#primaryimage","url":"","contentUrl":""},{"@type":"BreadcrumbList","@id":"https:\/\/quehacerpolitico.mx\/?p=8897#breadcrumb","itemListElement":[{"@type":"ListItem","position":1,"name":"Inicio","item":"https:\/\/quehacerpolitico.mx\/"},{"@type":"ListItem","position":2,"name":"Alcald\u00edas\/\/\/Finaliza Operativo de abasto de agua en la Alcald\u00eda Cuauht\u00e9moc"}]},{"@type":"WebSite","@id":"https:\/\/quehacerpolitico.mx\/#website","url":"https:\/\/quehacerpolitico.mx\/","name":"","description":"","potentialAction":[{"@type":"SearchAction","target":{"@type":"EntryPoint","urlTemplate":"https:\/\/quehacerpolitico.mx\/?s={search_term_string}"},"query-input":{"@type":"PropertyValueSpecification","valueRequired":true,"valueName":"search_term_string"}}],"inLanguage":"es"},{"@type":"Person","@id":"https:\/\/quehacerpolitico.mx\/#\/schema\/person\/496d8ad2d1d3f8036101dca7ee39e585","name":"Redacci\u00f3n QP","image":{"@type":"ImageObject","inLanguage":"es","@id":"https:\/\/secure.gravatar.com\/avatar\/c7164ed6fdec453195284ad24a5ae5b6e1eed2b848477fa2a4787ba9adf39a41?s=96&d=mm&r=g","url":"https:\/\/secure.gravatar.com\/avatar\/c7164ed6fdec453195284ad24a5ae5b6e1eed2b848477fa2a4787ba9adf39a41?s=96&d=mm&r=g","contentUrl":"https:\/\/secure.gravatar.com\/avatar\/c7164ed6fdec453195284ad24a5ae5b6e1eed2b848477fa2a4787ba9adf39a41?s=96&d=mm&r=g","caption":"Redacci\u00f3n QP"},"url":"https:\/\/quehacerpolitico.mx\/?author=2"}]}},"featured_image_urls":{"full":"","thumbnail":"","medium":"","medium_large":"","large":"","1536x1536":"","2048x2048":"","covernews-featured":"","covernews-medium":""},"author_info":{"display_name":"Redacci\u00f3n QP","author_link":"https:\/\/quehacerpolitico.mx\/?author=2"},"category_info":"<a href=\"https:\/\/quehacerpolitico.mx\/?cat=55\" rel=\"category\">CDMX<\/a>","tag_info":"CDMX","comment_count":"0","_links":{"self":[{"href":"https:\/\/quehacerpolitico.mx\/index.php?rest_route=\/wp\/v2\/posts\/8897","targetHints":{"allow":["GET"]}}],"collection":[{"href":"https:\/\/quehacerpolitico.mx\/index.php?rest_route=\/wp\/v2\/posts"}],"about":[{"href":"https:\/\/quehacerpolitico.mx\/index.php?rest_route=\/wp\/v2\/types\/post"}],"author":[{"embeddable":true,"href":"https:\/\/quehacerpolitico.mx\/index.php?rest_route=\/wp\/v2\/users\/2"}],"replies":[{"embeddable":true,"href":"https:\/\/quehacerpolitico.mx\/index.php?rest_route=%2Fwp%2Fv2%2Fcomments&post=8897"}],"version-history":[{"count":0,"href":"https:\/\/quehacerpolitico.mx\/index.php?rest_route=\/wp\/v2\/posts\/8897\/revisions"}],"wp:featuredmedia":[{"embeddable":true,"href":"https:\/\/quehacerpolitico.mx\/index.php?rest_route=\/"}],"wp:attachment":[{"href":"https:\/\/quehacerpolitico.mx\/index.php?rest_route=%2Fwp%2Fv2%2Fmedia&parent=8897"}],"wp:term":[{"taxonomy":"category","embeddable":true,"href":"https:\/\/quehacerpolitico.mx\/index.php?rest_route=%2Fwp%2Fv2%2Fcategories&post=8897"},{"taxonomy":"post_tag","embeddable":true,"href":"https:\/\/quehacerpolitico.mx\/index.php?rest_route=%2Fwp%2Fv2%2Ftags&post=8897"}],"curies":[{"name":"wp","href":"https:\/\/api.w.org\/{rel}","templated":true}]}}