{"id":88966,"date":"2022-01-25T17:24:05","date_gmt":"2022-01-25T17:24:05","guid":{"rendered":"https:\/\/quehacerpolitico.mx\/?p=88966"},"modified":"2022-01-25T17:24:08","modified_gmt":"2022-01-25T17:24:08","slug":"en-palacio-nacional-periodistas-protestan-por-asesinatos-de-sus-colegas","status":"publish","type":"post","link":"https:\/\/quehacerpolitico.mx\/?p=88966","title":{"rendered":"En Palacio Nacional, periodistas protestan por asesinatos de sus colegas"},"content":{"rendered":"\n<p>Por Redacci\u00f3n QP<\/p>\n\n\n\n<p>Los periodistas llamaron a esta protesta, luego de los recientes asesinatos de sus colegas: Lourdes Maldonado, Jos\u00e9 Luis Gamboa y Margarito Mart\u00ednez, ocurridos en lo que va del a\u00f1o.<\/p>\n\n\n\n<p>Un grupo de&nbsp;<strong>periodistas de diferentes medios de comunicaci\u00f3n e independientes<\/strong>&nbsp;protestaron esta ma\u00f1ana frente a la puerta central de P<strong>alacio Nacional&nbsp;<\/strong>para&nbsp;<strong>exigir justicia por sus colegas que han sido asesinados en el ejercicio de su profesi\u00f3n en el pa\u00eds.<\/strong><\/p>\n\n\n\n<p>En una manifestaci\u00f3n pac\u00edfica y en silencio\u00a0<strong>colocaron fotograf\u00edas de periodistas que han sido asesinados\u00a0<\/strong>y a quienes no se les ha hecho justicia.<\/p>\n\n\n\n<figure class=\"wp-block-image size-full\"><img loading=\"lazy\" decoding=\"async\" width=\"720\" height=\"815\" src=\"https:\/\/quehacerpolitico.mx\/wp-content\/uploads\/2022\/01\/image-107.jpeg\" alt=\"\" class=\"wp-image-88968\" srcset=\"https:\/\/quehacerpolitico.mx\/wp-content\/uploads\/2022\/01\/image-107.jpeg 720w, https:\/\/quehacerpolitico.mx\/wp-content\/uploads\/2022\/01\/image-107-265x300.jpeg 265w, https:\/\/quehacerpolitico.mx\/wp-content\/uploads\/2022\/01\/image-107-129x146.jpeg 129w, https:\/\/quehacerpolitico.mx\/wp-content\/uploads\/2022\/01\/image-107-44x50.jpeg 44w, https:\/\/quehacerpolitico.mx\/wp-content\/uploads\/2022\/01\/image-107-66x75.jpeg 66w\" sizes=\"auto, (max-width: 720px) 100vw, 720px\" \/><\/figure>\n\n\n\n<p>Sobre las vallas met\u00e1licas frente al balc\u00f3n central de este recinto, colocaron flores y pancartas en las que piden justicia por sus compa\u00f1eros que fueron v\u00edctimas de la violencia&nbsp;<\/p>\n\n\n\n<p>La convocatoria se realiz\u00f3 a trav\u00e9s de las diferentes redes sociales donde periodistas se han unido para llegar hasta este recinto para unirse a las peticiones.&nbsp;<\/p>\n\n\n\n<p>Los periodistas llamaron a esta protesta, luego de los recientes asesinatos de sus colegas:<strong>\u00a0Lourdes Maldonado, Jos\u00e9 Luis Gamboa y Margarito Mart\u00ednez<\/strong>, quienes fueron asesinados en hechos distintos, en Veracruz y Baja California, en las \u00faltimas dos semanas.<\/p>\n\n\n\n<p>A lo largo del d\u00eda y por la noche se esperan diferentes expresiones por parte de periodistas en varias ciudades del pa\u00eds; en la Ciudad de M\u00e9xico<strong>\u00a0la exigencia de justicia se har\u00e1 en la Secretar\u00eda de Gobernaci\u00f3n a las 20:00 horas.<\/strong><\/p>\n\n\n\n<figure class=\"wp-block-embed is-type-rich is-provider-twitter wp-block-embed-twitter\"><div class=\"wp-block-embed__wrapper\">\n<blockquote class=\"twitter-tweet\" data-width=\"550\" data-dnt=\"true\"><p lang=\"es\" dir=\"ltr\"><a href=\"https:\/\/twitter.com\/hashtag\/NoSeMataLaVerdad?src=hash&amp;ref_src=twsrc%5Etfw\">#NoSeMataLaVerdad<\/a>:<br>Porque periodistas de M\u00e9xico convocaron a una protesta p\u00fablica y virtual, por los asesinatos de Lourdes Maldonado, Margarito Mart\u00ednez, Jos\u00e9 Luis Gamboa y los m\u00e1s de 40 reporteros y reporteras que han sido asesinados por el ejercicio de su profesi\u00f3n. <a href=\"https:\/\/t.co\/5zr8aTFNjV\">pic.twitter.com\/5zr8aTFNjV<\/a><\/p>&mdash; \u00bfPor qu\u00e9 es Tendencia? (@porktendencia) <a href=\"https:\/\/twitter.com\/porktendencia\/status\/1485761520038461441?ref_src=twsrc%5Etfw\">January 24, 2022<\/a><\/blockquote><script async src=\"https:\/\/platform.twitter.com\/widgets.js\" charset=\"utf-8\"><\/script>\n<\/div><\/figure>\n\n\n\n<p>Adem\u00e1s, seguir\u00e1n con con la protesta coordinada por medio de redes sociales con los hashtags:&nbsp;<\/p>\n\n\n\n<p>#NiSilecioNiOlvido&nbsp;<\/p>\n\n\n\n<p>#NoSeMataLaVerdad<\/p>\n\n\n\n<p>#SinMasPeriodistasEnSuLista<\/p>\n\n\n\n<p>#PetiodistasEnRiesgo<\/p>\n\n\n\n<h2 class=\"wp-block-heading\">Grupo de \u00e9lite investigar\u00e1 asesinatos de periodistas<\/h2>\n\n\n\n<p>La gobernadora de Baja California, Marina del Pilar \u00c1vila, instruy\u00f3 al fiscal del estado, Ricardo Carpio, nombrar a \u201cun fiscal especial que encabece un grupo de \u00e9lite que d\u00e9 seguimiento al<strong>asesinato de la periodista Lourdes Maldonado<\/strong>, as\u00ed como del fotoperiodista&nbsp;<strong>Margarito Esquivel<\/strong>, a fin de que queden resueltos lo antes posible\u201d.&nbsp;<\/p>\n\n\n\n<p>La CNDH y la ONU-M\u00e9xico condenaron el caso de Maldonado, quien en 2019 pidi\u00f3 ayuda al Presidente tras ser amenazada por su trabajo period\u00edstico.&nbsp;<\/p>\n\n\n\n<p><\/p>\n","protected":false},"excerpt":{"rendered":"<p>Por Redacci\u00f3n QP Los periodistas llamaron a esta protesta, luego de los recientes asesinatos de&#8230;<\/p>\n","protected":false},"author":2,"featured_media":88967,"comment_status":"open","ping_status":"open","sticky":false,"template":"","format":"standard","meta":{"_monsterinsights_skip_tracking":false,"_monsterinsights_sitenote_active":false,"_monsterinsights_sitenote_note":"","_monsterinsights_sitenote_category":0,"footnotes":""},"categories":[2],"tags":[],"class_list":["post-88966","post","type-post","status-publish","format-standard","has-post-thumbnail","hentry","category-noticias"],"yoast_head":"<!-- This site is optimized with the Yoast SEO plugin v27.3 - https:\/\/yoast.com\/product\/yoast-seo-wordpress\/ -->\n<title>En Palacio Nacional, periodistas protestan por asesinatos de sus colegas -<\/title>\n<meta name=\"robots\" content=\"index, follow, max-snippet:-1, max-image-preview:large, max-video-preview:-1\" \/>\n<link rel=\"canonical\" href=\"https:\/\/quehacerpolitico.mx\/?p=88966\" \/>\n<meta property=\"og:locale\" content=\"es_MX\" \/>\n<meta property=\"og:type\" content=\"article\" \/>\n<meta property=\"og:title\" content=\"En Palacio Nacional, periodistas protestan por asesinatos de sus colegas -\" \/>\n<meta property=\"og:description\" content=\"Por Redacci\u00f3n QP Los periodistas llamaron a esta protesta, luego de los recientes asesinatos de...\" \/>\n<meta property=\"og:url\" content=\"https:\/\/quehacerpolitico.mx\/?p=88966\" \/>\n<meta property=\"article:published_time\" content=\"2022-01-25T17:24:05+00:00\" \/>\n<meta property=\"article:modified_time\" content=\"2022-01-25T17:24:08+00:00\" \/>\n<meta property=\"og:image\" content=\"https:\/\/quehacerpolitico.mx\/wp-content\/uploads\/2022\/01\/C1D5974C-7B5E-439F-A24B-171AFA555938.jpeg\" \/>\n\t<meta property=\"og:image:width\" content=\"1600\" \/>\n\t<meta property=\"og:image:height\" content=\"1200\" \/>\n\t<meta property=\"og:image:type\" content=\"image\/jpeg\" \/>\n<meta name=\"author\" content=\"Redacci\u00f3n QP\" \/>\n<meta name=\"twitter:card\" content=\"summary_large_image\" \/>\n<meta name=\"twitter:label1\" content=\"Escrito por\" \/>\n\t<meta name=\"twitter:data1\" content=\"Redacci\u00f3n QP\" \/>\n\t<meta name=\"twitter:label2\" content=\"Tiempo de lectura\" \/>\n\t<meta name=\"twitter:data2\" content=\"2 minutos\" \/>\n<script type=\"application\/ld+json\" class=\"yoast-schema-graph\">{\"@context\":\"https:\\\/\\\/schema.org\",\"@graph\":[{\"@type\":\"Article\",\"@id\":\"https:\\\/\\\/quehacerpolitico.mx\\\/?p=88966#article\",\"isPartOf\":{\"@id\":\"https:\\\/\\\/quehacerpolitico.mx\\\/?p=88966\"},\"author\":{\"name\":\"Redacci\u00f3n QP\",\"@id\":\"https:\\\/\\\/quehacerpolitico.mx\\\/#\\\/schema\\\/person\\\/496d8ad2d1d3f8036101dca7ee39e585\"},\"headline\":\"En Palacio Nacional, periodistas protestan por asesinatos de sus colegas\",\"datePublished\":\"2022-01-25T17:24:05+00:00\",\"dateModified\":\"2022-01-25T17:24:08+00:00\",\"mainEntityOfPage\":{\"@id\":\"https:\\\/\\\/quehacerpolitico.mx\\\/?p=88966\"},\"wordCount\":383,\"commentCount\":0,\"image\":{\"@id\":\"https:\\\/\\\/quehacerpolitico.mx\\\/?p=88966#primaryimage\"},\"thumbnailUrl\":\"https:\\\/\\\/quehacerpolitico.mx\\\/wp-content\\\/uploads\\\/2022\\\/01\\\/C1D5974C-7B5E-439F-A24B-171AFA555938.jpeg\",\"articleSection\":[\"Noticias\"],\"inLanguage\":\"es\",\"potentialAction\":[{\"@type\":\"CommentAction\",\"name\":\"Comment\",\"target\":[\"https:\\\/\\\/quehacerpolitico.mx\\\/?p=88966#respond\"]}]},{\"@type\":\"WebPage\",\"@id\":\"https:\\\/\\\/quehacerpolitico.mx\\\/?p=88966\",\"url\":\"https:\\\/\\\/quehacerpolitico.mx\\\/?p=88966\",\"name\":\"En Palacio Nacional, periodistas protestan por asesinatos de sus colegas -\",\"isPartOf\":{\"@id\":\"https:\\\/\\\/quehacerpolitico.mx\\\/#website\"},\"primaryImageOfPage\":{\"@id\":\"https:\\\/\\\/quehacerpolitico.mx\\\/?p=88966#primaryimage\"},\"image\":{\"@id\":\"https:\\\/\\\/quehacerpolitico.mx\\\/?p=88966#primaryimage\"},\"thumbnailUrl\":\"https:\\\/\\\/quehacerpolitico.mx\\\/wp-content\\\/uploads\\\/2022\\\/01\\\/C1D5974C-7B5E-439F-A24B-171AFA555938.jpeg\",\"datePublished\":\"2022-01-25T17:24:05+00:00\",\"dateModified\":\"2022-01-25T17:24:08+00:00\",\"author\":{\"@id\":\"https:\\\/\\\/quehacerpolitico.mx\\\/#\\\/schema\\\/person\\\/496d8ad2d1d3f8036101dca7ee39e585\"},\"breadcrumb\":{\"@id\":\"https:\\\/\\\/quehacerpolitico.mx\\\/?p=88966#breadcrumb\"},\"inLanguage\":\"es\",\"potentialAction\":[{\"@type\":\"ReadAction\",\"target\":[\"https:\\\/\\\/quehacerpolitico.mx\\\/?p=88966\"]}]},{\"@type\":\"ImageObject\",\"inLanguage\":\"es\",\"@id\":\"https:\\\/\\\/quehacerpolitico.mx\\\/?p=88966#primaryimage\",\"url\":\"https:\\\/\\\/quehacerpolitico.mx\\\/wp-content\\\/uploads\\\/2022\\\/01\\\/C1D5974C-7B5E-439F-A24B-171AFA555938.jpeg\",\"contentUrl\":\"https:\\\/\\\/quehacerpolitico.mx\\\/wp-content\\\/uploads\\\/2022\\\/01\\\/C1D5974C-7B5E-439F-A24B-171AFA555938.jpeg\",\"width\":1600,\"height\":1200},{\"@type\":\"BreadcrumbList\",\"@id\":\"https:\\\/\\\/quehacerpolitico.mx\\\/?p=88966#breadcrumb\",\"itemListElement\":[{\"@type\":\"ListItem\",\"position\":1,\"name\":\"Inicio\",\"item\":\"https:\\\/\\\/quehacerpolitico.mx\\\/\"},{\"@type\":\"ListItem\",\"position\":2,\"name\":\"En Palacio Nacional, periodistas protestan por asesinatos de sus colegas\"}]},{\"@type\":\"WebSite\",\"@id\":\"https:\\\/\\\/quehacerpolitico.mx\\\/#website\",\"url\":\"https:\\\/\\\/quehacerpolitico.mx\\\/\",\"name\":\"\",\"description\":\"\",\"potentialAction\":[{\"@type\":\"SearchAction\",\"target\":{\"@type\":\"EntryPoint\",\"urlTemplate\":\"https:\\\/\\\/quehacerpolitico.mx\\\/?s={search_term_string}\"},\"query-input\":{\"@type\":\"PropertyValueSpecification\",\"valueRequired\":true,\"valueName\":\"search_term_string\"}}],\"inLanguage\":\"es\"},{\"@type\":\"Person\",\"@id\":\"https:\\\/\\\/quehacerpolitico.mx\\\/#\\\/schema\\\/person\\\/496d8ad2d1d3f8036101dca7ee39e585\",\"name\":\"Redacci\u00f3n QP\",\"image\":{\"@type\":\"ImageObject\",\"inLanguage\":\"es\",\"@id\":\"https:\\\/\\\/secure.gravatar.com\\\/avatar\\\/c7164ed6fdec453195284ad24a5ae5b6e1eed2b848477fa2a4787ba9adf39a41?s=96&d=mm&r=g\",\"url\":\"https:\\\/\\\/secure.gravatar.com\\\/avatar\\\/c7164ed6fdec453195284ad24a5ae5b6e1eed2b848477fa2a4787ba9adf39a41?s=96&d=mm&r=g\",\"contentUrl\":\"https:\\\/\\\/secure.gravatar.com\\\/avatar\\\/c7164ed6fdec453195284ad24a5ae5b6e1eed2b848477fa2a4787ba9adf39a41?s=96&d=mm&r=g\",\"caption\":\"Redacci\u00f3n QP\"},\"url\":\"https:\\\/\\\/quehacerpolitico.mx\\\/?author=2\"}]}<\/script>\n<!-- \/ Yoast SEO plugin. -->","yoast_head_json":{"title":"En Palacio Nacional, periodistas protestan por asesinatos de sus colegas -","robots":{"index":"index","follow":"follow","max-snippet":"max-snippet:-1","max-image-preview":"max-image-preview:large","max-video-preview":"max-video-preview:-1"},"canonical":"https:\/\/quehacerpolitico.mx\/?p=88966","og_locale":"es_MX","og_type":"article","og_title":"En Palacio Nacional, periodistas protestan por asesinatos de sus colegas -","og_description":"Por Redacci\u00f3n QP Los periodistas llamaron a esta protesta, luego de los recientes asesinatos de...","og_url":"https:\/\/quehacerpolitico.mx\/?p=88966","article_published_time":"2022-01-25T17:24:05+00:00","article_modified_time":"2022-01-25T17:24:08+00:00","og_image":[{"width":1600,"height":1200,"url":"https:\/\/quehacerpolitico.mx\/wp-content\/uploads\/2022\/01\/C1D5974C-7B5E-439F-A24B-171AFA555938.jpeg","type":"image\/jpeg"}],"author":"Redacci\u00f3n QP","twitter_card":"summary_large_image","twitter_misc":{"Escrito por":"Redacci\u00f3n QP","Tiempo de lectura":"2 minutos"},"schema":{"@context":"https:\/\/schema.org","@graph":[{"@type":"Article","@id":"https:\/\/quehacerpolitico.mx\/?p=88966#article","isPartOf":{"@id":"https:\/\/quehacerpolitico.mx\/?p=88966"},"author":{"name":"Redacci\u00f3n QP","@id":"https:\/\/quehacerpolitico.mx\/#\/schema\/person\/496d8ad2d1d3f8036101dca7ee39e585"},"headline":"En Palacio Nacional, periodistas protestan por asesinatos de sus colegas","datePublished":"2022-01-25T17:24:05+00:00","dateModified":"2022-01-25T17:24:08+00:00","mainEntityOfPage":{"@id":"https:\/\/quehacerpolitico.mx\/?p=88966"},"wordCount":383,"commentCount":0,"image":{"@id":"https:\/\/quehacerpolitico.mx\/?p=88966#primaryimage"},"thumbnailUrl":"https:\/\/quehacerpolitico.mx\/wp-content\/uploads\/2022\/01\/C1D5974C-7B5E-439F-A24B-171AFA555938.jpeg","articleSection":["Noticias"],"inLanguage":"es","potentialAction":[{"@type":"CommentAction","name":"Comment","target":["https:\/\/quehacerpolitico.mx\/?p=88966#respond"]}]},{"@type":"WebPage","@id":"https:\/\/quehacerpolitico.mx\/?p=88966","url":"https:\/\/quehacerpolitico.mx\/?p=88966","name":"En Palacio Nacional, periodistas protestan por asesinatos de sus colegas -","isPartOf":{"@id":"https:\/\/quehacerpolitico.mx\/#website"},"primaryImageOfPage":{"@id":"https:\/\/quehacerpolitico.mx\/?p=88966#primaryimage"},"image":{"@id":"https:\/\/quehacerpolitico.mx\/?p=88966#primaryimage"},"thumbnailUrl":"https:\/\/quehacerpolitico.mx\/wp-content\/uploads\/2022\/01\/C1D5974C-7B5E-439F-A24B-171AFA555938.jpeg","datePublished":"2022-01-25T17:24:05+00:00","dateModified":"2022-01-25T17:24:08+00:00","author":{"@id":"https:\/\/quehacerpolitico.mx\/#\/schema\/person\/496d8ad2d1d3f8036101dca7ee39e585"},"breadcrumb":{"@id":"https:\/\/quehacerpolitico.mx\/?p=88966#breadcrumb"},"inLanguage":"es","potentialAction":[{"@type":"ReadAction","target":["https:\/\/quehacerpolitico.mx\/?p=88966"]}]},{"@type":"ImageObject","inLanguage":"es","@id":"https:\/\/quehacerpolitico.mx\/?p=88966#primaryimage","url":"https:\/\/quehacerpolitico.mx\/wp-content\/uploads\/2022\/01\/C1D5974C-7B5E-439F-A24B-171AFA555938.jpeg","contentUrl":"https:\/\/quehacerpolitico.mx\/wp-content\/uploads\/2022\/01\/C1D5974C-7B5E-439F-A24B-171AFA555938.jpeg","width":1600,"height":1200},{"@type":"BreadcrumbList","@id":"https:\/\/quehacerpolitico.mx\/?p=88966#breadcrumb","itemListElement":[{"@type":"ListItem","position":1,"name":"Inicio","item":"https:\/\/quehacerpolitico.mx\/"},{"@type":"ListItem","position":2,"name":"En Palacio Nacional, periodistas protestan por asesinatos de sus colegas"}]},{"@type":"WebSite","@id":"https:\/\/quehacerpolitico.mx\/#website","url":"https:\/\/quehacerpolitico.mx\/","name":"","description":"","potentialAction":[{"@type":"SearchAction","target":{"@type":"EntryPoint","urlTemplate":"https:\/\/quehacerpolitico.mx\/?s={search_term_string}"},"query-input":{"@type":"PropertyValueSpecification","valueRequired":true,"valueName":"search_term_string"}}],"inLanguage":"es"},{"@type":"Person","@id":"https:\/\/quehacerpolitico.mx\/#\/schema\/person\/496d8ad2d1d3f8036101dca7ee39e585","name":"Redacci\u00f3n QP","image":{"@type":"ImageObject","inLanguage":"es","@id":"https:\/\/secure.gravatar.com\/avatar\/c7164ed6fdec453195284ad24a5ae5b6e1eed2b848477fa2a4787ba9adf39a41?s=96&d=mm&r=g","url":"https:\/\/secure.gravatar.com\/avatar\/c7164ed6fdec453195284ad24a5ae5b6e1eed2b848477fa2a4787ba9adf39a41?s=96&d=mm&r=g","contentUrl":"https:\/\/secure.gravatar.com\/avatar\/c7164ed6fdec453195284ad24a5ae5b6e1eed2b848477fa2a4787ba9adf39a41?s=96&d=mm&r=g","caption":"Redacci\u00f3n QP"},"url":"https:\/\/quehacerpolitico.mx\/?author=2"}]}},"featured_image_urls":{"full":["https:\/\/quehacerpolitico.mx\/wp-content\/uploads\/2022\/01\/C1D5974C-7B5E-439F-A24B-171AFA555938.jpeg",1600,1200,false],"thumbnail":["https:\/\/quehacerpolitico.mx\/wp-content\/uploads\/2022\/01\/C1D5974C-7B5E-439F-A24B-171AFA555938-150x150.jpeg",150,150,true],"medium":["https:\/\/quehacerpolitico.mx\/wp-content\/uploads\/2022\/01\/C1D5974C-7B5E-439F-A24B-171AFA555938-300x225.jpeg",300,225,true],"medium_large":["https:\/\/quehacerpolitico.mx\/wp-content\/uploads\/2022\/01\/C1D5974C-7B5E-439F-A24B-171AFA555938-768x576.jpeg",640,480,true],"large":["https:\/\/quehacerpolitico.mx\/wp-content\/uploads\/2022\/01\/C1D5974C-7B5E-439F-A24B-171AFA555938-1024x768.jpeg",640,480,true],"1536x1536":["https:\/\/quehacerpolitico.mx\/wp-content\/uploads\/2022\/01\/C1D5974C-7B5E-439F-A24B-171AFA555938-1536x1152.jpeg",1536,1152,true],"2048x2048":["https:\/\/quehacerpolitico.mx\/wp-content\/uploads\/2022\/01\/C1D5974C-7B5E-439F-A24B-171AFA555938.jpeg",1600,1200,false],"covernews-featured":["https:\/\/quehacerpolitico.mx\/wp-content\/uploads\/2022\/01\/C1D5974C-7B5E-439F-A24B-171AFA555938.jpeg",1024,768,false],"covernews-medium":["https:\/\/quehacerpolitico.mx\/wp-content\/uploads\/2022\/01\/C1D5974C-7B5E-439F-A24B-171AFA555938.jpeg",453,340,false]},"author_info":{"display_name":"Redacci\u00f3n QP","author_link":"https:\/\/quehacerpolitico.mx\/?author=2"},"category_info":"<a href=\"https:\/\/quehacerpolitico.mx\/?cat=2\" rel=\"category\">Noticias<\/a>","tag_info":"Noticias","comment_count":"0","_links":{"self":[{"href":"https:\/\/quehacerpolitico.mx\/index.php?rest_route=\/wp\/v2\/posts\/88966","targetHints":{"allow":["GET"]}}],"collection":[{"href":"https:\/\/quehacerpolitico.mx\/index.php?rest_route=\/wp\/v2\/posts"}],"about":[{"href":"https:\/\/quehacerpolitico.mx\/index.php?rest_route=\/wp\/v2\/types\/post"}],"author":[{"embeddable":true,"href":"https:\/\/quehacerpolitico.mx\/index.php?rest_route=\/wp\/v2\/users\/2"}],"replies":[{"embeddable":true,"href":"https:\/\/quehacerpolitico.mx\/index.php?rest_route=%2Fwp%2Fv2%2Fcomments&post=88966"}],"version-history":[{"count":1,"href":"https:\/\/quehacerpolitico.mx\/index.php?rest_route=\/wp\/v2\/posts\/88966\/revisions"}],"predecessor-version":[{"id":88969,"href":"https:\/\/quehacerpolitico.mx\/index.php?rest_route=\/wp\/v2\/posts\/88966\/revisions\/88969"}],"wp:featuredmedia":[{"embeddable":true,"href":"https:\/\/quehacerpolitico.mx\/index.php?rest_route=\/wp\/v2\/media\/88967"}],"wp:attachment":[{"href":"https:\/\/quehacerpolitico.mx\/index.php?rest_route=%2Fwp%2Fv2%2Fmedia&parent=88966"}],"wp:term":[{"taxonomy":"category","embeddable":true,"href":"https:\/\/quehacerpolitico.mx\/index.php?rest_route=%2Fwp%2Fv2%2Fcategories&post=88966"},{"taxonomy":"post_tag","embeddable":true,"href":"https:\/\/quehacerpolitico.mx\/index.php?rest_route=%2Fwp%2Fv2%2Ftags&post=88966"}],"curies":[{"name":"wp","href":"https:\/\/api.w.org\/{rel}","templated":true}]}}