{"id":88963,"date":"2022-01-25T17:02:12","date_gmt":"2022-01-25T17:02:12","guid":{"rendered":"https:\/\/quehacerpolitico.mx\/?p=88963"},"modified":"2022-01-25T17:02:15","modified_gmt":"2022-01-25T17:02:15","slug":"la-sspc-reconoce-que-no-es-suficiente-el-avance-en-combate-de-violencia-contra-mujeres","status":"publish","type":"post","link":"https:\/\/quehacerpolitico.mx\/?p=88963","title":{"rendered":"La SSPC reconoce que &#8220;no es suficiente&#8221; el avance en combate de violencia contra mujeres"},"content":{"rendered":"\n<p>Por Redacci\u00f3n QP<\/p>\n\n\n\n<p>Rosa Icela Rodr\u00edguez anunci\u00f3 que trabajar\u00e1n con mayor intensidad en la profesionalizaci\u00f3n de elementos de seguridad\u00a0en temas como violencia familiar y de g\u00e9nero<\/p>\n\n\n\n<p>La secretaria de Seguridad y Protecci\u00f3n Ciudadana (SSPC), Rosa Icela Rodr\u00edguez reconoci\u00f3 que el avance que hay para combatir la violencia contra las mujeres no ha sido suficiente, e inform\u00f3 que este 2022 intensificar\u00e1n el trabajo de revisi\u00f3n de carpetas de investigaci\u00f3n en delitos como feminicidios.&nbsp;<\/p>\n\n\n\n<p>&#8220;Hemos avanzado, pero no lo suficiente, por lo tanto,\u00a0<strong>en 2022 se intensificar\u00e1 el trabajo de revisi\u00f3n de carpetas de investigaci\u00f3n por delitos como feminicidio desde las mesas estatales y regionales de paz y la estrategia cero impunidad<\/strong>&#8220;, se\u00f1al\u00f3 la secretaria.<\/p>\n\n\n\n<figure class=\"wp-block-embed is-type-video is-provider-youtube wp-block-embed-youtube wp-embed-aspect-16-9 wp-has-aspect-ratio\"><div class=\"wp-block-embed__wrapper\">\n<iframe loading=\"lazy\" title=\"Hemos avanzado en combatir violencia contra mujeres, pero no lo suficiente: SSPC\" width=\"640\" height=\"360\" src=\"https:\/\/www.youtube.com\/embed\/P7qx55LDqVY?feature=oembed\" frameborder=\"0\" allow=\"accelerometer; autoplay; clipboard-write; encrypted-media; gyroscope; picture-in-picture; web-share\" referrerpolicy=\"strict-origin-when-cross-origin\" allowfullscreen><\/iframe>\n<\/div><\/figure>\n\n\n\n<p>En la &#8220;ma\u00f1anera&#8221; de hoy, Rosa Icela Rodr\u00edguez anunci\u00f3 tambi\u00e9n que este a\u00f1o se trabajar\u00e1 con mayor intensidad en la profesionalizaci\u00f3n de elementos de seguridad en los tres niveles de gobierno, en especial a los primeros respondientes en temas como violencia familiar y de g\u00e9nero.<\/p>\n\n\n\n<p><strong>La titular de la SSPC llam\u00f3 a las mujeres y a toda la sociedad a que denuncien cualquier acto de violencia<\/strong>, pues acus\u00f3 que el silencio tambi\u00e9n es otra forma de violencia.<\/p>\n\n\n\n<p>El a\u00f1o pasado fue el m\u00e1s violento para las mujeres, con mil 04 v\u00edctimas de feminicidio en el pa\u00eds, la cifra m\u00e1s alta desde que en 2015 se reporta este delito de alto impacto en las estad\u00edsticas oficiales.<\/p>\n\n\n\n<p><strong>Esto significa que en promedio dos mujeres fueron asesinadas al d\u00eda por razones de g\u00e9nero<\/strong>; la mayor\u00eda de ellas en el Estado de M\u00e9xico, 145; Jalisco, 70; Veracruz, 70; Ciudad de M\u00e9xico, 69, y Nuevo Le\u00f3n, 66, en n\u00fameros absolutos, de acuerdo con el \u00faltimo informe de v\u00edctimas del Secretariado Ejecutivo del Sistema Nacional de Seguridad P\u00fablica (SESNSP).<\/p>\n\n\n\n<p>Con Informaci\u00f3n de SUN <\/p>\n","protected":false},"excerpt":{"rendered":"<p>Por Redacci\u00f3n QP Rosa Icela Rodr\u00edguez anunci\u00f3 que trabajar\u00e1n con mayor intensidad en la profesionalizaci\u00f3n&#8230;<\/p>\n","protected":false},"author":2,"featured_media":88964,"comment_status":"open","ping_status":"open","sticky":false,"template":"","format":"standard","meta":{"_monsterinsights_skip_tracking":false,"_monsterinsights_sitenote_active":false,"_monsterinsights_sitenote_note":"","_monsterinsights_sitenote_category":0,"footnotes":""},"categories":[2],"tags":[],"class_list":["post-88963","post","type-post","status-publish","format-standard","has-post-thumbnail","hentry","category-noticias"],"yoast_head":"<!-- This site is optimized with the Yoast SEO plugin v27.3 - https:\/\/yoast.com\/product\/yoast-seo-wordpress\/ -->\n<title>La SSPC reconoce que &quot;no es suficiente&quot; el avance en combate de violencia contra mujeres -<\/title>\n<meta name=\"robots\" content=\"index, follow, max-snippet:-1, max-image-preview:large, max-video-preview:-1\" \/>\n<link rel=\"canonical\" href=\"https:\/\/quehacerpolitico.mx\/?p=88963\" \/>\n<meta property=\"og:locale\" content=\"es_MX\" \/>\n<meta property=\"og:type\" content=\"article\" \/>\n<meta property=\"og:title\" content=\"La SSPC reconoce que &quot;no es suficiente&quot; el avance en combate de violencia contra mujeres -\" \/>\n<meta property=\"og:description\" content=\"Por Redacci\u00f3n QP Rosa Icela Rodr\u00edguez anunci\u00f3 que trabajar\u00e1n con mayor intensidad en la profesionalizaci\u00f3n...\" \/>\n<meta property=\"og:url\" content=\"https:\/\/quehacerpolitico.mx\/?p=88963\" \/>\n<meta property=\"article:published_time\" content=\"2022-01-25T17:02:12+00:00\" \/>\n<meta property=\"article:modified_time\" content=\"2022-01-25T17:02:15+00:00\" \/>\n<meta property=\"og:image\" content=\"https:\/\/quehacerpolitico.mx\/wp-content\/uploads\/2022\/01\/1FFD8BE7-2EE2-4C1F-A7A9-9018DEBA40F8.jpeg\" \/>\n\t<meta property=\"og:image:width\" content=\"945\" \/>\n\t<meta property=\"og:image:height\" content=\"692\" \/>\n\t<meta property=\"og:image:type\" content=\"image\/jpeg\" \/>\n<meta name=\"author\" content=\"Redacci\u00f3n QP\" \/>\n<meta name=\"twitter:card\" content=\"summary_large_image\" \/>\n<meta name=\"twitter:label1\" content=\"Escrito por\" \/>\n\t<meta name=\"twitter:data1\" content=\"Redacci\u00f3n QP\" \/>\n\t<meta name=\"twitter:label2\" content=\"Tiempo de lectura\" \/>\n\t<meta name=\"twitter:data2\" content=\"2 minutos\" \/>\n<script type=\"application\/ld+json\" class=\"yoast-schema-graph\">{\"@context\":\"https:\\\/\\\/schema.org\",\"@graph\":[{\"@type\":\"Article\",\"@id\":\"https:\\\/\\\/quehacerpolitico.mx\\\/?p=88963#article\",\"isPartOf\":{\"@id\":\"https:\\\/\\\/quehacerpolitico.mx\\\/?p=88963\"},\"author\":{\"name\":\"Redacci\u00f3n QP\",\"@id\":\"https:\\\/\\\/quehacerpolitico.mx\\\/#\\\/schema\\\/person\\\/496d8ad2d1d3f8036101dca7ee39e585\"},\"headline\":\"La SSPC reconoce que &#8220;no es suficiente&#8221; el avance en combate de violencia contra mujeres\",\"datePublished\":\"2022-01-25T17:02:12+00:00\",\"dateModified\":\"2022-01-25T17:02:15+00:00\",\"mainEntityOfPage\":{\"@id\":\"https:\\\/\\\/quehacerpolitico.mx\\\/?p=88963\"},\"wordCount\":340,\"commentCount\":0,\"image\":{\"@id\":\"https:\\\/\\\/quehacerpolitico.mx\\\/?p=88963#primaryimage\"},\"thumbnailUrl\":\"https:\\\/\\\/quehacerpolitico.mx\\\/wp-content\\\/uploads\\\/2022\\\/01\\\/1FFD8BE7-2EE2-4C1F-A7A9-9018DEBA40F8.jpeg\",\"articleSection\":[\"Noticias\"],\"inLanguage\":\"es\",\"potentialAction\":[{\"@type\":\"CommentAction\",\"name\":\"Comment\",\"target\":[\"https:\\\/\\\/quehacerpolitico.mx\\\/?p=88963#respond\"]}]},{\"@type\":\"WebPage\",\"@id\":\"https:\\\/\\\/quehacerpolitico.mx\\\/?p=88963\",\"url\":\"https:\\\/\\\/quehacerpolitico.mx\\\/?p=88963\",\"name\":\"La SSPC reconoce que \\\"no es suficiente\\\" el avance en combate de violencia contra mujeres -\",\"isPartOf\":{\"@id\":\"https:\\\/\\\/quehacerpolitico.mx\\\/#website\"},\"primaryImageOfPage\":{\"@id\":\"https:\\\/\\\/quehacerpolitico.mx\\\/?p=88963#primaryimage\"},\"image\":{\"@id\":\"https:\\\/\\\/quehacerpolitico.mx\\\/?p=88963#primaryimage\"},\"thumbnailUrl\":\"https:\\\/\\\/quehacerpolitico.mx\\\/wp-content\\\/uploads\\\/2022\\\/01\\\/1FFD8BE7-2EE2-4C1F-A7A9-9018DEBA40F8.jpeg\",\"datePublished\":\"2022-01-25T17:02:12+00:00\",\"dateModified\":\"2022-01-25T17:02:15+00:00\",\"author\":{\"@id\":\"https:\\\/\\\/quehacerpolitico.mx\\\/#\\\/schema\\\/person\\\/496d8ad2d1d3f8036101dca7ee39e585\"},\"breadcrumb\":{\"@id\":\"https:\\\/\\\/quehacerpolitico.mx\\\/?p=88963#breadcrumb\"},\"inLanguage\":\"es\",\"potentialAction\":[{\"@type\":\"ReadAction\",\"target\":[\"https:\\\/\\\/quehacerpolitico.mx\\\/?p=88963\"]}]},{\"@type\":\"ImageObject\",\"inLanguage\":\"es\",\"@id\":\"https:\\\/\\\/quehacerpolitico.mx\\\/?p=88963#primaryimage\",\"url\":\"https:\\\/\\\/quehacerpolitico.mx\\\/wp-content\\\/uploads\\\/2022\\\/01\\\/1FFD8BE7-2EE2-4C1F-A7A9-9018DEBA40F8.jpeg\",\"contentUrl\":\"https:\\\/\\\/quehacerpolitico.mx\\\/wp-content\\\/uploads\\\/2022\\\/01\\\/1FFD8BE7-2EE2-4C1F-A7A9-9018DEBA40F8.jpeg\",\"width\":945,\"height\":692},{\"@type\":\"BreadcrumbList\",\"@id\":\"https:\\\/\\\/quehacerpolitico.mx\\\/?p=88963#breadcrumb\",\"itemListElement\":[{\"@type\":\"ListItem\",\"position\":1,\"name\":\"Inicio\",\"item\":\"https:\\\/\\\/quehacerpolitico.mx\\\/\"},{\"@type\":\"ListItem\",\"position\":2,\"name\":\"La SSPC reconoce que &#8220;no es suficiente&#8221; el avance en combate de violencia contra mujeres\"}]},{\"@type\":\"WebSite\",\"@id\":\"https:\\\/\\\/quehacerpolitico.mx\\\/#website\",\"url\":\"https:\\\/\\\/quehacerpolitico.mx\\\/\",\"name\":\"\",\"description\":\"\",\"potentialAction\":[{\"@type\":\"SearchAction\",\"target\":{\"@type\":\"EntryPoint\",\"urlTemplate\":\"https:\\\/\\\/quehacerpolitico.mx\\\/?s={search_term_string}\"},\"query-input\":{\"@type\":\"PropertyValueSpecification\",\"valueRequired\":true,\"valueName\":\"search_term_string\"}}],\"inLanguage\":\"es\"},{\"@type\":\"Person\",\"@id\":\"https:\\\/\\\/quehacerpolitico.mx\\\/#\\\/schema\\\/person\\\/496d8ad2d1d3f8036101dca7ee39e585\",\"name\":\"Redacci\u00f3n QP\",\"image\":{\"@type\":\"ImageObject\",\"inLanguage\":\"es\",\"@id\":\"https:\\\/\\\/secure.gravatar.com\\\/avatar\\\/c7164ed6fdec453195284ad24a5ae5b6e1eed2b848477fa2a4787ba9adf39a41?s=96&d=mm&r=g\",\"url\":\"https:\\\/\\\/secure.gravatar.com\\\/avatar\\\/c7164ed6fdec453195284ad24a5ae5b6e1eed2b848477fa2a4787ba9adf39a41?s=96&d=mm&r=g\",\"contentUrl\":\"https:\\\/\\\/secure.gravatar.com\\\/avatar\\\/c7164ed6fdec453195284ad24a5ae5b6e1eed2b848477fa2a4787ba9adf39a41?s=96&d=mm&r=g\",\"caption\":\"Redacci\u00f3n QP\"},\"url\":\"https:\\\/\\\/quehacerpolitico.mx\\\/?author=2\"}]}<\/script>\n<!-- \/ Yoast SEO plugin. -->","yoast_head_json":{"title":"La SSPC reconoce que \"no es suficiente\" el avance en combate de violencia contra mujeres -","robots":{"index":"index","follow":"follow","max-snippet":"max-snippet:-1","max-image-preview":"max-image-preview:large","max-video-preview":"max-video-preview:-1"},"canonical":"https:\/\/quehacerpolitico.mx\/?p=88963","og_locale":"es_MX","og_type":"article","og_title":"La SSPC reconoce que \"no es suficiente\" el avance en combate de violencia contra mujeres -","og_description":"Por Redacci\u00f3n QP Rosa Icela Rodr\u00edguez anunci\u00f3 que trabajar\u00e1n con mayor intensidad en la profesionalizaci\u00f3n...","og_url":"https:\/\/quehacerpolitico.mx\/?p=88963","article_published_time":"2022-01-25T17:02:12+00:00","article_modified_time":"2022-01-25T17:02:15+00:00","og_image":[{"width":945,"height":692,"url":"https:\/\/quehacerpolitico.mx\/wp-content\/uploads\/2022\/01\/1FFD8BE7-2EE2-4C1F-A7A9-9018DEBA40F8.jpeg","type":"image\/jpeg"}],"author":"Redacci\u00f3n QP","twitter_card":"summary_large_image","twitter_misc":{"Escrito por":"Redacci\u00f3n QP","Tiempo de lectura":"2 minutos"},"schema":{"@context":"https:\/\/schema.org","@graph":[{"@type":"Article","@id":"https:\/\/quehacerpolitico.mx\/?p=88963#article","isPartOf":{"@id":"https:\/\/quehacerpolitico.mx\/?p=88963"},"author":{"name":"Redacci\u00f3n QP","@id":"https:\/\/quehacerpolitico.mx\/#\/schema\/person\/496d8ad2d1d3f8036101dca7ee39e585"},"headline":"La SSPC reconoce que &#8220;no es suficiente&#8221; el avance en combate de violencia contra mujeres","datePublished":"2022-01-25T17:02:12+00:00","dateModified":"2022-01-25T17:02:15+00:00","mainEntityOfPage":{"@id":"https:\/\/quehacerpolitico.mx\/?p=88963"},"wordCount":340,"commentCount":0,"image":{"@id":"https:\/\/quehacerpolitico.mx\/?p=88963#primaryimage"},"thumbnailUrl":"https:\/\/quehacerpolitico.mx\/wp-content\/uploads\/2022\/01\/1FFD8BE7-2EE2-4C1F-A7A9-9018DEBA40F8.jpeg","articleSection":["Noticias"],"inLanguage":"es","potentialAction":[{"@type":"CommentAction","name":"Comment","target":["https:\/\/quehacerpolitico.mx\/?p=88963#respond"]}]},{"@type":"WebPage","@id":"https:\/\/quehacerpolitico.mx\/?p=88963","url":"https:\/\/quehacerpolitico.mx\/?p=88963","name":"La SSPC reconoce que \"no es suficiente\" el avance en combate de violencia contra mujeres -","isPartOf":{"@id":"https:\/\/quehacerpolitico.mx\/#website"},"primaryImageOfPage":{"@id":"https:\/\/quehacerpolitico.mx\/?p=88963#primaryimage"},"image":{"@id":"https:\/\/quehacerpolitico.mx\/?p=88963#primaryimage"},"thumbnailUrl":"https:\/\/quehacerpolitico.mx\/wp-content\/uploads\/2022\/01\/1FFD8BE7-2EE2-4C1F-A7A9-9018DEBA40F8.jpeg","datePublished":"2022-01-25T17:02:12+00:00","dateModified":"2022-01-25T17:02:15+00:00","author":{"@id":"https:\/\/quehacerpolitico.mx\/#\/schema\/person\/496d8ad2d1d3f8036101dca7ee39e585"},"breadcrumb":{"@id":"https:\/\/quehacerpolitico.mx\/?p=88963#breadcrumb"},"inLanguage":"es","potentialAction":[{"@type":"ReadAction","target":["https:\/\/quehacerpolitico.mx\/?p=88963"]}]},{"@type":"ImageObject","inLanguage":"es","@id":"https:\/\/quehacerpolitico.mx\/?p=88963#primaryimage","url":"https:\/\/quehacerpolitico.mx\/wp-content\/uploads\/2022\/01\/1FFD8BE7-2EE2-4C1F-A7A9-9018DEBA40F8.jpeg","contentUrl":"https:\/\/quehacerpolitico.mx\/wp-content\/uploads\/2022\/01\/1FFD8BE7-2EE2-4C1F-A7A9-9018DEBA40F8.jpeg","width":945,"height":692},{"@type":"BreadcrumbList","@id":"https:\/\/quehacerpolitico.mx\/?p=88963#breadcrumb","itemListElement":[{"@type":"ListItem","position":1,"name":"Inicio","item":"https:\/\/quehacerpolitico.mx\/"},{"@type":"ListItem","position":2,"name":"La SSPC reconoce que &#8220;no es suficiente&#8221; el avance en combate de violencia contra mujeres"}]},{"@type":"WebSite","@id":"https:\/\/quehacerpolitico.mx\/#website","url":"https:\/\/quehacerpolitico.mx\/","name":"","description":"","potentialAction":[{"@type":"SearchAction","target":{"@type":"EntryPoint","urlTemplate":"https:\/\/quehacerpolitico.mx\/?s={search_term_string}"},"query-input":{"@type":"PropertyValueSpecification","valueRequired":true,"valueName":"search_term_string"}}],"inLanguage":"es"},{"@type":"Person","@id":"https:\/\/quehacerpolitico.mx\/#\/schema\/person\/496d8ad2d1d3f8036101dca7ee39e585","name":"Redacci\u00f3n QP","image":{"@type":"ImageObject","inLanguage":"es","@id":"https:\/\/secure.gravatar.com\/avatar\/c7164ed6fdec453195284ad24a5ae5b6e1eed2b848477fa2a4787ba9adf39a41?s=96&d=mm&r=g","url":"https:\/\/secure.gravatar.com\/avatar\/c7164ed6fdec453195284ad24a5ae5b6e1eed2b848477fa2a4787ba9adf39a41?s=96&d=mm&r=g","contentUrl":"https:\/\/secure.gravatar.com\/avatar\/c7164ed6fdec453195284ad24a5ae5b6e1eed2b848477fa2a4787ba9adf39a41?s=96&d=mm&r=g","caption":"Redacci\u00f3n QP"},"url":"https:\/\/quehacerpolitico.mx\/?author=2"}]}},"featured_image_urls":{"full":["https:\/\/quehacerpolitico.mx\/wp-content\/uploads\/2022\/01\/1FFD8BE7-2EE2-4C1F-A7A9-9018DEBA40F8.jpeg",945,692,false],"thumbnail":["https:\/\/quehacerpolitico.mx\/wp-content\/uploads\/2022\/01\/1FFD8BE7-2EE2-4C1F-A7A9-9018DEBA40F8-150x150.jpeg",150,150,true],"medium":["https:\/\/quehacerpolitico.mx\/wp-content\/uploads\/2022\/01\/1FFD8BE7-2EE2-4C1F-A7A9-9018DEBA40F8-300x220.jpeg",300,220,true],"medium_large":["https:\/\/quehacerpolitico.mx\/wp-content\/uploads\/2022\/01\/1FFD8BE7-2EE2-4C1F-A7A9-9018DEBA40F8-768x562.jpeg",640,468,true],"large":["https:\/\/quehacerpolitico.mx\/wp-content\/uploads\/2022\/01\/1FFD8BE7-2EE2-4C1F-A7A9-9018DEBA40F8.jpeg",640,469,false],"1536x1536":["https:\/\/quehacerpolitico.mx\/wp-content\/uploads\/2022\/01\/1FFD8BE7-2EE2-4C1F-A7A9-9018DEBA40F8.jpeg",945,692,false],"2048x2048":["https:\/\/quehacerpolitico.mx\/wp-content\/uploads\/2022\/01\/1FFD8BE7-2EE2-4C1F-A7A9-9018DEBA40F8.jpeg",945,692,false],"covernews-featured":["https:\/\/quehacerpolitico.mx\/wp-content\/uploads\/2022\/01\/1FFD8BE7-2EE2-4C1F-A7A9-9018DEBA40F8.jpeg",945,692,false],"covernews-medium":["https:\/\/quehacerpolitico.mx\/wp-content\/uploads\/2022\/01\/1FFD8BE7-2EE2-4C1F-A7A9-9018DEBA40F8.jpeg",464,340,false]},"author_info":{"display_name":"Redacci\u00f3n QP","author_link":"https:\/\/quehacerpolitico.mx\/?author=2"},"category_info":"<a href=\"https:\/\/quehacerpolitico.mx\/?cat=2\" rel=\"category\">Noticias<\/a>","tag_info":"Noticias","comment_count":"0","_links":{"self":[{"href":"https:\/\/quehacerpolitico.mx\/index.php?rest_route=\/wp\/v2\/posts\/88963","targetHints":{"allow":["GET"]}}],"collection":[{"href":"https:\/\/quehacerpolitico.mx\/index.php?rest_route=\/wp\/v2\/posts"}],"about":[{"href":"https:\/\/quehacerpolitico.mx\/index.php?rest_route=\/wp\/v2\/types\/post"}],"author":[{"embeddable":true,"href":"https:\/\/quehacerpolitico.mx\/index.php?rest_route=\/wp\/v2\/users\/2"}],"replies":[{"embeddable":true,"href":"https:\/\/quehacerpolitico.mx\/index.php?rest_route=%2Fwp%2Fv2%2Fcomments&post=88963"}],"version-history":[{"count":1,"href":"https:\/\/quehacerpolitico.mx\/index.php?rest_route=\/wp\/v2\/posts\/88963\/revisions"}],"predecessor-version":[{"id":88965,"href":"https:\/\/quehacerpolitico.mx\/index.php?rest_route=\/wp\/v2\/posts\/88963\/revisions\/88965"}],"wp:featuredmedia":[{"embeddable":true,"href":"https:\/\/quehacerpolitico.mx\/index.php?rest_route=\/wp\/v2\/media\/88964"}],"wp:attachment":[{"href":"https:\/\/quehacerpolitico.mx\/index.php?rest_route=%2Fwp%2Fv2%2Fmedia&parent=88963"}],"wp:term":[{"taxonomy":"category","embeddable":true,"href":"https:\/\/quehacerpolitico.mx\/index.php?rest_route=%2Fwp%2Fv2%2Fcategories&post=88963"},{"taxonomy":"post_tag","embeddable":true,"href":"https:\/\/quehacerpolitico.mx\/index.php?rest_route=%2Fwp%2Fv2%2Ftags&post=88963"}],"curies":[{"name":"wp","href":"https:\/\/api.w.org\/{rel}","templated":true}]}}