{"id":88960,"date":"2022-01-25T16:45:51","date_gmt":"2022-01-25T16:45:51","guid":{"rendered":"https:\/\/quehacerpolitico.mx\/?p=88960"},"modified":"2022-01-25T16:45:55","modified_gmt":"2022-01-25T16:45:55","slug":"eu-confirma-condena-del-chapo-guzman-a-cadena-perpetua-al-narcotraficante","status":"publish","type":"post","link":"https:\/\/quehacerpolitico.mx\/?p=88960","title":{"rendered":"EU confirma condena del \u201cChapo\u201d Guzm\u00e1n a cadena perpetua al narcotraficante"},"content":{"rendered":"\n<p>Por Redacci\u00f3n QP<\/p>\n\n\n\n<p>El Tribunal de Apelaciones de Estados Unidos desestim\u00f3 varios argumentos presentados por los abogados del &#8220;Chapo&#8221;<\/p>\n\n\n\n<p>El Tribunal de Apelaciones de Estados Unidos confirm\u00f3 la ma\u00f1ana de este martes la condena a cadena perpetua al ex l\u00edder del c\u00e1rtel de Sinaloa, Joaqu\u00edn \u201cEl Chapo\u201d Guzm\u00e1n por delitos relacionados con el narcotr\u00e1fico.&nbsp;<\/p>\n\n\n\n<p>Seg\u00fan reportan algunos medios internacionales, el Tribunal desestim\u00f3 varios argumentos que \u201cEl Chapo\u201d present\u00f3 para que se revocara su condena, al argumentar que algunos miembros del jurado adoptaron la protecci\u00f3n de los medios de comunicaci\u00f3n del juicio, y mintieron al juez de distrito.<\/p>\n\n\n\n<p><strong>Guzm\u00e1n exig\u00eda la anulaci\u00f3n de la condena que se le impuso y la repetici\u00f3n de su juicio, alegando principalmente que\u00a0fue tratado de forma inhumana durante su encarcelamiento<\/strong>\u00a0e insistiendo que el jurado incumpli\u00f3 y viol\u00f3 la normativa que se le impuso, y por tanto, su decisi\u00f3n no puede ser v\u00e1lida.<\/p>\n\n\n\n<p>La defensa argumentaba el &#8220;trato inhumano&#8221; que recibi\u00f3 su cliente en la c\u00e1rcel antes y durante el juicio, y el explosivo reporte de Vice News en el que un miembro del jurado, amparado en el anonimato, aseguraba que hab\u00eda violado la regla de no consultar medios de comunicaci\u00f3n ni redes sociales durante el proceso judicial.<\/p>\n\n\n\n<p>Sin embargo, la Corte de Apelaciones determin\u00f3 que &#8220;ninguno&#8221; de los argumentos de la defensa del l\u00edder del C\u00e1rtel de Sinaloa &#8220;tiene m\u00e9rito&#8221; y por tanto reafirm\u00f3 la sentencia.<\/p>\n\n\n\n<p>Con Informaci\u00f3n de SUN <\/p>\n","protected":false},"excerpt":{"rendered":"<p>Por Redacci\u00f3n QP El Tribunal de Apelaciones de Estados Unidos desestim\u00f3 varios argumentos presentados por&#8230;<\/p>\n","protected":false},"author":2,"featured_media":88961,"comment_status":"open","ping_status":"open","sticky":false,"template":"","format":"standard","meta":{"_monsterinsights_skip_tracking":false,"_monsterinsights_sitenote_active":false,"_monsterinsights_sitenote_note":"","_monsterinsights_sitenote_category":0,"footnotes":""},"categories":[2],"tags":[],"class_list":["post-88960","post","type-post","status-publish","format-standard","has-post-thumbnail","hentry","category-noticias"],"yoast_head":"<!-- This site is optimized with the Yoast SEO plugin v27.3 - https:\/\/yoast.com\/product\/yoast-seo-wordpress\/ -->\n<title>EU confirma condena del \u201cChapo\u201d Guzm\u00e1n a cadena perpetua al narcotraficante -<\/title>\n<meta name=\"robots\" content=\"index, follow, max-snippet:-1, max-image-preview:large, max-video-preview:-1\" \/>\n<link rel=\"canonical\" href=\"https:\/\/quehacerpolitico.mx\/?p=88960\" \/>\n<meta property=\"og:locale\" content=\"es_MX\" \/>\n<meta property=\"og:type\" content=\"article\" \/>\n<meta property=\"og:title\" content=\"EU confirma condena del \u201cChapo\u201d Guzm\u00e1n a cadena perpetua al narcotraficante -\" \/>\n<meta property=\"og:description\" content=\"Por Redacci\u00f3n QP El Tribunal de Apelaciones de Estados Unidos desestim\u00f3 varios argumentos presentados por...\" \/>\n<meta property=\"og:url\" content=\"https:\/\/quehacerpolitico.mx\/?p=88960\" \/>\n<meta property=\"article:published_time\" content=\"2022-01-25T16:45:51+00:00\" \/>\n<meta property=\"article:modified_time\" content=\"2022-01-25T16:45:55+00:00\" \/>\n<meta property=\"og:image\" content=\"https:\/\/quehacerpolitico.mx\/wp-content\/uploads\/2022\/01\/F786BC15-1C8F-400F-B9CE-70FB559CB75B.jpeg\" \/>\n\t<meta property=\"og:image:width\" content=\"738\" \/>\n\t<meta property=\"og:image:height\" content=\"415\" \/>\n\t<meta property=\"og:image:type\" content=\"image\/jpeg\" \/>\n<meta name=\"author\" content=\"Redacci\u00f3n QP\" \/>\n<meta name=\"twitter:card\" content=\"summary_large_image\" \/>\n<meta name=\"twitter:label1\" content=\"Escrito por\" \/>\n\t<meta name=\"twitter:data1\" content=\"Redacci\u00f3n QP\" \/>\n\t<meta name=\"twitter:label2\" content=\"Tiempo de lectura\" \/>\n\t<meta name=\"twitter:data2\" content=\"1 minuto\" \/>\n<script type=\"application\/ld+json\" class=\"yoast-schema-graph\">{\"@context\":\"https:\\\/\\\/schema.org\",\"@graph\":[{\"@type\":\"Article\",\"@id\":\"https:\\\/\\\/quehacerpolitico.mx\\\/?p=88960#article\",\"isPartOf\":{\"@id\":\"https:\\\/\\\/quehacerpolitico.mx\\\/?p=88960\"},\"author\":{\"name\":\"Redacci\u00f3n QP\",\"@id\":\"https:\\\/\\\/quehacerpolitico.mx\\\/#\\\/schema\\\/person\\\/496d8ad2d1d3f8036101dca7ee39e585\"},\"headline\":\"EU confirma condena del \u201cChapo\u201d Guzm\u00e1n a cadena perpetua al narcotraficante\",\"datePublished\":\"2022-01-25T16:45:51+00:00\",\"dateModified\":\"2022-01-25T16:45:55+00:00\",\"mainEntityOfPage\":{\"@id\":\"https:\\\/\\\/quehacerpolitico.mx\\\/?p=88960\"},\"wordCount\":272,\"commentCount\":0,\"image\":{\"@id\":\"https:\\\/\\\/quehacerpolitico.mx\\\/?p=88960#primaryimage\"},\"thumbnailUrl\":\"https:\\\/\\\/quehacerpolitico.mx\\\/wp-content\\\/uploads\\\/2022\\\/01\\\/F786BC15-1C8F-400F-B9CE-70FB559CB75B.jpeg\",\"articleSection\":[\"Noticias\"],\"inLanguage\":\"es\",\"potentialAction\":[{\"@type\":\"CommentAction\",\"name\":\"Comment\",\"target\":[\"https:\\\/\\\/quehacerpolitico.mx\\\/?p=88960#respond\"]}]},{\"@type\":\"WebPage\",\"@id\":\"https:\\\/\\\/quehacerpolitico.mx\\\/?p=88960\",\"url\":\"https:\\\/\\\/quehacerpolitico.mx\\\/?p=88960\",\"name\":\"EU confirma condena del \u201cChapo\u201d Guzm\u00e1n a cadena perpetua al narcotraficante -\",\"isPartOf\":{\"@id\":\"https:\\\/\\\/quehacerpolitico.mx\\\/#website\"},\"primaryImageOfPage\":{\"@id\":\"https:\\\/\\\/quehacerpolitico.mx\\\/?p=88960#primaryimage\"},\"image\":{\"@id\":\"https:\\\/\\\/quehacerpolitico.mx\\\/?p=88960#primaryimage\"},\"thumbnailUrl\":\"https:\\\/\\\/quehacerpolitico.mx\\\/wp-content\\\/uploads\\\/2022\\\/01\\\/F786BC15-1C8F-400F-B9CE-70FB559CB75B.jpeg\",\"datePublished\":\"2022-01-25T16:45:51+00:00\",\"dateModified\":\"2022-01-25T16:45:55+00:00\",\"author\":{\"@id\":\"https:\\\/\\\/quehacerpolitico.mx\\\/#\\\/schema\\\/person\\\/496d8ad2d1d3f8036101dca7ee39e585\"},\"breadcrumb\":{\"@id\":\"https:\\\/\\\/quehacerpolitico.mx\\\/?p=88960#breadcrumb\"},\"inLanguage\":\"es\",\"potentialAction\":[{\"@type\":\"ReadAction\",\"target\":[\"https:\\\/\\\/quehacerpolitico.mx\\\/?p=88960\"]}]},{\"@type\":\"ImageObject\",\"inLanguage\":\"es\",\"@id\":\"https:\\\/\\\/quehacerpolitico.mx\\\/?p=88960#primaryimage\",\"url\":\"https:\\\/\\\/quehacerpolitico.mx\\\/wp-content\\\/uploads\\\/2022\\\/01\\\/F786BC15-1C8F-400F-B9CE-70FB559CB75B.jpeg\",\"contentUrl\":\"https:\\\/\\\/quehacerpolitico.mx\\\/wp-content\\\/uploads\\\/2022\\\/01\\\/F786BC15-1C8F-400F-B9CE-70FB559CB75B.jpeg\",\"width\":738,\"height\":415},{\"@type\":\"BreadcrumbList\",\"@id\":\"https:\\\/\\\/quehacerpolitico.mx\\\/?p=88960#breadcrumb\",\"itemListElement\":[{\"@type\":\"ListItem\",\"position\":1,\"name\":\"Inicio\",\"item\":\"https:\\\/\\\/quehacerpolitico.mx\\\/\"},{\"@type\":\"ListItem\",\"position\":2,\"name\":\"EU confirma condena del \u201cChapo\u201d Guzm\u00e1n a cadena perpetua al narcotraficante\"}]},{\"@type\":\"WebSite\",\"@id\":\"https:\\\/\\\/quehacerpolitico.mx\\\/#website\",\"url\":\"https:\\\/\\\/quehacerpolitico.mx\\\/\",\"name\":\"\",\"description\":\"\",\"potentialAction\":[{\"@type\":\"SearchAction\",\"target\":{\"@type\":\"EntryPoint\",\"urlTemplate\":\"https:\\\/\\\/quehacerpolitico.mx\\\/?s={search_term_string}\"},\"query-input\":{\"@type\":\"PropertyValueSpecification\",\"valueRequired\":true,\"valueName\":\"search_term_string\"}}],\"inLanguage\":\"es\"},{\"@type\":\"Person\",\"@id\":\"https:\\\/\\\/quehacerpolitico.mx\\\/#\\\/schema\\\/person\\\/496d8ad2d1d3f8036101dca7ee39e585\",\"name\":\"Redacci\u00f3n QP\",\"image\":{\"@type\":\"ImageObject\",\"inLanguage\":\"es\",\"@id\":\"https:\\\/\\\/secure.gravatar.com\\\/avatar\\\/c7164ed6fdec453195284ad24a5ae5b6e1eed2b848477fa2a4787ba9adf39a41?s=96&d=mm&r=g\",\"url\":\"https:\\\/\\\/secure.gravatar.com\\\/avatar\\\/c7164ed6fdec453195284ad24a5ae5b6e1eed2b848477fa2a4787ba9adf39a41?s=96&d=mm&r=g\",\"contentUrl\":\"https:\\\/\\\/secure.gravatar.com\\\/avatar\\\/c7164ed6fdec453195284ad24a5ae5b6e1eed2b848477fa2a4787ba9adf39a41?s=96&d=mm&r=g\",\"caption\":\"Redacci\u00f3n QP\"},\"url\":\"https:\\\/\\\/quehacerpolitico.mx\\\/?author=2\"}]}<\/script>\n<!-- \/ Yoast SEO plugin. -->","yoast_head_json":{"title":"EU confirma condena del \u201cChapo\u201d Guzm\u00e1n a cadena perpetua al narcotraficante -","robots":{"index":"index","follow":"follow","max-snippet":"max-snippet:-1","max-image-preview":"max-image-preview:large","max-video-preview":"max-video-preview:-1"},"canonical":"https:\/\/quehacerpolitico.mx\/?p=88960","og_locale":"es_MX","og_type":"article","og_title":"EU confirma condena del \u201cChapo\u201d Guzm\u00e1n a cadena perpetua al narcotraficante -","og_description":"Por Redacci\u00f3n QP El Tribunal de Apelaciones de Estados Unidos desestim\u00f3 varios argumentos presentados por...","og_url":"https:\/\/quehacerpolitico.mx\/?p=88960","article_published_time":"2022-01-25T16:45:51+00:00","article_modified_time":"2022-01-25T16:45:55+00:00","og_image":[{"width":738,"height":415,"url":"https:\/\/quehacerpolitico.mx\/wp-content\/uploads\/2022\/01\/F786BC15-1C8F-400F-B9CE-70FB559CB75B.jpeg","type":"image\/jpeg"}],"author":"Redacci\u00f3n QP","twitter_card":"summary_large_image","twitter_misc":{"Escrito por":"Redacci\u00f3n QP","Tiempo de lectura":"1 minuto"},"schema":{"@context":"https:\/\/schema.org","@graph":[{"@type":"Article","@id":"https:\/\/quehacerpolitico.mx\/?p=88960#article","isPartOf":{"@id":"https:\/\/quehacerpolitico.mx\/?p=88960"},"author":{"name":"Redacci\u00f3n QP","@id":"https:\/\/quehacerpolitico.mx\/#\/schema\/person\/496d8ad2d1d3f8036101dca7ee39e585"},"headline":"EU confirma condena del \u201cChapo\u201d Guzm\u00e1n a cadena perpetua al narcotraficante","datePublished":"2022-01-25T16:45:51+00:00","dateModified":"2022-01-25T16:45:55+00:00","mainEntityOfPage":{"@id":"https:\/\/quehacerpolitico.mx\/?p=88960"},"wordCount":272,"commentCount":0,"image":{"@id":"https:\/\/quehacerpolitico.mx\/?p=88960#primaryimage"},"thumbnailUrl":"https:\/\/quehacerpolitico.mx\/wp-content\/uploads\/2022\/01\/F786BC15-1C8F-400F-B9CE-70FB559CB75B.jpeg","articleSection":["Noticias"],"inLanguage":"es","potentialAction":[{"@type":"CommentAction","name":"Comment","target":["https:\/\/quehacerpolitico.mx\/?p=88960#respond"]}]},{"@type":"WebPage","@id":"https:\/\/quehacerpolitico.mx\/?p=88960","url":"https:\/\/quehacerpolitico.mx\/?p=88960","name":"EU confirma condena del \u201cChapo\u201d Guzm\u00e1n a cadena perpetua al narcotraficante -","isPartOf":{"@id":"https:\/\/quehacerpolitico.mx\/#website"},"primaryImageOfPage":{"@id":"https:\/\/quehacerpolitico.mx\/?p=88960#primaryimage"},"image":{"@id":"https:\/\/quehacerpolitico.mx\/?p=88960#primaryimage"},"thumbnailUrl":"https:\/\/quehacerpolitico.mx\/wp-content\/uploads\/2022\/01\/F786BC15-1C8F-400F-B9CE-70FB559CB75B.jpeg","datePublished":"2022-01-25T16:45:51+00:00","dateModified":"2022-01-25T16:45:55+00:00","author":{"@id":"https:\/\/quehacerpolitico.mx\/#\/schema\/person\/496d8ad2d1d3f8036101dca7ee39e585"},"breadcrumb":{"@id":"https:\/\/quehacerpolitico.mx\/?p=88960#breadcrumb"},"inLanguage":"es","potentialAction":[{"@type":"ReadAction","target":["https:\/\/quehacerpolitico.mx\/?p=88960"]}]},{"@type":"ImageObject","inLanguage":"es","@id":"https:\/\/quehacerpolitico.mx\/?p=88960#primaryimage","url":"https:\/\/quehacerpolitico.mx\/wp-content\/uploads\/2022\/01\/F786BC15-1C8F-400F-B9CE-70FB559CB75B.jpeg","contentUrl":"https:\/\/quehacerpolitico.mx\/wp-content\/uploads\/2022\/01\/F786BC15-1C8F-400F-B9CE-70FB559CB75B.jpeg","width":738,"height":415},{"@type":"BreadcrumbList","@id":"https:\/\/quehacerpolitico.mx\/?p=88960#breadcrumb","itemListElement":[{"@type":"ListItem","position":1,"name":"Inicio","item":"https:\/\/quehacerpolitico.mx\/"},{"@type":"ListItem","position":2,"name":"EU confirma condena del \u201cChapo\u201d Guzm\u00e1n a cadena perpetua al narcotraficante"}]},{"@type":"WebSite","@id":"https:\/\/quehacerpolitico.mx\/#website","url":"https:\/\/quehacerpolitico.mx\/","name":"","description":"","potentialAction":[{"@type":"SearchAction","target":{"@type":"EntryPoint","urlTemplate":"https:\/\/quehacerpolitico.mx\/?s={search_term_string}"},"query-input":{"@type":"PropertyValueSpecification","valueRequired":true,"valueName":"search_term_string"}}],"inLanguage":"es"},{"@type":"Person","@id":"https:\/\/quehacerpolitico.mx\/#\/schema\/person\/496d8ad2d1d3f8036101dca7ee39e585","name":"Redacci\u00f3n QP","image":{"@type":"ImageObject","inLanguage":"es","@id":"https:\/\/secure.gravatar.com\/avatar\/c7164ed6fdec453195284ad24a5ae5b6e1eed2b848477fa2a4787ba9adf39a41?s=96&d=mm&r=g","url":"https:\/\/secure.gravatar.com\/avatar\/c7164ed6fdec453195284ad24a5ae5b6e1eed2b848477fa2a4787ba9adf39a41?s=96&d=mm&r=g","contentUrl":"https:\/\/secure.gravatar.com\/avatar\/c7164ed6fdec453195284ad24a5ae5b6e1eed2b848477fa2a4787ba9adf39a41?s=96&d=mm&r=g","caption":"Redacci\u00f3n QP"},"url":"https:\/\/quehacerpolitico.mx\/?author=2"}]}},"featured_image_urls":{"full":["https:\/\/quehacerpolitico.mx\/wp-content\/uploads\/2022\/01\/F786BC15-1C8F-400F-B9CE-70FB559CB75B.jpeg",738,415,false],"thumbnail":["https:\/\/quehacerpolitico.mx\/wp-content\/uploads\/2022\/01\/F786BC15-1C8F-400F-B9CE-70FB559CB75B-150x150.jpeg",150,150,true],"medium":["https:\/\/quehacerpolitico.mx\/wp-content\/uploads\/2022\/01\/F786BC15-1C8F-400F-B9CE-70FB559CB75B-300x169.jpeg",300,169,true],"medium_large":["https:\/\/quehacerpolitico.mx\/wp-content\/uploads\/2022\/01\/F786BC15-1C8F-400F-B9CE-70FB559CB75B.jpeg",640,360,false],"large":["https:\/\/quehacerpolitico.mx\/wp-content\/uploads\/2022\/01\/F786BC15-1C8F-400F-B9CE-70FB559CB75B.jpeg",640,360,false],"1536x1536":["https:\/\/quehacerpolitico.mx\/wp-content\/uploads\/2022\/01\/F786BC15-1C8F-400F-B9CE-70FB559CB75B.jpeg",738,415,false],"2048x2048":["https:\/\/quehacerpolitico.mx\/wp-content\/uploads\/2022\/01\/F786BC15-1C8F-400F-B9CE-70FB559CB75B.jpeg",738,415,false],"covernews-featured":["https:\/\/quehacerpolitico.mx\/wp-content\/uploads\/2022\/01\/F786BC15-1C8F-400F-B9CE-70FB559CB75B.jpeg",738,415,false],"covernews-medium":["https:\/\/quehacerpolitico.mx\/wp-content\/uploads\/2022\/01\/F786BC15-1C8F-400F-B9CE-70FB559CB75B.jpeg",540,304,false]},"author_info":{"display_name":"Redacci\u00f3n QP","author_link":"https:\/\/quehacerpolitico.mx\/?author=2"},"category_info":"<a href=\"https:\/\/quehacerpolitico.mx\/?cat=2\" rel=\"category\">Noticias<\/a>","tag_info":"Noticias","comment_count":"0","_links":{"self":[{"href":"https:\/\/quehacerpolitico.mx\/index.php?rest_route=\/wp\/v2\/posts\/88960","targetHints":{"allow":["GET"]}}],"collection":[{"href":"https:\/\/quehacerpolitico.mx\/index.php?rest_route=\/wp\/v2\/posts"}],"about":[{"href":"https:\/\/quehacerpolitico.mx\/index.php?rest_route=\/wp\/v2\/types\/post"}],"author":[{"embeddable":true,"href":"https:\/\/quehacerpolitico.mx\/index.php?rest_route=\/wp\/v2\/users\/2"}],"replies":[{"embeddable":true,"href":"https:\/\/quehacerpolitico.mx\/index.php?rest_route=%2Fwp%2Fv2%2Fcomments&post=88960"}],"version-history":[{"count":1,"href":"https:\/\/quehacerpolitico.mx\/index.php?rest_route=\/wp\/v2\/posts\/88960\/revisions"}],"predecessor-version":[{"id":88962,"href":"https:\/\/quehacerpolitico.mx\/index.php?rest_route=\/wp\/v2\/posts\/88960\/revisions\/88962"}],"wp:featuredmedia":[{"embeddable":true,"href":"https:\/\/quehacerpolitico.mx\/index.php?rest_route=\/wp\/v2\/media\/88961"}],"wp:attachment":[{"href":"https:\/\/quehacerpolitico.mx\/index.php?rest_route=%2Fwp%2Fv2%2Fmedia&parent=88960"}],"wp:term":[{"taxonomy":"category","embeddable":true,"href":"https:\/\/quehacerpolitico.mx\/index.php?rest_route=%2Fwp%2Fv2%2Fcategories&post=88960"},{"taxonomy":"post_tag","embeddable":true,"href":"https:\/\/quehacerpolitico.mx\/index.php?rest_route=%2Fwp%2Fv2%2Ftags&post=88960"}],"curies":[{"name":"wp","href":"https:\/\/api.w.org\/{rel}","templated":true}]}}