{"id":88916,"date":"2022-01-24T19:46:26","date_gmt":"2022-01-24T19:46:26","guid":{"rendered":"https:\/\/quehacerpolitico.mx\/?p=88916"},"modified":"2022-01-24T19:46:28","modified_gmt":"2022-01-24T19:46:28","slug":"inflacion-en-mexico-se-desacelera-al-7-13-en-primera-quincena-de-enero","status":"publish","type":"post","link":"https:\/\/quehacerpolitico.mx\/?p=88916","title":{"rendered":"Inflaci\u00f3n en M\u00e9xico se desacelera al 7.13% en primera quincena de enero"},"content":{"rendered":"\n<p>Por Redacci\u00f3n QP<\/p>\n\n\n\n<p>El alza del \u00cdndice de Precios al Consumidor se ubic\u00f3 en un 7.13%, por debajo del 7.26% de la segunda mitad de diciembre, de acuerdo con el Inegi<\/p>\n\n\n\n<ul class=\"wp-block-list\"><li>En los primeros 15 d\u00edas de enero, los precios aumentaron un 0.39%, mientras que el \u00edndice subyacente arroj\u00f3 una tasa del 0.34%<\/li><\/ul>\n\n\n\n<p>La\u00a0inflaci\u00f3n anual\u00a0en\u00a0M\u00e9xico se desaceler\u00f3 a 7.13% durante la primera quincena de<strong>\u00a0enero<\/strong>, aunque la variable subyacente se aceler\u00f3 a su nivel m\u00e1s alto en m\u00e1s de 20 a\u00f1os, lo que reforzar\u00eda expectativas de un nuevo incremento a la tasa de inter\u00e9s referencial el pr\u00f3ximo mes.<\/p>\n\n\n\n<p>El alza del\u00a0<strong>\u00cdndice de Precios al Consumidor<\/strong>se ubic\u00f3 en un 7.13%, por debajo del 7.26% de la segunda mitad de diciembre, de acuerdo con cifras divulgadas por el\u00a0Inegi<\/p>\n\n\n\n<p>En contraste, la&nbsp;<strong>inflaci\u00f3n<\/strong>&nbsp;subyacente, considerada un mejor par\u00e1metro para medir la trayectoria de los precios porque elimina productos de alta volatilidad, registr\u00f3 una variaci\u00f3n del 6.11%, su mayor registro desde octubre de 2001 y por encima del 6.00% de la quincena previa.<\/p>\n\n\n\n<p>El banco central, que tiene una meta permanente de inflaci\u00f3n de un 3% +\/- un punto porcentual, elev\u00f3 en diciembre en 50 puntos base su tasa clave, en su quinta alza seguida, citando un deterioro en las previsiones para el \u00edndice de precios.<\/p>\n\n\n\n<p>Su primer aviso de pol\u00edtica monetaria del a\u00f1o est\u00e1 programado para el 10 de febrero.<\/p>\n\n\n\n<blockquote class=\"wp-block-quote is-layout-flow wp-block-quote-is-layout-flow\"><p>\u201cEl nuevo aumento de la inflaci\u00f3n subyacente, a 6.1% a\/a, ser\u00e1 una preocupaci\u00f3n para el banco central, lo que sugiere que entregar\u00e1 otra subida de tipos de 50 pb, a 6.00% en su reuni\u00f3n del pr\u00f3ximo mes\u201d, dijo Nikhil Sanghani, economista de mercados emergentes de Capital Economics.<\/p><\/blockquote>\n\n\n\n<p>En los primeros 15 d\u00edas de\u00a0<strong>enero<\/strong>, los precios aumentaron un 0.39%, mientras que el \u00edndice subyacente arroj\u00f3 una tasa del 0.34%.<\/p>\n\n\n\n<p>El aumento del&nbsp;<strong>\u00cdndice Nacional de Precios al Consumidor (INPC)<\/strong>&nbsp;se vio impulsado por incrementos de precios en el lim\u00f3n y gasolina de bajo octanaje, entre otros.<\/p>\n\n\n\n<p>Con informaci\u00f3n de Reuters<\/p>\n","protected":false},"excerpt":{"rendered":"<p>Por Redacci\u00f3n QP El alza del \u00cdndice de Precios al Consumidor se ubic\u00f3 en un&#8230;<\/p>\n","protected":false},"author":2,"featured_media":88917,"comment_status":"open","ping_status":"open","sticky":false,"template":"","format":"standard","meta":{"_monsterinsights_skip_tracking":false,"_monsterinsights_sitenote_active":false,"_monsterinsights_sitenote_note":"","_monsterinsights_sitenote_category":0,"footnotes":""},"categories":[56],"tags":[],"class_list":["post-88916","post","type-post","status-publish","format-standard","has-post-thumbnail","hentry","category-economia"],"yoast_head":"<!-- This site is optimized with the Yoast SEO plugin v27.3 - https:\/\/yoast.com\/product\/yoast-seo-wordpress\/ -->\n<title>Inflaci\u00f3n en M\u00e9xico se desacelera al 7.13% en primera quincena de enero -<\/title>\n<meta name=\"robots\" content=\"index, follow, max-snippet:-1, max-image-preview:large, max-video-preview:-1\" \/>\n<link rel=\"canonical\" href=\"https:\/\/quehacerpolitico.mx\/?p=88916\" \/>\n<meta property=\"og:locale\" content=\"es_MX\" \/>\n<meta property=\"og:type\" content=\"article\" \/>\n<meta property=\"og:title\" content=\"Inflaci\u00f3n en M\u00e9xico se desacelera al 7.13% en primera quincena de enero -\" \/>\n<meta property=\"og:description\" content=\"Por Redacci\u00f3n QP El alza del \u00cdndice de Precios al Consumidor se ubic\u00f3 en un...\" \/>\n<meta property=\"og:url\" content=\"https:\/\/quehacerpolitico.mx\/?p=88916\" \/>\n<meta property=\"article:published_time\" content=\"2022-01-24T19:46:26+00:00\" \/>\n<meta property=\"article:modified_time\" content=\"2022-01-24T19:46:28+00:00\" \/>\n<meta property=\"og:image\" content=\"https:\/\/quehacerpolitico.mx\/wp-content\/uploads\/2022\/01\/A98BF2CF-78C5-416C-B7F9-EC1D65B3A024.jpeg\" \/>\n\t<meta property=\"og:image:width\" content=\"640\" \/>\n\t<meta property=\"og:image:height\" content=\"480\" \/>\n\t<meta property=\"og:image:type\" content=\"image\/jpeg\" \/>\n<meta name=\"author\" content=\"Redacci\u00f3n QP\" \/>\n<meta name=\"twitter:card\" content=\"summary_large_image\" \/>\n<meta name=\"twitter:label1\" content=\"Escrito por\" \/>\n\t<meta name=\"twitter:data1\" content=\"Redacci\u00f3n QP\" \/>\n\t<meta name=\"twitter:label2\" content=\"Tiempo de lectura\" \/>\n\t<meta name=\"twitter:data2\" content=\"2 minutos\" \/>\n<script type=\"application\/ld+json\" class=\"yoast-schema-graph\">{\"@context\":\"https:\\\/\\\/schema.org\",\"@graph\":[{\"@type\":\"Article\",\"@id\":\"https:\\\/\\\/quehacerpolitico.mx\\\/?p=88916#article\",\"isPartOf\":{\"@id\":\"https:\\\/\\\/quehacerpolitico.mx\\\/?p=88916\"},\"author\":{\"name\":\"Redacci\u00f3n QP\",\"@id\":\"https:\\\/\\\/quehacerpolitico.mx\\\/#\\\/schema\\\/person\\\/496d8ad2d1d3f8036101dca7ee39e585\"},\"headline\":\"Inflaci\u00f3n en M\u00e9xico se desacelera al 7.13% en primera quincena de enero\",\"datePublished\":\"2022-01-24T19:46:26+00:00\",\"dateModified\":\"2022-01-24T19:46:28+00:00\",\"mainEntityOfPage\":{\"@id\":\"https:\\\/\\\/quehacerpolitico.mx\\\/?p=88916\"},\"wordCount\":352,\"commentCount\":0,\"image\":{\"@id\":\"https:\\\/\\\/quehacerpolitico.mx\\\/?p=88916#primaryimage\"},\"thumbnailUrl\":\"https:\\\/\\\/quehacerpolitico.mx\\\/wp-content\\\/uploads\\\/2022\\\/01\\\/A98BF2CF-78C5-416C-B7F9-EC1D65B3A024.jpeg\",\"articleSection\":[\"Econom\u00eda\"],\"inLanguage\":\"es\",\"potentialAction\":[{\"@type\":\"CommentAction\",\"name\":\"Comment\",\"target\":[\"https:\\\/\\\/quehacerpolitico.mx\\\/?p=88916#respond\"]}]},{\"@type\":\"WebPage\",\"@id\":\"https:\\\/\\\/quehacerpolitico.mx\\\/?p=88916\",\"url\":\"https:\\\/\\\/quehacerpolitico.mx\\\/?p=88916\",\"name\":\"Inflaci\u00f3n en M\u00e9xico se desacelera al 7.13% en primera quincena de enero -\",\"isPartOf\":{\"@id\":\"https:\\\/\\\/quehacerpolitico.mx\\\/#website\"},\"primaryImageOfPage\":{\"@id\":\"https:\\\/\\\/quehacerpolitico.mx\\\/?p=88916#primaryimage\"},\"image\":{\"@id\":\"https:\\\/\\\/quehacerpolitico.mx\\\/?p=88916#primaryimage\"},\"thumbnailUrl\":\"https:\\\/\\\/quehacerpolitico.mx\\\/wp-content\\\/uploads\\\/2022\\\/01\\\/A98BF2CF-78C5-416C-B7F9-EC1D65B3A024.jpeg\",\"datePublished\":\"2022-01-24T19:46:26+00:00\",\"dateModified\":\"2022-01-24T19:46:28+00:00\",\"author\":{\"@id\":\"https:\\\/\\\/quehacerpolitico.mx\\\/#\\\/schema\\\/person\\\/496d8ad2d1d3f8036101dca7ee39e585\"},\"breadcrumb\":{\"@id\":\"https:\\\/\\\/quehacerpolitico.mx\\\/?p=88916#breadcrumb\"},\"inLanguage\":\"es\",\"potentialAction\":[{\"@type\":\"ReadAction\",\"target\":[\"https:\\\/\\\/quehacerpolitico.mx\\\/?p=88916\"]}]},{\"@type\":\"ImageObject\",\"inLanguage\":\"es\",\"@id\":\"https:\\\/\\\/quehacerpolitico.mx\\\/?p=88916#primaryimage\",\"url\":\"https:\\\/\\\/quehacerpolitico.mx\\\/wp-content\\\/uploads\\\/2022\\\/01\\\/A98BF2CF-78C5-416C-B7F9-EC1D65B3A024.jpeg\",\"contentUrl\":\"https:\\\/\\\/quehacerpolitico.mx\\\/wp-content\\\/uploads\\\/2022\\\/01\\\/A98BF2CF-78C5-416C-B7F9-EC1D65B3A024.jpeg\",\"width\":640,\"height\":480},{\"@type\":\"BreadcrumbList\",\"@id\":\"https:\\\/\\\/quehacerpolitico.mx\\\/?p=88916#breadcrumb\",\"itemListElement\":[{\"@type\":\"ListItem\",\"position\":1,\"name\":\"Inicio\",\"item\":\"https:\\\/\\\/quehacerpolitico.mx\\\/\"},{\"@type\":\"ListItem\",\"position\":2,\"name\":\"Inflaci\u00f3n en M\u00e9xico se desacelera al 7.13% en primera quincena de enero\"}]},{\"@type\":\"WebSite\",\"@id\":\"https:\\\/\\\/quehacerpolitico.mx\\\/#website\",\"url\":\"https:\\\/\\\/quehacerpolitico.mx\\\/\",\"name\":\"\",\"description\":\"\",\"potentialAction\":[{\"@type\":\"SearchAction\",\"target\":{\"@type\":\"EntryPoint\",\"urlTemplate\":\"https:\\\/\\\/quehacerpolitico.mx\\\/?s={search_term_string}\"},\"query-input\":{\"@type\":\"PropertyValueSpecification\",\"valueRequired\":true,\"valueName\":\"search_term_string\"}}],\"inLanguage\":\"es\"},{\"@type\":\"Person\",\"@id\":\"https:\\\/\\\/quehacerpolitico.mx\\\/#\\\/schema\\\/person\\\/496d8ad2d1d3f8036101dca7ee39e585\",\"name\":\"Redacci\u00f3n QP\",\"image\":{\"@type\":\"ImageObject\",\"inLanguage\":\"es\",\"@id\":\"https:\\\/\\\/secure.gravatar.com\\\/avatar\\\/c7164ed6fdec453195284ad24a5ae5b6e1eed2b848477fa2a4787ba9adf39a41?s=96&d=mm&r=g\",\"url\":\"https:\\\/\\\/secure.gravatar.com\\\/avatar\\\/c7164ed6fdec453195284ad24a5ae5b6e1eed2b848477fa2a4787ba9adf39a41?s=96&d=mm&r=g\",\"contentUrl\":\"https:\\\/\\\/secure.gravatar.com\\\/avatar\\\/c7164ed6fdec453195284ad24a5ae5b6e1eed2b848477fa2a4787ba9adf39a41?s=96&d=mm&r=g\",\"caption\":\"Redacci\u00f3n QP\"},\"url\":\"https:\\\/\\\/quehacerpolitico.mx\\\/?author=2\"}]}<\/script>\n<!-- \/ Yoast SEO plugin. -->","yoast_head_json":{"title":"Inflaci\u00f3n en M\u00e9xico se desacelera al 7.13% en primera quincena de enero -","robots":{"index":"index","follow":"follow","max-snippet":"max-snippet:-1","max-image-preview":"max-image-preview:large","max-video-preview":"max-video-preview:-1"},"canonical":"https:\/\/quehacerpolitico.mx\/?p=88916","og_locale":"es_MX","og_type":"article","og_title":"Inflaci\u00f3n en M\u00e9xico se desacelera al 7.13% en primera quincena de enero -","og_description":"Por Redacci\u00f3n QP El alza del \u00cdndice de Precios al Consumidor se ubic\u00f3 en un...","og_url":"https:\/\/quehacerpolitico.mx\/?p=88916","article_published_time":"2022-01-24T19:46:26+00:00","article_modified_time":"2022-01-24T19:46:28+00:00","og_image":[{"width":640,"height":480,"url":"https:\/\/quehacerpolitico.mx\/wp-content\/uploads\/2022\/01\/A98BF2CF-78C5-416C-B7F9-EC1D65B3A024.jpeg","type":"image\/jpeg"}],"author":"Redacci\u00f3n QP","twitter_card":"summary_large_image","twitter_misc":{"Escrito por":"Redacci\u00f3n QP","Tiempo de lectura":"2 minutos"},"schema":{"@context":"https:\/\/schema.org","@graph":[{"@type":"Article","@id":"https:\/\/quehacerpolitico.mx\/?p=88916#article","isPartOf":{"@id":"https:\/\/quehacerpolitico.mx\/?p=88916"},"author":{"name":"Redacci\u00f3n QP","@id":"https:\/\/quehacerpolitico.mx\/#\/schema\/person\/496d8ad2d1d3f8036101dca7ee39e585"},"headline":"Inflaci\u00f3n en M\u00e9xico se desacelera al 7.13% en primera quincena de enero","datePublished":"2022-01-24T19:46:26+00:00","dateModified":"2022-01-24T19:46:28+00:00","mainEntityOfPage":{"@id":"https:\/\/quehacerpolitico.mx\/?p=88916"},"wordCount":352,"commentCount":0,"image":{"@id":"https:\/\/quehacerpolitico.mx\/?p=88916#primaryimage"},"thumbnailUrl":"https:\/\/quehacerpolitico.mx\/wp-content\/uploads\/2022\/01\/A98BF2CF-78C5-416C-B7F9-EC1D65B3A024.jpeg","articleSection":["Econom\u00eda"],"inLanguage":"es","potentialAction":[{"@type":"CommentAction","name":"Comment","target":["https:\/\/quehacerpolitico.mx\/?p=88916#respond"]}]},{"@type":"WebPage","@id":"https:\/\/quehacerpolitico.mx\/?p=88916","url":"https:\/\/quehacerpolitico.mx\/?p=88916","name":"Inflaci\u00f3n en M\u00e9xico se desacelera al 7.13% en primera quincena de enero -","isPartOf":{"@id":"https:\/\/quehacerpolitico.mx\/#website"},"primaryImageOfPage":{"@id":"https:\/\/quehacerpolitico.mx\/?p=88916#primaryimage"},"image":{"@id":"https:\/\/quehacerpolitico.mx\/?p=88916#primaryimage"},"thumbnailUrl":"https:\/\/quehacerpolitico.mx\/wp-content\/uploads\/2022\/01\/A98BF2CF-78C5-416C-B7F9-EC1D65B3A024.jpeg","datePublished":"2022-01-24T19:46:26+00:00","dateModified":"2022-01-24T19:46:28+00:00","author":{"@id":"https:\/\/quehacerpolitico.mx\/#\/schema\/person\/496d8ad2d1d3f8036101dca7ee39e585"},"breadcrumb":{"@id":"https:\/\/quehacerpolitico.mx\/?p=88916#breadcrumb"},"inLanguage":"es","potentialAction":[{"@type":"ReadAction","target":["https:\/\/quehacerpolitico.mx\/?p=88916"]}]},{"@type":"ImageObject","inLanguage":"es","@id":"https:\/\/quehacerpolitico.mx\/?p=88916#primaryimage","url":"https:\/\/quehacerpolitico.mx\/wp-content\/uploads\/2022\/01\/A98BF2CF-78C5-416C-B7F9-EC1D65B3A024.jpeg","contentUrl":"https:\/\/quehacerpolitico.mx\/wp-content\/uploads\/2022\/01\/A98BF2CF-78C5-416C-B7F9-EC1D65B3A024.jpeg","width":640,"height":480},{"@type":"BreadcrumbList","@id":"https:\/\/quehacerpolitico.mx\/?p=88916#breadcrumb","itemListElement":[{"@type":"ListItem","position":1,"name":"Inicio","item":"https:\/\/quehacerpolitico.mx\/"},{"@type":"ListItem","position":2,"name":"Inflaci\u00f3n en M\u00e9xico se desacelera al 7.13% en primera quincena de enero"}]},{"@type":"WebSite","@id":"https:\/\/quehacerpolitico.mx\/#website","url":"https:\/\/quehacerpolitico.mx\/","name":"","description":"","potentialAction":[{"@type":"SearchAction","target":{"@type":"EntryPoint","urlTemplate":"https:\/\/quehacerpolitico.mx\/?s={search_term_string}"},"query-input":{"@type":"PropertyValueSpecification","valueRequired":true,"valueName":"search_term_string"}}],"inLanguage":"es"},{"@type":"Person","@id":"https:\/\/quehacerpolitico.mx\/#\/schema\/person\/496d8ad2d1d3f8036101dca7ee39e585","name":"Redacci\u00f3n QP","image":{"@type":"ImageObject","inLanguage":"es","@id":"https:\/\/secure.gravatar.com\/avatar\/c7164ed6fdec453195284ad24a5ae5b6e1eed2b848477fa2a4787ba9adf39a41?s=96&d=mm&r=g","url":"https:\/\/secure.gravatar.com\/avatar\/c7164ed6fdec453195284ad24a5ae5b6e1eed2b848477fa2a4787ba9adf39a41?s=96&d=mm&r=g","contentUrl":"https:\/\/secure.gravatar.com\/avatar\/c7164ed6fdec453195284ad24a5ae5b6e1eed2b848477fa2a4787ba9adf39a41?s=96&d=mm&r=g","caption":"Redacci\u00f3n QP"},"url":"https:\/\/quehacerpolitico.mx\/?author=2"}]}},"featured_image_urls":{"full":["https:\/\/quehacerpolitico.mx\/wp-content\/uploads\/2022\/01\/A98BF2CF-78C5-416C-B7F9-EC1D65B3A024.jpeg",640,480,false],"thumbnail":["https:\/\/quehacerpolitico.mx\/wp-content\/uploads\/2022\/01\/A98BF2CF-78C5-416C-B7F9-EC1D65B3A024-150x150.jpeg",150,150,true],"medium":["https:\/\/quehacerpolitico.mx\/wp-content\/uploads\/2022\/01\/A98BF2CF-78C5-416C-B7F9-EC1D65B3A024-300x225.jpeg",300,225,true],"medium_large":["https:\/\/quehacerpolitico.mx\/wp-content\/uploads\/2022\/01\/A98BF2CF-78C5-416C-B7F9-EC1D65B3A024.jpeg",640,480,false],"large":["https:\/\/quehacerpolitico.mx\/wp-content\/uploads\/2022\/01\/A98BF2CF-78C5-416C-B7F9-EC1D65B3A024.jpeg",640,480,false],"1536x1536":["https:\/\/quehacerpolitico.mx\/wp-content\/uploads\/2022\/01\/A98BF2CF-78C5-416C-B7F9-EC1D65B3A024.jpeg",640,480,false],"2048x2048":["https:\/\/quehacerpolitico.mx\/wp-content\/uploads\/2022\/01\/A98BF2CF-78C5-416C-B7F9-EC1D65B3A024.jpeg",640,480,false],"covernews-featured":["https:\/\/quehacerpolitico.mx\/wp-content\/uploads\/2022\/01\/A98BF2CF-78C5-416C-B7F9-EC1D65B3A024.jpeg",640,480,false],"covernews-medium":["https:\/\/quehacerpolitico.mx\/wp-content\/uploads\/2022\/01\/A98BF2CF-78C5-416C-B7F9-EC1D65B3A024.jpeg",453,340,false]},"author_info":{"display_name":"Redacci\u00f3n QP","author_link":"https:\/\/quehacerpolitico.mx\/?author=2"},"category_info":"<a href=\"https:\/\/quehacerpolitico.mx\/?cat=56\" rel=\"category\">Econom\u00eda<\/a>","tag_info":"Econom\u00eda","comment_count":"0","_links":{"self":[{"href":"https:\/\/quehacerpolitico.mx\/index.php?rest_route=\/wp\/v2\/posts\/88916","targetHints":{"allow":["GET"]}}],"collection":[{"href":"https:\/\/quehacerpolitico.mx\/index.php?rest_route=\/wp\/v2\/posts"}],"about":[{"href":"https:\/\/quehacerpolitico.mx\/index.php?rest_route=\/wp\/v2\/types\/post"}],"author":[{"embeddable":true,"href":"https:\/\/quehacerpolitico.mx\/index.php?rest_route=\/wp\/v2\/users\/2"}],"replies":[{"embeddable":true,"href":"https:\/\/quehacerpolitico.mx\/index.php?rest_route=%2Fwp%2Fv2%2Fcomments&post=88916"}],"version-history":[{"count":1,"href":"https:\/\/quehacerpolitico.mx\/index.php?rest_route=\/wp\/v2\/posts\/88916\/revisions"}],"predecessor-version":[{"id":88918,"href":"https:\/\/quehacerpolitico.mx\/index.php?rest_route=\/wp\/v2\/posts\/88916\/revisions\/88918"}],"wp:featuredmedia":[{"embeddable":true,"href":"https:\/\/quehacerpolitico.mx\/index.php?rest_route=\/wp\/v2\/media\/88917"}],"wp:attachment":[{"href":"https:\/\/quehacerpolitico.mx\/index.php?rest_route=%2Fwp%2Fv2%2Fmedia&parent=88916"}],"wp:term":[{"taxonomy":"category","embeddable":true,"href":"https:\/\/quehacerpolitico.mx\/index.php?rest_route=%2Fwp%2Fv2%2Fcategories&post=88916"},{"taxonomy":"post_tag","embeddable":true,"href":"https:\/\/quehacerpolitico.mx\/index.php?rest_route=%2Fwp%2Fv2%2Ftags&post=88916"}],"curies":[{"name":"wp","href":"https:\/\/api.w.org\/{rel}","templated":true}]}}