{"id":88913,"date":"2022-01-24T19:29:41","date_gmt":"2022-01-24T19:29:41","guid":{"rendered":"https:\/\/quehacerpolitico.mx\/?p=88913"},"modified":"2022-01-24T19:29:44","modified_gmt":"2022-01-24T19:29:44","slug":"el-bebe-encontrado-en-la-penal-es-fruto-podrido-de-la-descomposicion-social-dice-amlo","status":"publish","type":"post","link":"https:\/\/quehacerpolitico.mx\/?p=88913","title":{"rendered":"El beb\u00e9 encontrado en la penal es &#8220;fruto podrido de la descomposici\u00f3n social&#8221;, dice AMLO"},"content":{"rendered":"\n<p>Por Redacci\u00f3n QP<\/p>\n\n\n\n<p>En su conferencia de prensa matutina se le cuestion\u00f3 a AMLO\u00a0del caso del beb\u00e9 cuyo cuerpo fue exhumado de un pante\u00f3n de la alcald\u00eda Iztapalapa<\/p>\n\n\n\n<p>El Presidente<strong>\u00a0Andr\u00e9s Manuel L\u00f3pez Obrador (AMLO)<\/strong>\u00a0asegur\u00f3 este lunes que el hallazgo del cuerpo de un beb\u00e9 en un penal es &#8220;fruto podrido de la descomposici\u00f3n social&#8221; y son hechos lamentables que no deber\u00eda de suceder.<\/p>\n\n\n\n<p>En Palacio Nacional, el titular del Ejecutivo federal manifiesto que este hecho es herencia que dej\u00f3 la pol\u00edtica neoliberal, por lo que, indic\u00f3, la \u00fanica manera de enfrentar esa descomposici\u00f3n es con una transformaci\u00f3n en el pa\u00eds.<\/p>\n\n\n\n<p>En su conferencia de prensa matutina se le cuestion\u00f3 a AMLO\u00a0del caso del beb\u00e9 cuyo cuerpo fue exhumado de un pante\u00f3n de la alcald\u00eda Iztapalapa, en la Ciudad de M\u00e9xico, y posteriormente fue hallado en un penal en el estado de Puebla.<\/p>\n\n\n\n<p><strong>&#8220;Es fruto podrido de la descomposici\u00f3n social son hechos lamentables que no deber\u00eda de suceder, pero tiene que ver con el pasado reciente, eso es lo que nos dej\u00f3 la pol\u00edtica neoliberal&#8221;<\/strong>, dijo.<\/p>\n\n\n\n<figure class=\"wp-block-embed is-type-rich is-provider-twitter wp-block-embed-twitter\"><div class=\"wp-block-embed__wrapper\">\n<blockquote class=\"twitter-tweet\" data-width=\"550\" data-dnt=\"true\"><p lang=\"es\" dir=\"ltr\">\u00a1LE ECHA LA CULPA A LAS ADMINISTRACIONES PASADAS!<br><br>Sobre el caso de Tadeo, beb\u00e9 encontrado muerto en el penal de Puebla, el presidente <a href=\"https:\/\/twitter.com\/lopezobrador_?ref_src=twsrc%5Etfw\">@lopezobrador_<\/a> afirm\u00f3 que est\u00e1 tregedia es producto de la corrupci\u00f3n existente en el pasado&#8230; \u00bfCu\u00e1nto tiempo lleva Miguel Barbosa en el poder? <a href=\"https:\/\/t.co\/YEUHQAPFhU\">pic.twitter.com\/YEUHQAPFhU<\/a><\/p>&mdash; Ruido en la Red (@RuidoEnLaRed) <a href=\"https:\/\/twitter.com\/RuidoEnLaRed\/status\/1485625224217436161?ref_src=twsrc%5Etfw\">January 24, 2022<\/a><\/blockquote><script async src=\"https:\/\/platform.twitter.com\/widgets.js\" charset=\"utf-8\"><\/script>\n<\/div><\/figure>\n\n\n\n<p>&#8220;El porfiriato desemboc\u00f3 en una revoluci\u00f3n y el neoliberalismo desemboca en una crisis profunda en lo econ\u00f3mico, en lo social y en lo moral y la \u00fanica manera de enfrentar esa descomposici\u00f3n, esa crisis es con una transformaci\u00f3n, como se est\u00e1 haciendo y poniendo el ejemplo desde la autoridad&#8221;, agreg\u00f3.<\/p>\n\n\n\n<p><strong>AMLO acus\u00f3 que durante el periodo neoliberal &#8220;las autoridades del m\u00e1s alto nivel se dedicaban a violar las leyes, al robo, a la frivolidad, sino robaban ellos de manera directa lo permit\u00edan&#8221;<\/strong>.<\/p>\n\n\n\n<p>Al sacar su &#8220;pa\u00f1uelito blanco&#8221;, el presidente L\u00f3pez Obrador afirm\u00f3 que desde el Poder Ejecutivo se combate la corrupci\u00f3n y ya no se realizan negocios, como los de Odebrecth, Iberdrola, OHL, adem\u00e1s de que ya no hay saqueo.<\/p>\n\n\n\n<p>Con Informaci\u00f3n de SUN <\/p>\n","protected":false},"excerpt":{"rendered":"<p>Por Redacci\u00f3n QP En su conferencia de prensa matutina se le cuestion\u00f3 a AMLO\u00a0del caso&#8230;<\/p>\n","protected":false},"author":2,"featured_media":88914,"comment_status":"open","ping_status":"open","sticky":false,"template":"","format":"standard","meta":{"_monsterinsights_skip_tracking":false,"_monsterinsights_sitenote_active":false,"_monsterinsights_sitenote_note":"","_monsterinsights_sitenote_category":0,"footnotes":""},"categories":[2],"tags":[],"class_list":["post-88913","post","type-post","status-publish","format-standard","has-post-thumbnail","hentry","category-noticias"],"yoast_head":"<!-- This site is optimized with the Yoast SEO plugin v27.3 - https:\/\/yoast.com\/product\/yoast-seo-wordpress\/ -->\n<title>El beb\u00e9 encontrado en la penal es &quot;fruto podrido de la descomposici\u00f3n social&quot;, dice AMLO -<\/title>\n<meta name=\"robots\" content=\"index, follow, max-snippet:-1, max-image-preview:large, max-video-preview:-1\" \/>\n<link rel=\"canonical\" href=\"https:\/\/quehacerpolitico.mx\/?p=88913\" \/>\n<meta property=\"og:locale\" content=\"es_MX\" \/>\n<meta property=\"og:type\" content=\"article\" \/>\n<meta property=\"og:title\" content=\"El beb\u00e9 encontrado en la penal es &quot;fruto podrido de la descomposici\u00f3n social&quot;, dice AMLO -\" \/>\n<meta property=\"og:description\" content=\"Por Redacci\u00f3n QP En su conferencia de prensa matutina se le cuestion\u00f3 a AMLO\u00a0del caso...\" \/>\n<meta property=\"og:url\" content=\"https:\/\/quehacerpolitico.mx\/?p=88913\" \/>\n<meta property=\"article:published_time\" content=\"2022-01-24T19:29:41+00:00\" \/>\n<meta property=\"article:modified_time\" content=\"2022-01-24T19:29:44+00:00\" \/>\n<meta property=\"og:image\" content=\"https:\/\/quehacerpolitico.mx\/wp-content\/uploads\/2022\/01\/7B239833-A812-41EE-97C8-D3AADAB669AE.jpeg\" \/>\n\t<meta property=\"og:image:width\" content=\"1011\" \/>\n\t<meta property=\"og:image:height\" content=\"590\" \/>\n\t<meta property=\"og:image:type\" content=\"image\/jpeg\" \/>\n<meta name=\"author\" content=\"Redacci\u00f3n QP\" \/>\n<meta name=\"twitter:card\" content=\"summary_large_image\" \/>\n<meta name=\"twitter:label1\" content=\"Escrito por\" \/>\n\t<meta name=\"twitter:data1\" content=\"Redacci\u00f3n QP\" \/>\n\t<meta name=\"twitter:label2\" content=\"Tiempo de lectura\" \/>\n\t<meta name=\"twitter:data2\" content=\"2 minutos\" \/>\n<script type=\"application\/ld+json\" class=\"yoast-schema-graph\">{\"@context\":\"https:\\\/\\\/schema.org\",\"@graph\":[{\"@type\":\"Article\",\"@id\":\"https:\\\/\\\/quehacerpolitico.mx\\\/?p=88913#article\",\"isPartOf\":{\"@id\":\"https:\\\/\\\/quehacerpolitico.mx\\\/?p=88913\"},\"author\":{\"name\":\"Redacci\u00f3n QP\",\"@id\":\"https:\\\/\\\/quehacerpolitico.mx\\\/#\\\/schema\\\/person\\\/496d8ad2d1d3f8036101dca7ee39e585\"},\"headline\":\"El beb\u00e9 encontrado en la penal es &#8220;fruto podrido de la descomposici\u00f3n social&#8221;, dice AMLO\",\"datePublished\":\"2022-01-24T19:29:41+00:00\",\"dateModified\":\"2022-01-24T19:29:44+00:00\",\"mainEntityOfPage\":{\"@id\":\"https:\\\/\\\/quehacerpolitico.mx\\\/?p=88913\"},\"wordCount\":353,\"commentCount\":0,\"image\":{\"@id\":\"https:\\\/\\\/quehacerpolitico.mx\\\/?p=88913#primaryimage\"},\"thumbnailUrl\":\"https:\\\/\\\/quehacerpolitico.mx\\\/wp-content\\\/uploads\\\/2022\\\/01\\\/7B239833-A812-41EE-97C8-D3AADAB669AE.jpeg\",\"articleSection\":[\"Noticias\"],\"inLanguage\":\"es\",\"potentialAction\":[{\"@type\":\"CommentAction\",\"name\":\"Comment\",\"target\":[\"https:\\\/\\\/quehacerpolitico.mx\\\/?p=88913#respond\"]}]},{\"@type\":\"WebPage\",\"@id\":\"https:\\\/\\\/quehacerpolitico.mx\\\/?p=88913\",\"url\":\"https:\\\/\\\/quehacerpolitico.mx\\\/?p=88913\",\"name\":\"El beb\u00e9 encontrado en la penal es \\\"fruto podrido de la descomposici\u00f3n social\\\", dice AMLO -\",\"isPartOf\":{\"@id\":\"https:\\\/\\\/quehacerpolitico.mx\\\/#website\"},\"primaryImageOfPage\":{\"@id\":\"https:\\\/\\\/quehacerpolitico.mx\\\/?p=88913#primaryimage\"},\"image\":{\"@id\":\"https:\\\/\\\/quehacerpolitico.mx\\\/?p=88913#primaryimage\"},\"thumbnailUrl\":\"https:\\\/\\\/quehacerpolitico.mx\\\/wp-content\\\/uploads\\\/2022\\\/01\\\/7B239833-A812-41EE-97C8-D3AADAB669AE.jpeg\",\"datePublished\":\"2022-01-24T19:29:41+00:00\",\"dateModified\":\"2022-01-24T19:29:44+00:00\",\"author\":{\"@id\":\"https:\\\/\\\/quehacerpolitico.mx\\\/#\\\/schema\\\/person\\\/496d8ad2d1d3f8036101dca7ee39e585\"},\"breadcrumb\":{\"@id\":\"https:\\\/\\\/quehacerpolitico.mx\\\/?p=88913#breadcrumb\"},\"inLanguage\":\"es\",\"potentialAction\":[{\"@type\":\"ReadAction\",\"target\":[\"https:\\\/\\\/quehacerpolitico.mx\\\/?p=88913\"]}]},{\"@type\":\"ImageObject\",\"inLanguage\":\"es\",\"@id\":\"https:\\\/\\\/quehacerpolitico.mx\\\/?p=88913#primaryimage\",\"url\":\"https:\\\/\\\/quehacerpolitico.mx\\\/wp-content\\\/uploads\\\/2022\\\/01\\\/7B239833-A812-41EE-97C8-D3AADAB669AE.jpeg\",\"contentUrl\":\"https:\\\/\\\/quehacerpolitico.mx\\\/wp-content\\\/uploads\\\/2022\\\/01\\\/7B239833-A812-41EE-97C8-D3AADAB669AE.jpeg\",\"width\":1011,\"height\":590},{\"@type\":\"BreadcrumbList\",\"@id\":\"https:\\\/\\\/quehacerpolitico.mx\\\/?p=88913#breadcrumb\",\"itemListElement\":[{\"@type\":\"ListItem\",\"position\":1,\"name\":\"Inicio\",\"item\":\"https:\\\/\\\/quehacerpolitico.mx\\\/\"},{\"@type\":\"ListItem\",\"position\":2,\"name\":\"El beb\u00e9 encontrado en la penal es &#8220;fruto podrido de la descomposici\u00f3n social&#8221;, dice AMLO\"}]},{\"@type\":\"WebSite\",\"@id\":\"https:\\\/\\\/quehacerpolitico.mx\\\/#website\",\"url\":\"https:\\\/\\\/quehacerpolitico.mx\\\/\",\"name\":\"\",\"description\":\"\",\"potentialAction\":[{\"@type\":\"SearchAction\",\"target\":{\"@type\":\"EntryPoint\",\"urlTemplate\":\"https:\\\/\\\/quehacerpolitico.mx\\\/?s={search_term_string}\"},\"query-input\":{\"@type\":\"PropertyValueSpecification\",\"valueRequired\":true,\"valueName\":\"search_term_string\"}}],\"inLanguage\":\"es\"},{\"@type\":\"Person\",\"@id\":\"https:\\\/\\\/quehacerpolitico.mx\\\/#\\\/schema\\\/person\\\/496d8ad2d1d3f8036101dca7ee39e585\",\"name\":\"Redacci\u00f3n QP\",\"image\":{\"@type\":\"ImageObject\",\"inLanguage\":\"es\",\"@id\":\"https:\\\/\\\/secure.gravatar.com\\\/avatar\\\/c7164ed6fdec453195284ad24a5ae5b6e1eed2b848477fa2a4787ba9adf39a41?s=96&d=mm&r=g\",\"url\":\"https:\\\/\\\/secure.gravatar.com\\\/avatar\\\/c7164ed6fdec453195284ad24a5ae5b6e1eed2b848477fa2a4787ba9adf39a41?s=96&d=mm&r=g\",\"contentUrl\":\"https:\\\/\\\/secure.gravatar.com\\\/avatar\\\/c7164ed6fdec453195284ad24a5ae5b6e1eed2b848477fa2a4787ba9adf39a41?s=96&d=mm&r=g\",\"caption\":\"Redacci\u00f3n QP\"},\"url\":\"https:\\\/\\\/quehacerpolitico.mx\\\/?author=2\"}]}<\/script>\n<!-- \/ Yoast SEO plugin. -->","yoast_head_json":{"title":"El beb\u00e9 encontrado en la penal es \"fruto podrido de la descomposici\u00f3n social\", dice AMLO -","robots":{"index":"index","follow":"follow","max-snippet":"max-snippet:-1","max-image-preview":"max-image-preview:large","max-video-preview":"max-video-preview:-1"},"canonical":"https:\/\/quehacerpolitico.mx\/?p=88913","og_locale":"es_MX","og_type":"article","og_title":"El beb\u00e9 encontrado en la penal es \"fruto podrido de la descomposici\u00f3n social\", dice AMLO -","og_description":"Por Redacci\u00f3n QP En su conferencia de prensa matutina se le cuestion\u00f3 a AMLO\u00a0del caso...","og_url":"https:\/\/quehacerpolitico.mx\/?p=88913","article_published_time":"2022-01-24T19:29:41+00:00","article_modified_time":"2022-01-24T19:29:44+00:00","og_image":[{"width":1011,"height":590,"url":"https:\/\/quehacerpolitico.mx\/wp-content\/uploads\/2022\/01\/7B239833-A812-41EE-97C8-D3AADAB669AE.jpeg","type":"image\/jpeg"}],"author":"Redacci\u00f3n QP","twitter_card":"summary_large_image","twitter_misc":{"Escrito por":"Redacci\u00f3n QP","Tiempo de lectura":"2 minutos"},"schema":{"@context":"https:\/\/schema.org","@graph":[{"@type":"Article","@id":"https:\/\/quehacerpolitico.mx\/?p=88913#article","isPartOf":{"@id":"https:\/\/quehacerpolitico.mx\/?p=88913"},"author":{"name":"Redacci\u00f3n QP","@id":"https:\/\/quehacerpolitico.mx\/#\/schema\/person\/496d8ad2d1d3f8036101dca7ee39e585"},"headline":"El beb\u00e9 encontrado en la penal es &#8220;fruto podrido de la descomposici\u00f3n social&#8221;, dice AMLO","datePublished":"2022-01-24T19:29:41+00:00","dateModified":"2022-01-24T19:29:44+00:00","mainEntityOfPage":{"@id":"https:\/\/quehacerpolitico.mx\/?p=88913"},"wordCount":353,"commentCount":0,"image":{"@id":"https:\/\/quehacerpolitico.mx\/?p=88913#primaryimage"},"thumbnailUrl":"https:\/\/quehacerpolitico.mx\/wp-content\/uploads\/2022\/01\/7B239833-A812-41EE-97C8-D3AADAB669AE.jpeg","articleSection":["Noticias"],"inLanguage":"es","potentialAction":[{"@type":"CommentAction","name":"Comment","target":["https:\/\/quehacerpolitico.mx\/?p=88913#respond"]}]},{"@type":"WebPage","@id":"https:\/\/quehacerpolitico.mx\/?p=88913","url":"https:\/\/quehacerpolitico.mx\/?p=88913","name":"El beb\u00e9 encontrado en la penal es \"fruto podrido de la descomposici\u00f3n social\", dice AMLO -","isPartOf":{"@id":"https:\/\/quehacerpolitico.mx\/#website"},"primaryImageOfPage":{"@id":"https:\/\/quehacerpolitico.mx\/?p=88913#primaryimage"},"image":{"@id":"https:\/\/quehacerpolitico.mx\/?p=88913#primaryimage"},"thumbnailUrl":"https:\/\/quehacerpolitico.mx\/wp-content\/uploads\/2022\/01\/7B239833-A812-41EE-97C8-D3AADAB669AE.jpeg","datePublished":"2022-01-24T19:29:41+00:00","dateModified":"2022-01-24T19:29:44+00:00","author":{"@id":"https:\/\/quehacerpolitico.mx\/#\/schema\/person\/496d8ad2d1d3f8036101dca7ee39e585"},"breadcrumb":{"@id":"https:\/\/quehacerpolitico.mx\/?p=88913#breadcrumb"},"inLanguage":"es","potentialAction":[{"@type":"ReadAction","target":["https:\/\/quehacerpolitico.mx\/?p=88913"]}]},{"@type":"ImageObject","inLanguage":"es","@id":"https:\/\/quehacerpolitico.mx\/?p=88913#primaryimage","url":"https:\/\/quehacerpolitico.mx\/wp-content\/uploads\/2022\/01\/7B239833-A812-41EE-97C8-D3AADAB669AE.jpeg","contentUrl":"https:\/\/quehacerpolitico.mx\/wp-content\/uploads\/2022\/01\/7B239833-A812-41EE-97C8-D3AADAB669AE.jpeg","width":1011,"height":590},{"@type":"BreadcrumbList","@id":"https:\/\/quehacerpolitico.mx\/?p=88913#breadcrumb","itemListElement":[{"@type":"ListItem","position":1,"name":"Inicio","item":"https:\/\/quehacerpolitico.mx\/"},{"@type":"ListItem","position":2,"name":"El beb\u00e9 encontrado en la penal es &#8220;fruto podrido de la descomposici\u00f3n social&#8221;, dice AMLO"}]},{"@type":"WebSite","@id":"https:\/\/quehacerpolitico.mx\/#website","url":"https:\/\/quehacerpolitico.mx\/","name":"","description":"","potentialAction":[{"@type":"SearchAction","target":{"@type":"EntryPoint","urlTemplate":"https:\/\/quehacerpolitico.mx\/?s={search_term_string}"},"query-input":{"@type":"PropertyValueSpecification","valueRequired":true,"valueName":"search_term_string"}}],"inLanguage":"es"},{"@type":"Person","@id":"https:\/\/quehacerpolitico.mx\/#\/schema\/person\/496d8ad2d1d3f8036101dca7ee39e585","name":"Redacci\u00f3n QP","image":{"@type":"ImageObject","inLanguage":"es","@id":"https:\/\/secure.gravatar.com\/avatar\/c7164ed6fdec453195284ad24a5ae5b6e1eed2b848477fa2a4787ba9adf39a41?s=96&d=mm&r=g","url":"https:\/\/secure.gravatar.com\/avatar\/c7164ed6fdec453195284ad24a5ae5b6e1eed2b848477fa2a4787ba9adf39a41?s=96&d=mm&r=g","contentUrl":"https:\/\/secure.gravatar.com\/avatar\/c7164ed6fdec453195284ad24a5ae5b6e1eed2b848477fa2a4787ba9adf39a41?s=96&d=mm&r=g","caption":"Redacci\u00f3n QP"},"url":"https:\/\/quehacerpolitico.mx\/?author=2"}]}},"featured_image_urls":{"full":["https:\/\/quehacerpolitico.mx\/wp-content\/uploads\/2022\/01\/7B239833-A812-41EE-97C8-D3AADAB669AE.jpeg",1011,590,false],"thumbnail":["https:\/\/quehacerpolitico.mx\/wp-content\/uploads\/2022\/01\/7B239833-A812-41EE-97C8-D3AADAB669AE-150x150.jpeg",150,150,true],"medium":["https:\/\/quehacerpolitico.mx\/wp-content\/uploads\/2022\/01\/7B239833-A812-41EE-97C8-D3AADAB669AE-300x175.jpeg",300,175,true],"medium_large":["https:\/\/quehacerpolitico.mx\/wp-content\/uploads\/2022\/01\/7B239833-A812-41EE-97C8-D3AADAB669AE-768x448.jpeg",640,373,true],"large":["https:\/\/quehacerpolitico.mx\/wp-content\/uploads\/2022\/01\/7B239833-A812-41EE-97C8-D3AADAB669AE.jpeg",640,373,false],"1536x1536":["https:\/\/quehacerpolitico.mx\/wp-content\/uploads\/2022\/01\/7B239833-A812-41EE-97C8-D3AADAB669AE.jpeg",1011,590,false],"2048x2048":["https:\/\/quehacerpolitico.mx\/wp-content\/uploads\/2022\/01\/7B239833-A812-41EE-97C8-D3AADAB669AE.jpeg",1011,590,false],"covernews-featured":["https:\/\/quehacerpolitico.mx\/wp-content\/uploads\/2022\/01\/7B239833-A812-41EE-97C8-D3AADAB669AE.jpeg",1011,590,false],"covernews-medium":["https:\/\/quehacerpolitico.mx\/wp-content\/uploads\/2022\/01\/7B239833-A812-41EE-97C8-D3AADAB669AE.jpeg",540,315,false]},"author_info":{"display_name":"Redacci\u00f3n QP","author_link":"https:\/\/quehacerpolitico.mx\/?author=2"},"category_info":"<a href=\"https:\/\/quehacerpolitico.mx\/?cat=2\" rel=\"category\">Noticias<\/a>","tag_info":"Noticias","comment_count":"0","_links":{"self":[{"href":"https:\/\/quehacerpolitico.mx\/index.php?rest_route=\/wp\/v2\/posts\/88913","targetHints":{"allow":["GET"]}}],"collection":[{"href":"https:\/\/quehacerpolitico.mx\/index.php?rest_route=\/wp\/v2\/posts"}],"about":[{"href":"https:\/\/quehacerpolitico.mx\/index.php?rest_route=\/wp\/v2\/types\/post"}],"author":[{"embeddable":true,"href":"https:\/\/quehacerpolitico.mx\/index.php?rest_route=\/wp\/v2\/users\/2"}],"replies":[{"embeddable":true,"href":"https:\/\/quehacerpolitico.mx\/index.php?rest_route=%2Fwp%2Fv2%2Fcomments&post=88913"}],"version-history":[{"count":1,"href":"https:\/\/quehacerpolitico.mx\/index.php?rest_route=\/wp\/v2\/posts\/88913\/revisions"}],"predecessor-version":[{"id":88915,"href":"https:\/\/quehacerpolitico.mx\/index.php?rest_route=\/wp\/v2\/posts\/88913\/revisions\/88915"}],"wp:featuredmedia":[{"embeddable":true,"href":"https:\/\/quehacerpolitico.mx\/index.php?rest_route=\/wp\/v2\/media\/88914"}],"wp:attachment":[{"href":"https:\/\/quehacerpolitico.mx\/index.php?rest_route=%2Fwp%2Fv2%2Fmedia&parent=88913"}],"wp:term":[{"taxonomy":"category","embeddable":true,"href":"https:\/\/quehacerpolitico.mx\/index.php?rest_route=%2Fwp%2Fv2%2Fcategories&post=88913"},{"taxonomy":"post_tag","embeddable":true,"href":"https:\/\/quehacerpolitico.mx\/index.php?rest_route=%2Fwp%2Fv2%2Ftags&post=88913"}],"curies":[{"name":"wp","href":"https:\/\/api.w.org\/{rel}","templated":true}]}}