{"id":88910,"date":"2022-01-24T17:30:13","date_gmt":"2022-01-24T17:30:13","guid":{"rendered":"https:\/\/quehacerpolitico.mx\/?p=88910"},"modified":"2022-01-24T17:30:17","modified_gmt":"2022-01-24T17:30:17","slug":"anaya-se-lanza-contra-amlo-otra-vez-a-los-suyos-los-protege-aunque-sean-delincuentes","status":"publish","type":"post","link":"https:\/\/quehacerpolitico.mx\/?p=88910","title":{"rendered":"Anaya se lanza contra AMLO, otra vez: &#8220;A los suyos los protege, aunque sean delincuentes&#8221;"},"content":{"rendered":"\n<p>Por Redacci\u00f3n QP<\/p>\n\n\n\n<p>Anaya reaccion\u00f3 al fallo de la TEPJF que determin\u00f3 que s\u00ed hubo financiamiento ilegal a Morena durante la gesti\u00f3n de Delfina G\u00f3mez como alcaldesa de Texcoco<\/p>\n\n\n\n<p>El excandidato presidencial del PAN, Ricardo Anaya Cort\u00e9s no para de criticar al Presidente de M\u00e9xico, Andr\u00e9s Manuel L\u00f3pez Obrador (AMLO) y en esta ocasi\u00f3n lo acus\u00f3 de proteger delincuentes, esto tras la sentencia dictada por el TEPJF en la que se determin\u00f3 que s\u00ed hubo financiamiento ilegal a Morena durante la gesti\u00f3n de Delfina G\u00f3mez como presidenta municipal de Texcoco.<\/p>\n\n\n\n<p><strong>&#8220;A los suyos los protege, aunque sean delincuentes. Ah, pero si eres uno de los muchos que no estamos de acuerdo con \u00e9l, se te deja venir con todo. Hasta con acusaciones falsas&#8221;<\/strong>, demand\u00f3 Anaya.<\/p>\n\n\n\n<figure class=\"wp-block-embed is-type-video is-provider-youtube wp-block-embed-youtube wp-embed-aspect-16-9 wp-has-aspect-ratio\"><div class=\"wp-block-embed__wrapper\">\n<iframe loading=\"lazy\" title=\"La verdad sale a la luz\" width=\"640\" height=\"360\" src=\"https:\/\/www.youtube.com\/embed\/MkCBf45kPeY?feature=oembed\" frameborder=\"0\" allow=\"accelerometer; autoplay; clipboard-write; encrypted-media; gyroscope; picture-in-picture; web-share\" referrerpolicy=\"strict-origin-when-cross-origin\" allowfullscreen><\/iframe>\n<\/div><\/figure>\n\n\n\n<p>Record\u00f3 que previo a la sentencia dictada por el TEPJF, hace cinco a\u00f1os \u00e9l mismo denunci\u00f3 el financiamiento ilegal a Morena, querella en la que incluy\u00f3 documentos probatorios.<\/p>\n\n\n\n<p>&#8220;Todo lo que hace cinco a\u00f1os nosotros investigamos y denunciamos se comprob\u00f3. Y por fin se dict\u00f3 la sentencia definitiva. Delfina desvi\u00f3 13 millones de pesos. Hoy Delfina es nada menos que secretaria de Educaci\u00f3n de L\u00f3pez Obrador. Ese es el ejemplo para la ni\u00f1ez y la juventud de M\u00e9xico&#8221;, fustig\u00f3 Anaya.<\/p>\n\n\n\n<p>Lament\u00f3 que &#8220;seg\u00fan L\u00f3pez Obrador ahora s\u00ed se iban a castigar los delitos electorales&#8221;, solo que &#8220;le falt\u00f3 decir una cosa:\u00a0<strong>que se van a castigar los delitos electorales, pero siempre y cuando los delincuentes no sean de Morena<\/strong>&#8220;, porque cuando es as\u00ed, &#8220;los protege y hasta los defiende&#8221;.<\/p>\n\n\n\n<p>Ricardo Anaya asever\u00f3 que despu\u00e9s de tres a\u00f1os de gobierno en que Morena ha criticado la corrupci\u00f3n, ahora la tolera entre los suyos; &#8220;criticaron la impunidad, para luego cobijar con ella a sus cercanos; criticaron las injusticias contra los opositores, para luego cometerlas contra los que hoy les estorban. Pues no, no son iguales. Resultaron peores&#8221;.<\/p>\n\n\n\n<p>Finalmente,\u00a0<strong>Anaya le pidi\u00f3 a AMLO &#8220;dejar de medir con una vara a los suyos y con otra a los dem\u00e1s<\/strong>. No fabriquen delitos y persigan a quien verdaderamente haya cometido una falta, caiga quien caiga&#8221;.<\/p>\n\n\n\n<p>Con Informaci\u00f3n de SUN <\/p>\n","protected":false},"excerpt":{"rendered":"<p>Por Redacci\u00f3n QP Anaya reaccion\u00f3 al fallo de la TEPJF que determin\u00f3 que s\u00ed hubo&#8230;<\/p>\n","protected":false},"author":2,"featured_media":88911,"comment_status":"open","ping_status":"open","sticky":false,"template":"","format":"standard","meta":{"_monsterinsights_skip_tracking":false,"_monsterinsights_sitenote_active":false,"_monsterinsights_sitenote_note":"","_monsterinsights_sitenote_category":0,"footnotes":""},"categories":[2],"tags":[],"class_list":["post-88910","post","type-post","status-publish","format-standard","has-post-thumbnail","hentry","category-noticias"],"yoast_head":"<!-- This site is optimized with the Yoast SEO plugin v27.3 - https:\/\/yoast.com\/product\/yoast-seo-wordpress\/ -->\n<title>Anaya se lanza contra AMLO, otra vez: &quot;A los suyos los protege, aunque sean delincuentes&quot; -<\/title>\n<meta name=\"robots\" content=\"index, follow, max-snippet:-1, max-image-preview:large, max-video-preview:-1\" \/>\n<link rel=\"canonical\" href=\"https:\/\/quehacerpolitico.mx\/?p=88910\" \/>\n<meta property=\"og:locale\" content=\"es_MX\" \/>\n<meta property=\"og:type\" content=\"article\" \/>\n<meta property=\"og:title\" content=\"Anaya se lanza contra AMLO, otra vez: &quot;A los suyos los protege, aunque sean delincuentes&quot; -\" \/>\n<meta property=\"og:description\" content=\"Por Redacci\u00f3n QP Anaya reaccion\u00f3 al fallo de la TEPJF que determin\u00f3 que s\u00ed hubo...\" \/>\n<meta property=\"og:url\" content=\"https:\/\/quehacerpolitico.mx\/?p=88910\" \/>\n<meta property=\"article:published_time\" content=\"2022-01-24T17:30:13+00:00\" \/>\n<meta property=\"article:modified_time\" content=\"2022-01-24T17:30:17+00:00\" \/>\n<meta property=\"og:image\" content=\"https:\/\/quehacerpolitico.mx\/wp-content\/uploads\/2022\/01\/52D11AC8-109E-44E0-942E-45E8112F4423.jpeg\" \/>\n\t<meta property=\"og:image:width\" content=\"1284\" \/>\n\t<meta property=\"og:image:height\" content=\"693\" \/>\n\t<meta property=\"og:image:type\" content=\"image\/jpeg\" \/>\n<meta name=\"author\" content=\"Redacci\u00f3n QP\" \/>\n<meta name=\"twitter:card\" content=\"summary_large_image\" \/>\n<meta name=\"twitter:label1\" content=\"Escrito por\" \/>\n\t<meta name=\"twitter:data1\" content=\"Redacci\u00f3n QP\" \/>\n\t<meta name=\"twitter:label2\" content=\"Tiempo de lectura\" \/>\n\t<meta name=\"twitter:data2\" content=\"2 minutos\" \/>\n<script type=\"application\/ld+json\" class=\"yoast-schema-graph\">{\"@context\":\"https:\\\/\\\/schema.org\",\"@graph\":[{\"@type\":\"Article\",\"@id\":\"https:\\\/\\\/quehacerpolitico.mx\\\/?p=88910#article\",\"isPartOf\":{\"@id\":\"https:\\\/\\\/quehacerpolitico.mx\\\/?p=88910\"},\"author\":{\"name\":\"Redacci\u00f3n QP\",\"@id\":\"https:\\\/\\\/quehacerpolitico.mx\\\/#\\\/schema\\\/person\\\/496d8ad2d1d3f8036101dca7ee39e585\"},\"headline\":\"Anaya se lanza contra AMLO, otra vez: &#8220;A los suyos los protege, aunque sean delincuentes&#8221;\",\"datePublished\":\"2022-01-24T17:30:13+00:00\",\"dateModified\":\"2022-01-24T17:30:17+00:00\",\"mainEntityOfPage\":{\"@id\":\"https:\\\/\\\/quehacerpolitico.mx\\\/?p=88910\"},\"wordCount\":392,\"commentCount\":0,\"image\":{\"@id\":\"https:\\\/\\\/quehacerpolitico.mx\\\/?p=88910#primaryimage\"},\"thumbnailUrl\":\"https:\\\/\\\/quehacerpolitico.mx\\\/wp-content\\\/uploads\\\/2022\\\/01\\\/52D11AC8-109E-44E0-942E-45E8112F4423.jpeg\",\"articleSection\":[\"Noticias\"],\"inLanguage\":\"es\",\"potentialAction\":[{\"@type\":\"CommentAction\",\"name\":\"Comment\",\"target\":[\"https:\\\/\\\/quehacerpolitico.mx\\\/?p=88910#respond\"]}]},{\"@type\":\"WebPage\",\"@id\":\"https:\\\/\\\/quehacerpolitico.mx\\\/?p=88910\",\"url\":\"https:\\\/\\\/quehacerpolitico.mx\\\/?p=88910\",\"name\":\"Anaya se lanza contra AMLO, otra vez: \\\"A los suyos los protege, aunque sean delincuentes\\\" -\",\"isPartOf\":{\"@id\":\"https:\\\/\\\/quehacerpolitico.mx\\\/#website\"},\"primaryImageOfPage\":{\"@id\":\"https:\\\/\\\/quehacerpolitico.mx\\\/?p=88910#primaryimage\"},\"image\":{\"@id\":\"https:\\\/\\\/quehacerpolitico.mx\\\/?p=88910#primaryimage\"},\"thumbnailUrl\":\"https:\\\/\\\/quehacerpolitico.mx\\\/wp-content\\\/uploads\\\/2022\\\/01\\\/52D11AC8-109E-44E0-942E-45E8112F4423.jpeg\",\"datePublished\":\"2022-01-24T17:30:13+00:00\",\"dateModified\":\"2022-01-24T17:30:17+00:00\",\"author\":{\"@id\":\"https:\\\/\\\/quehacerpolitico.mx\\\/#\\\/schema\\\/person\\\/496d8ad2d1d3f8036101dca7ee39e585\"},\"breadcrumb\":{\"@id\":\"https:\\\/\\\/quehacerpolitico.mx\\\/?p=88910#breadcrumb\"},\"inLanguage\":\"es\",\"potentialAction\":[{\"@type\":\"ReadAction\",\"target\":[\"https:\\\/\\\/quehacerpolitico.mx\\\/?p=88910\"]}]},{\"@type\":\"ImageObject\",\"inLanguage\":\"es\",\"@id\":\"https:\\\/\\\/quehacerpolitico.mx\\\/?p=88910#primaryimage\",\"url\":\"https:\\\/\\\/quehacerpolitico.mx\\\/wp-content\\\/uploads\\\/2022\\\/01\\\/52D11AC8-109E-44E0-942E-45E8112F4423.jpeg\",\"contentUrl\":\"https:\\\/\\\/quehacerpolitico.mx\\\/wp-content\\\/uploads\\\/2022\\\/01\\\/52D11AC8-109E-44E0-942E-45E8112F4423.jpeg\",\"width\":1284,\"height\":693},{\"@type\":\"BreadcrumbList\",\"@id\":\"https:\\\/\\\/quehacerpolitico.mx\\\/?p=88910#breadcrumb\",\"itemListElement\":[{\"@type\":\"ListItem\",\"position\":1,\"name\":\"Inicio\",\"item\":\"https:\\\/\\\/quehacerpolitico.mx\\\/\"},{\"@type\":\"ListItem\",\"position\":2,\"name\":\"Anaya se lanza contra AMLO, otra vez: &#8220;A los suyos los protege, aunque sean delincuentes&#8221;\"}]},{\"@type\":\"WebSite\",\"@id\":\"https:\\\/\\\/quehacerpolitico.mx\\\/#website\",\"url\":\"https:\\\/\\\/quehacerpolitico.mx\\\/\",\"name\":\"\",\"description\":\"\",\"potentialAction\":[{\"@type\":\"SearchAction\",\"target\":{\"@type\":\"EntryPoint\",\"urlTemplate\":\"https:\\\/\\\/quehacerpolitico.mx\\\/?s={search_term_string}\"},\"query-input\":{\"@type\":\"PropertyValueSpecification\",\"valueRequired\":true,\"valueName\":\"search_term_string\"}}],\"inLanguage\":\"es\"},{\"@type\":\"Person\",\"@id\":\"https:\\\/\\\/quehacerpolitico.mx\\\/#\\\/schema\\\/person\\\/496d8ad2d1d3f8036101dca7ee39e585\",\"name\":\"Redacci\u00f3n QP\",\"image\":{\"@type\":\"ImageObject\",\"inLanguage\":\"es\",\"@id\":\"https:\\\/\\\/secure.gravatar.com\\\/avatar\\\/c7164ed6fdec453195284ad24a5ae5b6e1eed2b848477fa2a4787ba9adf39a41?s=96&d=mm&r=g\",\"url\":\"https:\\\/\\\/secure.gravatar.com\\\/avatar\\\/c7164ed6fdec453195284ad24a5ae5b6e1eed2b848477fa2a4787ba9adf39a41?s=96&d=mm&r=g\",\"contentUrl\":\"https:\\\/\\\/secure.gravatar.com\\\/avatar\\\/c7164ed6fdec453195284ad24a5ae5b6e1eed2b848477fa2a4787ba9adf39a41?s=96&d=mm&r=g\",\"caption\":\"Redacci\u00f3n QP\"},\"url\":\"https:\\\/\\\/quehacerpolitico.mx\\\/?author=2\"}]}<\/script>\n<!-- \/ Yoast SEO plugin. -->","yoast_head_json":{"title":"Anaya se lanza contra AMLO, otra vez: \"A los suyos los protege, aunque sean delincuentes\" -","robots":{"index":"index","follow":"follow","max-snippet":"max-snippet:-1","max-image-preview":"max-image-preview:large","max-video-preview":"max-video-preview:-1"},"canonical":"https:\/\/quehacerpolitico.mx\/?p=88910","og_locale":"es_MX","og_type":"article","og_title":"Anaya se lanza contra AMLO, otra vez: \"A los suyos los protege, aunque sean delincuentes\" -","og_description":"Por Redacci\u00f3n QP Anaya reaccion\u00f3 al fallo de la TEPJF que determin\u00f3 que s\u00ed hubo...","og_url":"https:\/\/quehacerpolitico.mx\/?p=88910","article_published_time":"2022-01-24T17:30:13+00:00","article_modified_time":"2022-01-24T17:30:17+00:00","og_image":[{"width":1284,"height":693,"url":"https:\/\/quehacerpolitico.mx\/wp-content\/uploads\/2022\/01\/52D11AC8-109E-44E0-942E-45E8112F4423.jpeg","type":"image\/jpeg"}],"author":"Redacci\u00f3n QP","twitter_card":"summary_large_image","twitter_misc":{"Escrito por":"Redacci\u00f3n QP","Tiempo de lectura":"2 minutos"},"schema":{"@context":"https:\/\/schema.org","@graph":[{"@type":"Article","@id":"https:\/\/quehacerpolitico.mx\/?p=88910#article","isPartOf":{"@id":"https:\/\/quehacerpolitico.mx\/?p=88910"},"author":{"name":"Redacci\u00f3n QP","@id":"https:\/\/quehacerpolitico.mx\/#\/schema\/person\/496d8ad2d1d3f8036101dca7ee39e585"},"headline":"Anaya se lanza contra AMLO, otra vez: &#8220;A los suyos los protege, aunque sean delincuentes&#8221;","datePublished":"2022-01-24T17:30:13+00:00","dateModified":"2022-01-24T17:30:17+00:00","mainEntityOfPage":{"@id":"https:\/\/quehacerpolitico.mx\/?p=88910"},"wordCount":392,"commentCount":0,"image":{"@id":"https:\/\/quehacerpolitico.mx\/?p=88910#primaryimage"},"thumbnailUrl":"https:\/\/quehacerpolitico.mx\/wp-content\/uploads\/2022\/01\/52D11AC8-109E-44E0-942E-45E8112F4423.jpeg","articleSection":["Noticias"],"inLanguage":"es","potentialAction":[{"@type":"CommentAction","name":"Comment","target":["https:\/\/quehacerpolitico.mx\/?p=88910#respond"]}]},{"@type":"WebPage","@id":"https:\/\/quehacerpolitico.mx\/?p=88910","url":"https:\/\/quehacerpolitico.mx\/?p=88910","name":"Anaya se lanza contra AMLO, otra vez: \"A los suyos los protege, aunque sean delincuentes\" -","isPartOf":{"@id":"https:\/\/quehacerpolitico.mx\/#website"},"primaryImageOfPage":{"@id":"https:\/\/quehacerpolitico.mx\/?p=88910#primaryimage"},"image":{"@id":"https:\/\/quehacerpolitico.mx\/?p=88910#primaryimage"},"thumbnailUrl":"https:\/\/quehacerpolitico.mx\/wp-content\/uploads\/2022\/01\/52D11AC8-109E-44E0-942E-45E8112F4423.jpeg","datePublished":"2022-01-24T17:30:13+00:00","dateModified":"2022-01-24T17:30:17+00:00","author":{"@id":"https:\/\/quehacerpolitico.mx\/#\/schema\/person\/496d8ad2d1d3f8036101dca7ee39e585"},"breadcrumb":{"@id":"https:\/\/quehacerpolitico.mx\/?p=88910#breadcrumb"},"inLanguage":"es","potentialAction":[{"@type":"ReadAction","target":["https:\/\/quehacerpolitico.mx\/?p=88910"]}]},{"@type":"ImageObject","inLanguage":"es","@id":"https:\/\/quehacerpolitico.mx\/?p=88910#primaryimage","url":"https:\/\/quehacerpolitico.mx\/wp-content\/uploads\/2022\/01\/52D11AC8-109E-44E0-942E-45E8112F4423.jpeg","contentUrl":"https:\/\/quehacerpolitico.mx\/wp-content\/uploads\/2022\/01\/52D11AC8-109E-44E0-942E-45E8112F4423.jpeg","width":1284,"height":693},{"@type":"BreadcrumbList","@id":"https:\/\/quehacerpolitico.mx\/?p=88910#breadcrumb","itemListElement":[{"@type":"ListItem","position":1,"name":"Inicio","item":"https:\/\/quehacerpolitico.mx\/"},{"@type":"ListItem","position":2,"name":"Anaya se lanza contra AMLO, otra vez: &#8220;A los suyos los protege, aunque sean delincuentes&#8221;"}]},{"@type":"WebSite","@id":"https:\/\/quehacerpolitico.mx\/#website","url":"https:\/\/quehacerpolitico.mx\/","name":"","description":"","potentialAction":[{"@type":"SearchAction","target":{"@type":"EntryPoint","urlTemplate":"https:\/\/quehacerpolitico.mx\/?s={search_term_string}"},"query-input":{"@type":"PropertyValueSpecification","valueRequired":true,"valueName":"search_term_string"}}],"inLanguage":"es"},{"@type":"Person","@id":"https:\/\/quehacerpolitico.mx\/#\/schema\/person\/496d8ad2d1d3f8036101dca7ee39e585","name":"Redacci\u00f3n QP","image":{"@type":"ImageObject","inLanguage":"es","@id":"https:\/\/secure.gravatar.com\/avatar\/c7164ed6fdec453195284ad24a5ae5b6e1eed2b848477fa2a4787ba9adf39a41?s=96&d=mm&r=g","url":"https:\/\/secure.gravatar.com\/avatar\/c7164ed6fdec453195284ad24a5ae5b6e1eed2b848477fa2a4787ba9adf39a41?s=96&d=mm&r=g","contentUrl":"https:\/\/secure.gravatar.com\/avatar\/c7164ed6fdec453195284ad24a5ae5b6e1eed2b848477fa2a4787ba9adf39a41?s=96&d=mm&r=g","caption":"Redacci\u00f3n QP"},"url":"https:\/\/quehacerpolitico.mx\/?author=2"}]}},"featured_image_urls":{"full":["https:\/\/quehacerpolitico.mx\/wp-content\/uploads\/2022\/01\/52D11AC8-109E-44E0-942E-45E8112F4423.jpeg",1284,693,false],"thumbnail":["https:\/\/quehacerpolitico.mx\/wp-content\/uploads\/2022\/01\/52D11AC8-109E-44E0-942E-45E8112F4423-150x150.jpeg",150,150,true],"medium":["https:\/\/quehacerpolitico.mx\/wp-content\/uploads\/2022\/01\/52D11AC8-109E-44E0-942E-45E8112F4423-300x162.jpeg",300,162,true],"medium_large":["https:\/\/quehacerpolitico.mx\/wp-content\/uploads\/2022\/01\/52D11AC8-109E-44E0-942E-45E8112F4423-768x415.jpeg",640,346,true],"large":["https:\/\/quehacerpolitico.mx\/wp-content\/uploads\/2022\/01\/52D11AC8-109E-44E0-942E-45E8112F4423-1024x553.jpeg",640,346,true],"1536x1536":["https:\/\/quehacerpolitico.mx\/wp-content\/uploads\/2022\/01\/52D11AC8-109E-44E0-942E-45E8112F4423.jpeg",1284,693,false],"2048x2048":["https:\/\/quehacerpolitico.mx\/wp-content\/uploads\/2022\/01\/52D11AC8-109E-44E0-942E-45E8112F4423.jpeg",1284,693,false],"covernews-featured":["https:\/\/quehacerpolitico.mx\/wp-content\/uploads\/2022\/01\/52D11AC8-109E-44E0-942E-45E8112F4423.jpeg",1024,553,false],"covernews-medium":["https:\/\/quehacerpolitico.mx\/wp-content\/uploads\/2022\/01\/52D11AC8-109E-44E0-942E-45E8112F4423.jpeg",540,291,false]},"author_info":{"display_name":"Redacci\u00f3n QP","author_link":"https:\/\/quehacerpolitico.mx\/?author=2"},"category_info":"<a href=\"https:\/\/quehacerpolitico.mx\/?cat=2\" rel=\"category\">Noticias<\/a>","tag_info":"Noticias","comment_count":"0","_links":{"self":[{"href":"https:\/\/quehacerpolitico.mx\/index.php?rest_route=\/wp\/v2\/posts\/88910","targetHints":{"allow":["GET"]}}],"collection":[{"href":"https:\/\/quehacerpolitico.mx\/index.php?rest_route=\/wp\/v2\/posts"}],"about":[{"href":"https:\/\/quehacerpolitico.mx\/index.php?rest_route=\/wp\/v2\/types\/post"}],"author":[{"embeddable":true,"href":"https:\/\/quehacerpolitico.mx\/index.php?rest_route=\/wp\/v2\/users\/2"}],"replies":[{"embeddable":true,"href":"https:\/\/quehacerpolitico.mx\/index.php?rest_route=%2Fwp%2Fv2%2Fcomments&post=88910"}],"version-history":[{"count":1,"href":"https:\/\/quehacerpolitico.mx\/index.php?rest_route=\/wp\/v2\/posts\/88910\/revisions"}],"predecessor-version":[{"id":88912,"href":"https:\/\/quehacerpolitico.mx\/index.php?rest_route=\/wp\/v2\/posts\/88910\/revisions\/88912"}],"wp:featuredmedia":[{"embeddable":true,"href":"https:\/\/quehacerpolitico.mx\/index.php?rest_route=\/wp\/v2\/media\/88911"}],"wp:attachment":[{"href":"https:\/\/quehacerpolitico.mx\/index.php?rest_route=%2Fwp%2Fv2%2Fmedia&parent=88910"}],"wp:term":[{"taxonomy":"category","embeddable":true,"href":"https:\/\/quehacerpolitico.mx\/index.php?rest_route=%2Fwp%2Fv2%2Fcategories&post=88910"},{"taxonomy":"post_tag","embeddable":true,"href":"https:\/\/quehacerpolitico.mx\/index.php?rest_route=%2Fwp%2Fv2%2Ftags&post=88910"}],"curies":[{"name":"wp","href":"https:\/\/api.w.org\/{rel}","templated":true}]}}