{"id":88907,"date":"2022-01-24T17:18:15","date_gmt":"2022-01-24T17:18:15","guid":{"rendered":"https:\/\/quehacerpolitico.mx\/?p=88907"},"modified":"2022-01-24T17:18:20","modified_gmt":"2022-01-24T17:18:20","slug":"amlo-afirma-que-habra-justicia-por-homicidio-de-periodista-en-tijuana","status":"publish","type":"post","link":"https:\/\/quehacerpolitico.mx\/?p=88907","title":{"rendered":"AMLO afirma que habr\u00e1 justicia por homicidio de periodista en Tijuana"},"content":{"rendered":"\n<p>Por Redacci\u00f3n QP<\/p>\n\n\n\n<p>L\u00f3pez Obrador\u00a0recalc\u00f3 que su Gobierno estuvo en comunicaci\u00f3n con Lourdes Maldonado\u00a0&#8220;porque no era un asunto de amenazas, de violencia&#8221;<\/p>\n\n\n\n<p>Ayer domingo fue asesinada en Tijuana la periodista Lourdes Maldonado, ante esto, el Presidente de M\u00e9xico, Andr\u00e9s Manuel L\u00f3pez Obrador (AMLO) garantiz\u00f3 durante la \u201cma\u00f1anera\u201d de hoy que investigar\u00e1n este caso.<\/p>\n\n\n\n<figure class=\"wp-block-embed is-type-rich is-provider-twitter wp-block-embed-twitter\"><div class=\"wp-block-embed__wrapper\">\n<blockquote class=\"twitter-tweet\" data-width=\"550\" data-dnt=\"true\"><p lang=\"es\" dir=\"ltr\">\ud83d\udd34<a href=\"https:\/\/twitter.com\/hashtag\/ULTIMAHORA?src=hash&amp;ref_src=twsrc%5Etfw\">#ULTIMAHORA<\/a><br>ASESINAN en Tijuana a la periodista Lourdes Maldonado<br><br>\u2018VENGO A PEDIR AYUDA. TEMO X MI VIDA\u2019, dijo al Pte <a href=\"https:\/\/twitter.com\/lopezobrador_?ref_src=twsrc%5Etfw\">@lopezobrador_<\/a> en una <a href=\"https:\/\/twitter.com\/hashtag\/ma%C3%B1anera?src=hash&amp;ref_src=twsrc%5Etfw\">#ma\u00f1anera<\/a><br><br>Acababa de ganar un litigio vs el exgobernador Jaime Bonilla. Hoy es la 3era colega asesinada del a\u00f1o<a href=\"https:\/\/t.co\/fs5qJdWf1u\">pic.twitter.com\/fs5qJdWf1u<\/a><\/p>&mdash; Ruido en la Red (@RuidoEnLaRed) <a href=\"https:\/\/twitter.com\/RuidoEnLaRed\/status\/1485466374747168768?ref_src=twsrc%5Etfw\">January 24, 2022<\/a><\/blockquote><script async src=\"https:\/\/platform.twitter.com\/widgets.js\" charset=\"utf-8\"><\/script>\n<\/div><\/figure>\n\n\n\n<p><strong>&#8220;Duele mucho lo que pas\u00f3 en Tijuana, vamos a llevar a cabo toda la investigaci\u00f3n&#8221;<\/strong>, afirm\u00f3 AMLO desde el Palacio Nacional.<\/p>\n\n\n\n<figure class=\"wp-block-embed is-type-rich is-provider-twitter wp-block-embed-twitter\"><div class=\"wp-block-embed__wrapper\">\n<blockquote class=\"twitter-tweet\" data-width=\"550\" data-dnt=\"true\"><p lang=\"es\" dir=\"ltr\">Sobre el asesinato de Lourdes Maldonado, el presidente <a href=\"https:\/\/twitter.com\/lopezobrador_?ref_src=twsrc%5Etfw\">@lopezobrador_<\/a> lament\u00f3 su muerte y advirti\u00f3 que se llevar\u00e1 a cabo la investigaci\u00f3n.<br><br>&quot;Ella estuvo aqu\u00ed haciendo una denuncia con la empresa de radio vinculado a Jaime Bonilla (&#8230;) no era un asunto de amenazas, se le ayud\u00f3&quot; <a href=\"https:\/\/t.co\/NknHBDauAx\">pic.twitter.com\/NknHBDauAx<\/a><\/p>&mdash; Ruido en la Red (@RuidoEnLaRed) <a href=\"https:\/\/twitter.com\/RuidoEnLaRed\/status\/1485620306257526784?ref_src=twsrc%5Etfw\">January 24, 2022<\/a><\/blockquote><script async src=\"https:\/\/platform.twitter.com\/widgets.js\" charset=\"utf-8\"><\/script>\n<\/div><\/figure>\n\n\n\n<p>Ayer domingo Maldonado fue asesinada a balazos cuando llegaba a su casa en su autom\u00f3vil.\u00a0Lourdes pertenec\u00eda al programa de Protecci\u00f3n para Periodistas de Baja California, pero la vigilancia que se le brind\u00f3 no fue permanente.<\/p>\n\n\n\n<p>La comunicadora pidi\u00f3 esta protecci\u00f3n porque manten\u00eda un pleito legal contra el exgobernador de (Morena), Jaime Bonilla, y el pasado 19 de enero hab\u00eda ganado un litigio laboral por despido injustificado en una de las empresas del exmandatario estatal.&nbsp;<\/p>\n\n\n\n<p>Seg\u00fan la sentencia, la televisora Media Sport de M\u00e9xico qued\u00f3 embargada a favor de Maldonado.<\/p>\n\n\n\n<p>AMLO record\u00f3 este lunes que la periodista hab\u00eda estado en 2019 en su \u201cma\u00f1anera\u201d para hacer la denuncia contra la empresa de Bonilla y\u00a0<strong>recalc\u00f3 que su Gobierno estuvo en comunicaci\u00f3n con ella &#8220;porque no era un asunto de amenazas, de violencia. Se le ayud\u00f3 y garantiz\u00f3 que su demanda fuese atendida, incluso hab\u00eda ganado ya su demanda&#8221;<\/strong>, dijo.<\/p>\n\n\n\n<p>Sin embargo, mencion\u00f3 que no se puede &#8220;en autom\u00e1tico&#8221; vincular una demanda de tipo laboral a un crimen, por lo que reiter\u00f3 que se llevar\u00e1 a cabo la investigaci\u00f3n sobre el caso.&nbsp;<\/p>\n\n\n\n<p>&#8220;Hay que ver el m\u00f3vil, si hay vinculaci\u00f3n con la denuncia de tipo laboral y ver qui\u00e9nes son los responsables. Verlo con mucha responsabilidad, aunque sea redundante, qui\u00e9nes fueron, si hay autores intelectuales, qui\u00e9nes son los autores materiales&#8221;, afirm\u00f3.&nbsp;<\/p>\n\n\n\n<p>Agreg\u00f3 que no se permitir\u00e1 la impunidad pues una caracter\u00edstica de su gobierno es que &#8220;no haya impunidad, que todos estos cr\u00edmenes sean atendidos, se investigue y se encuentre a los responsables y culpables y vamos a estar informando sobre este caso&#8221;, zanj\u00f3 AMLO.<\/p>\n\n\n\n<figure class=\"wp-block-embed is-type-rich is-provider-twitter wp-block-embed-twitter\"><div class=\"wp-block-embed__wrapper\">\n<blockquote class=\"twitter-tweet\" data-width=\"550\" data-dnt=\"true\"><p lang=\"es\" dir=\"ltr\">\ud83d\udd34 \u2018NO ERA ASUNTO DE AMENAZAS, SE LE AYUD\u00d3\u2019<br><br>As\u00ed responde el Pte <a href=\"https:\/\/twitter.com\/lopezobrador_?ref_src=twsrc%5Etfw\">@lopezobrador_<\/a> sobre el asesinato de la periodista <a href=\"https:\/\/twitter.com\/hashtag\/LourdesMaldonado?src=hash&amp;ref_src=twsrc%5Etfw\">#LourdesMaldonado<\/a> a\u00fan cuando ella le expres\u00f3 temor por su vida.<br><br>\u2018No habr\u00e1 impunidad\u2019, dice\u2026 AUNQUE SER\u00cdA MEJOR QUE NO HUBIERA ASESINATOS.<a href=\"https:\/\/t.co\/NknHBDauAx\">pic.twitter.com\/NknHBDauAx<\/a><\/p>&mdash; Ruido en la Red (@RuidoEnLaRed) <a href=\"https:\/\/twitter.com\/RuidoEnLaRed\/status\/1485624143382994945?ref_src=twsrc%5Etfw\">January 24, 2022<\/a><\/blockquote><script async src=\"https:\/\/platform.twitter.com\/widgets.js\" charset=\"utf-8\"><\/script>\n<\/div><\/figure>\n\n\n\n<p>Maldonado es la segunda periodista asesinada en Tijuana en este 2022, despu\u00e9s de que el fotoperiodista Margarito Mart\u00ednez fuese atacado a tiros el 17 de enero cuando sub\u00eda a su veh\u00edculo en su casa en el barrio Camino Verde.&nbsp;<\/p>\n\n\n\n<p>Adem\u00e1s, el 10 de enero asesinaron en Veracruz, al periodista Jos\u00e9 Luis Gamboa Arenas, director del medio digital Inforegio, donde daba difusi\u00f3n a problemas de inseguridad y pol\u00edtica.&nbsp;<\/p>\n\n\n\n<p>Seg\u00fan la organizaci\u00f3n Reporteros Sin Fronteras (RSF),&nbsp;<strong>al menos siete periodistas fueron asesinados en M\u00e9xico en 2021, lo que lo transforma &#8220;en el m\u00e1s mort\u00edfero del mundo para la prensa&#8221;<\/strong>.&nbsp;<\/p>\n\n\n\n<p>M\u00e9xico ocupa el puesto 143 de 180 pa\u00edses en la Clasificaci\u00f3n Mundial de la Libertad de Prensa 2021 de RSF.<\/p>\n\n\n\n<p>Con Informaci\u00f3n de EFE <\/p>\n","protected":false},"excerpt":{"rendered":"<p>Por Redacci\u00f3n QP L\u00f3pez Obrador\u00a0recalc\u00f3 que su Gobierno estuvo en comunicaci\u00f3n con Lourdes Maldonado\u00a0&#8220;porque no&#8230;<\/p>\n","protected":false},"author":2,"featured_media":88908,"comment_status":"open","ping_status":"open","sticky":false,"template":"","format":"standard","meta":{"_monsterinsights_skip_tracking":false,"_monsterinsights_sitenote_active":false,"_monsterinsights_sitenote_note":"","_monsterinsights_sitenote_category":0,"footnotes":""},"categories":[2],"tags":[],"class_list":["post-88907","post","type-post","status-publish","format-standard","has-post-thumbnail","hentry","category-noticias"],"yoast_head":"<!-- This site is optimized with the Yoast SEO plugin v27.3 - https:\/\/yoast.com\/product\/yoast-seo-wordpress\/ -->\n<title>AMLO afirma que habr\u00e1 justicia por homicidio de periodista en Tijuana -<\/title>\n<meta name=\"robots\" content=\"index, follow, max-snippet:-1, max-image-preview:large, max-video-preview:-1\" \/>\n<link rel=\"canonical\" href=\"https:\/\/quehacerpolitico.mx\/?p=88907\" \/>\n<meta property=\"og:locale\" content=\"es_MX\" \/>\n<meta property=\"og:type\" content=\"article\" \/>\n<meta property=\"og:title\" content=\"AMLO afirma que habr\u00e1 justicia por homicidio de periodista en Tijuana -\" \/>\n<meta property=\"og:description\" content=\"Por Redacci\u00f3n QP L\u00f3pez Obrador\u00a0recalc\u00f3 que su Gobierno estuvo en comunicaci\u00f3n con Lourdes Maldonado\u00a0&#8220;porque no...\" \/>\n<meta property=\"og:url\" content=\"https:\/\/quehacerpolitico.mx\/?p=88907\" \/>\n<meta property=\"article:published_time\" content=\"2022-01-24T17:18:15+00:00\" \/>\n<meta property=\"article:modified_time\" content=\"2022-01-24T17:18:20+00:00\" \/>\n<meta property=\"og:image\" content=\"https:\/\/quehacerpolitico.mx\/wp-content\/uploads\/2022\/01\/AD899AA1-418B-47A2-899C-B64C664AF72A.jpeg\" \/>\n\t<meta property=\"og:image:width\" content=\"1018\" \/>\n\t<meta property=\"og:image:height\" content=\"580\" \/>\n\t<meta property=\"og:image:type\" content=\"image\/jpeg\" \/>\n<meta name=\"author\" content=\"Redacci\u00f3n QP\" \/>\n<meta name=\"twitter:card\" content=\"summary_large_image\" \/>\n<meta name=\"twitter:label1\" content=\"Escrito por\" \/>\n\t<meta name=\"twitter:data1\" content=\"Redacci\u00f3n QP\" \/>\n\t<meta name=\"twitter:label2\" content=\"Tiempo de lectura\" \/>\n\t<meta name=\"twitter:data2\" content=\"3 minutos\" \/>\n<script type=\"application\/ld+json\" class=\"yoast-schema-graph\">{\"@context\":\"https:\\\/\\\/schema.org\",\"@graph\":[{\"@type\":\"Article\",\"@id\":\"https:\\\/\\\/quehacerpolitico.mx\\\/?p=88907#article\",\"isPartOf\":{\"@id\":\"https:\\\/\\\/quehacerpolitico.mx\\\/?p=88907\"},\"author\":{\"name\":\"Redacci\u00f3n QP\",\"@id\":\"https:\\\/\\\/quehacerpolitico.mx\\\/#\\\/schema\\\/person\\\/496d8ad2d1d3f8036101dca7ee39e585\"},\"headline\":\"AMLO afirma que habr\u00e1 justicia por homicidio de periodista en Tijuana\",\"datePublished\":\"2022-01-24T17:18:15+00:00\",\"dateModified\":\"2022-01-24T17:18:20+00:00\",\"mainEntityOfPage\":{\"@id\":\"https:\\\/\\\/quehacerpolitico.mx\\\/?p=88907\"},\"wordCount\":534,\"commentCount\":0,\"image\":{\"@id\":\"https:\\\/\\\/quehacerpolitico.mx\\\/?p=88907#primaryimage\"},\"thumbnailUrl\":\"https:\\\/\\\/quehacerpolitico.mx\\\/wp-content\\\/uploads\\\/2022\\\/01\\\/AD899AA1-418B-47A2-899C-B64C664AF72A.jpeg\",\"articleSection\":[\"Noticias\"],\"inLanguage\":\"es\",\"potentialAction\":[{\"@type\":\"CommentAction\",\"name\":\"Comment\",\"target\":[\"https:\\\/\\\/quehacerpolitico.mx\\\/?p=88907#respond\"]}]},{\"@type\":\"WebPage\",\"@id\":\"https:\\\/\\\/quehacerpolitico.mx\\\/?p=88907\",\"url\":\"https:\\\/\\\/quehacerpolitico.mx\\\/?p=88907\",\"name\":\"AMLO afirma que habr\u00e1 justicia por homicidio de periodista en Tijuana -\",\"isPartOf\":{\"@id\":\"https:\\\/\\\/quehacerpolitico.mx\\\/#website\"},\"primaryImageOfPage\":{\"@id\":\"https:\\\/\\\/quehacerpolitico.mx\\\/?p=88907#primaryimage\"},\"image\":{\"@id\":\"https:\\\/\\\/quehacerpolitico.mx\\\/?p=88907#primaryimage\"},\"thumbnailUrl\":\"https:\\\/\\\/quehacerpolitico.mx\\\/wp-content\\\/uploads\\\/2022\\\/01\\\/AD899AA1-418B-47A2-899C-B64C664AF72A.jpeg\",\"datePublished\":\"2022-01-24T17:18:15+00:00\",\"dateModified\":\"2022-01-24T17:18:20+00:00\",\"author\":{\"@id\":\"https:\\\/\\\/quehacerpolitico.mx\\\/#\\\/schema\\\/person\\\/496d8ad2d1d3f8036101dca7ee39e585\"},\"breadcrumb\":{\"@id\":\"https:\\\/\\\/quehacerpolitico.mx\\\/?p=88907#breadcrumb\"},\"inLanguage\":\"es\",\"potentialAction\":[{\"@type\":\"ReadAction\",\"target\":[\"https:\\\/\\\/quehacerpolitico.mx\\\/?p=88907\"]}]},{\"@type\":\"ImageObject\",\"inLanguage\":\"es\",\"@id\":\"https:\\\/\\\/quehacerpolitico.mx\\\/?p=88907#primaryimage\",\"url\":\"https:\\\/\\\/quehacerpolitico.mx\\\/wp-content\\\/uploads\\\/2022\\\/01\\\/AD899AA1-418B-47A2-899C-B64C664AF72A.jpeg\",\"contentUrl\":\"https:\\\/\\\/quehacerpolitico.mx\\\/wp-content\\\/uploads\\\/2022\\\/01\\\/AD899AA1-418B-47A2-899C-B64C664AF72A.jpeg\",\"width\":1018,\"height\":580},{\"@type\":\"BreadcrumbList\",\"@id\":\"https:\\\/\\\/quehacerpolitico.mx\\\/?p=88907#breadcrumb\",\"itemListElement\":[{\"@type\":\"ListItem\",\"position\":1,\"name\":\"Inicio\",\"item\":\"https:\\\/\\\/quehacerpolitico.mx\\\/\"},{\"@type\":\"ListItem\",\"position\":2,\"name\":\"AMLO afirma que habr\u00e1 justicia por homicidio de periodista en Tijuana\"}]},{\"@type\":\"WebSite\",\"@id\":\"https:\\\/\\\/quehacerpolitico.mx\\\/#website\",\"url\":\"https:\\\/\\\/quehacerpolitico.mx\\\/\",\"name\":\"\",\"description\":\"\",\"potentialAction\":[{\"@type\":\"SearchAction\",\"target\":{\"@type\":\"EntryPoint\",\"urlTemplate\":\"https:\\\/\\\/quehacerpolitico.mx\\\/?s={search_term_string}\"},\"query-input\":{\"@type\":\"PropertyValueSpecification\",\"valueRequired\":true,\"valueName\":\"search_term_string\"}}],\"inLanguage\":\"es\"},{\"@type\":\"Person\",\"@id\":\"https:\\\/\\\/quehacerpolitico.mx\\\/#\\\/schema\\\/person\\\/496d8ad2d1d3f8036101dca7ee39e585\",\"name\":\"Redacci\u00f3n QP\",\"image\":{\"@type\":\"ImageObject\",\"inLanguage\":\"es\",\"@id\":\"https:\\\/\\\/secure.gravatar.com\\\/avatar\\\/c7164ed6fdec453195284ad24a5ae5b6e1eed2b848477fa2a4787ba9adf39a41?s=96&d=mm&r=g\",\"url\":\"https:\\\/\\\/secure.gravatar.com\\\/avatar\\\/c7164ed6fdec453195284ad24a5ae5b6e1eed2b848477fa2a4787ba9adf39a41?s=96&d=mm&r=g\",\"contentUrl\":\"https:\\\/\\\/secure.gravatar.com\\\/avatar\\\/c7164ed6fdec453195284ad24a5ae5b6e1eed2b848477fa2a4787ba9adf39a41?s=96&d=mm&r=g\",\"caption\":\"Redacci\u00f3n QP\"},\"url\":\"https:\\\/\\\/quehacerpolitico.mx\\\/?author=2\"}]}<\/script>\n<!-- \/ Yoast SEO plugin. -->","yoast_head_json":{"title":"AMLO afirma que habr\u00e1 justicia por homicidio de periodista en Tijuana -","robots":{"index":"index","follow":"follow","max-snippet":"max-snippet:-1","max-image-preview":"max-image-preview:large","max-video-preview":"max-video-preview:-1"},"canonical":"https:\/\/quehacerpolitico.mx\/?p=88907","og_locale":"es_MX","og_type":"article","og_title":"AMLO afirma que habr\u00e1 justicia por homicidio de periodista en Tijuana -","og_description":"Por Redacci\u00f3n QP L\u00f3pez Obrador\u00a0recalc\u00f3 que su Gobierno estuvo en comunicaci\u00f3n con Lourdes Maldonado\u00a0&#8220;porque no...","og_url":"https:\/\/quehacerpolitico.mx\/?p=88907","article_published_time":"2022-01-24T17:18:15+00:00","article_modified_time":"2022-01-24T17:18:20+00:00","og_image":[{"width":1018,"height":580,"url":"https:\/\/quehacerpolitico.mx\/wp-content\/uploads\/2022\/01\/AD899AA1-418B-47A2-899C-B64C664AF72A.jpeg","type":"image\/jpeg"}],"author":"Redacci\u00f3n QP","twitter_card":"summary_large_image","twitter_misc":{"Escrito por":"Redacci\u00f3n QP","Tiempo de lectura":"3 minutos"},"schema":{"@context":"https:\/\/schema.org","@graph":[{"@type":"Article","@id":"https:\/\/quehacerpolitico.mx\/?p=88907#article","isPartOf":{"@id":"https:\/\/quehacerpolitico.mx\/?p=88907"},"author":{"name":"Redacci\u00f3n QP","@id":"https:\/\/quehacerpolitico.mx\/#\/schema\/person\/496d8ad2d1d3f8036101dca7ee39e585"},"headline":"AMLO afirma que habr\u00e1 justicia por homicidio de periodista en Tijuana","datePublished":"2022-01-24T17:18:15+00:00","dateModified":"2022-01-24T17:18:20+00:00","mainEntityOfPage":{"@id":"https:\/\/quehacerpolitico.mx\/?p=88907"},"wordCount":534,"commentCount":0,"image":{"@id":"https:\/\/quehacerpolitico.mx\/?p=88907#primaryimage"},"thumbnailUrl":"https:\/\/quehacerpolitico.mx\/wp-content\/uploads\/2022\/01\/AD899AA1-418B-47A2-899C-B64C664AF72A.jpeg","articleSection":["Noticias"],"inLanguage":"es","potentialAction":[{"@type":"CommentAction","name":"Comment","target":["https:\/\/quehacerpolitico.mx\/?p=88907#respond"]}]},{"@type":"WebPage","@id":"https:\/\/quehacerpolitico.mx\/?p=88907","url":"https:\/\/quehacerpolitico.mx\/?p=88907","name":"AMLO afirma que habr\u00e1 justicia por homicidio de periodista en Tijuana -","isPartOf":{"@id":"https:\/\/quehacerpolitico.mx\/#website"},"primaryImageOfPage":{"@id":"https:\/\/quehacerpolitico.mx\/?p=88907#primaryimage"},"image":{"@id":"https:\/\/quehacerpolitico.mx\/?p=88907#primaryimage"},"thumbnailUrl":"https:\/\/quehacerpolitico.mx\/wp-content\/uploads\/2022\/01\/AD899AA1-418B-47A2-899C-B64C664AF72A.jpeg","datePublished":"2022-01-24T17:18:15+00:00","dateModified":"2022-01-24T17:18:20+00:00","author":{"@id":"https:\/\/quehacerpolitico.mx\/#\/schema\/person\/496d8ad2d1d3f8036101dca7ee39e585"},"breadcrumb":{"@id":"https:\/\/quehacerpolitico.mx\/?p=88907#breadcrumb"},"inLanguage":"es","potentialAction":[{"@type":"ReadAction","target":["https:\/\/quehacerpolitico.mx\/?p=88907"]}]},{"@type":"ImageObject","inLanguage":"es","@id":"https:\/\/quehacerpolitico.mx\/?p=88907#primaryimage","url":"https:\/\/quehacerpolitico.mx\/wp-content\/uploads\/2022\/01\/AD899AA1-418B-47A2-899C-B64C664AF72A.jpeg","contentUrl":"https:\/\/quehacerpolitico.mx\/wp-content\/uploads\/2022\/01\/AD899AA1-418B-47A2-899C-B64C664AF72A.jpeg","width":1018,"height":580},{"@type":"BreadcrumbList","@id":"https:\/\/quehacerpolitico.mx\/?p=88907#breadcrumb","itemListElement":[{"@type":"ListItem","position":1,"name":"Inicio","item":"https:\/\/quehacerpolitico.mx\/"},{"@type":"ListItem","position":2,"name":"AMLO afirma que habr\u00e1 justicia por homicidio de periodista en Tijuana"}]},{"@type":"WebSite","@id":"https:\/\/quehacerpolitico.mx\/#website","url":"https:\/\/quehacerpolitico.mx\/","name":"","description":"","potentialAction":[{"@type":"SearchAction","target":{"@type":"EntryPoint","urlTemplate":"https:\/\/quehacerpolitico.mx\/?s={search_term_string}"},"query-input":{"@type":"PropertyValueSpecification","valueRequired":true,"valueName":"search_term_string"}}],"inLanguage":"es"},{"@type":"Person","@id":"https:\/\/quehacerpolitico.mx\/#\/schema\/person\/496d8ad2d1d3f8036101dca7ee39e585","name":"Redacci\u00f3n QP","image":{"@type":"ImageObject","inLanguage":"es","@id":"https:\/\/secure.gravatar.com\/avatar\/c7164ed6fdec453195284ad24a5ae5b6e1eed2b848477fa2a4787ba9adf39a41?s=96&d=mm&r=g","url":"https:\/\/secure.gravatar.com\/avatar\/c7164ed6fdec453195284ad24a5ae5b6e1eed2b848477fa2a4787ba9adf39a41?s=96&d=mm&r=g","contentUrl":"https:\/\/secure.gravatar.com\/avatar\/c7164ed6fdec453195284ad24a5ae5b6e1eed2b848477fa2a4787ba9adf39a41?s=96&d=mm&r=g","caption":"Redacci\u00f3n QP"},"url":"https:\/\/quehacerpolitico.mx\/?author=2"}]}},"featured_image_urls":{"full":["https:\/\/quehacerpolitico.mx\/wp-content\/uploads\/2022\/01\/AD899AA1-418B-47A2-899C-B64C664AF72A.jpeg",1018,580,false],"thumbnail":["https:\/\/quehacerpolitico.mx\/wp-content\/uploads\/2022\/01\/AD899AA1-418B-47A2-899C-B64C664AF72A-150x150.jpeg",150,150,true],"medium":["https:\/\/quehacerpolitico.mx\/wp-content\/uploads\/2022\/01\/AD899AA1-418B-47A2-899C-B64C664AF72A-300x171.jpeg",300,171,true],"medium_large":["https:\/\/quehacerpolitico.mx\/wp-content\/uploads\/2022\/01\/AD899AA1-418B-47A2-899C-B64C664AF72A-768x438.jpeg",640,365,true],"large":["https:\/\/quehacerpolitico.mx\/wp-content\/uploads\/2022\/01\/AD899AA1-418B-47A2-899C-B64C664AF72A.jpeg",640,365,false],"1536x1536":["https:\/\/quehacerpolitico.mx\/wp-content\/uploads\/2022\/01\/AD899AA1-418B-47A2-899C-B64C664AF72A.jpeg",1018,580,false],"2048x2048":["https:\/\/quehacerpolitico.mx\/wp-content\/uploads\/2022\/01\/AD899AA1-418B-47A2-899C-B64C664AF72A.jpeg",1018,580,false],"covernews-featured":["https:\/\/quehacerpolitico.mx\/wp-content\/uploads\/2022\/01\/AD899AA1-418B-47A2-899C-B64C664AF72A.jpeg",1018,580,false],"covernews-medium":["https:\/\/quehacerpolitico.mx\/wp-content\/uploads\/2022\/01\/AD899AA1-418B-47A2-899C-B64C664AF72A.jpeg",540,308,false]},"author_info":{"display_name":"Redacci\u00f3n QP","author_link":"https:\/\/quehacerpolitico.mx\/?author=2"},"category_info":"<a href=\"https:\/\/quehacerpolitico.mx\/?cat=2\" rel=\"category\">Noticias<\/a>","tag_info":"Noticias","comment_count":"0","_links":{"self":[{"href":"https:\/\/quehacerpolitico.mx\/index.php?rest_route=\/wp\/v2\/posts\/88907","targetHints":{"allow":["GET"]}}],"collection":[{"href":"https:\/\/quehacerpolitico.mx\/index.php?rest_route=\/wp\/v2\/posts"}],"about":[{"href":"https:\/\/quehacerpolitico.mx\/index.php?rest_route=\/wp\/v2\/types\/post"}],"author":[{"embeddable":true,"href":"https:\/\/quehacerpolitico.mx\/index.php?rest_route=\/wp\/v2\/users\/2"}],"replies":[{"embeddable":true,"href":"https:\/\/quehacerpolitico.mx\/index.php?rest_route=%2Fwp%2Fv2%2Fcomments&post=88907"}],"version-history":[{"count":1,"href":"https:\/\/quehacerpolitico.mx\/index.php?rest_route=\/wp\/v2\/posts\/88907\/revisions"}],"predecessor-version":[{"id":88909,"href":"https:\/\/quehacerpolitico.mx\/index.php?rest_route=\/wp\/v2\/posts\/88907\/revisions\/88909"}],"wp:featuredmedia":[{"embeddable":true,"href":"https:\/\/quehacerpolitico.mx\/index.php?rest_route=\/wp\/v2\/media\/88908"}],"wp:attachment":[{"href":"https:\/\/quehacerpolitico.mx\/index.php?rest_route=%2Fwp%2Fv2%2Fmedia&parent=88907"}],"wp:term":[{"taxonomy":"category","embeddable":true,"href":"https:\/\/quehacerpolitico.mx\/index.php?rest_route=%2Fwp%2Fv2%2Fcategories&post=88907"},{"taxonomy":"post_tag","embeddable":true,"href":"https:\/\/quehacerpolitico.mx\/index.php?rest_route=%2Fwp%2Fv2%2Ftags&post=88907"}],"curies":[{"name":"wp","href":"https:\/\/api.w.org\/{rel}","templated":true}]}}