{"id":88904,"date":"2022-01-24T16:15:50","date_gmt":"2022-01-24T16:15:50","guid":{"rendered":"https:\/\/quehacerpolitico.mx\/?p=88904"},"modified":"2022-01-24T16:15:52","modified_gmt":"2022-01-24T16:15:52","slug":"amlo-explica-de-que-trata-su-testamento-politico","status":"publish","type":"post","link":"https:\/\/quehacerpolitico.mx\/?p=88904","title":{"rendered":"AMLO explica de qu\u00e9 trata su testamento pol\u00edtico"},"content":{"rendered":"\n<p>Por Redacci\u00f3n QP<\/p>\n\n\n\n<p>L\u00f3pez Obrador detall\u00f3 que con\u00a0su testamento pol\u00edtico\u00a0busca garantizar la continuidad de la cuarta transformaci\u00f3n y que las cosas se den sin sobresaltos<\/p>\n\n\n\n<p>Luego de revelar que tiene un testamento pol\u00edtico en caso de fallecer tiempo despu\u00e9s de realizarse un cateterismo, el Presidente de M\u00e9xico, Andr\u00e9s Manuel L\u00f3pez Obrador (AMLO) explic\u00f3 que esto es para garantizar la continuidad de la cuarta transformaci\u00f3n.<\/p>\n\n\n\n<p>&#8220;Primero agradecerle a mucha gente que se preocup\u00f3 por mi estado de salud, agradecerles ahora s\u00ed que, de todo coraz\u00f3n por su apoyo, por su solidaridad, por sus expresiones de \u00e1nimo y afortunadamente salieron bien las cosas&#8221;, dijo AMLO.<\/p>\n\n\n\n<p>AMLO tambi\u00e9n detall\u00f3 que en su testamento pol\u00edtico\u00a0<strong>busca que las cosas, en caso de fallecer, se den sin sobresaltos, sin afectar el desarrollo del pa\u00eds y que &#8220;se avance en el proceso que hemos iniciado<\/strong>&#8220;.<\/p>\n\n\n\n<p>&#8220;Tengo desde hace alg\u00fan tiempo un testamento y ya siendo presidente, le agregu\u00e9\u00a0un texto que tiene, como lo dije en el video, el prop\u00f3sito de que en el caso de mi fallecimiento, se garantice la continuidad en el\u00a0proceso de transformaci\u00f3n y que no haya ingobernabilidad, que las cosas se den sin sobresaltos, sin afectar el desarrollo del pa\u00eds, garantizador siempre la estabilidad, y el que se avance en el proceso que hemos iniciado&#8221;, mencion\u00f3.<\/p>\n\n\n\n<figure class=\"wp-block-embed is-type-rich is-provider-twitter wp-block-embed-twitter\"><div class=\"wp-block-embed__wrapper\">\n<blockquote class=\"twitter-tweet\" data-width=\"550\" data-dnt=\"true\"><p lang=\"es\" dir=\"ltr\">\u00bfTestamento Pol\u00edtico?<br><br>Hoy el presidente <a href=\"https:\/\/twitter.com\/lopezobrador_?ref_src=twsrc%5Etfw\">@lopezobrador_<\/a> nos explica de qu\u00e9 trata este testamento y para qu\u00e9 sirve a la ciudadan\u00eda<br><br>Peeeero \u00bfes legal? \ud83e\udd14 <a href=\"https:\/\/t.co\/CvYDrzYkYy\">pic.twitter.com\/CvYDrzYkYy<\/a><\/p>&mdash; Ruido en la Red (@RuidoEnLaRed) <a href=\"https:\/\/twitter.com\/RuidoEnLaRed\/status\/1485609339834585093?ref_src=twsrc%5Etfw\">January 24, 2022<\/a><\/blockquote><script async src=\"https:\/\/platform.twitter.com\/widgets.js\" charset=\"utf-8\"><\/script>\n<\/div><\/figure>\n\n\n\n<p>En Palacio Nacional, AMLO consider\u00f3 que &#8220;ser\u00eda irresponsable&#8221; no prever este escenario e inform\u00f3 que este testamento se dar\u00e1 a conocer cuando deje de existir.<\/p>\n\n\n\n<blockquote class=\"wp-block-quote is-layout-flow wp-block-quote-is-layout-flow\"><p>&#8220;Ser\u00eda irresponsable no prever estas cosas, somos seres humanos y tenemos que estar preparados para cualquier eventualidad&#8221;<\/p><\/blockquote>\n\n\n\n<p>&#8220;Ser\u00eda irresponsable no prever estas cosas, somos seres humanos y tenemos que estar preparados para cualquier eventualidad y no somos ajenos a una responsabilidad p\u00fablica de primer orden, estamos representando un pa\u00eds, a todos, entonces no debe de extra\u00f1ar&#8221;.<\/p>\n\n\n\n<p>Manifest\u00f3 que&nbsp;<strong>se siente bien de salud, con mucho \u00e1nimo y los medicos, afirm\u00f3, le garantizaron que puede seguir adelante<\/strong>.<\/p>\n\n\n\n<p>&#8220;Ya lo he dicho de modo que todo va muy bien, me garantizaron los m\u00e9dicos que puedo seguir adelante, me siento bien de salud con mucho \u00e1nimo, con entusiasmo y adema con el compromiso de seguir adelante, de seguir llevando a cabo la transformaci\u00f3n en beneficio del pueblo&#8221;, finaliz\u00f3 AMLO.<\/p>\n\n\n\n<p>Con Informaci\u00f3n de SUN <\/p>\n","protected":false},"excerpt":{"rendered":"<p>Por Redacci\u00f3n QP L\u00f3pez Obrador detall\u00f3 que con\u00a0su testamento pol\u00edtico\u00a0busca garantizar la continuidad de la&#8230;<\/p>\n","protected":false},"author":2,"featured_media":88905,"comment_status":"open","ping_status":"open","sticky":false,"template":"","format":"standard","meta":{"_monsterinsights_skip_tracking":false,"_monsterinsights_sitenote_active":false,"_monsterinsights_sitenote_note":"","_monsterinsights_sitenote_category":0,"footnotes":""},"categories":[2],"tags":[],"class_list":["post-88904","post","type-post","status-publish","format-standard","has-post-thumbnail","hentry","category-noticias"],"yoast_head":"<!-- This site is optimized with the Yoast SEO plugin v27.3 - https:\/\/yoast.com\/product\/yoast-seo-wordpress\/ -->\n<title>AMLO explica de qu\u00e9 trata su testamento pol\u00edtico -<\/title>\n<meta name=\"robots\" content=\"index, follow, max-snippet:-1, max-image-preview:large, max-video-preview:-1\" \/>\n<link rel=\"canonical\" href=\"https:\/\/quehacerpolitico.mx\/?p=88904\" \/>\n<meta property=\"og:locale\" content=\"es_MX\" \/>\n<meta property=\"og:type\" content=\"article\" \/>\n<meta property=\"og:title\" content=\"AMLO explica de qu\u00e9 trata su testamento pol\u00edtico -\" \/>\n<meta property=\"og:description\" content=\"Por Redacci\u00f3n QP L\u00f3pez Obrador detall\u00f3 que con\u00a0su testamento pol\u00edtico\u00a0busca garantizar la continuidad de la...\" \/>\n<meta property=\"og:url\" content=\"https:\/\/quehacerpolitico.mx\/?p=88904\" \/>\n<meta property=\"article:published_time\" content=\"2022-01-24T16:15:50+00:00\" \/>\n<meta property=\"article:modified_time\" content=\"2022-01-24T16:15:52+00:00\" \/>\n<meta property=\"og:image\" content=\"https:\/\/quehacerpolitico.mx\/wp-content\/uploads\/2022\/01\/098C7E42-420F-431E-8332-93977A2879B6.jpeg\" \/>\n\t<meta property=\"og:image:width\" content=\"1013\" \/>\n\t<meta property=\"og:image:height\" content=\"568\" \/>\n\t<meta property=\"og:image:type\" content=\"image\/jpeg\" \/>\n<meta name=\"author\" content=\"Redacci\u00f3n QP\" \/>\n<meta name=\"twitter:card\" content=\"summary_large_image\" \/>\n<meta name=\"twitter:label1\" content=\"Escrito por\" \/>\n\t<meta name=\"twitter:data1\" content=\"Redacci\u00f3n QP\" \/>\n\t<meta name=\"twitter:label2\" content=\"Tiempo de lectura\" \/>\n\t<meta name=\"twitter:data2\" content=\"2 minutos\" \/>\n<script type=\"application\/ld+json\" class=\"yoast-schema-graph\">{\"@context\":\"https:\\\/\\\/schema.org\",\"@graph\":[{\"@type\":\"Article\",\"@id\":\"https:\\\/\\\/quehacerpolitico.mx\\\/?p=88904#article\",\"isPartOf\":{\"@id\":\"https:\\\/\\\/quehacerpolitico.mx\\\/?p=88904\"},\"author\":{\"name\":\"Redacci\u00f3n QP\",\"@id\":\"https:\\\/\\\/quehacerpolitico.mx\\\/#\\\/schema\\\/person\\\/496d8ad2d1d3f8036101dca7ee39e585\"},\"headline\":\"AMLO explica de qu\u00e9 trata su testamento pol\u00edtico\",\"datePublished\":\"2022-01-24T16:15:50+00:00\",\"dateModified\":\"2022-01-24T16:15:52+00:00\",\"mainEntityOfPage\":{\"@id\":\"https:\\\/\\\/quehacerpolitico.mx\\\/?p=88904\"},\"wordCount\":415,\"commentCount\":0,\"image\":{\"@id\":\"https:\\\/\\\/quehacerpolitico.mx\\\/?p=88904#primaryimage\"},\"thumbnailUrl\":\"https:\\\/\\\/quehacerpolitico.mx\\\/wp-content\\\/uploads\\\/2022\\\/01\\\/098C7E42-420F-431E-8332-93977A2879B6.jpeg\",\"articleSection\":[\"Noticias\"],\"inLanguage\":\"es\",\"potentialAction\":[{\"@type\":\"CommentAction\",\"name\":\"Comment\",\"target\":[\"https:\\\/\\\/quehacerpolitico.mx\\\/?p=88904#respond\"]}]},{\"@type\":\"WebPage\",\"@id\":\"https:\\\/\\\/quehacerpolitico.mx\\\/?p=88904\",\"url\":\"https:\\\/\\\/quehacerpolitico.mx\\\/?p=88904\",\"name\":\"AMLO explica de qu\u00e9 trata su testamento pol\u00edtico -\",\"isPartOf\":{\"@id\":\"https:\\\/\\\/quehacerpolitico.mx\\\/#website\"},\"primaryImageOfPage\":{\"@id\":\"https:\\\/\\\/quehacerpolitico.mx\\\/?p=88904#primaryimage\"},\"image\":{\"@id\":\"https:\\\/\\\/quehacerpolitico.mx\\\/?p=88904#primaryimage\"},\"thumbnailUrl\":\"https:\\\/\\\/quehacerpolitico.mx\\\/wp-content\\\/uploads\\\/2022\\\/01\\\/098C7E42-420F-431E-8332-93977A2879B6.jpeg\",\"datePublished\":\"2022-01-24T16:15:50+00:00\",\"dateModified\":\"2022-01-24T16:15:52+00:00\",\"author\":{\"@id\":\"https:\\\/\\\/quehacerpolitico.mx\\\/#\\\/schema\\\/person\\\/496d8ad2d1d3f8036101dca7ee39e585\"},\"breadcrumb\":{\"@id\":\"https:\\\/\\\/quehacerpolitico.mx\\\/?p=88904#breadcrumb\"},\"inLanguage\":\"es\",\"potentialAction\":[{\"@type\":\"ReadAction\",\"target\":[\"https:\\\/\\\/quehacerpolitico.mx\\\/?p=88904\"]}]},{\"@type\":\"ImageObject\",\"inLanguage\":\"es\",\"@id\":\"https:\\\/\\\/quehacerpolitico.mx\\\/?p=88904#primaryimage\",\"url\":\"https:\\\/\\\/quehacerpolitico.mx\\\/wp-content\\\/uploads\\\/2022\\\/01\\\/098C7E42-420F-431E-8332-93977A2879B6.jpeg\",\"contentUrl\":\"https:\\\/\\\/quehacerpolitico.mx\\\/wp-content\\\/uploads\\\/2022\\\/01\\\/098C7E42-420F-431E-8332-93977A2879B6.jpeg\",\"width\":1013,\"height\":568},{\"@type\":\"BreadcrumbList\",\"@id\":\"https:\\\/\\\/quehacerpolitico.mx\\\/?p=88904#breadcrumb\",\"itemListElement\":[{\"@type\":\"ListItem\",\"position\":1,\"name\":\"Inicio\",\"item\":\"https:\\\/\\\/quehacerpolitico.mx\\\/\"},{\"@type\":\"ListItem\",\"position\":2,\"name\":\"AMLO explica de qu\u00e9 trata su testamento pol\u00edtico\"}]},{\"@type\":\"WebSite\",\"@id\":\"https:\\\/\\\/quehacerpolitico.mx\\\/#website\",\"url\":\"https:\\\/\\\/quehacerpolitico.mx\\\/\",\"name\":\"\",\"description\":\"\",\"potentialAction\":[{\"@type\":\"SearchAction\",\"target\":{\"@type\":\"EntryPoint\",\"urlTemplate\":\"https:\\\/\\\/quehacerpolitico.mx\\\/?s={search_term_string}\"},\"query-input\":{\"@type\":\"PropertyValueSpecification\",\"valueRequired\":true,\"valueName\":\"search_term_string\"}}],\"inLanguage\":\"es\"},{\"@type\":\"Person\",\"@id\":\"https:\\\/\\\/quehacerpolitico.mx\\\/#\\\/schema\\\/person\\\/496d8ad2d1d3f8036101dca7ee39e585\",\"name\":\"Redacci\u00f3n QP\",\"image\":{\"@type\":\"ImageObject\",\"inLanguage\":\"es\",\"@id\":\"https:\\\/\\\/secure.gravatar.com\\\/avatar\\\/c7164ed6fdec453195284ad24a5ae5b6e1eed2b848477fa2a4787ba9adf39a41?s=96&d=mm&r=g\",\"url\":\"https:\\\/\\\/secure.gravatar.com\\\/avatar\\\/c7164ed6fdec453195284ad24a5ae5b6e1eed2b848477fa2a4787ba9adf39a41?s=96&d=mm&r=g\",\"contentUrl\":\"https:\\\/\\\/secure.gravatar.com\\\/avatar\\\/c7164ed6fdec453195284ad24a5ae5b6e1eed2b848477fa2a4787ba9adf39a41?s=96&d=mm&r=g\",\"caption\":\"Redacci\u00f3n QP\"},\"url\":\"https:\\\/\\\/quehacerpolitico.mx\\\/?author=2\"}]}<\/script>\n<!-- \/ Yoast SEO plugin. -->","yoast_head_json":{"title":"AMLO explica de qu\u00e9 trata su testamento pol\u00edtico -","robots":{"index":"index","follow":"follow","max-snippet":"max-snippet:-1","max-image-preview":"max-image-preview:large","max-video-preview":"max-video-preview:-1"},"canonical":"https:\/\/quehacerpolitico.mx\/?p=88904","og_locale":"es_MX","og_type":"article","og_title":"AMLO explica de qu\u00e9 trata su testamento pol\u00edtico -","og_description":"Por Redacci\u00f3n QP L\u00f3pez Obrador detall\u00f3 que con\u00a0su testamento pol\u00edtico\u00a0busca garantizar la continuidad de la...","og_url":"https:\/\/quehacerpolitico.mx\/?p=88904","article_published_time":"2022-01-24T16:15:50+00:00","article_modified_time":"2022-01-24T16:15:52+00:00","og_image":[{"width":1013,"height":568,"url":"https:\/\/quehacerpolitico.mx\/wp-content\/uploads\/2022\/01\/098C7E42-420F-431E-8332-93977A2879B6.jpeg","type":"image\/jpeg"}],"author":"Redacci\u00f3n QP","twitter_card":"summary_large_image","twitter_misc":{"Escrito por":"Redacci\u00f3n QP","Tiempo de lectura":"2 minutos"},"schema":{"@context":"https:\/\/schema.org","@graph":[{"@type":"Article","@id":"https:\/\/quehacerpolitico.mx\/?p=88904#article","isPartOf":{"@id":"https:\/\/quehacerpolitico.mx\/?p=88904"},"author":{"name":"Redacci\u00f3n QP","@id":"https:\/\/quehacerpolitico.mx\/#\/schema\/person\/496d8ad2d1d3f8036101dca7ee39e585"},"headline":"AMLO explica de qu\u00e9 trata su testamento pol\u00edtico","datePublished":"2022-01-24T16:15:50+00:00","dateModified":"2022-01-24T16:15:52+00:00","mainEntityOfPage":{"@id":"https:\/\/quehacerpolitico.mx\/?p=88904"},"wordCount":415,"commentCount":0,"image":{"@id":"https:\/\/quehacerpolitico.mx\/?p=88904#primaryimage"},"thumbnailUrl":"https:\/\/quehacerpolitico.mx\/wp-content\/uploads\/2022\/01\/098C7E42-420F-431E-8332-93977A2879B6.jpeg","articleSection":["Noticias"],"inLanguage":"es","potentialAction":[{"@type":"CommentAction","name":"Comment","target":["https:\/\/quehacerpolitico.mx\/?p=88904#respond"]}]},{"@type":"WebPage","@id":"https:\/\/quehacerpolitico.mx\/?p=88904","url":"https:\/\/quehacerpolitico.mx\/?p=88904","name":"AMLO explica de qu\u00e9 trata su testamento pol\u00edtico -","isPartOf":{"@id":"https:\/\/quehacerpolitico.mx\/#website"},"primaryImageOfPage":{"@id":"https:\/\/quehacerpolitico.mx\/?p=88904#primaryimage"},"image":{"@id":"https:\/\/quehacerpolitico.mx\/?p=88904#primaryimage"},"thumbnailUrl":"https:\/\/quehacerpolitico.mx\/wp-content\/uploads\/2022\/01\/098C7E42-420F-431E-8332-93977A2879B6.jpeg","datePublished":"2022-01-24T16:15:50+00:00","dateModified":"2022-01-24T16:15:52+00:00","author":{"@id":"https:\/\/quehacerpolitico.mx\/#\/schema\/person\/496d8ad2d1d3f8036101dca7ee39e585"},"breadcrumb":{"@id":"https:\/\/quehacerpolitico.mx\/?p=88904#breadcrumb"},"inLanguage":"es","potentialAction":[{"@type":"ReadAction","target":["https:\/\/quehacerpolitico.mx\/?p=88904"]}]},{"@type":"ImageObject","inLanguage":"es","@id":"https:\/\/quehacerpolitico.mx\/?p=88904#primaryimage","url":"https:\/\/quehacerpolitico.mx\/wp-content\/uploads\/2022\/01\/098C7E42-420F-431E-8332-93977A2879B6.jpeg","contentUrl":"https:\/\/quehacerpolitico.mx\/wp-content\/uploads\/2022\/01\/098C7E42-420F-431E-8332-93977A2879B6.jpeg","width":1013,"height":568},{"@type":"BreadcrumbList","@id":"https:\/\/quehacerpolitico.mx\/?p=88904#breadcrumb","itemListElement":[{"@type":"ListItem","position":1,"name":"Inicio","item":"https:\/\/quehacerpolitico.mx\/"},{"@type":"ListItem","position":2,"name":"AMLO explica de qu\u00e9 trata su testamento pol\u00edtico"}]},{"@type":"WebSite","@id":"https:\/\/quehacerpolitico.mx\/#website","url":"https:\/\/quehacerpolitico.mx\/","name":"","description":"","potentialAction":[{"@type":"SearchAction","target":{"@type":"EntryPoint","urlTemplate":"https:\/\/quehacerpolitico.mx\/?s={search_term_string}"},"query-input":{"@type":"PropertyValueSpecification","valueRequired":true,"valueName":"search_term_string"}}],"inLanguage":"es"},{"@type":"Person","@id":"https:\/\/quehacerpolitico.mx\/#\/schema\/person\/496d8ad2d1d3f8036101dca7ee39e585","name":"Redacci\u00f3n QP","image":{"@type":"ImageObject","inLanguage":"es","@id":"https:\/\/secure.gravatar.com\/avatar\/c7164ed6fdec453195284ad24a5ae5b6e1eed2b848477fa2a4787ba9adf39a41?s=96&d=mm&r=g","url":"https:\/\/secure.gravatar.com\/avatar\/c7164ed6fdec453195284ad24a5ae5b6e1eed2b848477fa2a4787ba9adf39a41?s=96&d=mm&r=g","contentUrl":"https:\/\/secure.gravatar.com\/avatar\/c7164ed6fdec453195284ad24a5ae5b6e1eed2b848477fa2a4787ba9adf39a41?s=96&d=mm&r=g","caption":"Redacci\u00f3n QP"},"url":"https:\/\/quehacerpolitico.mx\/?author=2"}]}},"featured_image_urls":{"full":["https:\/\/quehacerpolitico.mx\/wp-content\/uploads\/2022\/01\/098C7E42-420F-431E-8332-93977A2879B6.jpeg",1013,568,false],"thumbnail":["https:\/\/quehacerpolitico.mx\/wp-content\/uploads\/2022\/01\/098C7E42-420F-431E-8332-93977A2879B6-150x150.jpeg",150,150,true],"medium":["https:\/\/quehacerpolitico.mx\/wp-content\/uploads\/2022\/01\/098C7E42-420F-431E-8332-93977A2879B6-300x168.jpeg",300,168,true],"medium_large":["https:\/\/quehacerpolitico.mx\/wp-content\/uploads\/2022\/01\/098C7E42-420F-431E-8332-93977A2879B6-768x431.jpeg",640,359,true],"large":["https:\/\/quehacerpolitico.mx\/wp-content\/uploads\/2022\/01\/098C7E42-420F-431E-8332-93977A2879B6.jpeg",640,359,false],"1536x1536":["https:\/\/quehacerpolitico.mx\/wp-content\/uploads\/2022\/01\/098C7E42-420F-431E-8332-93977A2879B6.jpeg",1013,568,false],"2048x2048":["https:\/\/quehacerpolitico.mx\/wp-content\/uploads\/2022\/01\/098C7E42-420F-431E-8332-93977A2879B6.jpeg",1013,568,false],"covernews-featured":["https:\/\/quehacerpolitico.mx\/wp-content\/uploads\/2022\/01\/098C7E42-420F-431E-8332-93977A2879B6.jpeg",1013,568,false],"covernews-medium":["https:\/\/quehacerpolitico.mx\/wp-content\/uploads\/2022\/01\/098C7E42-420F-431E-8332-93977A2879B6.jpeg",540,303,false]},"author_info":{"display_name":"Redacci\u00f3n QP","author_link":"https:\/\/quehacerpolitico.mx\/?author=2"},"category_info":"<a href=\"https:\/\/quehacerpolitico.mx\/?cat=2\" rel=\"category\">Noticias<\/a>","tag_info":"Noticias","comment_count":"0","_links":{"self":[{"href":"https:\/\/quehacerpolitico.mx\/index.php?rest_route=\/wp\/v2\/posts\/88904","targetHints":{"allow":["GET"]}}],"collection":[{"href":"https:\/\/quehacerpolitico.mx\/index.php?rest_route=\/wp\/v2\/posts"}],"about":[{"href":"https:\/\/quehacerpolitico.mx\/index.php?rest_route=\/wp\/v2\/types\/post"}],"author":[{"embeddable":true,"href":"https:\/\/quehacerpolitico.mx\/index.php?rest_route=\/wp\/v2\/users\/2"}],"replies":[{"embeddable":true,"href":"https:\/\/quehacerpolitico.mx\/index.php?rest_route=%2Fwp%2Fv2%2Fcomments&post=88904"}],"version-history":[{"count":1,"href":"https:\/\/quehacerpolitico.mx\/index.php?rest_route=\/wp\/v2\/posts\/88904\/revisions"}],"predecessor-version":[{"id":88906,"href":"https:\/\/quehacerpolitico.mx\/index.php?rest_route=\/wp\/v2\/posts\/88904\/revisions\/88906"}],"wp:featuredmedia":[{"embeddable":true,"href":"https:\/\/quehacerpolitico.mx\/index.php?rest_route=\/wp\/v2\/media\/88905"}],"wp:attachment":[{"href":"https:\/\/quehacerpolitico.mx\/index.php?rest_route=%2Fwp%2Fv2%2Fmedia&parent=88904"}],"wp:term":[{"taxonomy":"category","embeddable":true,"href":"https:\/\/quehacerpolitico.mx\/index.php?rest_route=%2Fwp%2Fv2%2Fcategories&post=88904"},{"taxonomy":"post_tag","embeddable":true,"href":"https:\/\/quehacerpolitico.mx\/index.php?rest_route=%2Fwp%2Fv2%2Ftags&post=88904"}],"curies":[{"name":"wp","href":"https:\/\/api.w.org\/{rel}","templated":true}]}}