{"id":88821,"date":"2022-01-23T19:53:17","date_gmt":"2022-01-23T19:53:17","guid":{"rendered":"https:\/\/quehacerpolitico.mx\/?p=88821"},"modified":"2022-01-23T19:53:20","modified_gmt":"2022-01-23T19:53:20","slug":"anotalas-estas-son-las-colonias-de-cdmx-que-pagaran-mas-por-el-agua-en-2022","status":"publish","type":"post","link":"https:\/\/quehacerpolitico.mx\/?p=88821","title":{"rendered":"\u00a1An\u00f3talas! \u00c9stas son las colonias de CdMx que pagar\u00e1n m\u00e1s por el agua en 2022"},"content":{"rendered":"\n<p>Por Redacci\u00f3n QP<\/p>\n\n\n\n<p>Las alcald\u00edas que concentran estas colonias son \u00c1lvaro Obreg\u00f3n, Benito Ju\u00e1rez, Coyoac\u00e1n , Cuajimalpa, Cuauht\u00e9moc, Magdalena Contreras, Miguel Hidalgo y Tlalpan.<\/p>\n\n\n\n<p>El&nbsp;<strong>Sistema de Aguas de la Ciudad de M\u00e9xico<\/strong>&nbsp;(Sacmex) dio a conocer nuevas modificaciones sobre la tarifa del uso de agua en la capital del pa\u00eds, por lo que ser\u00e1n cerca de 165 colonias las que deber\u00e1n pagar hasta un 35% adicional en su recibo de agua, esto en caso de que rebasen el consumo de 60 mil litros.<\/p>\n\n\n\n<blockquote class=\"wp-block-quote is-layout-flow wp-block-quote-is-layout-flow\"><p>\u201cEs prioritario para el Gobierno de la Ciudad de M\u00e9xico promover entre la ciudadan\u00eda el cuidado y el uso responsable del agua, a fin de garantizar la prestaci\u00f3n de los servicios p\u00fablicos de agua potable, drenaje y alcantarillado en la Ciudad\u201d, se\u00f1al\u00f3 el Sacmex.&nbsp;<\/p><\/blockquote>\n\n\n\n<p>De acuerdo con el art\u00edculo 172 del\u00a0<strong>C\u00f3digo Fiscal<\/strong>, publicado en la Gaceta Oficial de la Ciudad de M\u00e9xico, algunas localidades repartidas en ocho de las 16 alcald\u00edas de la\u00a0<strong>Ciudad de M\u00e9xico las que ver\u00e1n un incremento en su pago.<\/strong><\/p>\n\n\n\n<p>Las alcald\u00edas que concentran estas colonias son \u00c1lvaro Obreg\u00f3n, Benito Ju\u00e1rez, Coyoac\u00e1n , Cuajimalpa, Cuauht\u00e9moc, Magdalena Contreras, Miguel Hidalgo y Tlalpan. A continuaci\u00f3n, te enlistamos todas las localidades.<\/p>\n\n\n\n<h2 class=\"wp-block-heading\"><strong>\u00bfQu\u00e9 colonias pagar\u00e1n m\u00e1s por consumo de agua?<\/strong><\/h2>\n\n\n\n<h2 class=\"wp-block-heading\"><strong>\u00c1lvaro Obreg\u00f3n<\/strong><\/h2>\n\n\n\n<ul class=\"wp-block-list\"><li>Atlamaya<\/li><li>Barrio La Otra Banda<\/li><li>Campestre<\/li><li>Chimalistac<\/li><li>Ex-Hacienda De Guadalupe Chimalistac Flor De Maria<\/li><li>Florida<\/li><li>Guadalupe Inn<\/li><li>Jardines Del Pedregal<\/li><li>Las Aguilas<\/li><li>Lomas Axomiatla<\/li><li>Lomas De Guadalupe<\/li><li>Lomas De San Angel Inn<\/li><li>Lomas De Santa Fe<\/li><li>Los Alpes<\/li><li>Paseo De Las Lomas<\/li><li>Pueblo Axotla<\/li><li>Pueblo Tlacopac<\/li><li>Rancho San Francisco Del Pueblo<\/li><li>San Bartolo Ameyalco<\/li><li>San \u00c1ngel<\/li><li>San \u00c1ngel Inn<\/li><li>San Gabriel<\/li><li>Santa Fe<\/li><li>Santa Fe Centro Ciudad<\/li><li>Santa Fe La Loma<\/li><li>Santa Fe Pe\u00f1a Blanca<\/li><li>Villa Verdun<\/li><\/ul>\n\n\n\n<p><strong>Alcald\u00eda Benito Ju\u00e1rez<\/strong><\/p>\n\n\n\n<ul class=\"wp-block-list\"><li>Acacias<\/li><li>Actipan<\/li><li>Ampliaci\u00f3n Napoles<\/li><li>Atenor Salas<\/li><li>Ciudad De Los Deportes<\/li><li>Credito Constructor<\/li><li>Del Valle Centro<\/li><li>Del Valle Norte<\/li><li>Del Valle Sur<\/li><li>Extremadura Insurgentes<\/li><li>General Pedro Ma. Anaya<\/li><li>Insurgentes Mixcoac<\/li><li>Insurgentes San Borja<\/li><li>Letr\u00e1n Valle<\/li><li>Merced G\u00f3mez<\/li><li>Mixcoac<\/li><li>N\u00e1poles<\/li><li>Narvarte Oriente<\/li><li>Narvarte Poniente<\/li><li>Noche Buena<\/li><li>Periodista<\/li><li>San Jos\u00e9 Insurgentes<\/li><li>Santa Mar\u00eda Nonoalco Tlacoquem\u00e9catl<\/li><li>Vertiz Narvarte<\/li><\/ul>\n\n\n\n<h2 class=\"wp-block-heading\"><strong>Alcald\u00eda Coyoac\u00e1n<\/strong><\/h2>\n\n\n\n<ul class=\"wp-block-list\"><li>Atl\u00e1ntida<\/li><li>Barrio Del Ni\u00f1o Jes\u00fas<\/li><li>Barrio La Concepci\u00f3n<\/li><li>Barrio Oxtopulco Universidad<\/li><li>San Lucas<\/li><li>Santa Catarina<\/li><li>Cafetales<\/li><li>Campestre Churubusco<\/li><li>Campestre Coyoacan<\/li><li>Churubusco Country Club<\/li><li>Ciudad Jard\u00edn<\/li><li>Copilco Universidad<\/li><li>Del Carmen<\/li><li>El Centinela<\/li><li>El Parque De Coyoac\u00e1n<\/li><li>Espartaco<\/li><li>Hermosillo<\/li><li>Insurgentes Cuicuilco<\/li><li>Jardines De Coyoac\u00e1n<\/li><li>Jardines Del Pedregal De San \u00c1ngel<\/li><li>Joyas Del Pedregal<\/li><li>Las Campanas<\/li><li>Los Cedros<\/li><li>Los Cipreses<\/li><li>Los Girasoles<\/li><li>Los Olivos<\/li><li>Los Sauces<\/li><li>Ol\u00edmpica<\/li><li>Parque San Andr\u00e9s<\/li><li>Paseos De Taxque\u00f1a<\/li><li>Prado Churubusco<\/li><li>Prados De Coyoac\u00e1n<\/li><li>Presidentes Ejidales 1a. Secci\u00f3n<\/li><li>Romero De Terreros<\/li><li>San Diego Churubusco<\/li><li>Santa Cecilia<\/li><li>Villa Coyoac\u00e1n<\/li><li>Villa Quietud<\/li><li>Xotepingo<\/li><\/ul>\n\n\n\n<h2 class=\"wp-block-heading\"><strong>Alcald\u00eda Cuajimalpa<\/strong><\/h2>\n\n\n\n<ul class=\"wp-block-list\"><li>Bosques De Las Lomas<\/li><li>Campestre Palo Alto<\/li><li>Cooperativa Palo Alto<\/li><li>El Molinito<\/li><li>El Molino<\/li><li>Granjas Palo Alto<\/li><li>Lomas De Vista Hermosa<\/li><li>Santa Fe Cuajimalpa<\/li><li>Alcald\u00eda Cuauht\u00e9moc<\/li><li>Condesa<\/li><li>Cuauht\u00e9moc<\/li><li>Hip\u00f3dromo<\/li><li>Hip\u00f3dromo Condesa<\/li><li>Ju\u00e1rez<\/li><\/ul>\n\n\n\n<figure class=\"wp-block-embed is-type-rich is-provider-twitter wp-block-embed-twitter\"><div class=\"wp-block-embed__wrapper\">\n<blockquote class=\"twitter-tweet\" data-width=\"550\" data-dnt=\"true\"><p lang=\"es\" dir=\"ltr\">\u00bfNecesitas una aclaraci\u00f3n sobre tu pago, env\u00edanos un correo sacmex_atencion@sacmex.cdmx.gob.mx y responderemos a la brevedad posible<br><br>En el SACMEX estamos trabajando para ofrecerte un mejor servicio <a href=\"https:\/\/t.co\/GPojGgSZsE\">pic.twitter.com\/GPojGgSZsE<\/a><\/p>&mdash; Sistema de Aguas de la Ciudad de M\u00e9xico (@SacmexCDMX) <a href=\"https:\/\/twitter.com\/SacmexCDMX\/status\/1484164395798310913?ref_src=twsrc%5Etfw\">January 20, 2022<\/a><\/blockquote><script async src=\"https:\/\/platform.twitter.com\/widgets.js\" charset=\"utf-8\"><\/script>\n<\/div><\/figure>\n\n\n\n<p><strong>Alcald\u00eda Magdalena Contreras<\/strong><\/p>\n\n\n\n<ul class=\"wp-block-list\"><li>H\u00e9roes De Padierna<\/li><li>Puente Sierra (San Jer\u00f3nimo L\u00eddice)<\/li><li>San Jer\u00f3nimo Aculco<\/li><li>San Jer\u00f3nimo L\u00eddice<\/li><li>Santa Teresa<\/li><li>Alcald\u00eda Miguel Hidalgo<\/li><li>Anzures<\/li><li>Bosque De Las Lomas<\/li><li>Escand\u00f3n II Secci\u00f3n<\/li><li>Irrigaci\u00f3n<\/li><li>Lomas Altas<\/li><li>Lomas De Bezares<\/li><li>Lomas De Chapultepec I Secci\u00f3n<\/li><li>Lomas De Chapultepec II Secci\u00f3n<\/li><li>Lomas De Chapultepec III Secci\u00f3n<\/li><li>Lomas De Chapultepec IV Secci\u00f3n<\/li><li>Lomas De Chapultepec V Secci\u00f3n<\/li><li>Lomas De Chapultepec VI Secci\u00f3n<\/li><li>Lomas De Chapultepec VII Secci\u00f3n<\/li><li>Lomas De Chapultepec VIII Secci\u00f3n<\/li><li>Lomas De Reforma<\/li><li>Lomas De Sotelo<\/li><li>Molino Del Rey<\/li><li>Periodista<\/li><li>Polanco I Secci\u00f3n<\/li><li>Polanco II Secci\u00f3n<\/li><li>Polanco III Secci\u00f3n<\/li><li>Polanco IV Secci\u00f3n<\/li><li>Polanco V Secci\u00f3n<\/li><li>Real De Las Lomas<\/li><li>San Miguel Chapultepec II Secci\u00f3n<\/li><li>Un Hogar Para Nosotros<\/li><li>Ver\u00f3nica Anzures<\/li><\/ul>\n\n\n\n<h2 class=\"wp-block-heading\"><strong>Alcald\u00eda Tlalpan<\/strong><\/h2>\n\n\n\n<ul class=\"wp-block-list\"><li>Belisario Dom\u00ednguez<\/li><li>Colinas Del Ajusco<\/li><li>Floresta Coyoac\u00e1n<\/li><li>Fuentes Del Pedregal<\/li><li>Hacienda San Juan<\/li><li>Jardines Del Ajusco<\/li><li>Jardines En La Monta\u00f1a<\/li><li>Magisterial<\/li><li>Magisterial Coapa<\/li><li>Parque Del Pedregal<\/li><li>Prado Coapa 1a. Secci\u00f3n<\/li><li>Prado Coapa 2a. Secci\u00f3n<\/li><li>Prado Coapa 3a. Secci\u00f3n<\/li><li>Rancho Los Colorines<\/li><li>Residencial Acoxpa<\/li><li>Residencial Chimalli<\/li><li>Residencial Villa Coapa<\/li><li>Rinconada Coapa 1a Secci\u00f3n<\/li><li>Rinconada Coapa 2a Secci\u00f3n<\/li><li>Rinconada Las Hadas<\/li><\/ul>\n\n\n\n<h2 class=\"wp-block-heading\"><strong>Alcald\u00eda Tlalpan<\/strong><\/h2>\n\n\n\n<ul class=\"wp-block-list\"><li>Tlalpuente<\/li><li>Toriello Guerra<\/li><li>Vergel Coapa<\/li><li>Vergel De Coyoac\u00e1n<\/li><li>Vergel Del Sur<\/li><li>Villa Coapa<\/li><li>Villa Ol\u00edmpica<\/li><li>Zacayucan Pe\u00f1a Pobre<\/li><\/ul>\n\n\n\n<p><strong>Los incrementos en el pago del agua del 35% empezar\u00e1n a tener efecto el segundo bimestre del 2022<\/strong>&nbsp;y ser\u00e1n para quienes se pasen de 60 mil litros.<\/p>\n","protected":false},"excerpt":{"rendered":"<p>Por Redacci\u00f3n QP Las alcald\u00edas que concentran estas colonias son \u00c1lvaro Obreg\u00f3n, Benito Ju\u00e1rez, Coyoac\u00e1n&#8230;<\/p>\n","protected":false},"author":2,"featured_media":88822,"comment_status":"open","ping_status":"open","sticky":false,"template":"","format":"standard","meta":{"_monsterinsights_skip_tracking":false,"_monsterinsights_sitenote_active":false,"_monsterinsights_sitenote_note":"","_monsterinsights_sitenote_category":0,"footnotes":""},"categories":[55],"tags":[],"class_list":["post-88821","post","type-post","status-publish","format-standard","has-post-thumbnail","hentry","category-cdmx"],"yoast_head":"<!-- This site is optimized with the Yoast SEO plugin v27.3 - https:\/\/yoast.com\/product\/yoast-seo-wordpress\/ -->\n<title>\u00a1An\u00f3talas! \u00c9stas son las colonias de CdMx que pagar\u00e1n m\u00e1s por el agua en 2022 -<\/title>\n<meta name=\"robots\" content=\"index, follow, max-snippet:-1, max-image-preview:large, max-video-preview:-1\" \/>\n<link rel=\"canonical\" href=\"https:\/\/quehacerpolitico.mx\/?p=88821\" \/>\n<meta property=\"og:locale\" content=\"es_MX\" \/>\n<meta property=\"og:type\" content=\"article\" \/>\n<meta property=\"og:title\" content=\"\u00a1An\u00f3talas! \u00c9stas son las colonias de CdMx que pagar\u00e1n m\u00e1s por el agua en 2022 -\" \/>\n<meta property=\"og:description\" content=\"Por Redacci\u00f3n QP Las alcald\u00edas que concentran estas colonias son \u00c1lvaro Obreg\u00f3n, Benito Ju\u00e1rez, Coyoac\u00e1n...\" \/>\n<meta property=\"og:url\" content=\"https:\/\/quehacerpolitico.mx\/?p=88821\" \/>\n<meta property=\"article:published_time\" content=\"2022-01-23T19:53:17+00:00\" \/>\n<meta property=\"article:modified_time\" content=\"2022-01-23T19:53:20+00:00\" \/>\n<meta property=\"og:image\" content=\"https:\/\/quehacerpolitico.mx\/wp-content\/uploads\/2022\/01\/B9F21D33-BF46-4015-B509-AD8ADB570DD8.jpeg\" \/>\n\t<meta property=\"og:image:width\" content=\"634\" \/>\n\t<meta property=\"og:image:height\" content=\"420\" \/>\n\t<meta property=\"og:image:type\" content=\"image\/jpeg\" \/>\n<meta name=\"author\" content=\"Redacci\u00f3n QP\" \/>\n<meta name=\"twitter:card\" content=\"summary_large_image\" \/>\n<meta name=\"twitter:label1\" content=\"Escrito por\" \/>\n\t<meta name=\"twitter:data1\" content=\"Redacci\u00f3n QP\" \/>\n\t<meta name=\"twitter:label2\" content=\"Tiempo de lectura\" \/>\n\t<meta name=\"twitter:data2\" content=\"3 minutos\" \/>\n<script type=\"application\/ld+json\" class=\"yoast-schema-graph\">{\"@context\":\"https:\\\/\\\/schema.org\",\"@graph\":[{\"@type\":\"Article\",\"@id\":\"https:\\\/\\\/quehacerpolitico.mx\\\/?p=88821#article\",\"isPartOf\":{\"@id\":\"https:\\\/\\\/quehacerpolitico.mx\\\/?p=88821\"},\"author\":{\"name\":\"Redacci\u00f3n QP\",\"@id\":\"https:\\\/\\\/quehacerpolitico.mx\\\/#\\\/schema\\\/person\\\/496d8ad2d1d3f8036101dca7ee39e585\"},\"headline\":\"\u00a1An\u00f3talas! \u00c9stas son las colonias de CdMx que pagar\u00e1n m\u00e1s por el agua en 2022\",\"datePublished\":\"2022-01-23T19:53:17+00:00\",\"dateModified\":\"2022-01-23T19:53:20+00:00\",\"mainEntityOfPage\":{\"@id\":\"https:\\\/\\\/quehacerpolitico.mx\\\/?p=88821\"},\"wordCount\":813,\"commentCount\":0,\"image\":{\"@id\":\"https:\\\/\\\/quehacerpolitico.mx\\\/?p=88821#primaryimage\"},\"thumbnailUrl\":\"https:\\\/\\\/quehacerpolitico.mx\\\/wp-content\\\/uploads\\\/2022\\\/01\\\/B9F21D33-BF46-4015-B509-AD8ADB570DD8.jpeg\",\"articleSection\":[\"CDMX\"],\"inLanguage\":\"es\",\"potentialAction\":[{\"@type\":\"CommentAction\",\"name\":\"Comment\",\"target\":[\"https:\\\/\\\/quehacerpolitico.mx\\\/?p=88821#respond\"]}]},{\"@type\":\"WebPage\",\"@id\":\"https:\\\/\\\/quehacerpolitico.mx\\\/?p=88821\",\"url\":\"https:\\\/\\\/quehacerpolitico.mx\\\/?p=88821\",\"name\":\"\u00a1An\u00f3talas! \u00c9stas son las colonias de CdMx que pagar\u00e1n m\u00e1s por el agua en 2022 -\",\"isPartOf\":{\"@id\":\"https:\\\/\\\/quehacerpolitico.mx\\\/#website\"},\"primaryImageOfPage\":{\"@id\":\"https:\\\/\\\/quehacerpolitico.mx\\\/?p=88821#primaryimage\"},\"image\":{\"@id\":\"https:\\\/\\\/quehacerpolitico.mx\\\/?p=88821#primaryimage\"},\"thumbnailUrl\":\"https:\\\/\\\/quehacerpolitico.mx\\\/wp-content\\\/uploads\\\/2022\\\/01\\\/B9F21D33-BF46-4015-B509-AD8ADB570DD8.jpeg\",\"datePublished\":\"2022-01-23T19:53:17+00:00\",\"dateModified\":\"2022-01-23T19:53:20+00:00\",\"author\":{\"@id\":\"https:\\\/\\\/quehacerpolitico.mx\\\/#\\\/schema\\\/person\\\/496d8ad2d1d3f8036101dca7ee39e585\"},\"breadcrumb\":{\"@id\":\"https:\\\/\\\/quehacerpolitico.mx\\\/?p=88821#breadcrumb\"},\"inLanguage\":\"es\",\"potentialAction\":[{\"@type\":\"ReadAction\",\"target\":[\"https:\\\/\\\/quehacerpolitico.mx\\\/?p=88821\"]}]},{\"@type\":\"ImageObject\",\"inLanguage\":\"es\",\"@id\":\"https:\\\/\\\/quehacerpolitico.mx\\\/?p=88821#primaryimage\",\"url\":\"https:\\\/\\\/quehacerpolitico.mx\\\/wp-content\\\/uploads\\\/2022\\\/01\\\/B9F21D33-BF46-4015-B509-AD8ADB570DD8.jpeg\",\"contentUrl\":\"https:\\\/\\\/quehacerpolitico.mx\\\/wp-content\\\/uploads\\\/2022\\\/01\\\/B9F21D33-BF46-4015-B509-AD8ADB570DD8.jpeg\",\"width\":634,\"height\":420},{\"@type\":\"BreadcrumbList\",\"@id\":\"https:\\\/\\\/quehacerpolitico.mx\\\/?p=88821#breadcrumb\",\"itemListElement\":[{\"@type\":\"ListItem\",\"position\":1,\"name\":\"Inicio\",\"item\":\"https:\\\/\\\/quehacerpolitico.mx\\\/\"},{\"@type\":\"ListItem\",\"position\":2,\"name\":\"\u00a1An\u00f3talas! \u00c9stas son las colonias de CdMx que pagar\u00e1n m\u00e1s por el agua en 2022\"}]},{\"@type\":\"WebSite\",\"@id\":\"https:\\\/\\\/quehacerpolitico.mx\\\/#website\",\"url\":\"https:\\\/\\\/quehacerpolitico.mx\\\/\",\"name\":\"\",\"description\":\"\",\"potentialAction\":[{\"@type\":\"SearchAction\",\"target\":{\"@type\":\"EntryPoint\",\"urlTemplate\":\"https:\\\/\\\/quehacerpolitico.mx\\\/?s={search_term_string}\"},\"query-input\":{\"@type\":\"PropertyValueSpecification\",\"valueRequired\":true,\"valueName\":\"search_term_string\"}}],\"inLanguage\":\"es\"},{\"@type\":\"Person\",\"@id\":\"https:\\\/\\\/quehacerpolitico.mx\\\/#\\\/schema\\\/person\\\/496d8ad2d1d3f8036101dca7ee39e585\",\"name\":\"Redacci\u00f3n QP\",\"image\":{\"@type\":\"ImageObject\",\"inLanguage\":\"es\",\"@id\":\"https:\\\/\\\/secure.gravatar.com\\\/avatar\\\/c7164ed6fdec453195284ad24a5ae5b6e1eed2b848477fa2a4787ba9adf39a41?s=96&d=mm&r=g\",\"url\":\"https:\\\/\\\/secure.gravatar.com\\\/avatar\\\/c7164ed6fdec453195284ad24a5ae5b6e1eed2b848477fa2a4787ba9adf39a41?s=96&d=mm&r=g\",\"contentUrl\":\"https:\\\/\\\/secure.gravatar.com\\\/avatar\\\/c7164ed6fdec453195284ad24a5ae5b6e1eed2b848477fa2a4787ba9adf39a41?s=96&d=mm&r=g\",\"caption\":\"Redacci\u00f3n QP\"},\"url\":\"https:\\\/\\\/quehacerpolitico.mx\\\/?author=2\"}]}<\/script>\n<!-- \/ Yoast SEO plugin. -->","yoast_head_json":{"title":"\u00a1An\u00f3talas! \u00c9stas son las colonias de CdMx que pagar\u00e1n m\u00e1s por el agua en 2022 -","robots":{"index":"index","follow":"follow","max-snippet":"max-snippet:-1","max-image-preview":"max-image-preview:large","max-video-preview":"max-video-preview:-1"},"canonical":"https:\/\/quehacerpolitico.mx\/?p=88821","og_locale":"es_MX","og_type":"article","og_title":"\u00a1An\u00f3talas! \u00c9stas son las colonias de CdMx que pagar\u00e1n m\u00e1s por el agua en 2022 -","og_description":"Por Redacci\u00f3n QP Las alcald\u00edas que concentran estas colonias son \u00c1lvaro Obreg\u00f3n, Benito Ju\u00e1rez, Coyoac\u00e1n...","og_url":"https:\/\/quehacerpolitico.mx\/?p=88821","article_published_time":"2022-01-23T19:53:17+00:00","article_modified_time":"2022-01-23T19:53:20+00:00","og_image":[{"width":634,"height":420,"url":"https:\/\/quehacerpolitico.mx\/wp-content\/uploads\/2022\/01\/B9F21D33-BF46-4015-B509-AD8ADB570DD8.jpeg","type":"image\/jpeg"}],"author":"Redacci\u00f3n QP","twitter_card":"summary_large_image","twitter_misc":{"Escrito por":"Redacci\u00f3n QP","Tiempo de lectura":"3 minutos"},"schema":{"@context":"https:\/\/schema.org","@graph":[{"@type":"Article","@id":"https:\/\/quehacerpolitico.mx\/?p=88821#article","isPartOf":{"@id":"https:\/\/quehacerpolitico.mx\/?p=88821"},"author":{"name":"Redacci\u00f3n QP","@id":"https:\/\/quehacerpolitico.mx\/#\/schema\/person\/496d8ad2d1d3f8036101dca7ee39e585"},"headline":"\u00a1An\u00f3talas! \u00c9stas son las colonias de CdMx que pagar\u00e1n m\u00e1s por el agua en 2022","datePublished":"2022-01-23T19:53:17+00:00","dateModified":"2022-01-23T19:53:20+00:00","mainEntityOfPage":{"@id":"https:\/\/quehacerpolitico.mx\/?p=88821"},"wordCount":813,"commentCount":0,"image":{"@id":"https:\/\/quehacerpolitico.mx\/?p=88821#primaryimage"},"thumbnailUrl":"https:\/\/quehacerpolitico.mx\/wp-content\/uploads\/2022\/01\/B9F21D33-BF46-4015-B509-AD8ADB570DD8.jpeg","articleSection":["CDMX"],"inLanguage":"es","potentialAction":[{"@type":"CommentAction","name":"Comment","target":["https:\/\/quehacerpolitico.mx\/?p=88821#respond"]}]},{"@type":"WebPage","@id":"https:\/\/quehacerpolitico.mx\/?p=88821","url":"https:\/\/quehacerpolitico.mx\/?p=88821","name":"\u00a1An\u00f3talas! \u00c9stas son las colonias de CdMx que pagar\u00e1n m\u00e1s por el agua en 2022 -","isPartOf":{"@id":"https:\/\/quehacerpolitico.mx\/#website"},"primaryImageOfPage":{"@id":"https:\/\/quehacerpolitico.mx\/?p=88821#primaryimage"},"image":{"@id":"https:\/\/quehacerpolitico.mx\/?p=88821#primaryimage"},"thumbnailUrl":"https:\/\/quehacerpolitico.mx\/wp-content\/uploads\/2022\/01\/B9F21D33-BF46-4015-B509-AD8ADB570DD8.jpeg","datePublished":"2022-01-23T19:53:17+00:00","dateModified":"2022-01-23T19:53:20+00:00","author":{"@id":"https:\/\/quehacerpolitico.mx\/#\/schema\/person\/496d8ad2d1d3f8036101dca7ee39e585"},"breadcrumb":{"@id":"https:\/\/quehacerpolitico.mx\/?p=88821#breadcrumb"},"inLanguage":"es","potentialAction":[{"@type":"ReadAction","target":["https:\/\/quehacerpolitico.mx\/?p=88821"]}]},{"@type":"ImageObject","inLanguage":"es","@id":"https:\/\/quehacerpolitico.mx\/?p=88821#primaryimage","url":"https:\/\/quehacerpolitico.mx\/wp-content\/uploads\/2022\/01\/B9F21D33-BF46-4015-B509-AD8ADB570DD8.jpeg","contentUrl":"https:\/\/quehacerpolitico.mx\/wp-content\/uploads\/2022\/01\/B9F21D33-BF46-4015-B509-AD8ADB570DD8.jpeg","width":634,"height":420},{"@type":"BreadcrumbList","@id":"https:\/\/quehacerpolitico.mx\/?p=88821#breadcrumb","itemListElement":[{"@type":"ListItem","position":1,"name":"Inicio","item":"https:\/\/quehacerpolitico.mx\/"},{"@type":"ListItem","position":2,"name":"\u00a1An\u00f3talas! \u00c9stas son las colonias de CdMx que pagar\u00e1n m\u00e1s por el agua en 2022"}]},{"@type":"WebSite","@id":"https:\/\/quehacerpolitico.mx\/#website","url":"https:\/\/quehacerpolitico.mx\/","name":"","description":"","potentialAction":[{"@type":"SearchAction","target":{"@type":"EntryPoint","urlTemplate":"https:\/\/quehacerpolitico.mx\/?s={search_term_string}"},"query-input":{"@type":"PropertyValueSpecification","valueRequired":true,"valueName":"search_term_string"}}],"inLanguage":"es"},{"@type":"Person","@id":"https:\/\/quehacerpolitico.mx\/#\/schema\/person\/496d8ad2d1d3f8036101dca7ee39e585","name":"Redacci\u00f3n QP","image":{"@type":"ImageObject","inLanguage":"es","@id":"https:\/\/secure.gravatar.com\/avatar\/c7164ed6fdec453195284ad24a5ae5b6e1eed2b848477fa2a4787ba9adf39a41?s=96&d=mm&r=g","url":"https:\/\/secure.gravatar.com\/avatar\/c7164ed6fdec453195284ad24a5ae5b6e1eed2b848477fa2a4787ba9adf39a41?s=96&d=mm&r=g","contentUrl":"https:\/\/secure.gravatar.com\/avatar\/c7164ed6fdec453195284ad24a5ae5b6e1eed2b848477fa2a4787ba9adf39a41?s=96&d=mm&r=g","caption":"Redacci\u00f3n QP"},"url":"https:\/\/quehacerpolitico.mx\/?author=2"}]}},"featured_image_urls":{"full":["https:\/\/quehacerpolitico.mx\/wp-content\/uploads\/2022\/01\/B9F21D33-BF46-4015-B509-AD8ADB570DD8.jpeg",634,420,false],"thumbnail":["https:\/\/quehacerpolitico.mx\/wp-content\/uploads\/2022\/01\/B9F21D33-BF46-4015-B509-AD8ADB570DD8-150x150.jpeg",150,150,true],"medium":["https:\/\/quehacerpolitico.mx\/wp-content\/uploads\/2022\/01\/B9F21D33-BF46-4015-B509-AD8ADB570DD8-300x199.jpeg",300,199,true],"medium_large":["https:\/\/quehacerpolitico.mx\/wp-content\/uploads\/2022\/01\/B9F21D33-BF46-4015-B509-AD8ADB570DD8.jpeg",634,420,false],"large":["https:\/\/quehacerpolitico.mx\/wp-content\/uploads\/2022\/01\/B9F21D33-BF46-4015-B509-AD8ADB570DD8.jpeg",634,420,false],"1536x1536":["https:\/\/quehacerpolitico.mx\/wp-content\/uploads\/2022\/01\/B9F21D33-BF46-4015-B509-AD8ADB570DD8.jpeg",634,420,false],"2048x2048":["https:\/\/quehacerpolitico.mx\/wp-content\/uploads\/2022\/01\/B9F21D33-BF46-4015-B509-AD8ADB570DD8.jpeg",634,420,false],"covernews-featured":["https:\/\/quehacerpolitico.mx\/wp-content\/uploads\/2022\/01\/B9F21D33-BF46-4015-B509-AD8ADB570DD8.jpeg",634,420,false],"covernews-medium":["https:\/\/quehacerpolitico.mx\/wp-content\/uploads\/2022\/01\/B9F21D33-BF46-4015-B509-AD8ADB570DD8.jpeg",513,340,false]},"author_info":{"display_name":"Redacci\u00f3n QP","author_link":"https:\/\/quehacerpolitico.mx\/?author=2"},"category_info":"<a href=\"https:\/\/quehacerpolitico.mx\/?cat=55\" rel=\"category\">CDMX<\/a>","tag_info":"CDMX","comment_count":"0","_links":{"self":[{"href":"https:\/\/quehacerpolitico.mx\/index.php?rest_route=\/wp\/v2\/posts\/88821","targetHints":{"allow":["GET"]}}],"collection":[{"href":"https:\/\/quehacerpolitico.mx\/index.php?rest_route=\/wp\/v2\/posts"}],"about":[{"href":"https:\/\/quehacerpolitico.mx\/index.php?rest_route=\/wp\/v2\/types\/post"}],"author":[{"embeddable":true,"href":"https:\/\/quehacerpolitico.mx\/index.php?rest_route=\/wp\/v2\/users\/2"}],"replies":[{"embeddable":true,"href":"https:\/\/quehacerpolitico.mx\/index.php?rest_route=%2Fwp%2Fv2%2Fcomments&post=88821"}],"version-history":[{"count":1,"href":"https:\/\/quehacerpolitico.mx\/index.php?rest_route=\/wp\/v2\/posts\/88821\/revisions"}],"predecessor-version":[{"id":88823,"href":"https:\/\/quehacerpolitico.mx\/index.php?rest_route=\/wp\/v2\/posts\/88821\/revisions\/88823"}],"wp:featuredmedia":[{"embeddable":true,"href":"https:\/\/quehacerpolitico.mx\/index.php?rest_route=\/wp\/v2\/media\/88822"}],"wp:attachment":[{"href":"https:\/\/quehacerpolitico.mx\/index.php?rest_route=%2Fwp%2Fv2%2Fmedia&parent=88821"}],"wp:term":[{"taxonomy":"category","embeddable":true,"href":"https:\/\/quehacerpolitico.mx\/index.php?rest_route=%2Fwp%2Fv2%2Fcategories&post=88821"},{"taxonomy":"post_tag","embeddable":true,"href":"https:\/\/quehacerpolitico.mx\/index.php?rest_route=%2Fwp%2Fv2%2Ftags&post=88821"}],"curies":[{"name":"wp","href":"https:\/\/api.w.org\/{rel}","templated":true}]}}