{"id":88818,"date":"2022-01-23T19:23:26","date_gmt":"2022-01-23T19:23:26","guid":{"rendered":"https:\/\/quehacerpolitico.mx\/?p=88818"},"modified":"2022-01-23T19:23:29","modified_gmt":"2022-01-23T19:23:29","slug":"iglesia-catolica-critica-fallo-del-tepjf-por-acusar-a-sandoval-iniguez-de-proselitismo","status":"publish","type":"post","link":"https:\/\/quehacerpolitico.mx\/?p=88818","title":{"rendered":"Iglesia Cat\u00f3lica critica fallo del TEPJF por acusar a Sandoval \u00cd\u00f1iguez de proselitismo"},"content":{"rendered":"\n<p>Por Redacci\u00f3n QP<\/p>\n\n\n\n<p>La Iglesia cat\u00f3lica argument\u00f3 este domingo que &#8220;los ministros juzgados se expresaron desde su \u00e1mbito personal&#8221;<\/p>\n\n\n\n<p>Luego de que el Tribunal Electoral del Poder Judicial de la Federaci\u00f3n (TEPJF) ordenara&nbsp;a la Secretar\u00eda de Gobernaci\u00f3n (Segob) sancionar al arzobispo em\u00e9rito de Guadalajara, Juan Sandoval \u00cd\u00f1iguez y al arzobispo primado, Carlos Aguiar, la Iglesia cat\u00f3lica de M\u00e9xico critic\u00f3 este fallo.<\/p>\n\n\n\n<p>&#8220;La Iglesia cat\u00f3lica es respetuosa de las disposiciones del poder civil, pues este existe con la finalidad de conservar el orden y procurar el bien com\u00fan;&nbsp;<strong>sin embargo, en esta ocasi\u00f3n, no se est\u00e1 de acuerdo con los criterios que manifiesta en su sentencia el TEPJF<\/strong>&#8220;, indic\u00f3 en su editorial del semanario Desde la fe.&nbsp;<\/p>\n\n\n\n<p>Se refieren al fallo que esta semana &#8220;encontr\u00f3 culpables a algunos ministros de culto&#8221; de la Iglesia cat\u00f3lica por &#8220;haber impactado con sus dichos personales en el proceso electoral federal del a\u00f1o pasado&#8221;, cuando M\u00e9xico renov\u00f3 la C\u00e1mara de Diputados y 15 gubernaturas.<\/p>\n\n\n\n<p>A pesar de que en M\u00e9xico la Constituci\u00f3n proh\u00edbe en su art\u00edculo 130 que los l\u00edderes religiosos &#8220;realicen proselitismo&#8221;,&nbsp;<strong>la Iglesia cat\u00f3lica argument\u00f3 este domingo que &#8220;los ministros juzgados se expresaron desde su \u00e1mbito personal&#8221;<\/strong>.&nbsp;<\/p>\n\n\n\n<p>&#8220;Se\u00f1alaron puntos de mejora social a tener en cuenta a la hora de que los fieles decidieran su voto, en total ejercicio de la libertad de expresi\u00f3n y del ejercicio ciudadano al que tienen derecho&#8221;, defendi\u00f3 el editorial.<\/p>\n\n\n\n<p>La Iglesia de M\u00e9xico, el segundo pa\u00eds con m\u00e1s cat\u00f3licos del mundo, ha tenido desencuentros con el Presidente de M\u00e9xico, Andr\u00e9s Manuel L\u00f3pez Obrador (AMLO)\u00a0y Morena.<\/p>\n\n\n\n<p>La instituci\u00f3n religiosa critic\u00f3 el a\u00f1o pasado a &#8220;legisladoras federales del partido en el Gobierno&#8221; porque &#8220;se han empecinado en promover una agenda muy cargada de ideolog\u00eda&#8221;.<\/p>\n\n\n\n<p>Adem\u00e1s, se difundieron videos en los que sacerdotes promovieron el voto para el ultraconservador Partido Encuentro Solidario (PES), que abiertamente hizo campa\u00f1a contra el aborto, los derechos de la comunidad LGBT y lo que llama &#8220;una agenda de g\u00e9nero&#8221;.&nbsp;<\/p>\n\n\n\n<p>En el editorial Desde la fe,&nbsp;<strong>la instituci\u00f3n cat\u00f3lica insisti\u00f3 ahora en que &#8220;es labor de la Iglesia llevar el Evangelio a todas las personas&#8221;<\/strong>.&nbsp;<\/p>\n\n\n\n<p>&#8220;En esa misi\u00f3n sagrada, se exhorta a todos a cambiar de vida para bien, tambi\u00e9n a todo gobernante y pol\u00edtico, sin hacer diferencia por colores partidistas&#8221;, sostuvo.<\/p>\n\n\n\n<p>Con Informaci\u00f3n de EFE <\/p>\n","protected":false},"excerpt":{"rendered":"<p>Por Redacci\u00f3n QP La Iglesia cat\u00f3lica argument\u00f3 este domingo que &#8220;los ministros juzgados se expresaron&#8230;<\/p>\n","protected":false},"author":2,"featured_media":88819,"comment_status":"open","ping_status":"open","sticky":false,"template":"","format":"standard","meta":{"_monsterinsights_skip_tracking":false,"_monsterinsights_sitenote_active":false,"_monsterinsights_sitenote_note":"","_monsterinsights_sitenote_category":0,"footnotes":""},"categories":[2],"tags":[],"class_list":["post-88818","post","type-post","status-publish","format-standard","has-post-thumbnail","hentry","category-noticias"],"yoast_head":"<!-- This site is optimized with the Yoast SEO plugin v27.3 - https:\/\/yoast.com\/product\/yoast-seo-wordpress\/ -->\n<title>Iglesia Cat\u00f3lica critica fallo del TEPJF por acusar a Sandoval \u00cd\u00f1iguez de proselitismo -<\/title>\n<meta name=\"robots\" content=\"index, follow, max-snippet:-1, max-image-preview:large, max-video-preview:-1\" \/>\n<link rel=\"canonical\" href=\"https:\/\/quehacerpolitico.mx\/?p=88818\" \/>\n<meta property=\"og:locale\" content=\"es_MX\" \/>\n<meta property=\"og:type\" content=\"article\" \/>\n<meta property=\"og:title\" content=\"Iglesia Cat\u00f3lica critica fallo del TEPJF por acusar a Sandoval \u00cd\u00f1iguez de proselitismo -\" \/>\n<meta property=\"og:description\" content=\"Por Redacci\u00f3n QP La Iglesia cat\u00f3lica argument\u00f3 este domingo que &#8220;los ministros juzgados se expresaron...\" \/>\n<meta property=\"og:url\" content=\"https:\/\/quehacerpolitico.mx\/?p=88818\" \/>\n<meta property=\"article:published_time\" content=\"2022-01-23T19:23:26+00:00\" \/>\n<meta property=\"article:modified_time\" content=\"2022-01-23T19:23:29+00:00\" \/>\n<meta property=\"og:image\" content=\"https:\/\/quehacerpolitico.mx\/wp-content\/uploads\/2022\/01\/2573A89E-3345-416F-BD66-93BC14E7C55A.jpeg\" \/>\n\t<meta property=\"og:image:width\" content=\"678\" \/>\n\t<meta property=\"og:image:height\" content=\"452\" \/>\n\t<meta property=\"og:image:type\" content=\"image\/jpeg\" \/>\n<meta name=\"author\" content=\"Redacci\u00f3n QP\" \/>\n<meta name=\"twitter:card\" content=\"summary_large_image\" \/>\n<meta name=\"twitter:label1\" content=\"Escrito por\" \/>\n\t<meta name=\"twitter:data1\" content=\"Redacci\u00f3n QP\" \/>\n\t<meta name=\"twitter:label2\" content=\"Tiempo de lectura\" \/>\n\t<meta name=\"twitter:data2\" content=\"2 minutos\" \/>\n<script type=\"application\/ld+json\" class=\"yoast-schema-graph\">{\"@context\":\"https:\\\/\\\/schema.org\",\"@graph\":[{\"@type\":\"Article\",\"@id\":\"https:\\\/\\\/quehacerpolitico.mx\\\/?p=88818#article\",\"isPartOf\":{\"@id\":\"https:\\\/\\\/quehacerpolitico.mx\\\/?p=88818\"},\"author\":{\"name\":\"Redacci\u00f3n QP\",\"@id\":\"https:\\\/\\\/quehacerpolitico.mx\\\/#\\\/schema\\\/person\\\/496d8ad2d1d3f8036101dca7ee39e585\"},\"headline\":\"Iglesia Cat\u00f3lica critica fallo del TEPJF por acusar a Sandoval \u00cd\u00f1iguez de proselitismo\",\"datePublished\":\"2022-01-23T19:23:26+00:00\",\"dateModified\":\"2022-01-23T19:23:29+00:00\",\"mainEntityOfPage\":{\"@id\":\"https:\\\/\\\/quehacerpolitico.mx\\\/?p=88818\"},\"wordCount\":444,\"commentCount\":0,\"image\":{\"@id\":\"https:\\\/\\\/quehacerpolitico.mx\\\/?p=88818#primaryimage\"},\"thumbnailUrl\":\"https:\\\/\\\/quehacerpolitico.mx\\\/wp-content\\\/uploads\\\/2022\\\/01\\\/2573A89E-3345-416F-BD66-93BC14E7C55A.jpeg\",\"articleSection\":[\"Noticias\"],\"inLanguage\":\"es\",\"potentialAction\":[{\"@type\":\"CommentAction\",\"name\":\"Comment\",\"target\":[\"https:\\\/\\\/quehacerpolitico.mx\\\/?p=88818#respond\"]}]},{\"@type\":\"WebPage\",\"@id\":\"https:\\\/\\\/quehacerpolitico.mx\\\/?p=88818\",\"url\":\"https:\\\/\\\/quehacerpolitico.mx\\\/?p=88818\",\"name\":\"Iglesia Cat\u00f3lica critica fallo del TEPJF por acusar a Sandoval \u00cd\u00f1iguez de proselitismo -\",\"isPartOf\":{\"@id\":\"https:\\\/\\\/quehacerpolitico.mx\\\/#website\"},\"primaryImageOfPage\":{\"@id\":\"https:\\\/\\\/quehacerpolitico.mx\\\/?p=88818#primaryimage\"},\"image\":{\"@id\":\"https:\\\/\\\/quehacerpolitico.mx\\\/?p=88818#primaryimage\"},\"thumbnailUrl\":\"https:\\\/\\\/quehacerpolitico.mx\\\/wp-content\\\/uploads\\\/2022\\\/01\\\/2573A89E-3345-416F-BD66-93BC14E7C55A.jpeg\",\"datePublished\":\"2022-01-23T19:23:26+00:00\",\"dateModified\":\"2022-01-23T19:23:29+00:00\",\"author\":{\"@id\":\"https:\\\/\\\/quehacerpolitico.mx\\\/#\\\/schema\\\/person\\\/496d8ad2d1d3f8036101dca7ee39e585\"},\"breadcrumb\":{\"@id\":\"https:\\\/\\\/quehacerpolitico.mx\\\/?p=88818#breadcrumb\"},\"inLanguage\":\"es\",\"potentialAction\":[{\"@type\":\"ReadAction\",\"target\":[\"https:\\\/\\\/quehacerpolitico.mx\\\/?p=88818\"]}]},{\"@type\":\"ImageObject\",\"inLanguage\":\"es\",\"@id\":\"https:\\\/\\\/quehacerpolitico.mx\\\/?p=88818#primaryimage\",\"url\":\"https:\\\/\\\/quehacerpolitico.mx\\\/wp-content\\\/uploads\\\/2022\\\/01\\\/2573A89E-3345-416F-BD66-93BC14E7C55A.jpeg\",\"contentUrl\":\"https:\\\/\\\/quehacerpolitico.mx\\\/wp-content\\\/uploads\\\/2022\\\/01\\\/2573A89E-3345-416F-BD66-93BC14E7C55A.jpeg\",\"width\":678,\"height\":452},{\"@type\":\"BreadcrumbList\",\"@id\":\"https:\\\/\\\/quehacerpolitico.mx\\\/?p=88818#breadcrumb\",\"itemListElement\":[{\"@type\":\"ListItem\",\"position\":1,\"name\":\"Inicio\",\"item\":\"https:\\\/\\\/quehacerpolitico.mx\\\/\"},{\"@type\":\"ListItem\",\"position\":2,\"name\":\"Iglesia Cat\u00f3lica critica fallo del TEPJF por acusar a Sandoval \u00cd\u00f1iguez de proselitismo\"}]},{\"@type\":\"WebSite\",\"@id\":\"https:\\\/\\\/quehacerpolitico.mx\\\/#website\",\"url\":\"https:\\\/\\\/quehacerpolitico.mx\\\/\",\"name\":\"\",\"description\":\"\",\"potentialAction\":[{\"@type\":\"SearchAction\",\"target\":{\"@type\":\"EntryPoint\",\"urlTemplate\":\"https:\\\/\\\/quehacerpolitico.mx\\\/?s={search_term_string}\"},\"query-input\":{\"@type\":\"PropertyValueSpecification\",\"valueRequired\":true,\"valueName\":\"search_term_string\"}}],\"inLanguage\":\"es\"},{\"@type\":\"Person\",\"@id\":\"https:\\\/\\\/quehacerpolitico.mx\\\/#\\\/schema\\\/person\\\/496d8ad2d1d3f8036101dca7ee39e585\",\"name\":\"Redacci\u00f3n QP\",\"image\":{\"@type\":\"ImageObject\",\"inLanguage\":\"es\",\"@id\":\"https:\\\/\\\/secure.gravatar.com\\\/avatar\\\/c7164ed6fdec453195284ad24a5ae5b6e1eed2b848477fa2a4787ba9adf39a41?s=96&d=mm&r=g\",\"url\":\"https:\\\/\\\/secure.gravatar.com\\\/avatar\\\/c7164ed6fdec453195284ad24a5ae5b6e1eed2b848477fa2a4787ba9adf39a41?s=96&d=mm&r=g\",\"contentUrl\":\"https:\\\/\\\/secure.gravatar.com\\\/avatar\\\/c7164ed6fdec453195284ad24a5ae5b6e1eed2b848477fa2a4787ba9adf39a41?s=96&d=mm&r=g\",\"caption\":\"Redacci\u00f3n QP\"},\"url\":\"https:\\\/\\\/quehacerpolitico.mx\\\/?author=2\"}]}<\/script>\n<!-- \/ Yoast SEO plugin. -->","yoast_head_json":{"title":"Iglesia Cat\u00f3lica critica fallo del TEPJF por acusar a Sandoval \u00cd\u00f1iguez de proselitismo -","robots":{"index":"index","follow":"follow","max-snippet":"max-snippet:-1","max-image-preview":"max-image-preview:large","max-video-preview":"max-video-preview:-1"},"canonical":"https:\/\/quehacerpolitico.mx\/?p=88818","og_locale":"es_MX","og_type":"article","og_title":"Iglesia Cat\u00f3lica critica fallo del TEPJF por acusar a Sandoval \u00cd\u00f1iguez de proselitismo -","og_description":"Por Redacci\u00f3n QP La Iglesia cat\u00f3lica argument\u00f3 este domingo que &#8220;los ministros juzgados se expresaron...","og_url":"https:\/\/quehacerpolitico.mx\/?p=88818","article_published_time":"2022-01-23T19:23:26+00:00","article_modified_time":"2022-01-23T19:23:29+00:00","og_image":[{"width":678,"height":452,"url":"https:\/\/quehacerpolitico.mx\/wp-content\/uploads\/2022\/01\/2573A89E-3345-416F-BD66-93BC14E7C55A.jpeg","type":"image\/jpeg"}],"author":"Redacci\u00f3n QP","twitter_card":"summary_large_image","twitter_misc":{"Escrito por":"Redacci\u00f3n QP","Tiempo de lectura":"2 minutos"},"schema":{"@context":"https:\/\/schema.org","@graph":[{"@type":"Article","@id":"https:\/\/quehacerpolitico.mx\/?p=88818#article","isPartOf":{"@id":"https:\/\/quehacerpolitico.mx\/?p=88818"},"author":{"name":"Redacci\u00f3n QP","@id":"https:\/\/quehacerpolitico.mx\/#\/schema\/person\/496d8ad2d1d3f8036101dca7ee39e585"},"headline":"Iglesia Cat\u00f3lica critica fallo del TEPJF por acusar a Sandoval \u00cd\u00f1iguez de proselitismo","datePublished":"2022-01-23T19:23:26+00:00","dateModified":"2022-01-23T19:23:29+00:00","mainEntityOfPage":{"@id":"https:\/\/quehacerpolitico.mx\/?p=88818"},"wordCount":444,"commentCount":0,"image":{"@id":"https:\/\/quehacerpolitico.mx\/?p=88818#primaryimage"},"thumbnailUrl":"https:\/\/quehacerpolitico.mx\/wp-content\/uploads\/2022\/01\/2573A89E-3345-416F-BD66-93BC14E7C55A.jpeg","articleSection":["Noticias"],"inLanguage":"es","potentialAction":[{"@type":"CommentAction","name":"Comment","target":["https:\/\/quehacerpolitico.mx\/?p=88818#respond"]}]},{"@type":"WebPage","@id":"https:\/\/quehacerpolitico.mx\/?p=88818","url":"https:\/\/quehacerpolitico.mx\/?p=88818","name":"Iglesia Cat\u00f3lica critica fallo del TEPJF por acusar a Sandoval \u00cd\u00f1iguez de proselitismo -","isPartOf":{"@id":"https:\/\/quehacerpolitico.mx\/#website"},"primaryImageOfPage":{"@id":"https:\/\/quehacerpolitico.mx\/?p=88818#primaryimage"},"image":{"@id":"https:\/\/quehacerpolitico.mx\/?p=88818#primaryimage"},"thumbnailUrl":"https:\/\/quehacerpolitico.mx\/wp-content\/uploads\/2022\/01\/2573A89E-3345-416F-BD66-93BC14E7C55A.jpeg","datePublished":"2022-01-23T19:23:26+00:00","dateModified":"2022-01-23T19:23:29+00:00","author":{"@id":"https:\/\/quehacerpolitico.mx\/#\/schema\/person\/496d8ad2d1d3f8036101dca7ee39e585"},"breadcrumb":{"@id":"https:\/\/quehacerpolitico.mx\/?p=88818#breadcrumb"},"inLanguage":"es","potentialAction":[{"@type":"ReadAction","target":["https:\/\/quehacerpolitico.mx\/?p=88818"]}]},{"@type":"ImageObject","inLanguage":"es","@id":"https:\/\/quehacerpolitico.mx\/?p=88818#primaryimage","url":"https:\/\/quehacerpolitico.mx\/wp-content\/uploads\/2022\/01\/2573A89E-3345-416F-BD66-93BC14E7C55A.jpeg","contentUrl":"https:\/\/quehacerpolitico.mx\/wp-content\/uploads\/2022\/01\/2573A89E-3345-416F-BD66-93BC14E7C55A.jpeg","width":678,"height":452},{"@type":"BreadcrumbList","@id":"https:\/\/quehacerpolitico.mx\/?p=88818#breadcrumb","itemListElement":[{"@type":"ListItem","position":1,"name":"Inicio","item":"https:\/\/quehacerpolitico.mx\/"},{"@type":"ListItem","position":2,"name":"Iglesia Cat\u00f3lica critica fallo del TEPJF por acusar a Sandoval \u00cd\u00f1iguez de proselitismo"}]},{"@type":"WebSite","@id":"https:\/\/quehacerpolitico.mx\/#website","url":"https:\/\/quehacerpolitico.mx\/","name":"","description":"","potentialAction":[{"@type":"SearchAction","target":{"@type":"EntryPoint","urlTemplate":"https:\/\/quehacerpolitico.mx\/?s={search_term_string}"},"query-input":{"@type":"PropertyValueSpecification","valueRequired":true,"valueName":"search_term_string"}}],"inLanguage":"es"},{"@type":"Person","@id":"https:\/\/quehacerpolitico.mx\/#\/schema\/person\/496d8ad2d1d3f8036101dca7ee39e585","name":"Redacci\u00f3n QP","image":{"@type":"ImageObject","inLanguage":"es","@id":"https:\/\/secure.gravatar.com\/avatar\/c7164ed6fdec453195284ad24a5ae5b6e1eed2b848477fa2a4787ba9adf39a41?s=96&d=mm&r=g","url":"https:\/\/secure.gravatar.com\/avatar\/c7164ed6fdec453195284ad24a5ae5b6e1eed2b848477fa2a4787ba9adf39a41?s=96&d=mm&r=g","contentUrl":"https:\/\/secure.gravatar.com\/avatar\/c7164ed6fdec453195284ad24a5ae5b6e1eed2b848477fa2a4787ba9adf39a41?s=96&d=mm&r=g","caption":"Redacci\u00f3n QP"},"url":"https:\/\/quehacerpolitico.mx\/?author=2"}]}},"featured_image_urls":{"full":["https:\/\/quehacerpolitico.mx\/wp-content\/uploads\/2022\/01\/2573A89E-3345-416F-BD66-93BC14E7C55A.jpeg",678,452,false],"thumbnail":["https:\/\/quehacerpolitico.mx\/wp-content\/uploads\/2022\/01\/2573A89E-3345-416F-BD66-93BC14E7C55A-150x150.jpeg",150,150,true],"medium":["https:\/\/quehacerpolitico.mx\/wp-content\/uploads\/2022\/01\/2573A89E-3345-416F-BD66-93BC14E7C55A-300x200.jpeg",300,200,true],"medium_large":["https:\/\/quehacerpolitico.mx\/wp-content\/uploads\/2022\/01\/2573A89E-3345-416F-BD66-93BC14E7C55A.jpeg",640,427,false],"large":["https:\/\/quehacerpolitico.mx\/wp-content\/uploads\/2022\/01\/2573A89E-3345-416F-BD66-93BC14E7C55A.jpeg",640,427,false],"1536x1536":["https:\/\/quehacerpolitico.mx\/wp-content\/uploads\/2022\/01\/2573A89E-3345-416F-BD66-93BC14E7C55A.jpeg",678,452,false],"2048x2048":["https:\/\/quehacerpolitico.mx\/wp-content\/uploads\/2022\/01\/2573A89E-3345-416F-BD66-93BC14E7C55A.jpeg",678,452,false],"covernews-featured":["https:\/\/quehacerpolitico.mx\/wp-content\/uploads\/2022\/01\/2573A89E-3345-416F-BD66-93BC14E7C55A.jpeg",678,452,false],"covernews-medium":["https:\/\/quehacerpolitico.mx\/wp-content\/uploads\/2022\/01\/2573A89E-3345-416F-BD66-93BC14E7C55A.jpeg",510,340,false]},"author_info":{"display_name":"Redacci\u00f3n QP","author_link":"https:\/\/quehacerpolitico.mx\/?author=2"},"category_info":"<a href=\"https:\/\/quehacerpolitico.mx\/?cat=2\" rel=\"category\">Noticias<\/a>","tag_info":"Noticias","comment_count":"0","_links":{"self":[{"href":"https:\/\/quehacerpolitico.mx\/index.php?rest_route=\/wp\/v2\/posts\/88818","targetHints":{"allow":["GET"]}}],"collection":[{"href":"https:\/\/quehacerpolitico.mx\/index.php?rest_route=\/wp\/v2\/posts"}],"about":[{"href":"https:\/\/quehacerpolitico.mx\/index.php?rest_route=\/wp\/v2\/types\/post"}],"author":[{"embeddable":true,"href":"https:\/\/quehacerpolitico.mx\/index.php?rest_route=\/wp\/v2\/users\/2"}],"replies":[{"embeddable":true,"href":"https:\/\/quehacerpolitico.mx\/index.php?rest_route=%2Fwp%2Fv2%2Fcomments&post=88818"}],"version-history":[{"count":1,"href":"https:\/\/quehacerpolitico.mx\/index.php?rest_route=\/wp\/v2\/posts\/88818\/revisions"}],"predecessor-version":[{"id":88820,"href":"https:\/\/quehacerpolitico.mx\/index.php?rest_route=\/wp\/v2\/posts\/88818\/revisions\/88820"}],"wp:featuredmedia":[{"embeddable":true,"href":"https:\/\/quehacerpolitico.mx\/index.php?rest_route=\/wp\/v2\/media\/88819"}],"wp:attachment":[{"href":"https:\/\/quehacerpolitico.mx\/index.php?rest_route=%2Fwp%2Fv2%2Fmedia&parent=88818"}],"wp:term":[{"taxonomy":"category","embeddable":true,"href":"https:\/\/quehacerpolitico.mx\/index.php?rest_route=%2Fwp%2Fv2%2Fcategories&post=88818"},{"taxonomy":"post_tag","embeddable":true,"href":"https:\/\/quehacerpolitico.mx\/index.php?rest_route=%2Fwp%2Fv2%2Ftags&post=88818"}],"curies":[{"name":"wp","href":"https:\/\/api.w.org\/{rel}","templated":true}]}}