{"id":88815,"date":"2022-01-23T19:10:19","date_gmt":"2022-01-23T19:10:19","guid":{"rendered":"https:\/\/quehacerpolitico.mx\/?p=88815"},"modified":"2022-01-23T19:10:22","modified_gmt":"2022-01-23T19:10:22","slug":"internacionales-carolina-alonso-romei-la-primera-ministra-de-nueva-zelanda-jacinda-ardern-cancela-su-boda-en-medio-de-un-brote-de-omicron","status":"publish","type":"post","link":"https:\/\/quehacerpolitico.mx\/?p=88815","title":{"rendered":"Internacionales\/\/\/Carolina Alonso Romei\/\/\/la primera ministra de Nueva Zelanda, Jacinda Ardern, cancela su boda en medio de un brote de \u00f3micron"},"content":{"rendered":"\n<p>Por Carolina Alonso Romei <\/p>\n\n\n\n<p>Internacionalista <\/p>\n\n\n\n<p>Nuevas restricciones se introducir\u00e1n en el pa\u00eds luego de que se confirmaran nueve casos de la variante \u00f3micron<\/p>\n\n\n\n<p><strong>La primera ministra de Nueva Zelanda, Jacinda Ardern, decidi\u00f3 cancelar su boda luego de anunciar nuevas restricciones contra la covid-19 en el pa\u00eds insular.<\/strong><\/p>\n\n\n\n<p>Tras un brote de la variante \u00f3micron, todo Nueva Zelanda \u2014que ha registrado un total de 15.104 casos y 52 muertes\u2014 quedar\u00e1&nbsp;<strong>bajo el nivel m\u00e1s alto de restricciones<\/strong>&nbsp;contra el coronavirus.<\/p>\n\n\n\n<p>Entre otras cosas, se limitar\u00e1 la asistencia a los eventos a un m\u00e1ximo de 100 personas vacunadas y se introducir\u00e1 nuevamente el uso de mascarillas en tiendas y en el transporte p\u00fablico.<\/p>\n\n\n\n<p>Las nuevas medidas entrar\u00e1n en vigencia en la medianoche de este domingo, hora local.<\/p>\n\n\n\n<p>Ardern confirm\u00f3 a los periodistas este domingo que su boda con el presentador de televisi\u00f3n\u00a0<strong>Clarke Gayford\u00a0<\/strong>no se llevar\u00e1 a cabo.<\/p>\n\n\n\n<figure class=\"wp-block-image\"><img decoding=\"async\" src=\"https:\/\/www.informador.mx\/export\/sites\/elinformador\/img\/2022\/01\/23\/covid__la_primera_mini_x6315873x.jpg_1150884414.jpg\" alt=\"\" title=\"\"\/><figcaption>El presentador de televisi\u00f3n Clarke Gayford y la primera ministra de Nueva Zelanda, Jacinda Ardern. GETTY IMAGES&nbsp;<\/figcaption><\/figure>\n\n\n\n<p>&#8220;Mi boda no tendr\u00e1 lugar&#8221;, dijo.<\/p>\n\n\n\n<p>&#8220;No soy diferente a miles de otros neozelandeses que han sufrido&nbsp;<strong>impactos mucho m\u00e1s devastadores por la pandemia<\/strong>, el m\u00e1s devastador es el no poder estar con un ser querido cuando est\u00e1 gravemente enfermo&#8221;, agreg\u00f3.<\/p>\n\n\n\n<p>&#8220;Eso superar\u00e1 con creces cualquier tristeza que yo experimente&#8221;.<\/p>\n\n\n\n<h3 class=\"wp-block-heading\">Casos \u00f3micron<\/h3>\n\n\n\n<p>Nueva Zelanda decidi\u00f3 imponer nuevas restricciones luego de que se confirmaran&nbsp;<strong>9 casos de la variante \u00f3micron.<\/strong><\/p>\n\n\n\n<p>Una familia que hab\u00eda asistido a una boda en Auckland, en el norte del pa\u00eds, dio positivo despu\u00e9s de regresar a su hogar en el sur.<\/p>\n\n\n\n<p>Una azafata tambi\u00e9n contrajo el virus.<\/p>\n\n\n\n<p>Las autoridades se\u00f1alaron que se espera que&nbsp;<strong>el nivel de transmisi\u00f3n comunitaria del grupo sea alto.<\/strong><\/p>\n\n\n\n<figure class=\"wp-block-image\"><img decoding=\"async\" src=\"https:\/\/www.informador.mx\/export\/sites\/elinformador\/img\/2022\/01\/23\/covid__la_primera_mini_x6315874x.jpg_1150884414.jpg\" alt=\"\" title=\"\"\/><figcaption>M\u00e1s de un 90% de la poblaci\u00f3n en Nueva Zelanda ha recibido dos d\u00f3sis de vacuna contra la covid-19. GETTY IMAGES&nbsp;<\/figcaption><\/figure>\n\n\n\n<p>El pa\u00eds liderado por Ardern ha operado bajo estrictas medidas desde el comienzo de la pandemia, lo que le ha permitido mantener las muertes al m\u00ednimo.<\/p>\n\n\n\n<p>Fue, de hecho, uno de los primeros pa\u00edses del mundo en&nbsp;<strong>cerrar sus fronteras.<\/strong><\/p>\n\n\n\n<p>Pero desde la aparici\u00f3n de&nbsp;<strong>la variante Delta<\/strong>, la primera ministra pas\u00f3 de una estrategia de eliminaci\u00f3n total de la covid-19 a impulsar tasas de vacunaci\u00f3n m\u00e1s altas y tratar el virus como end\u00e9mico.<\/p>\n\n\n\n<p>Se cree que&nbsp;<strong>alrededor del 94% de la poblaci\u00f3n del pa\u00eds mayor de 12 a\u00f1os est\u00e1 completamente vacunada<\/strong>&nbsp;y el 56% de las personas elegibles han recibido sus dosis de refuerzo.<\/p>\n\n\n\n<p>El a\u00f1o pasado, el pa\u00eds insular anunci\u00f3 planes para reabrir sus fronteras por etapas. Los viajeros extranjeros ser\u00e1n el \u00faltimo grupo en poder ingresar al pa\u00eds, a partir del 30 de abril.<\/p>\n\n\n\n<p>Con Informaci\u00f3n de BBC News Mundo<\/p>\n","protected":false},"excerpt":{"rendered":"<p>Por Carolina Alonso Romei Internacionalista Nuevas restricciones se introducir\u00e1n en el pa\u00eds luego de que&#8230;<\/p>\n","protected":false},"author":2,"featured_media":88816,"comment_status":"open","ping_status":"open","sticky":false,"template":"","format":"standard","meta":{"_monsterinsights_skip_tracking":false,"_monsterinsights_sitenote_active":false,"_monsterinsights_sitenote_note":"","_monsterinsights_sitenote_category":0,"footnotes":""},"categories":[1],"tags":[],"class_list":["post-88815","post","type-post","status-publish","format-standard","has-post-thumbnail","hentry","category-sin-categoria"],"yoast_head":"<!-- This site is optimized with the Yoast SEO plugin v27.3 - https:\/\/yoast.com\/product\/yoast-seo-wordpress\/ -->\n<title>Internacionales\/\/\/Carolina Alonso Romei\/\/\/la primera ministra de Nueva Zelanda, Jacinda Ardern, cancela su boda en medio de un brote de \u00f3micron -<\/title>\n<meta name=\"robots\" content=\"index, follow, max-snippet:-1, max-image-preview:large, max-video-preview:-1\" \/>\n<link rel=\"canonical\" href=\"https:\/\/quehacerpolitico.mx\/?p=88815\" \/>\n<meta property=\"og:locale\" content=\"es_MX\" \/>\n<meta property=\"og:type\" content=\"article\" \/>\n<meta property=\"og:title\" content=\"Internacionales\/\/\/Carolina Alonso Romei\/\/\/la primera ministra de Nueva Zelanda, Jacinda Ardern, cancela su boda en medio de un brote de \u00f3micron -\" \/>\n<meta property=\"og:description\" content=\"Por Carolina Alonso Romei Internacionalista Nuevas restricciones se introducir\u00e1n en el pa\u00eds luego de que...\" \/>\n<meta property=\"og:url\" content=\"https:\/\/quehacerpolitico.mx\/?p=88815\" \/>\n<meta property=\"article:published_time\" content=\"2022-01-23T19:10:19+00:00\" \/>\n<meta property=\"article:modified_time\" content=\"2022-01-23T19:10:22+00:00\" \/>\n<meta property=\"og:image\" content=\"https:\/\/quehacerpolitico.mx\/wp-content\/uploads\/2022\/01\/59E7BC14-0E58-4CC5-8E4E-387B525BB066.jpeg\" \/>\n\t<meta property=\"og:image:width\" content=\"741\" \/>\n\t<meta property=\"og:image:height\" content=\"414\" \/>\n\t<meta property=\"og:image:type\" content=\"image\/jpeg\" \/>\n<meta name=\"author\" content=\"Redacci\u00f3n QP\" \/>\n<meta name=\"twitter:card\" content=\"summary_large_image\" \/>\n<meta name=\"twitter:label1\" content=\"Escrito por\" \/>\n\t<meta name=\"twitter:data1\" content=\"Redacci\u00f3n QP\" \/>\n\t<meta name=\"twitter:label2\" content=\"Tiempo de lectura\" \/>\n\t<meta name=\"twitter:data2\" content=\"2 minutos\" \/>\n<script type=\"application\/ld+json\" class=\"yoast-schema-graph\">{\"@context\":\"https:\\\/\\\/schema.org\",\"@graph\":[{\"@type\":\"Article\",\"@id\":\"https:\\\/\\\/quehacerpolitico.mx\\\/?p=88815#article\",\"isPartOf\":{\"@id\":\"https:\\\/\\\/quehacerpolitico.mx\\\/?p=88815\"},\"author\":{\"name\":\"Redacci\u00f3n QP\",\"@id\":\"https:\\\/\\\/quehacerpolitico.mx\\\/#\\\/schema\\\/person\\\/496d8ad2d1d3f8036101dca7ee39e585\"},\"headline\":\"Internacionales\\\/\\\/\\\/Carolina Alonso Romei\\\/\\\/\\\/la primera ministra de Nueva Zelanda, Jacinda Ardern, cancela su boda en medio de un brote de \u00f3micron\",\"datePublished\":\"2022-01-23T19:10:19+00:00\",\"dateModified\":\"2022-01-23T19:10:22+00:00\",\"mainEntityOfPage\":{\"@id\":\"https:\\\/\\\/quehacerpolitico.mx\\\/?p=88815\"},\"wordCount\":505,\"commentCount\":0,\"image\":{\"@id\":\"https:\\\/\\\/quehacerpolitico.mx\\\/?p=88815#primaryimage\"},\"thumbnailUrl\":\"https:\\\/\\\/quehacerpolitico.mx\\\/wp-content\\\/uploads\\\/2022\\\/01\\\/59E7BC14-0E58-4CC5-8E4E-387B525BB066.jpeg\",\"articleSection\":[\"Internacionales\"],\"inLanguage\":\"es\",\"potentialAction\":[{\"@type\":\"CommentAction\",\"name\":\"Comment\",\"target\":[\"https:\\\/\\\/quehacerpolitico.mx\\\/?p=88815#respond\"]}]},{\"@type\":\"WebPage\",\"@id\":\"https:\\\/\\\/quehacerpolitico.mx\\\/?p=88815\",\"url\":\"https:\\\/\\\/quehacerpolitico.mx\\\/?p=88815\",\"name\":\"Internacionales\\\/\\\/\\\/Carolina Alonso Romei\\\/\\\/\\\/la primera ministra de Nueva Zelanda, Jacinda Ardern, cancela su boda en medio de un brote de \u00f3micron -\",\"isPartOf\":{\"@id\":\"https:\\\/\\\/quehacerpolitico.mx\\\/#website\"},\"primaryImageOfPage\":{\"@id\":\"https:\\\/\\\/quehacerpolitico.mx\\\/?p=88815#primaryimage\"},\"image\":{\"@id\":\"https:\\\/\\\/quehacerpolitico.mx\\\/?p=88815#primaryimage\"},\"thumbnailUrl\":\"https:\\\/\\\/quehacerpolitico.mx\\\/wp-content\\\/uploads\\\/2022\\\/01\\\/59E7BC14-0E58-4CC5-8E4E-387B525BB066.jpeg\",\"datePublished\":\"2022-01-23T19:10:19+00:00\",\"dateModified\":\"2022-01-23T19:10:22+00:00\",\"author\":{\"@id\":\"https:\\\/\\\/quehacerpolitico.mx\\\/#\\\/schema\\\/person\\\/496d8ad2d1d3f8036101dca7ee39e585\"},\"breadcrumb\":{\"@id\":\"https:\\\/\\\/quehacerpolitico.mx\\\/?p=88815#breadcrumb\"},\"inLanguage\":\"es\",\"potentialAction\":[{\"@type\":\"ReadAction\",\"target\":[\"https:\\\/\\\/quehacerpolitico.mx\\\/?p=88815\"]}]},{\"@type\":\"ImageObject\",\"inLanguage\":\"es\",\"@id\":\"https:\\\/\\\/quehacerpolitico.mx\\\/?p=88815#primaryimage\",\"url\":\"https:\\\/\\\/quehacerpolitico.mx\\\/wp-content\\\/uploads\\\/2022\\\/01\\\/59E7BC14-0E58-4CC5-8E4E-387B525BB066.jpeg\",\"contentUrl\":\"https:\\\/\\\/quehacerpolitico.mx\\\/wp-content\\\/uploads\\\/2022\\\/01\\\/59E7BC14-0E58-4CC5-8E4E-387B525BB066.jpeg\",\"width\":741,\"height\":414},{\"@type\":\"BreadcrumbList\",\"@id\":\"https:\\\/\\\/quehacerpolitico.mx\\\/?p=88815#breadcrumb\",\"itemListElement\":[{\"@type\":\"ListItem\",\"position\":1,\"name\":\"Inicio\",\"item\":\"https:\\\/\\\/quehacerpolitico.mx\\\/\"},{\"@type\":\"ListItem\",\"position\":2,\"name\":\"Internacionales\\\/\\\/\\\/Carolina Alonso Romei\\\/\\\/\\\/la primera ministra de Nueva Zelanda, Jacinda Ardern, cancela su boda en medio de un brote de \u00f3micron\"}]},{\"@type\":\"WebSite\",\"@id\":\"https:\\\/\\\/quehacerpolitico.mx\\\/#website\",\"url\":\"https:\\\/\\\/quehacerpolitico.mx\\\/\",\"name\":\"\",\"description\":\"\",\"potentialAction\":[{\"@type\":\"SearchAction\",\"target\":{\"@type\":\"EntryPoint\",\"urlTemplate\":\"https:\\\/\\\/quehacerpolitico.mx\\\/?s={search_term_string}\"},\"query-input\":{\"@type\":\"PropertyValueSpecification\",\"valueRequired\":true,\"valueName\":\"search_term_string\"}}],\"inLanguage\":\"es\"},{\"@type\":\"Person\",\"@id\":\"https:\\\/\\\/quehacerpolitico.mx\\\/#\\\/schema\\\/person\\\/496d8ad2d1d3f8036101dca7ee39e585\",\"name\":\"Redacci\u00f3n QP\",\"image\":{\"@type\":\"ImageObject\",\"inLanguage\":\"es\",\"@id\":\"https:\\\/\\\/secure.gravatar.com\\\/avatar\\\/c7164ed6fdec453195284ad24a5ae5b6e1eed2b848477fa2a4787ba9adf39a41?s=96&d=mm&r=g\",\"url\":\"https:\\\/\\\/secure.gravatar.com\\\/avatar\\\/c7164ed6fdec453195284ad24a5ae5b6e1eed2b848477fa2a4787ba9adf39a41?s=96&d=mm&r=g\",\"contentUrl\":\"https:\\\/\\\/secure.gravatar.com\\\/avatar\\\/c7164ed6fdec453195284ad24a5ae5b6e1eed2b848477fa2a4787ba9adf39a41?s=96&d=mm&r=g\",\"caption\":\"Redacci\u00f3n QP\"},\"url\":\"https:\\\/\\\/quehacerpolitico.mx\\\/?author=2\"}]}<\/script>\n<!-- \/ Yoast SEO plugin. -->","yoast_head_json":{"title":"Internacionales\/\/\/Carolina Alonso Romei\/\/\/la primera ministra de Nueva Zelanda, Jacinda Ardern, cancela su boda en medio de un brote de \u00f3micron -","robots":{"index":"index","follow":"follow","max-snippet":"max-snippet:-1","max-image-preview":"max-image-preview:large","max-video-preview":"max-video-preview:-1"},"canonical":"https:\/\/quehacerpolitico.mx\/?p=88815","og_locale":"es_MX","og_type":"article","og_title":"Internacionales\/\/\/Carolina Alonso Romei\/\/\/la primera ministra de Nueva Zelanda, Jacinda Ardern, cancela su boda en medio de un brote de \u00f3micron -","og_description":"Por Carolina Alonso Romei Internacionalista Nuevas restricciones se introducir\u00e1n en el pa\u00eds luego de que...","og_url":"https:\/\/quehacerpolitico.mx\/?p=88815","article_published_time":"2022-01-23T19:10:19+00:00","article_modified_time":"2022-01-23T19:10:22+00:00","og_image":[{"width":741,"height":414,"url":"https:\/\/quehacerpolitico.mx\/wp-content\/uploads\/2022\/01\/59E7BC14-0E58-4CC5-8E4E-387B525BB066.jpeg","type":"image\/jpeg"}],"author":"Redacci\u00f3n QP","twitter_card":"summary_large_image","twitter_misc":{"Escrito por":"Redacci\u00f3n QP","Tiempo de lectura":"2 minutos"},"schema":{"@context":"https:\/\/schema.org","@graph":[{"@type":"Article","@id":"https:\/\/quehacerpolitico.mx\/?p=88815#article","isPartOf":{"@id":"https:\/\/quehacerpolitico.mx\/?p=88815"},"author":{"name":"Redacci\u00f3n QP","@id":"https:\/\/quehacerpolitico.mx\/#\/schema\/person\/496d8ad2d1d3f8036101dca7ee39e585"},"headline":"Internacionales\/\/\/Carolina Alonso Romei\/\/\/la primera ministra de Nueva Zelanda, Jacinda Ardern, cancela su boda en medio de un brote de \u00f3micron","datePublished":"2022-01-23T19:10:19+00:00","dateModified":"2022-01-23T19:10:22+00:00","mainEntityOfPage":{"@id":"https:\/\/quehacerpolitico.mx\/?p=88815"},"wordCount":505,"commentCount":0,"image":{"@id":"https:\/\/quehacerpolitico.mx\/?p=88815#primaryimage"},"thumbnailUrl":"https:\/\/quehacerpolitico.mx\/wp-content\/uploads\/2022\/01\/59E7BC14-0E58-4CC5-8E4E-387B525BB066.jpeg","articleSection":["Internacionales"],"inLanguage":"es","potentialAction":[{"@type":"CommentAction","name":"Comment","target":["https:\/\/quehacerpolitico.mx\/?p=88815#respond"]}]},{"@type":"WebPage","@id":"https:\/\/quehacerpolitico.mx\/?p=88815","url":"https:\/\/quehacerpolitico.mx\/?p=88815","name":"Internacionales\/\/\/Carolina Alonso Romei\/\/\/la primera ministra de Nueva Zelanda, Jacinda Ardern, cancela su boda en medio de un brote de \u00f3micron -","isPartOf":{"@id":"https:\/\/quehacerpolitico.mx\/#website"},"primaryImageOfPage":{"@id":"https:\/\/quehacerpolitico.mx\/?p=88815#primaryimage"},"image":{"@id":"https:\/\/quehacerpolitico.mx\/?p=88815#primaryimage"},"thumbnailUrl":"https:\/\/quehacerpolitico.mx\/wp-content\/uploads\/2022\/01\/59E7BC14-0E58-4CC5-8E4E-387B525BB066.jpeg","datePublished":"2022-01-23T19:10:19+00:00","dateModified":"2022-01-23T19:10:22+00:00","author":{"@id":"https:\/\/quehacerpolitico.mx\/#\/schema\/person\/496d8ad2d1d3f8036101dca7ee39e585"},"breadcrumb":{"@id":"https:\/\/quehacerpolitico.mx\/?p=88815#breadcrumb"},"inLanguage":"es","potentialAction":[{"@type":"ReadAction","target":["https:\/\/quehacerpolitico.mx\/?p=88815"]}]},{"@type":"ImageObject","inLanguage":"es","@id":"https:\/\/quehacerpolitico.mx\/?p=88815#primaryimage","url":"https:\/\/quehacerpolitico.mx\/wp-content\/uploads\/2022\/01\/59E7BC14-0E58-4CC5-8E4E-387B525BB066.jpeg","contentUrl":"https:\/\/quehacerpolitico.mx\/wp-content\/uploads\/2022\/01\/59E7BC14-0E58-4CC5-8E4E-387B525BB066.jpeg","width":741,"height":414},{"@type":"BreadcrumbList","@id":"https:\/\/quehacerpolitico.mx\/?p=88815#breadcrumb","itemListElement":[{"@type":"ListItem","position":1,"name":"Inicio","item":"https:\/\/quehacerpolitico.mx\/"},{"@type":"ListItem","position":2,"name":"Internacionales\/\/\/Carolina Alonso Romei\/\/\/la primera ministra de Nueva Zelanda, Jacinda Ardern, cancela su boda en medio de un brote de \u00f3micron"}]},{"@type":"WebSite","@id":"https:\/\/quehacerpolitico.mx\/#website","url":"https:\/\/quehacerpolitico.mx\/","name":"","description":"","potentialAction":[{"@type":"SearchAction","target":{"@type":"EntryPoint","urlTemplate":"https:\/\/quehacerpolitico.mx\/?s={search_term_string}"},"query-input":{"@type":"PropertyValueSpecification","valueRequired":true,"valueName":"search_term_string"}}],"inLanguage":"es"},{"@type":"Person","@id":"https:\/\/quehacerpolitico.mx\/#\/schema\/person\/496d8ad2d1d3f8036101dca7ee39e585","name":"Redacci\u00f3n QP","image":{"@type":"ImageObject","inLanguage":"es","@id":"https:\/\/secure.gravatar.com\/avatar\/c7164ed6fdec453195284ad24a5ae5b6e1eed2b848477fa2a4787ba9adf39a41?s=96&d=mm&r=g","url":"https:\/\/secure.gravatar.com\/avatar\/c7164ed6fdec453195284ad24a5ae5b6e1eed2b848477fa2a4787ba9adf39a41?s=96&d=mm&r=g","contentUrl":"https:\/\/secure.gravatar.com\/avatar\/c7164ed6fdec453195284ad24a5ae5b6e1eed2b848477fa2a4787ba9adf39a41?s=96&d=mm&r=g","caption":"Redacci\u00f3n QP"},"url":"https:\/\/quehacerpolitico.mx\/?author=2"}]}},"featured_image_urls":{"full":["https:\/\/quehacerpolitico.mx\/wp-content\/uploads\/2022\/01\/59E7BC14-0E58-4CC5-8E4E-387B525BB066.jpeg",741,414,false],"thumbnail":["https:\/\/quehacerpolitico.mx\/wp-content\/uploads\/2022\/01\/59E7BC14-0E58-4CC5-8E4E-387B525BB066-150x150.jpeg",150,150,true],"medium":["https:\/\/quehacerpolitico.mx\/wp-content\/uploads\/2022\/01\/59E7BC14-0E58-4CC5-8E4E-387B525BB066-300x168.jpeg",300,168,true],"medium_large":["https:\/\/quehacerpolitico.mx\/wp-content\/uploads\/2022\/01\/59E7BC14-0E58-4CC5-8E4E-387B525BB066.jpeg",640,358,false],"large":["https:\/\/quehacerpolitico.mx\/wp-content\/uploads\/2022\/01\/59E7BC14-0E58-4CC5-8E4E-387B525BB066.jpeg",640,358,false],"1536x1536":["https:\/\/quehacerpolitico.mx\/wp-content\/uploads\/2022\/01\/59E7BC14-0E58-4CC5-8E4E-387B525BB066.jpeg",741,414,false],"2048x2048":["https:\/\/quehacerpolitico.mx\/wp-content\/uploads\/2022\/01\/59E7BC14-0E58-4CC5-8E4E-387B525BB066.jpeg",741,414,false],"covernews-featured":["https:\/\/quehacerpolitico.mx\/wp-content\/uploads\/2022\/01\/59E7BC14-0E58-4CC5-8E4E-387B525BB066.jpeg",741,414,false],"covernews-medium":["https:\/\/quehacerpolitico.mx\/wp-content\/uploads\/2022\/01\/59E7BC14-0E58-4CC5-8E4E-387B525BB066.jpeg",540,302,false]},"author_info":{"display_name":"Redacci\u00f3n QP","author_link":"https:\/\/quehacerpolitico.mx\/?author=2"},"category_info":"<a href=\"https:\/\/quehacerpolitico.mx\/?cat=1\" rel=\"category\">Internacionales<\/a>","tag_info":"Internacionales","comment_count":"0","_links":{"self":[{"href":"https:\/\/quehacerpolitico.mx\/index.php?rest_route=\/wp\/v2\/posts\/88815","targetHints":{"allow":["GET"]}}],"collection":[{"href":"https:\/\/quehacerpolitico.mx\/index.php?rest_route=\/wp\/v2\/posts"}],"about":[{"href":"https:\/\/quehacerpolitico.mx\/index.php?rest_route=\/wp\/v2\/types\/post"}],"author":[{"embeddable":true,"href":"https:\/\/quehacerpolitico.mx\/index.php?rest_route=\/wp\/v2\/users\/2"}],"replies":[{"embeddable":true,"href":"https:\/\/quehacerpolitico.mx\/index.php?rest_route=%2Fwp%2Fv2%2Fcomments&post=88815"}],"version-history":[{"count":1,"href":"https:\/\/quehacerpolitico.mx\/index.php?rest_route=\/wp\/v2\/posts\/88815\/revisions"}],"predecessor-version":[{"id":88817,"href":"https:\/\/quehacerpolitico.mx\/index.php?rest_route=\/wp\/v2\/posts\/88815\/revisions\/88817"}],"wp:featuredmedia":[{"embeddable":true,"href":"https:\/\/quehacerpolitico.mx\/index.php?rest_route=\/wp\/v2\/media\/88816"}],"wp:attachment":[{"href":"https:\/\/quehacerpolitico.mx\/index.php?rest_route=%2Fwp%2Fv2%2Fmedia&parent=88815"}],"wp:term":[{"taxonomy":"category","embeddable":true,"href":"https:\/\/quehacerpolitico.mx\/index.php?rest_route=%2Fwp%2Fv2%2Fcategories&post=88815"},{"taxonomy":"post_tag","embeddable":true,"href":"https:\/\/quehacerpolitico.mx\/index.php?rest_route=%2Fwp%2Fv2%2Ftags&post=88815"}],"curies":[{"name":"wp","href":"https:\/\/api.w.org\/{rel}","templated":true}]}}