{"id":88809,"date":"2022-01-23T18:22:15","date_gmt":"2022-01-23T18:22:15","guid":{"rendered":"https:\/\/quehacerpolitico.mx\/?p=88809"},"modified":"2022-01-23T18:22:17","modified_gmt":"2022-01-23T18:22:17","slug":"arnold-schwarzenegger-sufre-un-accidente-multiple-en-los-angeles-fotos","status":"publish","type":"post","link":"https:\/\/quehacerpolitico.mx\/?p=88809","title":{"rendered":"Arnold Schwarzenegger sufre un accidente m\u00faltiple en Los \u00c1ngeles (FOTOS)"},"content":{"rendered":"\n<p>Por Redacci\u00f3n QP<\/p>\n\n\n\n<p>El accidente ocurri\u00f3 en la intersecci\u00f3n entre West Sunset Boulevard y Allenford Avenue; se vieron implicados cuatro veh\u00edculos, uno de ellos el de Schwarzenegger<\/p>\n\n\n\n<p><strong>Arnold Schwarzenegger<\/strong>\u00a0\u2014actor y exgobernador de California\u2014, se vio implicado el viernes por la tarde en un accidente m\u00faltiple en la ciudad de Los \u00c1ngeles del que\u00a0<strong>sali\u00f3 ileso<\/strong>, inform\u00f3 este s\u00e1bado la Polic\u00eda.<\/p>\n\n\n\n<p>El accidente ocurri\u00f3 a las 16.35 hora local (00.35 del s\u00e1bado GMT) en la intersecci\u00f3n entre West Sunset Boulevard y Allenford Avenue de la ciudad angelina, y en \u00e9l se vieron implicados cuatro veh\u00edculos, uno de ellos el de Schwarzenegger.<\/p>\n\n\n\n<p>De acuerdo con el Departamento de Polic\u00eda de Los \u00c1ngeles,\u00a0<strong>todas las partes implicadas permanecieron en el lugar de los hechos<\/strong>\u00a0hasta que llegaron los agentes y que no se sospecha que ninguna de ellas se encontrara bajo los efectos del alcohol o de las drogas.<\/p>\n\n\n\n<figure class=\"wp-block-embed is-type-rich is-provider-twitter wp-block-embed-twitter\"><div class=\"wp-block-embed__wrapper\">\n<blockquote class=\"twitter-tweet\" data-width=\"550\" data-dnt=\"true\"><p lang=\"es\" dir=\"ltr\">Arnold Schwarzenegger sale ileso de un aparatoso accidente de tr\u00e1fico en Los \u00c1ngeles <a href=\"https:\/\/t.co\/2bvdG1Ldfh\">https:\/\/t.co\/2bvdG1Ldfh<\/a> <a href=\"https:\/\/t.co\/uwLfY8zdIy\">pic.twitter.com\/uwLfY8zdIy<\/a><\/p>&mdash; EL MUNDO (@elmundoes) <a href=\"https:\/\/twitter.com\/elmundoes\/status\/1485137729260240901?ref_src=twsrc%5Etfw\">January 23, 2022<\/a><\/blockquote><script async src=\"https:\/\/platform.twitter.com\/widgets.js\" charset=\"utf-8\"><\/script>\n<\/div><\/figure>\n\n\n\n<h2 class=\"wp-block-heading\">\u00bfCu\u00e1l es el estado de salud de Schwarzenegger?<\/h2>\n\n\n\n<p>Schwarzenegger, de 74 a\u00f1os, no sufri\u00f3 ninguna herida, pero una mujer que viajaba en otro veh\u00edculo s\u00ed tuvo que ser trasladada al hospital para que se le tratara una abrasi\u00f3n en la cabeza.<\/p>\n\n\n\n<p>En declaraciones a la revista People, un representante de Schwarzenegger confirm\u00f3 que\u00a0<strong>se encuentra en buen estado y que su \u00fanica preocupaci\u00f3n es el estado de la mujer que tuvo que ir al hospital.<\/strong><\/p>\n\n\n\n<figure class=\"wp-block-embed is-type-rich is-provider-twitter wp-block-embed-twitter\"><div class=\"wp-block-embed__wrapper\">\n<blockquote class=\"twitter-tweet\" data-width=\"550\" data-dnt=\"true\"><p lang=\"en\" dir=\"ltr\">Arnold Schwarzenegger was involved in a bad car accident, woman injured, TMZ reports <a href=\"https:\/\/t.co\/VG7jp7XB9H\">https:\/\/t.co\/VG7jp7XB9H<\/a> <a href=\"https:\/\/t.co\/EF5eP2FUQI\">pic.twitter.com\/EF5eP2FUQI<\/a><\/p>&mdash; philip lewis (@Phil_Lewis_) <a href=\"https:\/\/twitter.com\/Phil_Lewis_\/status\/1484702488775299072?ref_src=twsrc%5Etfw\">January 22, 2022<\/a><\/blockquote><script async src=\"https:\/\/platform.twitter.com\/widgets.js\" charset=\"utf-8\"><\/script>\n<\/div><\/figure>\n\n\n\n<p>El actor y exgobernador de California conduc\u00eda una GMC Yukon que se encontraba entre los cuatro veh\u00edculos implicados en el choque del viernes en la secci\u00f3n de Brentwood de Los \u00c1ngeles.<\/p>\n\n\n\n<p>El comunicado de la polic\u00eda de Los \u00c1ngeles dec\u00eda que&nbsp;<strong>no se sospecha que el alcohol o las drogas<\/strong>sean un factor en esta colisi\u00f3n, pero no mencion\u00f3 la causa del choque.<\/p>\n\n\n\n<p>Schwarzenegger no result\u00f3 herido y permaneci\u00f3 en el lugar de los hechos, dijo el s\u00e1bado el portavoz Daniel Ketchell.<\/p>\n\n\n\n<p>El protagonista de grandes \u00e9xitos de taquilla como &#8220;Conan, el b\u00e1rbaro&#8221; y la serie de pel\u00edculas de &#8220;Terminator&#8221; fue elegido gobernador de California en 2003, en representaci\u00f3n del Partido Republicano, y concluy\u00f3 su mandato en 2011.<\/p>\n\n\n\n<p>Con Informaci\u00f3n de EFE <\/p>\n","protected":false},"excerpt":{"rendered":"<p>Por Redacci\u00f3n QP El accidente ocurri\u00f3 en la intersecci\u00f3n entre West Sunset Boulevard y Allenford&#8230;<\/p>\n","protected":false},"author":2,"featured_media":88810,"comment_status":"open","ping_status":"open","sticky":false,"template":"","format":"standard","meta":{"_monsterinsights_skip_tracking":false,"_monsterinsights_sitenote_active":false,"_monsterinsights_sitenote_note":"","_monsterinsights_sitenote_category":0,"footnotes":""},"categories":[58],"tags":[],"class_list":["post-88809","post","type-post","status-publish","format-standard","has-post-thumbnail","hentry","category-cultura"],"yoast_head":"<!-- This site is optimized with the Yoast SEO plugin v27.3 - https:\/\/yoast.com\/product\/yoast-seo-wordpress\/ -->\n<title>Arnold Schwarzenegger sufre un accidente m\u00faltiple en Los \u00c1ngeles (FOTOS) -<\/title>\n<meta name=\"robots\" content=\"index, follow, max-snippet:-1, max-image-preview:large, max-video-preview:-1\" \/>\n<link rel=\"canonical\" href=\"https:\/\/quehacerpolitico.mx\/?p=88809\" \/>\n<meta property=\"og:locale\" content=\"es_MX\" \/>\n<meta property=\"og:type\" content=\"article\" \/>\n<meta property=\"og:title\" content=\"Arnold Schwarzenegger sufre un accidente m\u00faltiple en Los \u00c1ngeles (FOTOS) -\" \/>\n<meta property=\"og:description\" content=\"Por Redacci\u00f3n QP El accidente ocurri\u00f3 en la intersecci\u00f3n entre West Sunset Boulevard y Allenford...\" \/>\n<meta property=\"og:url\" content=\"https:\/\/quehacerpolitico.mx\/?p=88809\" \/>\n<meta property=\"article:published_time\" content=\"2022-01-23T18:22:15+00:00\" \/>\n<meta property=\"article:modified_time\" content=\"2022-01-23T18:22:17+00:00\" \/>\n<meta property=\"og:image\" content=\"https:\/\/quehacerpolitico.mx\/wp-content\/uploads\/2022\/01\/67941DB1-6729-4F06-BBE3-BA21660A662E.jpeg\" \/>\n\t<meta property=\"og:image:width\" content=\"1169\" \/>\n\t<meta property=\"og:image:height\" content=\"867\" \/>\n\t<meta property=\"og:image:type\" content=\"image\/jpeg\" \/>\n<meta name=\"author\" content=\"Redacci\u00f3n QP\" \/>\n<meta name=\"twitter:card\" content=\"summary_large_image\" \/>\n<meta name=\"twitter:label1\" content=\"Escrito por\" \/>\n\t<meta name=\"twitter:data1\" content=\"Redacci\u00f3n QP\" \/>\n\t<meta name=\"twitter:label2\" content=\"Tiempo de lectura\" \/>\n\t<meta name=\"twitter:data2\" content=\"2 minutos\" \/>\n<script type=\"application\/ld+json\" class=\"yoast-schema-graph\">{\"@context\":\"https:\\\/\\\/schema.org\",\"@graph\":[{\"@type\":\"Article\",\"@id\":\"https:\\\/\\\/quehacerpolitico.mx\\\/?p=88809#article\",\"isPartOf\":{\"@id\":\"https:\\\/\\\/quehacerpolitico.mx\\\/?p=88809\"},\"author\":{\"name\":\"Redacci\u00f3n QP\",\"@id\":\"https:\\\/\\\/quehacerpolitico.mx\\\/#\\\/schema\\\/person\\\/496d8ad2d1d3f8036101dca7ee39e585\"},\"headline\":\"Arnold Schwarzenegger sufre un accidente m\u00faltiple en Los \u00c1ngeles (FOTOS)\",\"datePublished\":\"2022-01-23T18:22:15+00:00\",\"dateModified\":\"2022-01-23T18:22:17+00:00\",\"mainEntityOfPage\":{\"@id\":\"https:\\\/\\\/quehacerpolitico.mx\\\/?p=88809\"},\"wordCount\":389,\"commentCount\":0,\"image\":{\"@id\":\"https:\\\/\\\/quehacerpolitico.mx\\\/?p=88809#primaryimage\"},\"thumbnailUrl\":\"https:\\\/\\\/quehacerpolitico.mx\\\/wp-content\\\/uploads\\\/2022\\\/01\\\/67941DB1-6729-4F06-BBE3-BA21660A662E.jpeg\",\"articleSection\":[\"Cultura y Entretenimiento\"],\"inLanguage\":\"es\",\"potentialAction\":[{\"@type\":\"CommentAction\",\"name\":\"Comment\",\"target\":[\"https:\\\/\\\/quehacerpolitico.mx\\\/?p=88809#respond\"]}]},{\"@type\":\"WebPage\",\"@id\":\"https:\\\/\\\/quehacerpolitico.mx\\\/?p=88809\",\"url\":\"https:\\\/\\\/quehacerpolitico.mx\\\/?p=88809\",\"name\":\"Arnold Schwarzenegger sufre un accidente m\u00faltiple en Los \u00c1ngeles (FOTOS) -\",\"isPartOf\":{\"@id\":\"https:\\\/\\\/quehacerpolitico.mx\\\/#website\"},\"primaryImageOfPage\":{\"@id\":\"https:\\\/\\\/quehacerpolitico.mx\\\/?p=88809#primaryimage\"},\"image\":{\"@id\":\"https:\\\/\\\/quehacerpolitico.mx\\\/?p=88809#primaryimage\"},\"thumbnailUrl\":\"https:\\\/\\\/quehacerpolitico.mx\\\/wp-content\\\/uploads\\\/2022\\\/01\\\/67941DB1-6729-4F06-BBE3-BA21660A662E.jpeg\",\"datePublished\":\"2022-01-23T18:22:15+00:00\",\"dateModified\":\"2022-01-23T18:22:17+00:00\",\"author\":{\"@id\":\"https:\\\/\\\/quehacerpolitico.mx\\\/#\\\/schema\\\/person\\\/496d8ad2d1d3f8036101dca7ee39e585\"},\"breadcrumb\":{\"@id\":\"https:\\\/\\\/quehacerpolitico.mx\\\/?p=88809#breadcrumb\"},\"inLanguage\":\"es\",\"potentialAction\":[{\"@type\":\"ReadAction\",\"target\":[\"https:\\\/\\\/quehacerpolitico.mx\\\/?p=88809\"]}]},{\"@type\":\"ImageObject\",\"inLanguage\":\"es\",\"@id\":\"https:\\\/\\\/quehacerpolitico.mx\\\/?p=88809#primaryimage\",\"url\":\"https:\\\/\\\/quehacerpolitico.mx\\\/wp-content\\\/uploads\\\/2022\\\/01\\\/67941DB1-6729-4F06-BBE3-BA21660A662E.jpeg\",\"contentUrl\":\"https:\\\/\\\/quehacerpolitico.mx\\\/wp-content\\\/uploads\\\/2022\\\/01\\\/67941DB1-6729-4F06-BBE3-BA21660A662E.jpeg\",\"width\":1169,\"height\":867},{\"@type\":\"BreadcrumbList\",\"@id\":\"https:\\\/\\\/quehacerpolitico.mx\\\/?p=88809#breadcrumb\",\"itemListElement\":[{\"@type\":\"ListItem\",\"position\":1,\"name\":\"Inicio\",\"item\":\"https:\\\/\\\/quehacerpolitico.mx\\\/\"},{\"@type\":\"ListItem\",\"position\":2,\"name\":\"Arnold Schwarzenegger sufre un accidente m\u00faltiple en Los \u00c1ngeles (FOTOS)\"}]},{\"@type\":\"WebSite\",\"@id\":\"https:\\\/\\\/quehacerpolitico.mx\\\/#website\",\"url\":\"https:\\\/\\\/quehacerpolitico.mx\\\/\",\"name\":\"\",\"description\":\"\",\"potentialAction\":[{\"@type\":\"SearchAction\",\"target\":{\"@type\":\"EntryPoint\",\"urlTemplate\":\"https:\\\/\\\/quehacerpolitico.mx\\\/?s={search_term_string}\"},\"query-input\":{\"@type\":\"PropertyValueSpecification\",\"valueRequired\":true,\"valueName\":\"search_term_string\"}}],\"inLanguage\":\"es\"},{\"@type\":\"Person\",\"@id\":\"https:\\\/\\\/quehacerpolitico.mx\\\/#\\\/schema\\\/person\\\/496d8ad2d1d3f8036101dca7ee39e585\",\"name\":\"Redacci\u00f3n QP\",\"image\":{\"@type\":\"ImageObject\",\"inLanguage\":\"es\",\"@id\":\"https:\\\/\\\/secure.gravatar.com\\\/avatar\\\/c7164ed6fdec453195284ad24a5ae5b6e1eed2b848477fa2a4787ba9adf39a41?s=96&d=mm&r=g\",\"url\":\"https:\\\/\\\/secure.gravatar.com\\\/avatar\\\/c7164ed6fdec453195284ad24a5ae5b6e1eed2b848477fa2a4787ba9adf39a41?s=96&d=mm&r=g\",\"contentUrl\":\"https:\\\/\\\/secure.gravatar.com\\\/avatar\\\/c7164ed6fdec453195284ad24a5ae5b6e1eed2b848477fa2a4787ba9adf39a41?s=96&d=mm&r=g\",\"caption\":\"Redacci\u00f3n QP\"},\"url\":\"https:\\\/\\\/quehacerpolitico.mx\\\/?author=2\"}]}<\/script>\n<!-- \/ Yoast SEO plugin. -->","yoast_head_json":{"title":"Arnold Schwarzenegger sufre un accidente m\u00faltiple en Los \u00c1ngeles (FOTOS) -","robots":{"index":"index","follow":"follow","max-snippet":"max-snippet:-1","max-image-preview":"max-image-preview:large","max-video-preview":"max-video-preview:-1"},"canonical":"https:\/\/quehacerpolitico.mx\/?p=88809","og_locale":"es_MX","og_type":"article","og_title":"Arnold Schwarzenegger sufre un accidente m\u00faltiple en Los \u00c1ngeles (FOTOS) -","og_description":"Por Redacci\u00f3n QP El accidente ocurri\u00f3 en la intersecci\u00f3n entre West Sunset Boulevard y Allenford...","og_url":"https:\/\/quehacerpolitico.mx\/?p=88809","article_published_time":"2022-01-23T18:22:15+00:00","article_modified_time":"2022-01-23T18:22:17+00:00","og_image":[{"width":1169,"height":867,"url":"https:\/\/quehacerpolitico.mx\/wp-content\/uploads\/2022\/01\/67941DB1-6729-4F06-BBE3-BA21660A662E.jpeg","type":"image\/jpeg"}],"author":"Redacci\u00f3n QP","twitter_card":"summary_large_image","twitter_misc":{"Escrito por":"Redacci\u00f3n QP","Tiempo de lectura":"2 minutos"},"schema":{"@context":"https:\/\/schema.org","@graph":[{"@type":"Article","@id":"https:\/\/quehacerpolitico.mx\/?p=88809#article","isPartOf":{"@id":"https:\/\/quehacerpolitico.mx\/?p=88809"},"author":{"name":"Redacci\u00f3n QP","@id":"https:\/\/quehacerpolitico.mx\/#\/schema\/person\/496d8ad2d1d3f8036101dca7ee39e585"},"headline":"Arnold Schwarzenegger sufre un accidente m\u00faltiple en Los \u00c1ngeles (FOTOS)","datePublished":"2022-01-23T18:22:15+00:00","dateModified":"2022-01-23T18:22:17+00:00","mainEntityOfPage":{"@id":"https:\/\/quehacerpolitico.mx\/?p=88809"},"wordCount":389,"commentCount":0,"image":{"@id":"https:\/\/quehacerpolitico.mx\/?p=88809#primaryimage"},"thumbnailUrl":"https:\/\/quehacerpolitico.mx\/wp-content\/uploads\/2022\/01\/67941DB1-6729-4F06-BBE3-BA21660A662E.jpeg","articleSection":["Cultura y Entretenimiento"],"inLanguage":"es","potentialAction":[{"@type":"CommentAction","name":"Comment","target":["https:\/\/quehacerpolitico.mx\/?p=88809#respond"]}]},{"@type":"WebPage","@id":"https:\/\/quehacerpolitico.mx\/?p=88809","url":"https:\/\/quehacerpolitico.mx\/?p=88809","name":"Arnold Schwarzenegger sufre un accidente m\u00faltiple en Los \u00c1ngeles (FOTOS) -","isPartOf":{"@id":"https:\/\/quehacerpolitico.mx\/#website"},"primaryImageOfPage":{"@id":"https:\/\/quehacerpolitico.mx\/?p=88809#primaryimage"},"image":{"@id":"https:\/\/quehacerpolitico.mx\/?p=88809#primaryimage"},"thumbnailUrl":"https:\/\/quehacerpolitico.mx\/wp-content\/uploads\/2022\/01\/67941DB1-6729-4F06-BBE3-BA21660A662E.jpeg","datePublished":"2022-01-23T18:22:15+00:00","dateModified":"2022-01-23T18:22:17+00:00","author":{"@id":"https:\/\/quehacerpolitico.mx\/#\/schema\/person\/496d8ad2d1d3f8036101dca7ee39e585"},"breadcrumb":{"@id":"https:\/\/quehacerpolitico.mx\/?p=88809#breadcrumb"},"inLanguage":"es","potentialAction":[{"@type":"ReadAction","target":["https:\/\/quehacerpolitico.mx\/?p=88809"]}]},{"@type":"ImageObject","inLanguage":"es","@id":"https:\/\/quehacerpolitico.mx\/?p=88809#primaryimage","url":"https:\/\/quehacerpolitico.mx\/wp-content\/uploads\/2022\/01\/67941DB1-6729-4F06-BBE3-BA21660A662E.jpeg","contentUrl":"https:\/\/quehacerpolitico.mx\/wp-content\/uploads\/2022\/01\/67941DB1-6729-4F06-BBE3-BA21660A662E.jpeg","width":1169,"height":867},{"@type":"BreadcrumbList","@id":"https:\/\/quehacerpolitico.mx\/?p=88809#breadcrumb","itemListElement":[{"@type":"ListItem","position":1,"name":"Inicio","item":"https:\/\/quehacerpolitico.mx\/"},{"@type":"ListItem","position":2,"name":"Arnold Schwarzenegger sufre un accidente m\u00faltiple en Los \u00c1ngeles (FOTOS)"}]},{"@type":"WebSite","@id":"https:\/\/quehacerpolitico.mx\/#website","url":"https:\/\/quehacerpolitico.mx\/","name":"","description":"","potentialAction":[{"@type":"SearchAction","target":{"@type":"EntryPoint","urlTemplate":"https:\/\/quehacerpolitico.mx\/?s={search_term_string}"},"query-input":{"@type":"PropertyValueSpecification","valueRequired":true,"valueName":"search_term_string"}}],"inLanguage":"es"},{"@type":"Person","@id":"https:\/\/quehacerpolitico.mx\/#\/schema\/person\/496d8ad2d1d3f8036101dca7ee39e585","name":"Redacci\u00f3n QP","image":{"@type":"ImageObject","inLanguage":"es","@id":"https:\/\/secure.gravatar.com\/avatar\/c7164ed6fdec453195284ad24a5ae5b6e1eed2b848477fa2a4787ba9adf39a41?s=96&d=mm&r=g","url":"https:\/\/secure.gravatar.com\/avatar\/c7164ed6fdec453195284ad24a5ae5b6e1eed2b848477fa2a4787ba9adf39a41?s=96&d=mm&r=g","contentUrl":"https:\/\/secure.gravatar.com\/avatar\/c7164ed6fdec453195284ad24a5ae5b6e1eed2b848477fa2a4787ba9adf39a41?s=96&d=mm&r=g","caption":"Redacci\u00f3n QP"},"url":"https:\/\/quehacerpolitico.mx\/?author=2"}]}},"featured_image_urls":{"full":["https:\/\/quehacerpolitico.mx\/wp-content\/uploads\/2022\/01\/67941DB1-6729-4F06-BBE3-BA21660A662E.jpeg",1169,867,false],"thumbnail":["https:\/\/quehacerpolitico.mx\/wp-content\/uploads\/2022\/01\/67941DB1-6729-4F06-BBE3-BA21660A662E-150x150.jpeg",150,150,true],"medium":["https:\/\/quehacerpolitico.mx\/wp-content\/uploads\/2022\/01\/67941DB1-6729-4F06-BBE3-BA21660A662E-300x222.jpeg",300,222,true],"medium_large":["https:\/\/quehacerpolitico.mx\/wp-content\/uploads\/2022\/01\/67941DB1-6729-4F06-BBE3-BA21660A662E-768x570.jpeg",640,475,true],"large":["https:\/\/quehacerpolitico.mx\/wp-content\/uploads\/2022\/01\/67941DB1-6729-4F06-BBE3-BA21660A662E-1024x759.jpeg",640,474,true],"1536x1536":["https:\/\/quehacerpolitico.mx\/wp-content\/uploads\/2022\/01\/67941DB1-6729-4F06-BBE3-BA21660A662E.jpeg",1169,867,false],"2048x2048":["https:\/\/quehacerpolitico.mx\/wp-content\/uploads\/2022\/01\/67941DB1-6729-4F06-BBE3-BA21660A662E.jpeg",1169,867,false],"covernews-featured":["https:\/\/quehacerpolitico.mx\/wp-content\/uploads\/2022\/01\/67941DB1-6729-4F06-BBE3-BA21660A662E.jpeg",1024,759,false],"covernews-medium":["https:\/\/quehacerpolitico.mx\/wp-content\/uploads\/2022\/01\/67941DB1-6729-4F06-BBE3-BA21660A662E.jpeg",458,340,false]},"author_info":{"display_name":"Redacci\u00f3n QP","author_link":"https:\/\/quehacerpolitico.mx\/?author=2"},"category_info":"<a href=\"https:\/\/quehacerpolitico.mx\/?cat=58\" rel=\"category\">Cultura y Entretenimiento<\/a>","tag_info":"Cultura y Entretenimiento","comment_count":"0","_links":{"self":[{"href":"https:\/\/quehacerpolitico.mx\/index.php?rest_route=\/wp\/v2\/posts\/88809","targetHints":{"allow":["GET"]}}],"collection":[{"href":"https:\/\/quehacerpolitico.mx\/index.php?rest_route=\/wp\/v2\/posts"}],"about":[{"href":"https:\/\/quehacerpolitico.mx\/index.php?rest_route=\/wp\/v2\/types\/post"}],"author":[{"embeddable":true,"href":"https:\/\/quehacerpolitico.mx\/index.php?rest_route=\/wp\/v2\/users\/2"}],"replies":[{"embeddable":true,"href":"https:\/\/quehacerpolitico.mx\/index.php?rest_route=%2Fwp%2Fv2%2Fcomments&post=88809"}],"version-history":[{"count":1,"href":"https:\/\/quehacerpolitico.mx\/index.php?rest_route=\/wp\/v2\/posts\/88809\/revisions"}],"predecessor-version":[{"id":88811,"href":"https:\/\/quehacerpolitico.mx\/index.php?rest_route=\/wp\/v2\/posts\/88809\/revisions\/88811"}],"wp:featuredmedia":[{"embeddable":true,"href":"https:\/\/quehacerpolitico.mx\/index.php?rest_route=\/wp\/v2\/media\/88810"}],"wp:attachment":[{"href":"https:\/\/quehacerpolitico.mx\/index.php?rest_route=%2Fwp%2Fv2%2Fmedia&parent=88809"}],"wp:term":[{"taxonomy":"category","embeddable":true,"href":"https:\/\/quehacerpolitico.mx\/index.php?rest_route=%2Fwp%2Fv2%2Fcategories&post=88809"},{"taxonomy":"post_tag","embeddable":true,"href":"https:\/\/quehacerpolitico.mx\/index.php?rest_route=%2Fwp%2Fv2%2Ftags&post=88809"}],"curies":[{"name":"wp","href":"https:\/\/api.w.org\/{rel}","templated":true}]}}