{"id":88803,"date":"2022-01-23T18:06:26","date_gmt":"2022-01-23T18:06:26","guid":{"rendered":"https:\/\/quehacerpolitico.mx\/?p=88803"},"modified":"2022-01-23T18:06:29","modified_gmt":"2022-01-23T18:06:29","slug":"inicia-investigacion-por-balacera-en-hotel-de-xcaret-quintana-roo","status":"publish","type":"post","link":"https:\/\/quehacerpolitico.mx\/?p=88803","title":{"rendered":"Inicia investigaci\u00f3n por balacera en hotel de Xcaret Quintana Roo"},"content":{"rendered":"\n<p>Por Redacci\u00f3n QP<\/p>\n\n\n\n<p>La dependencia detalla que las dos v\u00edctimas mortales ten\u00edan antecedentes criminales como tr\u00e1fico de drogas<\/p>\n\n\n\n<p>Tras la balacera registrada el pasado viernes en el hotel Xcaret en contra de tres turistas de origen canadiense, la Fiscal\u00eda General de Quintana Roo inform\u00f3 que ya inici\u00f3 con la investigaci\u00f3n por estos hechos, que provocaron la muerte de dos personas.<\/p>\n\n\n\n<figure class=\"wp-block-image size-large\"><img loading=\"lazy\" decoding=\"async\" width=\"423\" height=\"1024\" src=\"https:\/\/quehacerpolitico.mx\/wp-content\/uploads\/2022\/01\/image-98-423x1024.jpeg\" alt=\"\" class=\"wp-image-88806\" srcset=\"https:\/\/quehacerpolitico.mx\/wp-content\/uploads\/2022\/01\/image-98-423x1024.jpeg 423w, https:\/\/quehacerpolitico.mx\/wp-content\/uploads\/2022\/01\/image-98-124x300.jpeg 124w, https:\/\/quehacerpolitico.mx\/wp-content\/uploads\/2022\/01\/image-98-768x1861.jpeg 768w, https:\/\/quehacerpolitico.mx\/wp-content\/uploads\/2022\/01\/image-98-634x1536.jpeg 634w, https:\/\/quehacerpolitico.mx\/wp-content\/uploads\/2022\/01\/image-98-60x146.jpeg 60w, https:\/\/quehacerpolitico.mx\/wp-content\/uploads\/2022\/01\/image-98-21x50.jpeg 21w, https:\/\/quehacerpolitico.mx\/wp-content\/uploads\/2022\/01\/image-98-31x75.jpeg 31w, https:\/\/quehacerpolitico.mx\/wp-content\/uploads\/2022\/01\/image-98.jpeg 845w\" sizes=\"auto, (max-width: 423px) 100vw, 423px\" \/><\/figure>\n\n\n\n<p>En su informe, la Fiscal\u00eda del estado revel\u00f3 que las dos v\u00edctimas mortales ten\u00edan antecedentes criminales como tr\u00e1fico de drogas, uso falso de identidad, entre otros.\u00a0<\/p>\n\n\n\n<p>Presuntamente,\u00a0<strong>Robert Dinh, uno de los dos canadienses ejecutados en el hotel, estar\u00eda ligado Cong Dinh, l\u00edder de un grupo criminal buscado por la DEA<\/strong>, por sus presuntas actividades en lavado de millones de d\u00f3lares provenientes del narcotr\u00e1fico como l\u00edder de la mafia vietnamita.<\/p>\n\n\n\n<p>De las tres personas agredidas a balazos, uno muri\u00f3 m\u00e1s tarde cuando era trasladado en la ambulancia y el segundo ya estando en el hospital.<\/p>\n\n\n\n<figure class=\"wp-block-image size-large\"><img loading=\"lazy\" decoding=\"async\" width=\"766\" height=\"1024\" src=\"https:\/\/quehacerpolitico.mx\/wp-content\/uploads\/2022\/01\/image-97-766x1024.jpeg\" alt=\"\" class=\"wp-image-88805\" srcset=\"https:\/\/quehacerpolitico.mx\/wp-content\/uploads\/2022\/01\/image-97-766x1024.jpeg 766w, https:\/\/quehacerpolitico.mx\/wp-content\/uploads\/2022\/01\/image-97-225x300.jpeg 225w, https:\/\/quehacerpolitico.mx\/wp-content\/uploads\/2022\/01\/image-97-768x1026.jpeg 768w, https:\/\/quehacerpolitico.mx\/wp-content\/uploads\/2022\/01\/image-97-109x146.jpeg 109w, https:\/\/quehacerpolitico.mx\/wp-content\/uploads\/2022\/01\/image-97-37x50.jpeg 37w, https:\/\/quehacerpolitico.mx\/wp-content\/uploads\/2022\/01\/image-97-56x75.jpeg 56w, https:\/\/quehacerpolitico.mx\/wp-content\/uploads\/2022\/01\/image-97.jpeg 958w\" sizes=\"auto, (max-width: 766px) 100vw, 766px\" \/><\/figure>\n\n\n\n<p>El Grupo Xcaret expres\u00f3 que la presencia de un hu\u00e9sped armado dentro de uno de sus hoteles en Riviera Maya, quien abri\u00f3 fuego en contra de otras tres personas hospedadas, se trat\u00f3, al parecer, &#8220;de un evento dirigido y aislado&#8221;.<\/p>\n\n\n\n<figure class=\"wp-block-image size-large\"><img loading=\"lazy\" decoding=\"async\" width=\"650\" height=\"1024\" src=\"https:\/\/quehacerpolitico.mx\/wp-content\/uploads\/2022\/01\/image-96-650x1024.jpeg\" alt=\"\" class=\"wp-image-88804\" srcset=\"https:\/\/quehacerpolitico.mx\/wp-content\/uploads\/2022\/01\/image-96-650x1024.jpeg 650w, https:\/\/quehacerpolitico.mx\/wp-content\/uploads\/2022\/01\/image-96-190x300.jpeg 190w, https:\/\/quehacerpolitico.mx\/wp-content\/uploads\/2022\/01\/image-96-768x1211.jpeg 768w, https:\/\/quehacerpolitico.mx\/wp-content\/uploads\/2022\/01\/image-96-974x1536.jpeg 974w, https:\/\/quehacerpolitico.mx\/wp-content\/uploads\/2022\/01\/image-96-93x146.jpeg 93w, https:\/\/quehacerpolitico.mx\/wp-content\/uploads\/2022\/01\/image-96-32x50.jpeg 32w, https:\/\/quehacerpolitico.mx\/wp-content\/uploads\/2022\/01\/image-96-48x75.jpeg 48w, https:\/\/quehacerpolitico.mx\/wp-content\/uploads\/2022\/01\/image-96.jpeg 1284w\" sizes=\"auto, (max-width: 650px) 100vw, 650px\" \/><\/figure>\n\n\n\n<figure class=\"wp-block-embed is-type-video is-provider-youtube wp-block-embed-youtube wp-embed-aspect-16-9 wp-has-aspect-ratio\"><div class=\"wp-block-embed__wrapper\">\n<iframe loading=\"lazy\" title=\"Lo que sabemos de la balacera en hotel de Xcaret que dej\u00f3 dos turistas muertos\" width=\"640\" height=\"360\" src=\"https:\/\/www.youtube.com\/embed\/U7SI4K9Pviw?feature=oembed\" frameborder=\"0\" allow=\"accelerometer; autoplay; clipboard-write; encrypted-media; gyroscope; picture-in-picture; web-share\" referrerpolicy=\"strict-origin-when-cross-origin\" allowfullscreen><\/iframe>\n<\/div><\/figure>\n\n\n\n<p>Con Informaci\u00f3n de SUN <\/p>\n","protected":false},"excerpt":{"rendered":"<p>Por Redacci\u00f3n QP La dependencia detalla que las dos v\u00edctimas mortales ten\u00edan antecedentes criminales como&#8230;<\/p>\n","protected":false},"author":2,"featured_media":88807,"comment_status":"open","ping_status":"open","sticky":false,"template":"","format":"standard","meta":{"_monsterinsights_skip_tracking":false,"_monsterinsights_sitenote_active":false,"_monsterinsights_sitenote_note":"","_monsterinsights_sitenote_category":0,"footnotes":""},"categories":[2],"tags":[],"class_list":["post-88803","post","type-post","status-publish","format-standard","has-post-thumbnail","hentry","category-noticias"],"yoast_head":"<!-- This site is optimized with the Yoast SEO plugin v27.3 - https:\/\/yoast.com\/product\/yoast-seo-wordpress\/ -->\n<title>Inicia investigaci\u00f3n por balacera en hotel de Xcaret Quintana Roo -<\/title>\n<meta name=\"robots\" content=\"index, follow, max-snippet:-1, max-image-preview:large, max-video-preview:-1\" \/>\n<link rel=\"canonical\" href=\"https:\/\/quehacerpolitico.mx\/?p=88803\" \/>\n<meta property=\"og:locale\" content=\"es_MX\" \/>\n<meta property=\"og:type\" content=\"article\" \/>\n<meta property=\"og:title\" content=\"Inicia investigaci\u00f3n por balacera en hotel de Xcaret Quintana Roo -\" \/>\n<meta property=\"og:description\" content=\"Por Redacci\u00f3n QP La dependencia detalla que las dos v\u00edctimas mortales ten\u00edan antecedentes criminales como...\" \/>\n<meta property=\"og:url\" content=\"https:\/\/quehacerpolitico.mx\/?p=88803\" \/>\n<meta property=\"article:published_time\" content=\"2022-01-23T18:06:26+00:00\" \/>\n<meta property=\"article:modified_time\" content=\"2022-01-23T18:06:29+00:00\" \/>\n<meta property=\"og:image\" content=\"https:\/\/quehacerpolitico.mx\/wp-content\/uploads\/2022\/01\/5893EC3C-4849-4312-8DBD-09B186D7E989.jpeg\" \/>\n\t<meta property=\"og:image:width\" content=\"602\" \/>\n\t<meta property=\"og:image:height\" content=\"863\" \/>\n\t<meta property=\"og:image:type\" content=\"image\/jpeg\" \/>\n<meta name=\"author\" content=\"Redacci\u00f3n QP\" \/>\n<meta name=\"twitter:card\" content=\"summary_large_image\" \/>\n<meta name=\"twitter:label1\" content=\"Escrito por\" \/>\n\t<meta name=\"twitter:data1\" content=\"Redacci\u00f3n QP\" \/>\n\t<meta name=\"twitter:label2\" content=\"Tiempo de lectura\" \/>\n\t<meta name=\"twitter:data2\" content=\"1 minuto\" \/>\n<script type=\"application\/ld+json\" class=\"yoast-schema-graph\">{\"@context\":\"https:\\\/\\\/schema.org\",\"@graph\":[{\"@type\":\"Article\",\"@id\":\"https:\\\/\\\/quehacerpolitico.mx\\\/?p=88803#article\",\"isPartOf\":{\"@id\":\"https:\\\/\\\/quehacerpolitico.mx\\\/?p=88803\"},\"author\":{\"name\":\"Redacci\u00f3n QP\",\"@id\":\"https:\\\/\\\/quehacerpolitico.mx\\\/#\\\/schema\\\/person\\\/496d8ad2d1d3f8036101dca7ee39e585\"},\"headline\":\"Inicia investigaci\u00f3n por balacera en hotel de Xcaret Quintana Roo\",\"datePublished\":\"2022-01-23T18:06:26+00:00\",\"dateModified\":\"2022-01-23T18:06:29+00:00\",\"mainEntityOfPage\":{\"@id\":\"https:\\\/\\\/quehacerpolitico.mx\\\/?p=88803\"},\"wordCount\":235,\"commentCount\":0,\"image\":{\"@id\":\"https:\\\/\\\/quehacerpolitico.mx\\\/?p=88803#primaryimage\"},\"thumbnailUrl\":\"https:\\\/\\\/quehacerpolitico.mx\\\/wp-content\\\/uploads\\\/2022\\\/01\\\/5893EC3C-4849-4312-8DBD-09B186D7E989.jpeg\",\"articleSection\":[\"Noticias\"],\"inLanguage\":\"es\",\"potentialAction\":[{\"@type\":\"CommentAction\",\"name\":\"Comment\",\"target\":[\"https:\\\/\\\/quehacerpolitico.mx\\\/?p=88803#respond\"]}]},{\"@type\":\"WebPage\",\"@id\":\"https:\\\/\\\/quehacerpolitico.mx\\\/?p=88803\",\"url\":\"https:\\\/\\\/quehacerpolitico.mx\\\/?p=88803\",\"name\":\"Inicia investigaci\u00f3n por balacera en hotel de Xcaret Quintana Roo -\",\"isPartOf\":{\"@id\":\"https:\\\/\\\/quehacerpolitico.mx\\\/#website\"},\"primaryImageOfPage\":{\"@id\":\"https:\\\/\\\/quehacerpolitico.mx\\\/?p=88803#primaryimage\"},\"image\":{\"@id\":\"https:\\\/\\\/quehacerpolitico.mx\\\/?p=88803#primaryimage\"},\"thumbnailUrl\":\"https:\\\/\\\/quehacerpolitico.mx\\\/wp-content\\\/uploads\\\/2022\\\/01\\\/5893EC3C-4849-4312-8DBD-09B186D7E989.jpeg\",\"datePublished\":\"2022-01-23T18:06:26+00:00\",\"dateModified\":\"2022-01-23T18:06:29+00:00\",\"author\":{\"@id\":\"https:\\\/\\\/quehacerpolitico.mx\\\/#\\\/schema\\\/person\\\/496d8ad2d1d3f8036101dca7ee39e585\"},\"breadcrumb\":{\"@id\":\"https:\\\/\\\/quehacerpolitico.mx\\\/?p=88803#breadcrumb\"},\"inLanguage\":\"es\",\"potentialAction\":[{\"@type\":\"ReadAction\",\"target\":[\"https:\\\/\\\/quehacerpolitico.mx\\\/?p=88803\"]}]},{\"@type\":\"ImageObject\",\"inLanguage\":\"es\",\"@id\":\"https:\\\/\\\/quehacerpolitico.mx\\\/?p=88803#primaryimage\",\"url\":\"https:\\\/\\\/quehacerpolitico.mx\\\/wp-content\\\/uploads\\\/2022\\\/01\\\/5893EC3C-4849-4312-8DBD-09B186D7E989.jpeg\",\"contentUrl\":\"https:\\\/\\\/quehacerpolitico.mx\\\/wp-content\\\/uploads\\\/2022\\\/01\\\/5893EC3C-4849-4312-8DBD-09B186D7E989.jpeg\",\"width\":602,\"height\":863},{\"@type\":\"BreadcrumbList\",\"@id\":\"https:\\\/\\\/quehacerpolitico.mx\\\/?p=88803#breadcrumb\",\"itemListElement\":[{\"@type\":\"ListItem\",\"position\":1,\"name\":\"Inicio\",\"item\":\"https:\\\/\\\/quehacerpolitico.mx\\\/\"},{\"@type\":\"ListItem\",\"position\":2,\"name\":\"Inicia investigaci\u00f3n por balacera en hotel de Xcaret Quintana Roo\"}]},{\"@type\":\"WebSite\",\"@id\":\"https:\\\/\\\/quehacerpolitico.mx\\\/#website\",\"url\":\"https:\\\/\\\/quehacerpolitico.mx\\\/\",\"name\":\"\",\"description\":\"\",\"potentialAction\":[{\"@type\":\"SearchAction\",\"target\":{\"@type\":\"EntryPoint\",\"urlTemplate\":\"https:\\\/\\\/quehacerpolitico.mx\\\/?s={search_term_string}\"},\"query-input\":{\"@type\":\"PropertyValueSpecification\",\"valueRequired\":true,\"valueName\":\"search_term_string\"}}],\"inLanguage\":\"es\"},{\"@type\":\"Person\",\"@id\":\"https:\\\/\\\/quehacerpolitico.mx\\\/#\\\/schema\\\/person\\\/496d8ad2d1d3f8036101dca7ee39e585\",\"name\":\"Redacci\u00f3n QP\",\"image\":{\"@type\":\"ImageObject\",\"inLanguage\":\"es\",\"@id\":\"https:\\\/\\\/secure.gravatar.com\\\/avatar\\\/c7164ed6fdec453195284ad24a5ae5b6e1eed2b848477fa2a4787ba9adf39a41?s=96&d=mm&r=g\",\"url\":\"https:\\\/\\\/secure.gravatar.com\\\/avatar\\\/c7164ed6fdec453195284ad24a5ae5b6e1eed2b848477fa2a4787ba9adf39a41?s=96&d=mm&r=g\",\"contentUrl\":\"https:\\\/\\\/secure.gravatar.com\\\/avatar\\\/c7164ed6fdec453195284ad24a5ae5b6e1eed2b848477fa2a4787ba9adf39a41?s=96&d=mm&r=g\",\"caption\":\"Redacci\u00f3n QP\"},\"url\":\"https:\\\/\\\/quehacerpolitico.mx\\\/?author=2\"}]}<\/script>\n<!-- \/ Yoast SEO plugin. -->","yoast_head_json":{"title":"Inicia investigaci\u00f3n por balacera en hotel de Xcaret Quintana Roo -","robots":{"index":"index","follow":"follow","max-snippet":"max-snippet:-1","max-image-preview":"max-image-preview:large","max-video-preview":"max-video-preview:-1"},"canonical":"https:\/\/quehacerpolitico.mx\/?p=88803","og_locale":"es_MX","og_type":"article","og_title":"Inicia investigaci\u00f3n por balacera en hotel de Xcaret Quintana Roo -","og_description":"Por Redacci\u00f3n QP La dependencia detalla que las dos v\u00edctimas mortales ten\u00edan antecedentes criminales como...","og_url":"https:\/\/quehacerpolitico.mx\/?p=88803","article_published_time":"2022-01-23T18:06:26+00:00","article_modified_time":"2022-01-23T18:06:29+00:00","og_image":[{"width":602,"height":863,"url":"https:\/\/quehacerpolitico.mx\/wp-content\/uploads\/2022\/01\/5893EC3C-4849-4312-8DBD-09B186D7E989.jpeg","type":"image\/jpeg"}],"author":"Redacci\u00f3n QP","twitter_card":"summary_large_image","twitter_misc":{"Escrito por":"Redacci\u00f3n QP","Tiempo de lectura":"1 minuto"},"schema":{"@context":"https:\/\/schema.org","@graph":[{"@type":"Article","@id":"https:\/\/quehacerpolitico.mx\/?p=88803#article","isPartOf":{"@id":"https:\/\/quehacerpolitico.mx\/?p=88803"},"author":{"name":"Redacci\u00f3n QP","@id":"https:\/\/quehacerpolitico.mx\/#\/schema\/person\/496d8ad2d1d3f8036101dca7ee39e585"},"headline":"Inicia investigaci\u00f3n por balacera en hotel de Xcaret Quintana Roo","datePublished":"2022-01-23T18:06:26+00:00","dateModified":"2022-01-23T18:06:29+00:00","mainEntityOfPage":{"@id":"https:\/\/quehacerpolitico.mx\/?p=88803"},"wordCount":235,"commentCount":0,"image":{"@id":"https:\/\/quehacerpolitico.mx\/?p=88803#primaryimage"},"thumbnailUrl":"https:\/\/quehacerpolitico.mx\/wp-content\/uploads\/2022\/01\/5893EC3C-4849-4312-8DBD-09B186D7E989.jpeg","articleSection":["Noticias"],"inLanguage":"es","potentialAction":[{"@type":"CommentAction","name":"Comment","target":["https:\/\/quehacerpolitico.mx\/?p=88803#respond"]}]},{"@type":"WebPage","@id":"https:\/\/quehacerpolitico.mx\/?p=88803","url":"https:\/\/quehacerpolitico.mx\/?p=88803","name":"Inicia investigaci\u00f3n por balacera en hotel de Xcaret Quintana Roo -","isPartOf":{"@id":"https:\/\/quehacerpolitico.mx\/#website"},"primaryImageOfPage":{"@id":"https:\/\/quehacerpolitico.mx\/?p=88803#primaryimage"},"image":{"@id":"https:\/\/quehacerpolitico.mx\/?p=88803#primaryimage"},"thumbnailUrl":"https:\/\/quehacerpolitico.mx\/wp-content\/uploads\/2022\/01\/5893EC3C-4849-4312-8DBD-09B186D7E989.jpeg","datePublished":"2022-01-23T18:06:26+00:00","dateModified":"2022-01-23T18:06:29+00:00","author":{"@id":"https:\/\/quehacerpolitico.mx\/#\/schema\/person\/496d8ad2d1d3f8036101dca7ee39e585"},"breadcrumb":{"@id":"https:\/\/quehacerpolitico.mx\/?p=88803#breadcrumb"},"inLanguage":"es","potentialAction":[{"@type":"ReadAction","target":["https:\/\/quehacerpolitico.mx\/?p=88803"]}]},{"@type":"ImageObject","inLanguage":"es","@id":"https:\/\/quehacerpolitico.mx\/?p=88803#primaryimage","url":"https:\/\/quehacerpolitico.mx\/wp-content\/uploads\/2022\/01\/5893EC3C-4849-4312-8DBD-09B186D7E989.jpeg","contentUrl":"https:\/\/quehacerpolitico.mx\/wp-content\/uploads\/2022\/01\/5893EC3C-4849-4312-8DBD-09B186D7E989.jpeg","width":602,"height":863},{"@type":"BreadcrumbList","@id":"https:\/\/quehacerpolitico.mx\/?p=88803#breadcrumb","itemListElement":[{"@type":"ListItem","position":1,"name":"Inicio","item":"https:\/\/quehacerpolitico.mx\/"},{"@type":"ListItem","position":2,"name":"Inicia investigaci\u00f3n por balacera en hotel de Xcaret Quintana Roo"}]},{"@type":"WebSite","@id":"https:\/\/quehacerpolitico.mx\/#website","url":"https:\/\/quehacerpolitico.mx\/","name":"","description":"","potentialAction":[{"@type":"SearchAction","target":{"@type":"EntryPoint","urlTemplate":"https:\/\/quehacerpolitico.mx\/?s={search_term_string}"},"query-input":{"@type":"PropertyValueSpecification","valueRequired":true,"valueName":"search_term_string"}}],"inLanguage":"es"},{"@type":"Person","@id":"https:\/\/quehacerpolitico.mx\/#\/schema\/person\/496d8ad2d1d3f8036101dca7ee39e585","name":"Redacci\u00f3n QP","image":{"@type":"ImageObject","inLanguage":"es","@id":"https:\/\/secure.gravatar.com\/avatar\/c7164ed6fdec453195284ad24a5ae5b6e1eed2b848477fa2a4787ba9adf39a41?s=96&d=mm&r=g","url":"https:\/\/secure.gravatar.com\/avatar\/c7164ed6fdec453195284ad24a5ae5b6e1eed2b848477fa2a4787ba9adf39a41?s=96&d=mm&r=g","contentUrl":"https:\/\/secure.gravatar.com\/avatar\/c7164ed6fdec453195284ad24a5ae5b6e1eed2b848477fa2a4787ba9adf39a41?s=96&d=mm&r=g","caption":"Redacci\u00f3n QP"},"url":"https:\/\/quehacerpolitico.mx\/?author=2"}]}},"featured_image_urls":{"full":["https:\/\/quehacerpolitico.mx\/wp-content\/uploads\/2022\/01\/5893EC3C-4849-4312-8DBD-09B186D7E989.jpeg",602,863,false],"thumbnail":["https:\/\/quehacerpolitico.mx\/wp-content\/uploads\/2022\/01\/5893EC3C-4849-4312-8DBD-09B186D7E989-150x150.jpeg",150,150,true],"medium":["https:\/\/quehacerpolitico.mx\/wp-content\/uploads\/2022\/01\/5893EC3C-4849-4312-8DBD-09B186D7E989-209x300.jpeg",209,300,true],"medium_large":["https:\/\/quehacerpolitico.mx\/wp-content\/uploads\/2022\/01\/5893EC3C-4849-4312-8DBD-09B186D7E989.jpeg",602,863,false],"large":["https:\/\/quehacerpolitico.mx\/wp-content\/uploads\/2022\/01\/5893EC3C-4849-4312-8DBD-09B186D7E989.jpeg",602,863,false],"1536x1536":["https:\/\/quehacerpolitico.mx\/wp-content\/uploads\/2022\/01\/5893EC3C-4849-4312-8DBD-09B186D7E989.jpeg",602,863,false],"2048x2048":["https:\/\/quehacerpolitico.mx\/wp-content\/uploads\/2022\/01\/5893EC3C-4849-4312-8DBD-09B186D7E989.jpeg",602,863,false],"covernews-featured":["https:\/\/quehacerpolitico.mx\/wp-content\/uploads\/2022\/01\/5893EC3C-4849-4312-8DBD-09B186D7E989.jpeg",602,863,false],"covernews-medium":["https:\/\/quehacerpolitico.mx\/wp-content\/uploads\/2022\/01\/5893EC3C-4849-4312-8DBD-09B186D7E989.jpeg",237,340,false]},"author_info":{"display_name":"Redacci\u00f3n QP","author_link":"https:\/\/quehacerpolitico.mx\/?author=2"},"category_info":"<a href=\"https:\/\/quehacerpolitico.mx\/?cat=2\" rel=\"category\">Noticias<\/a>","tag_info":"Noticias","comment_count":"0","_links":{"self":[{"href":"https:\/\/quehacerpolitico.mx\/index.php?rest_route=\/wp\/v2\/posts\/88803","targetHints":{"allow":["GET"]}}],"collection":[{"href":"https:\/\/quehacerpolitico.mx\/index.php?rest_route=\/wp\/v2\/posts"}],"about":[{"href":"https:\/\/quehacerpolitico.mx\/index.php?rest_route=\/wp\/v2\/types\/post"}],"author":[{"embeddable":true,"href":"https:\/\/quehacerpolitico.mx\/index.php?rest_route=\/wp\/v2\/users\/2"}],"replies":[{"embeddable":true,"href":"https:\/\/quehacerpolitico.mx\/index.php?rest_route=%2Fwp%2Fv2%2Fcomments&post=88803"}],"version-history":[{"count":1,"href":"https:\/\/quehacerpolitico.mx\/index.php?rest_route=\/wp\/v2\/posts\/88803\/revisions"}],"predecessor-version":[{"id":88808,"href":"https:\/\/quehacerpolitico.mx\/index.php?rest_route=\/wp\/v2\/posts\/88803\/revisions\/88808"}],"wp:featuredmedia":[{"embeddable":true,"href":"https:\/\/quehacerpolitico.mx\/index.php?rest_route=\/wp\/v2\/media\/88807"}],"wp:attachment":[{"href":"https:\/\/quehacerpolitico.mx\/index.php?rest_route=%2Fwp%2Fv2%2Fmedia&parent=88803"}],"wp:term":[{"taxonomy":"category","embeddable":true,"href":"https:\/\/quehacerpolitico.mx\/index.php?rest_route=%2Fwp%2Fv2%2Fcategories&post=88803"},{"taxonomy":"post_tag","embeddable":true,"href":"https:\/\/quehacerpolitico.mx\/index.php?rest_route=%2Fwp%2Fv2%2Ftags&post=88803"}],"curies":[{"name":"wp","href":"https:\/\/api.w.org\/{rel}","templated":true}]}}