{"id":88687,"date":"2022-01-19T21:37:35","date_gmt":"2022-01-19T21:37:35","guid":{"rendered":"https:\/\/quehacerpolitico.mx\/?p=88687"},"modified":"2022-01-19T21:48:30","modified_gmt":"2022-01-19T21:48:30","slug":"tendencias-en-decoracion-de-interiores-2022","status":"publish","type":"post","link":"https:\/\/quehacerpolitico.mx\/?p=88687","title":{"rendered":"Tendencias en decoraci\u00f3n de interiores 2022"},"content":{"rendered":"\n<p>Por Redacci\u00f3n NotiExpress | La Revista del Sector Inmobiliario<\/p>\n\n\n\n<figure class=\"wp-block-image size-large\"><img loading=\"lazy\" decoding=\"async\" width=\"1024\" height=\"545\" src=\"https:\/\/quehacerpolitico.mx\/wp-content\/uploads\/2022\/01\/image-76-1024x545.jpeg\" alt=\"\" class=\"wp-image-88690\" srcset=\"https:\/\/quehacerpolitico.mx\/wp-content\/uploads\/2022\/01\/image-76-1024x545.jpeg 1024w, https:\/\/quehacerpolitico.mx\/wp-content\/uploads\/2022\/01\/image-76-300x160.jpeg 300w, https:\/\/quehacerpolitico.mx\/wp-content\/uploads\/2022\/01\/image-76-768x409.jpeg 768w, https:\/\/quehacerpolitico.mx\/wp-content\/uploads\/2022\/01\/image-76-260x138.jpeg 260w, https:\/\/quehacerpolitico.mx\/wp-content\/uploads\/2022\/01\/image-76-50x27.jpeg 50w, https:\/\/quehacerpolitico.mx\/wp-content\/uploads\/2022\/01\/image-76-141x75.jpeg 141w, https:\/\/quehacerpolitico.mx\/wp-content\/uploads\/2022\/01\/image-76-1280x683.jpeg 1280w, https:\/\/quehacerpolitico.mx\/wp-content\/uploads\/2022\/01\/image-76.jpeg 1284w\" sizes=\"auto, (max-width: 1024px) 100vw, 1024px\" \/><\/figure>\n\n\n\n<p>Tener todos los&nbsp;<strong>elementos de nuestro hogar en orden<\/strong>&nbsp;y acorde a nuestro gusto es una cuesti\u00f3n que no solo debemos ver como usuarios, sino tambi\u00e9n como d<strong>esarrolladores inmobiliarios<\/strong>&nbsp;al conocer<strong>&nbsp;colores, espacios y dise\u00f1os<\/strong>&nbsp;que se adapten a lo que las personas exigen.<\/p>\n\n\n\n<p>Las<strong>&nbsp;tendencias de decoraci\u00f3n de interiores para el 2022<\/strong> vienen cargadas de vitalidad despu\u00e9s de la pandemia por covid al querer implementar<strong>&nbsp;ideas frescas que alegren<\/strong>&nbsp;a los habitantes y adem\u00e1s&nbsp;<strong>reconforte su estad\u00eda en casa.<\/strong><\/p>\n\n\n\n<p>Acomp\u00e1\u00f1anos a conocer las<strong>&nbsp;tendencias de interiorismo m\u00e1s famosas<\/strong>&nbsp;y que seguro estar\u00e1n muy presentes durante el&nbsp;<strong>2022<\/strong>&nbsp;tanto para casas como para departamentos.<\/p>\n\n\n\n<h2 class=\"wp-block-heading\"><strong>\u00bfQu\u00e9 estar\u00e1 de moda en dise\u00f1o de interiores para el 2022?<\/strong><\/h2>\n\n\n\n<p>El&nbsp;<strong>interiorismo<\/strong>&nbsp;se ha vuelto una tendencia muy com\u00fan a partir de que las personas pasaran&nbsp;<strong>mayor tiempo en sus hogares<\/strong>&nbsp;y desarrollar\u00e1n sus tareas en el mismo sitio donde duermen, por ello es que los&nbsp;<strong>desarrolladores inmobiliarios y arquitectos<\/strong>&nbsp;han optado por conocer y adentrarse m\u00e1s a este rubro de la&nbsp;<strong>mano de profesionales<\/strong>y&nbsp;<strong>decoradores<\/strong>&nbsp;que implementen ideas renovadoras en los espacios que ofrecen.<\/p>\n\n\n\n<p>En este<strong>&nbsp;2022<\/strong>&nbsp;veremos tendencias muy relacionadas con el&nbsp;<strong>rubro de la sostenibilidad,<\/strong>&nbsp;ya que es un&nbsp;<strong>concepto que poco a poco lidera el sector<\/strong>&nbsp;por un futuro m\u00e1s renovable,&nbsp;<strong>brillante y autogestivo.<\/strong><\/p>\n\n\n\n<h3 class=\"wp-block-heading\"><strong>Colores en tendencia<\/strong><\/h3>\n\n\n\n<p>Los<strong>&nbsp;colores que advertiremos para el interior<\/strong>&nbsp;de los hogares est\u00e1n ya delimitados por&nbsp;<strong>Pantone<\/strong>&nbsp;o empresas como&nbsp;<strong>COMEX y&nbsp;Sherwin Wiliams.<\/strong><\/p>\n\n\n\n<p><strong>Pantone<\/strong>&nbsp;nos enuncia los siguientes colores:<\/p>\n\n\n\n<p><strong>Pantone 14-5713.<\/strong>&nbsp;Conectado con las aguas purificadoras,&nbsp;<em>Cascade<\/em>&nbsp;es un verde de ensue\u00f1o que refresca.<\/p>\n\n\n\n<p><strong>Pantone 16-1349.<\/strong>&nbsp;El color&nbsp;<em>Coral Rose<\/em>&nbsp;es un tono floral cuya presencia revitalizante da una sensaci\u00f3n de \u00e1nimo.<\/p>\n\n\n\n<p><strong>Pantone 18-4143<\/strong>. El vibrante color&nbsp;<em>Super Sonic<\/em>&nbsp;es electricidad en estado puro.<\/p>\n\n\n\n<p><strong>Pantone 12-0825.<\/strong>&nbsp;El brillante y alegre color&nbsp;<em>Popcorn<\/em>&nbsp;irradia calidez a todo el que lo acepta.<\/p>\n\n\n\n<p><strong>Pantone 13-2004<\/strong>. El color&nbsp;<em>Potpourri<\/em>&nbsp;es un rosa pastel ligero y despreocupado.<\/p>\n\n\n\n<div class=\"wp-block-image\"><figure class=\"aligncenter\"><img decoding=\"async\" src=\"https:\/\/fashionunited.es\/U_IEKtzSJLEu05AvF5DlBASIoZFu_m83d431zg10u48\/resize:fill:1164:0:0\/gravity:ce\/quality:70\/aHR0cHM6Ly9mYXNoaW9udW5pdGVkLmNvbS9pbWcvbWFzdGVyLzIwMjEvMDkvMTcvcGFudG9uZS1sZnctc3MyMi1jb2xvdXItdHJlbmQtcmVwb3J0LTItaHR1dXY3NGctMjAyMS0wOS0xNy5qcGVn\" alt=\"Colores COMEX\"\/><\/figure><\/div>\n\n\n\n<p>Por su parte&nbsp;<strong>Color Life Trends de Comex<\/strong>&nbsp;mostr\u00f3 una exposici\u00f3n de espacios&nbsp;<strong>arquitect\u00f3nicos y de interiorismo<\/strong>que reflejan lo que esperan para el 2022: La calma.<\/p>\n\n\n\n<p>Pasando el caos y los problemas que la&nbsp;<strong>pandemia por COVID<\/strong>&nbsp;trajo consigo, solo resta seguir de pie y continuar, por ello es que&nbsp;<strong>reconstruirse y reinventar<\/strong>&nbsp;los espacios para optimizar dichas \u00e1reas es un&nbsp;<strong>elemento clave para Comex.<\/strong><\/p>\n\n\n\n<div class=\"wp-block-image\"><figure class=\"aligncenter\"><img decoding=\"async\" src=\"https:\/\/www.lamudi.com.mx\/journal\/wp-content\/uploads\/2021\/11\/comex-1.png\" alt=\"decoraci\u00f3n de interiores\" class=\"wp-image-21449\"\/><\/figure><\/div>\n\n\n\n<p>Por su parte&nbsp;<strong>Sherwin Wiliams<\/strong>&nbsp;ya sac\u00f3 su color del a\u00f1o 2022 para interiores llamado&nbsp;<strong>Evergreen Fog<\/strong>: un tono gris verdoso refrescante que es f\u00e1cil de usar en todos los espacios, interiores o exteriores, con trazos amplios o como un acento sutil.<\/p>\n\n\n\n<p><img loading=\"lazy\" decoding=\"async\" width=\"900\" height=\"500\" src=\"https:\/\/www.swlatino.com\/wp-content\/uploads\/2021\/09\/Carousel_Diningroom.jpg\" alt=\"decoraci\u00f3n de interiores\"><\/p>\n\n\n\n<h3 class=\"wp-block-heading\"><strong>Decoraci\u00f3n nost\u00e1lgica<\/strong><\/h3>\n\n\n\n<p>Ya sea para tu estrategia de home sta gong, para adornar tu hogar o para implementarlo en tus departamentos y casas de muestra, la<strong>&nbsp;decoraci\u00f3n retro<\/strong>&nbsp;invade de nueva cuenta nuestras tendencias al ser una&nbsp;<strong>versi\u00f3n renovada y vivaz<\/strong>&nbsp;de lo que los j\u00f3venes buscan.<\/p>\n\n\n\n<p>El<strong>&nbsp;smart furniture, Polka Dots, Urban Style y Organicmaterials<\/strong>&nbsp;tambi\u00e9n son dise\u00f1os que enmarcan conceptos para implementarlos en los espacios.<\/p>\n\n\n\n<div class=\"wp-block-image\"><figure class=\"aligncenter\"><img decoding=\"async\" src=\"https:\/\/www.lamudi.com.mx\/journal\/wp-content\/uploads\/2021\/11\/decoraci%C3%B3n.jpg\" alt=\"decoraci\u00f3n de interiores\" class=\"wp-image-21450\"\/><\/figure><\/div>\n\n\n\n<h3 class=\"wp-block-heading\"><strong>Espacios m\u00e1s \u00f3ptimos<\/strong><\/h3>\n\n\n\n<p>Los<strong>&nbsp;espacios multifuncionales<\/strong>&nbsp;tambi\u00e9n estar\u00e1n destacando mucho este 2022, ya que ahora los usuarios buscan<strong>&nbsp;\u00e1reas multifuncionales sin divisiones<\/strong>&nbsp;en donde puedan movilizarse de forma m\u00e1s r\u00e1pida.<\/p>\n\n\n\n<p>Este fen\u00f3meno se desat\u00f3 a<strong>&nbsp;ra\u00edz del confinamiento<\/strong>&nbsp;en donde el trabajo remoto ocasion\u00f3 una<strong>&nbsp;nueva reconceptualizaci\u00f3n<\/strong>&nbsp;de los espacios de&nbsp;<strong>oficina vs el hogar.<\/strong><\/p>\n\n\n\n<p>Nuestros hogares dejan de ser&nbsp;<strong>dormitorios y espacios<\/strong>&nbsp;de descanso y se transforman en&nbsp;<strong>\u00e1reas de trabajo y de recreaci\u00f3n.<\/strong><\/p>\n\n\n\n<div class=\"wp-block-image\"><figure class=\"aligncenter\"><img decoding=\"async\" src=\"https:\/\/www.lamudi.com.mx\/journal\/wp-content\/uploads\/2021\/11\/loft.jpg\" alt=\"decoraci\u00f3n de interiores\" class=\"wp-image-21451\"\/><\/figure><\/div>\n\n\n\n<h3 class=\"wp-block-heading\"><strong>Naturaleza que invade&nbsp;<\/strong><\/h3>\n\n\n\n<p>El estar m\u00e1s tiempo en los hogares permiti\u00f3 que las personas quisieran tener una<strong>&nbsp;conexi\u00f3n m\u00e1s pr\u00f3xima con la naturaleza,<\/strong>&nbsp;por lo que otra de las tendencias que veremos mucho en los desarrollos inmobiliarios ser\u00e1 los<strong>balcones verdes.<\/strong><\/p>\n\n\n\n<p>Los inversionistas poco a poco comienzan a&nbsp;<strong>enfocarse m\u00e1s en crear edificios que sean sustentables<\/strong>&nbsp;y que adem\u00e1s tengan espacios verdes para la comodidad de los inquilinos.<\/p>\n\n\n\n<p>Tener m\u00e1s&nbsp;<strong>naturaleza dentro del hogar<\/strong>&nbsp;permitir\u00e1 tener espacios mucho m\u00e1s en\u00e9rgicos y que animen a la tranquilidad.<\/p>\n\n\n\n<div class=\"wp-block-image\"><figure class=\"aligncenter\"><img decoding=\"async\" src=\"https:\/\/www.lamudi.com.mx\/journal\/wp-content\/uploads\/2021\/11\/decoraci%C3%B3n-plantas.jpg\" alt=\"decoraci\u00f3n de interiores\" class=\"wp-image-21452\"\/><\/figure><\/div>\n\n\n\n<p>Para las&nbsp;<strong>tendencias en decoraci\u00f3n de interiores,<\/strong>&nbsp;los profesionales inmobiliarios que se dedican a este sector suelen estar permeados de influencias y estilos que ayudan a la inspiraci\u00f3n, por ello es que te recomendamos seguir&nbsp;<strong>nuestras actualizaciones en este rubro<\/strong>.<\/p>\n\n\n\n<p>Que no se te pase<\/p>\n\n\n\n<p>\u00c9chale una miradita a nuestra revista mensual donde encontrar\u00e1s la informaci\u00f3n precisa y oportuna con todo lo relacionado al sector inmobiliario aqu\u00ed&nbsp;?https:\/\/issuu.com\/notiexpressmx\/docs\/notiexpress_05 NotiExpress | La Revista del Sector Inmobiliario.<\/p>\n","protected":false},"excerpt":{"rendered":"<p>Por Redacci\u00f3n NotiExpress | La Revista del Sector Inmobiliario Tener todos los&nbsp;elementos de nuestro hogar&#8230;<\/p>\n","protected":false},"author":2,"featured_media":88688,"comment_status":"open","ping_status":"open","sticky":false,"template":"","format":"standard","meta":{"_monsterinsights_skip_tracking":false,"_monsterinsights_sitenote_active":false,"_monsterinsights_sitenote_note":"","_monsterinsights_sitenote_category":0,"footnotes":""},"categories":[56],"tags":[],"class_list":["post-88687","post","type-post","status-publish","format-standard","has-post-thumbnail","hentry","category-economia"],"yoast_head":"<!-- This site is optimized with the Yoast SEO plugin v27.3 - https:\/\/yoast.com\/product\/yoast-seo-wordpress\/ -->\n<title>Tendencias en decoraci\u00f3n de interiores 2022 -<\/title>\n<meta name=\"robots\" content=\"index, follow, max-snippet:-1, max-image-preview:large, max-video-preview:-1\" \/>\n<link rel=\"canonical\" href=\"https:\/\/quehacerpolitico.mx\/?p=88687\" \/>\n<meta property=\"og:locale\" content=\"es_MX\" \/>\n<meta property=\"og:type\" content=\"article\" \/>\n<meta property=\"og:title\" content=\"Tendencias en decoraci\u00f3n de interiores 2022 -\" \/>\n<meta property=\"og:description\" content=\"Por Redacci\u00f3n NotiExpress | La Revista del Sector Inmobiliario Tener todos los&nbsp;elementos de nuestro hogar...\" \/>\n<meta property=\"og:url\" content=\"https:\/\/quehacerpolitico.mx\/?p=88687\" \/>\n<meta property=\"article:published_time\" content=\"2022-01-19T21:37:35+00:00\" \/>\n<meta property=\"article:modified_time\" content=\"2022-01-19T21:48:30+00:00\" \/>\n<meta property=\"og:image\" content=\"https:\/\/quehacerpolitico.mx\/wp-content\/uploads\/2022\/01\/82C1CE21-C04D-4CBE-BFB5-77B1B6CEE18B.jpeg\" \/>\n\t<meta property=\"og:image:width\" content=\"627\" \/>\n\t<meta property=\"og:image:height\" content=\"489\" \/>\n\t<meta property=\"og:image:type\" content=\"image\/jpeg\" \/>\n<meta name=\"author\" content=\"Redacci\u00f3n QP\" \/>\n<meta name=\"twitter:card\" content=\"summary_large_image\" \/>\n<meta name=\"twitter:label1\" content=\"Escrito por\" \/>\n\t<meta name=\"twitter:data1\" content=\"Redacci\u00f3n QP\" \/>\n\t<meta name=\"twitter:label2\" content=\"Tiempo de lectura\" \/>\n\t<meta name=\"twitter:data2\" content=\"4 minutos\" \/>\n<script type=\"application\/ld+json\" class=\"yoast-schema-graph\">{\"@context\":\"https:\\\/\\\/schema.org\",\"@graph\":[{\"@type\":\"Article\",\"@id\":\"https:\\\/\\\/quehacerpolitico.mx\\\/?p=88687#article\",\"isPartOf\":{\"@id\":\"https:\\\/\\\/quehacerpolitico.mx\\\/?p=88687\"},\"author\":{\"name\":\"Redacci\u00f3n QP\",\"@id\":\"https:\\\/\\\/quehacerpolitico.mx\\\/#\\\/schema\\\/person\\\/496d8ad2d1d3f8036101dca7ee39e585\"},\"headline\":\"Tendencias en decoraci\u00f3n de interiores 2022\",\"datePublished\":\"2022-01-19T21:37:35+00:00\",\"dateModified\":\"2022-01-19T21:48:30+00:00\",\"mainEntityOfPage\":{\"@id\":\"https:\\\/\\\/quehacerpolitico.mx\\\/?p=88687\"},\"wordCount\":878,\"commentCount\":0,\"image\":{\"@id\":\"https:\\\/\\\/quehacerpolitico.mx\\\/?p=88687#primaryimage\"},\"thumbnailUrl\":\"https:\\\/\\\/quehacerpolitico.mx\\\/wp-content\\\/uploads\\\/2022\\\/01\\\/82C1CE21-C04D-4CBE-BFB5-77B1B6CEE18B.jpeg\",\"articleSection\":[\"Econom\u00eda\"],\"inLanguage\":\"es\",\"potentialAction\":[{\"@type\":\"CommentAction\",\"name\":\"Comment\",\"target\":[\"https:\\\/\\\/quehacerpolitico.mx\\\/?p=88687#respond\"]}]},{\"@type\":\"WebPage\",\"@id\":\"https:\\\/\\\/quehacerpolitico.mx\\\/?p=88687\",\"url\":\"https:\\\/\\\/quehacerpolitico.mx\\\/?p=88687\",\"name\":\"Tendencias en decoraci\u00f3n de interiores 2022 -\",\"isPartOf\":{\"@id\":\"https:\\\/\\\/quehacerpolitico.mx\\\/#website\"},\"primaryImageOfPage\":{\"@id\":\"https:\\\/\\\/quehacerpolitico.mx\\\/?p=88687#primaryimage\"},\"image\":{\"@id\":\"https:\\\/\\\/quehacerpolitico.mx\\\/?p=88687#primaryimage\"},\"thumbnailUrl\":\"https:\\\/\\\/quehacerpolitico.mx\\\/wp-content\\\/uploads\\\/2022\\\/01\\\/82C1CE21-C04D-4CBE-BFB5-77B1B6CEE18B.jpeg\",\"datePublished\":\"2022-01-19T21:37:35+00:00\",\"dateModified\":\"2022-01-19T21:48:30+00:00\",\"author\":{\"@id\":\"https:\\\/\\\/quehacerpolitico.mx\\\/#\\\/schema\\\/person\\\/496d8ad2d1d3f8036101dca7ee39e585\"},\"breadcrumb\":{\"@id\":\"https:\\\/\\\/quehacerpolitico.mx\\\/?p=88687#breadcrumb\"},\"inLanguage\":\"es\",\"potentialAction\":[{\"@type\":\"ReadAction\",\"target\":[\"https:\\\/\\\/quehacerpolitico.mx\\\/?p=88687\"]}]},{\"@type\":\"ImageObject\",\"inLanguage\":\"es\",\"@id\":\"https:\\\/\\\/quehacerpolitico.mx\\\/?p=88687#primaryimage\",\"url\":\"https:\\\/\\\/quehacerpolitico.mx\\\/wp-content\\\/uploads\\\/2022\\\/01\\\/82C1CE21-C04D-4CBE-BFB5-77B1B6CEE18B.jpeg\",\"contentUrl\":\"https:\\\/\\\/quehacerpolitico.mx\\\/wp-content\\\/uploads\\\/2022\\\/01\\\/82C1CE21-C04D-4CBE-BFB5-77B1B6CEE18B.jpeg\",\"width\":627,\"height\":489},{\"@type\":\"BreadcrumbList\",\"@id\":\"https:\\\/\\\/quehacerpolitico.mx\\\/?p=88687#breadcrumb\",\"itemListElement\":[{\"@type\":\"ListItem\",\"position\":1,\"name\":\"Inicio\",\"item\":\"https:\\\/\\\/quehacerpolitico.mx\\\/\"},{\"@type\":\"ListItem\",\"position\":2,\"name\":\"Tendencias en decoraci\u00f3n de interiores 2022\"}]},{\"@type\":\"WebSite\",\"@id\":\"https:\\\/\\\/quehacerpolitico.mx\\\/#website\",\"url\":\"https:\\\/\\\/quehacerpolitico.mx\\\/\",\"name\":\"\",\"description\":\"\",\"potentialAction\":[{\"@type\":\"SearchAction\",\"target\":{\"@type\":\"EntryPoint\",\"urlTemplate\":\"https:\\\/\\\/quehacerpolitico.mx\\\/?s={search_term_string}\"},\"query-input\":{\"@type\":\"PropertyValueSpecification\",\"valueRequired\":true,\"valueName\":\"search_term_string\"}}],\"inLanguage\":\"es\"},{\"@type\":\"Person\",\"@id\":\"https:\\\/\\\/quehacerpolitico.mx\\\/#\\\/schema\\\/person\\\/496d8ad2d1d3f8036101dca7ee39e585\",\"name\":\"Redacci\u00f3n QP\",\"image\":{\"@type\":\"ImageObject\",\"inLanguage\":\"es\",\"@id\":\"https:\\\/\\\/secure.gravatar.com\\\/avatar\\\/c7164ed6fdec453195284ad24a5ae5b6e1eed2b848477fa2a4787ba9adf39a41?s=96&d=mm&r=g\",\"url\":\"https:\\\/\\\/secure.gravatar.com\\\/avatar\\\/c7164ed6fdec453195284ad24a5ae5b6e1eed2b848477fa2a4787ba9adf39a41?s=96&d=mm&r=g\",\"contentUrl\":\"https:\\\/\\\/secure.gravatar.com\\\/avatar\\\/c7164ed6fdec453195284ad24a5ae5b6e1eed2b848477fa2a4787ba9adf39a41?s=96&d=mm&r=g\",\"caption\":\"Redacci\u00f3n QP\"},\"url\":\"https:\\\/\\\/quehacerpolitico.mx\\\/?author=2\"}]}<\/script>\n<!-- \/ Yoast SEO plugin. -->","yoast_head_json":{"title":"Tendencias en decoraci\u00f3n de interiores 2022 -","robots":{"index":"index","follow":"follow","max-snippet":"max-snippet:-1","max-image-preview":"max-image-preview:large","max-video-preview":"max-video-preview:-1"},"canonical":"https:\/\/quehacerpolitico.mx\/?p=88687","og_locale":"es_MX","og_type":"article","og_title":"Tendencias en decoraci\u00f3n de interiores 2022 -","og_description":"Por Redacci\u00f3n NotiExpress | La Revista del Sector Inmobiliario Tener todos los&nbsp;elementos de nuestro hogar...","og_url":"https:\/\/quehacerpolitico.mx\/?p=88687","article_published_time":"2022-01-19T21:37:35+00:00","article_modified_time":"2022-01-19T21:48:30+00:00","og_image":[{"width":627,"height":489,"url":"https:\/\/quehacerpolitico.mx\/wp-content\/uploads\/2022\/01\/82C1CE21-C04D-4CBE-BFB5-77B1B6CEE18B.jpeg","type":"image\/jpeg"}],"author":"Redacci\u00f3n QP","twitter_card":"summary_large_image","twitter_misc":{"Escrito por":"Redacci\u00f3n QP","Tiempo de lectura":"4 minutos"},"schema":{"@context":"https:\/\/schema.org","@graph":[{"@type":"Article","@id":"https:\/\/quehacerpolitico.mx\/?p=88687#article","isPartOf":{"@id":"https:\/\/quehacerpolitico.mx\/?p=88687"},"author":{"name":"Redacci\u00f3n QP","@id":"https:\/\/quehacerpolitico.mx\/#\/schema\/person\/496d8ad2d1d3f8036101dca7ee39e585"},"headline":"Tendencias en decoraci\u00f3n de interiores 2022","datePublished":"2022-01-19T21:37:35+00:00","dateModified":"2022-01-19T21:48:30+00:00","mainEntityOfPage":{"@id":"https:\/\/quehacerpolitico.mx\/?p=88687"},"wordCount":878,"commentCount":0,"image":{"@id":"https:\/\/quehacerpolitico.mx\/?p=88687#primaryimage"},"thumbnailUrl":"https:\/\/quehacerpolitico.mx\/wp-content\/uploads\/2022\/01\/82C1CE21-C04D-4CBE-BFB5-77B1B6CEE18B.jpeg","articleSection":["Econom\u00eda"],"inLanguage":"es","potentialAction":[{"@type":"CommentAction","name":"Comment","target":["https:\/\/quehacerpolitico.mx\/?p=88687#respond"]}]},{"@type":"WebPage","@id":"https:\/\/quehacerpolitico.mx\/?p=88687","url":"https:\/\/quehacerpolitico.mx\/?p=88687","name":"Tendencias en decoraci\u00f3n de interiores 2022 -","isPartOf":{"@id":"https:\/\/quehacerpolitico.mx\/#website"},"primaryImageOfPage":{"@id":"https:\/\/quehacerpolitico.mx\/?p=88687#primaryimage"},"image":{"@id":"https:\/\/quehacerpolitico.mx\/?p=88687#primaryimage"},"thumbnailUrl":"https:\/\/quehacerpolitico.mx\/wp-content\/uploads\/2022\/01\/82C1CE21-C04D-4CBE-BFB5-77B1B6CEE18B.jpeg","datePublished":"2022-01-19T21:37:35+00:00","dateModified":"2022-01-19T21:48:30+00:00","author":{"@id":"https:\/\/quehacerpolitico.mx\/#\/schema\/person\/496d8ad2d1d3f8036101dca7ee39e585"},"breadcrumb":{"@id":"https:\/\/quehacerpolitico.mx\/?p=88687#breadcrumb"},"inLanguage":"es","potentialAction":[{"@type":"ReadAction","target":["https:\/\/quehacerpolitico.mx\/?p=88687"]}]},{"@type":"ImageObject","inLanguage":"es","@id":"https:\/\/quehacerpolitico.mx\/?p=88687#primaryimage","url":"https:\/\/quehacerpolitico.mx\/wp-content\/uploads\/2022\/01\/82C1CE21-C04D-4CBE-BFB5-77B1B6CEE18B.jpeg","contentUrl":"https:\/\/quehacerpolitico.mx\/wp-content\/uploads\/2022\/01\/82C1CE21-C04D-4CBE-BFB5-77B1B6CEE18B.jpeg","width":627,"height":489},{"@type":"BreadcrumbList","@id":"https:\/\/quehacerpolitico.mx\/?p=88687#breadcrumb","itemListElement":[{"@type":"ListItem","position":1,"name":"Inicio","item":"https:\/\/quehacerpolitico.mx\/"},{"@type":"ListItem","position":2,"name":"Tendencias en decoraci\u00f3n de interiores 2022"}]},{"@type":"WebSite","@id":"https:\/\/quehacerpolitico.mx\/#website","url":"https:\/\/quehacerpolitico.mx\/","name":"","description":"","potentialAction":[{"@type":"SearchAction","target":{"@type":"EntryPoint","urlTemplate":"https:\/\/quehacerpolitico.mx\/?s={search_term_string}"},"query-input":{"@type":"PropertyValueSpecification","valueRequired":true,"valueName":"search_term_string"}}],"inLanguage":"es"},{"@type":"Person","@id":"https:\/\/quehacerpolitico.mx\/#\/schema\/person\/496d8ad2d1d3f8036101dca7ee39e585","name":"Redacci\u00f3n QP","image":{"@type":"ImageObject","inLanguage":"es","@id":"https:\/\/secure.gravatar.com\/avatar\/c7164ed6fdec453195284ad24a5ae5b6e1eed2b848477fa2a4787ba9adf39a41?s=96&d=mm&r=g","url":"https:\/\/secure.gravatar.com\/avatar\/c7164ed6fdec453195284ad24a5ae5b6e1eed2b848477fa2a4787ba9adf39a41?s=96&d=mm&r=g","contentUrl":"https:\/\/secure.gravatar.com\/avatar\/c7164ed6fdec453195284ad24a5ae5b6e1eed2b848477fa2a4787ba9adf39a41?s=96&d=mm&r=g","caption":"Redacci\u00f3n QP"},"url":"https:\/\/quehacerpolitico.mx\/?author=2"}]}},"featured_image_urls":{"full":["https:\/\/quehacerpolitico.mx\/wp-content\/uploads\/2022\/01\/82C1CE21-C04D-4CBE-BFB5-77B1B6CEE18B.jpeg",627,489,false],"thumbnail":["https:\/\/quehacerpolitico.mx\/wp-content\/uploads\/2022\/01\/82C1CE21-C04D-4CBE-BFB5-77B1B6CEE18B-150x150.jpeg",150,150,true],"medium":["https:\/\/quehacerpolitico.mx\/wp-content\/uploads\/2022\/01\/82C1CE21-C04D-4CBE-BFB5-77B1B6CEE18B-300x234.jpeg",300,234,true],"medium_large":["https:\/\/quehacerpolitico.mx\/wp-content\/uploads\/2022\/01\/82C1CE21-C04D-4CBE-BFB5-77B1B6CEE18B.jpeg",627,489,false],"large":["https:\/\/quehacerpolitico.mx\/wp-content\/uploads\/2022\/01\/82C1CE21-C04D-4CBE-BFB5-77B1B6CEE18B.jpeg",627,489,false],"1536x1536":["https:\/\/quehacerpolitico.mx\/wp-content\/uploads\/2022\/01\/82C1CE21-C04D-4CBE-BFB5-77B1B6CEE18B.jpeg",627,489,false],"2048x2048":["https:\/\/quehacerpolitico.mx\/wp-content\/uploads\/2022\/01\/82C1CE21-C04D-4CBE-BFB5-77B1B6CEE18B.jpeg",627,489,false],"covernews-featured":["https:\/\/quehacerpolitico.mx\/wp-content\/uploads\/2022\/01\/82C1CE21-C04D-4CBE-BFB5-77B1B6CEE18B.jpeg",627,489,false],"covernews-medium":["https:\/\/quehacerpolitico.mx\/wp-content\/uploads\/2022\/01\/82C1CE21-C04D-4CBE-BFB5-77B1B6CEE18B.jpeg",436,340,false]},"author_info":{"display_name":"Redacci\u00f3n QP","author_link":"https:\/\/quehacerpolitico.mx\/?author=2"},"category_info":"<a href=\"https:\/\/quehacerpolitico.mx\/?cat=56\" rel=\"category\">Econom\u00eda<\/a>","tag_info":"Econom\u00eda","comment_count":"0","_links":{"self":[{"href":"https:\/\/quehacerpolitico.mx\/index.php?rest_route=\/wp\/v2\/posts\/88687","targetHints":{"allow":["GET"]}}],"collection":[{"href":"https:\/\/quehacerpolitico.mx\/index.php?rest_route=\/wp\/v2\/posts"}],"about":[{"href":"https:\/\/quehacerpolitico.mx\/index.php?rest_route=\/wp\/v2\/types\/post"}],"author":[{"embeddable":true,"href":"https:\/\/quehacerpolitico.mx\/index.php?rest_route=\/wp\/v2\/users\/2"}],"replies":[{"embeddable":true,"href":"https:\/\/quehacerpolitico.mx\/index.php?rest_route=%2Fwp%2Fv2%2Fcomments&post=88687"}],"version-history":[{"count":2,"href":"https:\/\/quehacerpolitico.mx\/index.php?rest_route=\/wp\/v2\/posts\/88687\/revisions"}],"predecessor-version":[{"id":88691,"href":"https:\/\/quehacerpolitico.mx\/index.php?rest_route=\/wp\/v2\/posts\/88687\/revisions\/88691"}],"wp:featuredmedia":[{"embeddable":true,"href":"https:\/\/quehacerpolitico.mx\/index.php?rest_route=\/wp\/v2\/media\/88688"}],"wp:attachment":[{"href":"https:\/\/quehacerpolitico.mx\/index.php?rest_route=%2Fwp%2Fv2%2Fmedia&parent=88687"}],"wp:term":[{"taxonomy":"category","embeddable":true,"href":"https:\/\/quehacerpolitico.mx\/index.php?rest_route=%2Fwp%2Fv2%2Fcategories&post=88687"},{"taxonomy":"post_tag","embeddable":true,"href":"https:\/\/quehacerpolitico.mx\/index.php?rest_route=%2Fwp%2Fv2%2Ftags&post=88687"}],"curies":[{"name":"wp","href":"https:\/\/api.w.org\/{rel}","templated":true}]}}