{"id":88684,"date":"2022-01-19T21:20:42","date_gmt":"2022-01-19T21:20:42","guid":{"rendered":"https:\/\/quehacerpolitico.mx\/?p=88684"},"modified":"2022-01-19T21:20:46","modified_gmt":"2022-01-19T21:20:46","slug":"amlo-pide-no-hacer-politiqueria-por-samuel-garcia-y-el-bebe-adoptado-con-mariana-rodriguez","status":"publish","type":"post","link":"https:\/\/quehacerpolitico.mx\/?p=88684","title":{"rendered":"AMLO pide no hacer &#8220;politiquer\u00eda&#8221; por Samuel Garc\u00eda y el beb\u00e9 adoptado con Mariana Rodr\u00edguez"},"content":{"rendered":"\n<p>Por Redacci\u00f3n QP<\/p>\n\n\n\n<p>AMLO pide\u00a0que cada quien haga su juicio sobre este asunto que ha encendido las redes sociales<\/p>\n\n\n\n<p>El pol\u00e9mico caso de la &#8220;adopci\u00f3n&#8221; moment\u00e1nea de un menor bajo custodia del DIF de Nuevo Le\u00f3n por el gobernador\u00a0Samuel Garc\u00eda y su esponsa, la &#8220;influencer&#8221; Mariana Rodr\u00edguez, se mencion\u00f3 durante\u00a0la conferencia \u201cma\u00f1anera\u201d del Presidente\u00a0Andres Manuel L\u00f3pez Obrador\u00a0(AMLO) este mi\u00e9rcoles.<\/p>\n\n\n\n<p>Y aunque instancias del Gobierno federal est\u00e1n investigando el caso, seg\u00fan se reconoci\u00f3 ayer, hoy\u00a0<strong>AMLO\u00a0dijo que &#8220;no debe haber politiquer\u00eda&#8221;, anticip\u00f3 &#8220;nosotros no nos vamos a pelear&#8221;<\/strong>\u00a0y pidi\u00f3 que cada quien haga su juicio sobre este asunto que ha encendido las redes sociales.<\/p>\n\n\n\n<figure class=\"wp-block-embed is-type-rich is-provider-twitter wp-block-embed-twitter\"><div class=\"wp-block-embed__wrapper\">\n<blockquote class=\"twitter-tweet\" data-width=\"550\" data-dnt=\"true\"><p lang=\"es\" dir=\"ltr\">Aunque cosifiquen a ni\u00f1os en Nuevo Le\u00f3n, el presidente <a href=\"https:\/\/twitter.com\/lopezobrador_?ref_src=twsrc%5Etfw\">@lopezobrador_<\/a> no se va a meter.<br><br>&quot;Que cada quien haga su juicio&quot; y a\u00f1adi\u00f3 que lo de Mariana Rodr\u00edguez y Samuel Garc\u00eda tiene que ver con los ciudadanos. <a href=\"https:\/\/t.co\/v1rcARuKei\">pic.twitter.com\/v1rcARuKei<\/a><\/p>&mdash; Ruido en la Red (@RuidoEnLaRed) <a href=\"https:\/\/twitter.com\/RuidoEnLaRed\/status\/1483816806955560963?ref_src=twsrc%5Etfw\">January 19, 2022<\/a><\/blockquote><script async src=\"https:\/\/platform.twitter.com\/widgets.js\" charset=\"utf-8\"><\/script>\n<\/div><\/figure>\n\n\n\n<p>El pasado fin de semana\u00a0el gobernador y su esposa llevaron a su casa a un beb\u00e9, gracias a un &#8220;permiso de convivencia&#8221; por dos d\u00edas que les otorg\u00f3 el DIF estatal, situaci\u00f3n que ya gener\u00f3 la intervenci\u00f3n y cuestionamientos por parte de diversas instituciones y dependencias que procuran la protecci\u00f3n de los derechos de la ni\u00f1ez o los derechos humanos en general tanto del estado como de nivel nacional.<\/p>\n\n\n\n<p>El propio gobernador y su esposa quien es, coordinadora de la unidad administrativa Amar a Nuevo Le\u00f3n, compartieron en redes sociales videos donde expusieron im\u00e1genes del ni\u00f1o, dieron a conocer datos personales, y violaron su derecho a la intimidad, estando el infante bajo custodia del centro de atenci\u00f3n a la familia denominado Capullos, dependiente del DIF estatal.<\/p>\n\n\n\n<h2 class=\"wp-block-heading\">Save the Children alerta que pudo haber delito de trata en &#8220;adopci\u00f3n&#8221; de beb\u00e9<\/h2>\n\n\n\n<p>La ONG Save the Children denunci\u00f3 posibles delitos y violaciones a los derechos de un ni\u00f1o por parte del gobernador de Nuevo Le\u00f3n, Samuel Garc\u00eda, y su esposa, Mariana Rodr\u00edguez, al sacar por un fin de semana al menor de un DIF.<\/p>\n\n\n\n<p><strong>&#8220;El pasado 15 de enero, Samuel Garc\u00eda, Gobernador de Nuevo Le\u00f3n y su esposa Mariana Rodr\u00edguez, titular del DIF estatal, solicitaron un permiso de convivencia familiar por un fin de semana con un beb\u00e9 del Sistema Estatal DIF, sin tener ning\u00fan v\u00ednculo con \u00e9l&#8221;<\/strong>.<\/p>\n\n\n\n<p><strong>&#8220;El ni\u00f1o qued\u00f3 expuesto y fue v\u00edctima de diversas violaciones a sus derechos como: &#8211; Derecho a la vida privada &#8211; Derecho a la identidad &#8211; Derechos relacionados con la aplicaci\u00f3n del inter\u00e9s superior establecido en la Constituci\u00f3n&#8221;<\/strong>.<\/p>\n\n\n\n<p>Y sigue:<\/p>\n\n\n\n<p>&#8220;Puede haberse cometido inclusive el delito de trata de personas por usar su imagen con fines pol\u00edticos y mercantiles en las comunicaciones de sus redes sociales&#8221;, pues Rodr\u00edguez subi\u00f3 fotograf\u00edas del peque\u00f1o.<\/p>\n\n\n\n<p>Seg\u00fan la ONG, &#8220;Legalmente, el caso debe investigarse, con la participaci\u00f3n de las autoridades federales, dada la concurrencia que existe en materia de derechos de las ni\u00f1as, ni\u00f1os y adolescentes. Hacemos un llamado al gobierno y a la sociedad en M\u00e9xico a cuestionarnos c\u00f3mo tratamos a ni\u00f1as y ni\u00f1os: \u00bfEstamos pensando en qu\u00e9 es lo mejor para ellas y ellos o perjudic\u00e1ndoles y violando sus derechos m\u00e1s fundamentales?&#8221;.<\/p>\n\n\n\n<p>Y finaliza:<\/p>\n\n\n\n<p><strong>&#8220;\u00bfQu\u00e9 buscaba una acci\u00f3n como esta? \u00bfEs esto lo que necesita un ni\u00f1o? \u00bfSer expuesto en redes sociales y medios de comunicaci\u00f3n? \u00bfPor qu\u00e9 pensamos que est\u00e1 bien?&#8221;<\/strong>.<\/p>\n","protected":false},"excerpt":{"rendered":"<p>Por Redacci\u00f3n QP AMLO pide\u00a0que cada quien haga su juicio sobre este asunto que ha&#8230;<\/p>\n","protected":false},"author":2,"featured_media":88685,"comment_status":"open","ping_status":"open","sticky":false,"template":"","format":"standard","meta":{"_monsterinsights_skip_tracking":false,"_monsterinsights_sitenote_active":false,"_monsterinsights_sitenote_note":"","_monsterinsights_sitenote_category":0,"footnotes":""},"categories":[2],"tags":[],"class_list":["post-88684","post","type-post","status-publish","format-standard","has-post-thumbnail","hentry","category-noticias"],"yoast_head":"<!-- This site is optimized with the Yoast SEO plugin v27.3 - https:\/\/yoast.com\/product\/yoast-seo-wordpress\/ -->\n<title>AMLO pide no hacer &quot;politiquer\u00eda&quot; por Samuel Garc\u00eda y el beb\u00e9 adoptado con Mariana Rodr\u00edguez -<\/title>\n<meta name=\"robots\" content=\"index, follow, max-snippet:-1, max-image-preview:large, max-video-preview:-1\" \/>\n<link rel=\"canonical\" href=\"https:\/\/quehacerpolitico.mx\/?p=88684\" \/>\n<meta property=\"og:locale\" content=\"es_MX\" \/>\n<meta property=\"og:type\" content=\"article\" \/>\n<meta property=\"og:title\" content=\"AMLO pide no hacer &quot;politiquer\u00eda&quot; por Samuel Garc\u00eda y el beb\u00e9 adoptado con Mariana Rodr\u00edguez -\" \/>\n<meta property=\"og:description\" content=\"Por Redacci\u00f3n QP AMLO pide\u00a0que cada quien haga su juicio sobre este asunto que ha...\" \/>\n<meta property=\"og:url\" content=\"https:\/\/quehacerpolitico.mx\/?p=88684\" \/>\n<meta property=\"article:published_time\" content=\"2022-01-19T21:20:42+00:00\" \/>\n<meta property=\"article:modified_time\" content=\"2022-01-19T21:20:46+00:00\" \/>\n<meta property=\"og:image\" content=\"https:\/\/quehacerpolitico.mx\/wp-content\/uploads\/2022\/01\/C1C4356B-033D-4F58-AAA9-65D0704F65AA.jpeg\" \/>\n\t<meta property=\"og:image:width\" content=\"1284\" \/>\n\t<meta property=\"og:image:height\" content=\"696\" \/>\n\t<meta property=\"og:image:type\" content=\"image\/jpeg\" \/>\n<meta name=\"author\" content=\"Redacci\u00f3n QP\" \/>\n<meta name=\"twitter:card\" content=\"summary_large_image\" \/>\n<meta name=\"twitter:label1\" content=\"Escrito por\" \/>\n\t<meta name=\"twitter:data1\" content=\"Redacci\u00f3n QP\" \/>\n\t<meta name=\"twitter:label2\" content=\"Tiempo de lectura\" \/>\n\t<meta name=\"twitter:data2\" content=\"3 minutos\" \/>\n<script type=\"application\/ld+json\" class=\"yoast-schema-graph\">{\"@context\":\"https:\\\/\\\/schema.org\",\"@graph\":[{\"@type\":\"Article\",\"@id\":\"https:\\\/\\\/quehacerpolitico.mx\\\/?p=88684#article\",\"isPartOf\":{\"@id\":\"https:\\\/\\\/quehacerpolitico.mx\\\/?p=88684\"},\"author\":{\"name\":\"Redacci\u00f3n QP\",\"@id\":\"https:\\\/\\\/quehacerpolitico.mx\\\/#\\\/schema\\\/person\\\/496d8ad2d1d3f8036101dca7ee39e585\"},\"headline\":\"AMLO pide no hacer &#8220;politiquer\u00eda&#8221; por Samuel Garc\u00eda y el beb\u00e9 adoptado con Mariana Rodr\u00edguez\",\"datePublished\":\"2022-01-19T21:20:42+00:00\",\"dateModified\":\"2022-01-19T21:20:46+00:00\",\"mainEntityOfPage\":{\"@id\":\"https:\\\/\\\/quehacerpolitico.mx\\\/?p=88684\"},\"wordCount\":584,\"commentCount\":0,\"image\":{\"@id\":\"https:\\\/\\\/quehacerpolitico.mx\\\/?p=88684#primaryimage\"},\"thumbnailUrl\":\"https:\\\/\\\/quehacerpolitico.mx\\\/wp-content\\\/uploads\\\/2022\\\/01\\\/C1C4356B-033D-4F58-AAA9-65D0704F65AA.jpeg\",\"articleSection\":[\"Noticias\"],\"inLanguage\":\"es\",\"potentialAction\":[{\"@type\":\"CommentAction\",\"name\":\"Comment\",\"target\":[\"https:\\\/\\\/quehacerpolitico.mx\\\/?p=88684#respond\"]}]},{\"@type\":\"WebPage\",\"@id\":\"https:\\\/\\\/quehacerpolitico.mx\\\/?p=88684\",\"url\":\"https:\\\/\\\/quehacerpolitico.mx\\\/?p=88684\",\"name\":\"AMLO pide no hacer \\\"politiquer\u00eda\\\" por Samuel Garc\u00eda y el beb\u00e9 adoptado con Mariana Rodr\u00edguez -\",\"isPartOf\":{\"@id\":\"https:\\\/\\\/quehacerpolitico.mx\\\/#website\"},\"primaryImageOfPage\":{\"@id\":\"https:\\\/\\\/quehacerpolitico.mx\\\/?p=88684#primaryimage\"},\"image\":{\"@id\":\"https:\\\/\\\/quehacerpolitico.mx\\\/?p=88684#primaryimage\"},\"thumbnailUrl\":\"https:\\\/\\\/quehacerpolitico.mx\\\/wp-content\\\/uploads\\\/2022\\\/01\\\/C1C4356B-033D-4F58-AAA9-65D0704F65AA.jpeg\",\"datePublished\":\"2022-01-19T21:20:42+00:00\",\"dateModified\":\"2022-01-19T21:20:46+00:00\",\"author\":{\"@id\":\"https:\\\/\\\/quehacerpolitico.mx\\\/#\\\/schema\\\/person\\\/496d8ad2d1d3f8036101dca7ee39e585\"},\"breadcrumb\":{\"@id\":\"https:\\\/\\\/quehacerpolitico.mx\\\/?p=88684#breadcrumb\"},\"inLanguage\":\"es\",\"potentialAction\":[{\"@type\":\"ReadAction\",\"target\":[\"https:\\\/\\\/quehacerpolitico.mx\\\/?p=88684\"]}]},{\"@type\":\"ImageObject\",\"inLanguage\":\"es\",\"@id\":\"https:\\\/\\\/quehacerpolitico.mx\\\/?p=88684#primaryimage\",\"url\":\"https:\\\/\\\/quehacerpolitico.mx\\\/wp-content\\\/uploads\\\/2022\\\/01\\\/C1C4356B-033D-4F58-AAA9-65D0704F65AA.jpeg\",\"contentUrl\":\"https:\\\/\\\/quehacerpolitico.mx\\\/wp-content\\\/uploads\\\/2022\\\/01\\\/C1C4356B-033D-4F58-AAA9-65D0704F65AA.jpeg\",\"width\":1284,\"height\":696},{\"@type\":\"BreadcrumbList\",\"@id\":\"https:\\\/\\\/quehacerpolitico.mx\\\/?p=88684#breadcrumb\",\"itemListElement\":[{\"@type\":\"ListItem\",\"position\":1,\"name\":\"Inicio\",\"item\":\"https:\\\/\\\/quehacerpolitico.mx\\\/\"},{\"@type\":\"ListItem\",\"position\":2,\"name\":\"AMLO pide no hacer &#8220;politiquer\u00eda&#8221; por Samuel Garc\u00eda y el beb\u00e9 adoptado con Mariana Rodr\u00edguez\"}]},{\"@type\":\"WebSite\",\"@id\":\"https:\\\/\\\/quehacerpolitico.mx\\\/#website\",\"url\":\"https:\\\/\\\/quehacerpolitico.mx\\\/\",\"name\":\"\",\"description\":\"\",\"potentialAction\":[{\"@type\":\"SearchAction\",\"target\":{\"@type\":\"EntryPoint\",\"urlTemplate\":\"https:\\\/\\\/quehacerpolitico.mx\\\/?s={search_term_string}\"},\"query-input\":{\"@type\":\"PropertyValueSpecification\",\"valueRequired\":true,\"valueName\":\"search_term_string\"}}],\"inLanguage\":\"es\"},{\"@type\":\"Person\",\"@id\":\"https:\\\/\\\/quehacerpolitico.mx\\\/#\\\/schema\\\/person\\\/496d8ad2d1d3f8036101dca7ee39e585\",\"name\":\"Redacci\u00f3n QP\",\"image\":{\"@type\":\"ImageObject\",\"inLanguage\":\"es\",\"@id\":\"https:\\\/\\\/secure.gravatar.com\\\/avatar\\\/c7164ed6fdec453195284ad24a5ae5b6e1eed2b848477fa2a4787ba9adf39a41?s=96&d=mm&r=g\",\"url\":\"https:\\\/\\\/secure.gravatar.com\\\/avatar\\\/c7164ed6fdec453195284ad24a5ae5b6e1eed2b848477fa2a4787ba9adf39a41?s=96&d=mm&r=g\",\"contentUrl\":\"https:\\\/\\\/secure.gravatar.com\\\/avatar\\\/c7164ed6fdec453195284ad24a5ae5b6e1eed2b848477fa2a4787ba9adf39a41?s=96&d=mm&r=g\",\"caption\":\"Redacci\u00f3n QP\"},\"url\":\"https:\\\/\\\/quehacerpolitico.mx\\\/?author=2\"}]}<\/script>\n<!-- \/ Yoast SEO plugin. -->","yoast_head_json":{"title":"AMLO pide no hacer \"politiquer\u00eda\" por Samuel Garc\u00eda y el beb\u00e9 adoptado con Mariana Rodr\u00edguez -","robots":{"index":"index","follow":"follow","max-snippet":"max-snippet:-1","max-image-preview":"max-image-preview:large","max-video-preview":"max-video-preview:-1"},"canonical":"https:\/\/quehacerpolitico.mx\/?p=88684","og_locale":"es_MX","og_type":"article","og_title":"AMLO pide no hacer \"politiquer\u00eda\" por Samuel Garc\u00eda y el beb\u00e9 adoptado con Mariana Rodr\u00edguez -","og_description":"Por Redacci\u00f3n QP AMLO pide\u00a0que cada quien haga su juicio sobre este asunto que ha...","og_url":"https:\/\/quehacerpolitico.mx\/?p=88684","article_published_time":"2022-01-19T21:20:42+00:00","article_modified_time":"2022-01-19T21:20:46+00:00","og_image":[{"width":1284,"height":696,"url":"https:\/\/quehacerpolitico.mx\/wp-content\/uploads\/2022\/01\/C1C4356B-033D-4F58-AAA9-65D0704F65AA.jpeg","type":"image\/jpeg"}],"author":"Redacci\u00f3n QP","twitter_card":"summary_large_image","twitter_misc":{"Escrito por":"Redacci\u00f3n QP","Tiempo de lectura":"3 minutos"},"schema":{"@context":"https:\/\/schema.org","@graph":[{"@type":"Article","@id":"https:\/\/quehacerpolitico.mx\/?p=88684#article","isPartOf":{"@id":"https:\/\/quehacerpolitico.mx\/?p=88684"},"author":{"name":"Redacci\u00f3n QP","@id":"https:\/\/quehacerpolitico.mx\/#\/schema\/person\/496d8ad2d1d3f8036101dca7ee39e585"},"headline":"AMLO pide no hacer &#8220;politiquer\u00eda&#8221; por Samuel Garc\u00eda y el beb\u00e9 adoptado con Mariana Rodr\u00edguez","datePublished":"2022-01-19T21:20:42+00:00","dateModified":"2022-01-19T21:20:46+00:00","mainEntityOfPage":{"@id":"https:\/\/quehacerpolitico.mx\/?p=88684"},"wordCount":584,"commentCount":0,"image":{"@id":"https:\/\/quehacerpolitico.mx\/?p=88684#primaryimage"},"thumbnailUrl":"https:\/\/quehacerpolitico.mx\/wp-content\/uploads\/2022\/01\/C1C4356B-033D-4F58-AAA9-65D0704F65AA.jpeg","articleSection":["Noticias"],"inLanguage":"es","potentialAction":[{"@type":"CommentAction","name":"Comment","target":["https:\/\/quehacerpolitico.mx\/?p=88684#respond"]}]},{"@type":"WebPage","@id":"https:\/\/quehacerpolitico.mx\/?p=88684","url":"https:\/\/quehacerpolitico.mx\/?p=88684","name":"AMLO pide no hacer \"politiquer\u00eda\" por Samuel Garc\u00eda y el beb\u00e9 adoptado con Mariana Rodr\u00edguez -","isPartOf":{"@id":"https:\/\/quehacerpolitico.mx\/#website"},"primaryImageOfPage":{"@id":"https:\/\/quehacerpolitico.mx\/?p=88684#primaryimage"},"image":{"@id":"https:\/\/quehacerpolitico.mx\/?p=88684#primaryimage"},"thumbnailUrl":"https:\/\/quehacerpolitico.mx\/wp-content\/uploads\/2022\/01\/C1C4356B-033D-4F58-AAA9-65D0704F65AA.jpeg","datePublished":"2022-01-19T21:20:42+00:00","dateModified":"2022-01-19T21:20:46+00:00","author":{"@id":"https:\/\/quehacerpolitico.mx\/#\/schema\/person\/496d8ad2d1d3f8036101dca7ee39e585"},"breadcrumb":{"@id":"https:\/\/quehacerpolitico.mx\/?p=88684#breadcrumb"},"inLanguage":"es","potentialAction":[{"@type":"ReadAction","target":["https:\/\/quehacerpolitico.mx\/?p=88684"]}]},{"@type":"ImageObject","inLanguage":"es","@id":"https:\/\/quehacerpolitico.mx\/?p=88684#primaryimage","url":"https:\/\/quehacerpolitico.mx\/wp-content\/uploads\/2022\/01\/C1C4356B-033D-4F58-AAA9-65D0704F65AA.jpeg","contentUrl":"https:\/\/quehacerpolitico.mx\/wp-content\/uploads\/2022\/01\/C1C4356B-033D-4F58-AAA9-65D0704F65AA.jpeg","width":1284,"height":696},{"@type":"BreadcrumbList","@id":"https:\/\/quehacerpolitico.mx\/?p=88684#breadcrumb","itemListElement":[{"@type":"ListItem","position":1,"name":"Inicio","item":"https:\/\/quehacerpolitico.mx\/"},{"@type":"ListItem","position":2,"name":"AMLO pide no hacer &#8220;politiquer\u00eda&#8221; por Samuel Garc\u00eda y el beb\u00e9 adoptado con Mariana Rodr\u00edguez"}]},{"@type":"WebSite","@id":"https:\/\/quehacerpolitico.mx\/#website","url":"https:\/\/quehacerpolitico.mx\/","name":"","description":"","potentialAction":[{"@type":"SearchAction","target":{"@type":"EntryPoint","urlTemplate":"https:\/\/quehacerpolitico.mx\/?s={search_term_string}"},"query-input":{"@type":"PropertyValueSpecification","valueRequired":true,"valueName":"search_term_string"}}],"inLanguage":"es"},{"@type":"Person","@id":"https:\/\/quehacerpolitico.mx\/#\/schema\/person\/496d8ad2d1d3f8036101dca7ee39e585","name":"Redacci\u00f3n QP","image":{"@type":"ImageObject","inLanguage":"es","@id":"https:\/\/secure.gravatar.com\/avatar\/c7164ed6fdec453195284ad24a5ae5b6e1eed2b848477fa2a4787ba9adf39a41?s=96&d=mm&r=g","url":"https:\/\/secure.gravatar.com\/avatar\/c7164ed6fdec453195284ad24a5ae5b6e1eed2b848477fa2a4787ba9adf39a41?s=96&d=mm&r=g","contentUrl":"https:\/\/secure.gravatar.com\/avatar\/c7164ed6fdec453195284ad24a5ae5b6e1eed2b848477fa2a4787ba9adf39a41?s=96&d=mm&r=g","caption":"Redacci\u00f3n QP"},"url":"https:\/\/quehacerpolitico.mx\/?author=2"}]}},"featured_image_urls":{"full":["https:\/\/quehacerpolitico.mx\/wp-content\/uploads\/2022\/01\/C1C4356B-033D-4F58-AAA9-65D0704F65AA.jpeg",1284,696,false],"thumbnail":["https:\/\/quehacerpolitico.mx\/wp-content\/uploads\/2022\/01\/C1C4356B-033D-4F58-AAA9-65D0704F65AA-150x150.jpeg",150,150,true],"medium":["https:\/\/quehacerpolitico.mx\/wp-content\/uploads\/2022\/01\/C1C4356B-033D-4F58-AAA9-65D0704F65AA-300x163.jpeg",300,163,true],"medium_large":["https:\/\/quehacerpolitico.mx\/wp-content\/uploads\/2022\/01\/C1C4356B-033D-4F58-AAA9-65D0704F65AA-768x416.jpeg",640,347,true],"large":["https:\/\/quehacerpolitico.mx\/wp-content\/uploads\/2022\/01\/C1C4356B-033D-4F58-AAA9-65D0704F65AA-1024x555.jpeg",640,347,true],"1536x1536":["https:\/\/quehacerpolitico.mx\/wp-content\/uploads\/2022\/01\/C1C4356B-033D-4F58-AAA9-65D0704F65AA.jpeg",1284,696,false],"2048x2048":["https:\/\/quehacerpolitico.mx\/wp-content\/uploads\/2022\/01\/C1C4356B-033D-4F58-AAA9-65D0704F65AA.jpeg",1284,696,false],"covernews-featured":["https:\/\/quehacerpolitico.mx\/wp-content\/uploads\/2022\/01\/C1C4356B-033D-4F58-AAA9-65D0704F65AA.jpeg",1024,555,false],"covernews-medium":["https:\/\/quehacerpolitico.mx\/wp-content\/uploads\/2022\/01\/C1C4356B-033D-4F58-AAA9-65D0704F65AA.jpeg",540,293,false]},"author_info":{"display_name":"Redacci\u00f3n QP","author_link":"https:\/\/quehacerpolitico.mx\/?author=2"},"category_info":"<a href=\"https:\/\/quehacerpolitico.mx\/?cat=2\" rel=\"category\">Noticias<\/a>","tag_info":"Noticias","comment_count":"0","_links":{"self":[{"href":"https:\/\/quehacerpolitico.mx\/index.php?rest_route=\/wp\/v2\/posts\/88684","targetHints":{"allow":["GET"]}}],"collection":[{"href":"https:\/\/quehacerpolitico.mx\/index.php?rest_route=\/wp\/v2\/posts"}],"about":[{"href":"https:\/\/quehacerpolitico.mx\/index.php?rest_route=\/wp\/v2\/types\/post"}],"author":[{"embeddable":true,"href":"https:\/\/quehacerpolitico.mx\/index.php?rest_route=\/wp\/v2\/users\/2"}],"replies":[{"embeddable":true,"href":"https:\/\/quehacerpolitico.mx\/index.php?rest_route=%2Fwp%2Fv2%2Fcomments&post=88684"}],"version-history":[{"count":1,"href":"https:\/\/quehacerpolitico.mx\/index.php?rest_route=\/wp\/v2\/posts\/88684\/revisions"}],"predecessor-version":[{"id":88686,"href":"https:\/\/quehacerpolitico.mx\/index.php?rest_route=\/wp\/v2\/posts\/88684\/revisions\/88686"}],"wp:featuredmedia":[{"embeddable":true,"href":"https:\/\/quehacerpolitico.mx\/index.php?rest_route=\/wp\/v2\/media\/88685"}],"wp:attachment":[{"href":"https:\/\/quehacerpolitico.mx\/index.php?rest_route=%2Fwp%2Fv2%2Fmedia&parent=88684"}],"wp:term":[{"taxonomy":"category","embeddable":true,"href":"https:\/\/quehacerpolitico.mx\/index.php?rest_route=%2Fwp%2Fv2%2Fcategories&post=88684"},{"taxonomy":"post_tag","embeddable":true,"href":"https:\/\/quehacerpolitico.mx\/index.php?rest_route=%2Fwp%2Fv2%2Ftags&post=88684"}],"curies":[{"name":"wp","href":"https:\/\/api.w.org\/{rel}","templated":true}]}}