{"id":88681,"date":"2022-01-19T19:18:23","date_gmt":"2022-01-19T19:18:23","guid":{"rendered":"https:\/\/quehacerpolitico.mx\/?p=88681"},"modified":"2022-01-19T19:18:26","modified_gmt":"2022-01-19T19:18:26","slug":"amlo-sobre-denuncias-a-pedro-salmeron-no-se-puede-juzgar-si-no-hay-pruebas","status":"publish","type":"post","link":"https:\/\/quehacerpolitico.mx\/?p=88681","title":{"rendered":"AMLO sobre denuncias a Pedro Salmer\u00f3n: &#8220;No se puede juzgar si no hay pruebas&#8221;"},"content":{"rendered":"\n<p>Por Redacci\u00f3n QP<\/p>\n\n\n\n<p>El Presidente L\u00f3pez Obrador\u00a0llama a presentar denuncias en contra del historiador Pedro Salmer\u00f3n<\/p>\n\n\n\n<p>El presidente Andr\u00e9s Manuel L\u00f3pez Obrador (AMLO) retom\u00f3 el tema de las\u00a0denuncias en contra del historiador Pedro Salmer\u00f3n, propuesto por \u00e9l como nuevo embajador de M\u00e9xico en Panam\u00e1, al se\u00f1alar esta ma\u00f1ana de mi\u00e9rcoles que se deben presentar denuncias contra \u00e9l, porque de lo contrario las acusaciones sobre el\u00a0presunto acoso sexual que ejerci\u00f3 sobre mujeres es una campa\u00f1a con intereses pol\u00edticos.\u00a0<\/p>\n\n\n\n<blockquote class=\"wp-block-quote is-layout-flow wp-block-quote-is-layout-flow\"><p>&#8220;No se puede juzgar a nadie si no hay un proceso de acuerdo a la ley, si no hay pruebas&#8221;<\/p><\/blockquote>\n\n\n\n<p>AMLO se\u00f1al\u00f3, durante su\u00a0conferencia \u201cma\u00f1anera\u201d que no hay que trascender la denuncia p\u00fablica al mencionar:<\/p>\n\n\n\n<p><strong>&#8220;Hay condiciones para denunciar judicialmente a quien comete un abuso o un il\u00edcito, todos tenemos que ayudar, porque si no son campa\u00f1as que se pueden echar a andar y no se actuar\u00eda con justicia&#8221;<\/strong>.<\/p>\n\n\n\n<figure class=\"wp-block-embed is-type-rich is-provider-twitter wp-block-embed-twitter\"><div class=\"wp-block-embed__wrapper\">\n<blockquote class=\"twitter-tweet\" data-width=\"550\" data-dnt=\"true\"><p lang=\"es\" dir=\"ltr\">\u00bfLas denuncias de acoso sexual contra Pedro Salmer\u00f3n son con fines pol\u00edticos? <br><br>Pues esto es lo que dice <a href=\"https:\/\/twitter.com\/lopezobrador_?ref_src=twsrc%5Etfw\">@lopezobrador_<\/a> porque al parecer si no hay denuncias oficiales es puro golpeteo pol\u00edtico, s\u00ed, aunque sean alumnas del ITAM o del mismo Morena. \ud83d\ude21 <a href=\"https:\/\/t.co\/SJiO2Inqgp\">pic.twitter.com\/SJiO2Inqgp<\/a><\/p>&mdash; Ruido en la Red (@RuidoEnLaRed) <a href=\"https:\/\/twitter.com\/RuidoEnLaRed\/status\/1483826156646408193?ref_src=twsrc%5Etfw\">January 19, 2022<\/a><\/blockquote><script async src=\"https:\/\/platform.twitter.com\/widgets.js\" charset=\"utf-8\"><\/script>\n<\/div><\/figure>\n\n\n\n<p><strong>&#8220;No se puede juzgar a nadie si no hay un proceso de acuerdo a la ley, si no hay pruebas<\/strong>. Imag\u00ednese un opositor, cualquier gente, que no sea bien visto por los medios, lo acaban, lo destruyen, son campa\u00f1as de linchamientos, entonces no,\u00a0<strong>lo m\u00e1s conveniente es la de denuncia&#8221;<\/strong>.<\/p>\n\n\n\n<p>L\u00f3pez Obrador asever\u00f3\u00a0que los se\u00f1alamientos de presunto acoso sexual en contra del historiador han tomado m\u00e1s fuerza porque\u00a0<strong>hay intereses pol\u00edticos y sus opositores se valen de todo<\/strong>.<\/p>\n\n\n\n<p>&#8220;Pedro Salmer\u00f3n ha estado teniendo diferencias en la academia con colegas, mujeres y hombres; diferencias pol\u00edticas, \u00e9l estuvo en el ITAM y ah\u00ed ten\u00eda una postura y de ah\u00ed sali\u00f3. Luego lo invitamos para entrar al INEHRM y dio una opini\u00f3n sobre la Liga (Comunista) 23 de septiembre y se le lanzaron muy fuerte y prefiri\u00f3 renunciar.\u00a0<strong>Trabajaba en Guadalajara en museo<\/strong>, pero ahora est\u00e1 siendo cuestionado por eso&#8221;.<\/p>\n\n\n\n<p>&#8220;Ya se hab\u00edan hecho denuncias p\u00fablicas, pero sin que se presentaran a las autoridades y no se hablaba del tema, pero ahora ya es un tema pol\u00e9mico, entonces que lo resuelvan las autoridades y en este caso quien va a aprobar la propuesta que yo env\u00ede es el Senado&#8221;.<\/p>\n\n\n\n<p>Con Informaci\u00f3n de SUN <\/p>\n","protected":false},"excerpt":{"rendered":"<p>Por Redacci\u00f3n QP El Presidente L\u00f3pez Obrador\u00a0llama a presentar denuncias en contra del historiador Pedro&#8230;<\/p>\n","protected":false},"author":2,"featured_media":88682,"comment_status":"open","ping_status":"open","sticky":false,"template":"","format":"standard","meta":{"_monsterinsights_skip_tracking":false,"_monsterinsights_sitenote_active":false,"_monsterinsights_sitenote_note":"","_monsterinsights_sitenote_category":0,"footnotes":""},"categories":[2],"tags":[],"class_list":["post-88681","post","type-post","status-publish","format-standard","has-post-thumbnail","hentry","category-noticias"],"yoast_head":"<!-- This site is optimized with the Yoast SEO plugin v27.3 - https:\/\/yoast.com\/product\/yoast-seo-wordpress\/ -->\n<title>AMLO sobre denuncias a Pedro Salmer\u00f3n: &quot;No se puede juzgar si no hay pruebas&quot; -<\/title>\n<meta name=\"robots\" content=\"index, follow, max-snippet:-1, max-image-preview:large, max-video-preview:-1\" \/>\n<link rel=\"canonical\" href=\"https:\/\/quehacerpolitico.mx\/?p=88681\" \/>\n<meta property=\"og:locale\" content=\"es_MX\" \/>\n<meta property=\"og:type\" content=\"article\" \/>\n<meta property=\"og:title\" content=\"AMLO sobre denuncias a Pedro Salmer\u00f3n: &quot;No se puede juzgar si no hay pruebas&quot; -\" \/>\n<meta property=\"og:description\" content=\"Por Redacci\u00f3n QP El Presidente L\u00f3pez Obrador\u00a0llama a presentar denuncias en contra del historiador Pedro...\" \/>\n<meta property=\"og:url\" content=\"https:\/\/quehacerpolitico.mx\/?p=88681\" \/>\n<meta property=\"article:published_time\" content=\"2022-01-19T19:18:23+00:00\" \/>\n<meta property=\"article:modified_time\" content=\"2022-01-19T19:18:26+00:00\" \/>\n<meta property=\"og:image\" content=\"https:\/\/quehacerpolitico.mx\/wp-content\/uploads\/2022\/01\/6A70AC8B-4864-49DF-9F23-7949999EDB11.jpeg\" \/>\n\t<meta property=\"og:image:width\" content=\"1284\" \/>\n\t<meta property=\"og:image:height\" content=\"687\" \/>\n\t<meta property=\"og:image:type\" content=\"image\/jpeg\" \/>\n<meta name=\"author\" content=\"Redacci\u00f3n QP\" \/>\n<meta name=\"twitter:card\" content=\"summary_large_image\" \/>\n<meta name=\"twitter:label1\" content=\"Escrito por\" \/>\n\t<meta name=\"twitter:data1\" content=\"Redacci\u00f3n QP\" \/>\n\t<meta name=\"twitter:label2\" content=\"Tiempo de lectura\" \/>\n\t<meta name=\"twitter:data2\" content=\"2 minutos\" \/>\n<script type=\"application\/ld+json\" class=\"yoast-schema-graph\">{\"@context\":\"https:\\\/\\\/schema.org\",\"@graph\":[{\"@type\":\"Article\",\"@id\":\"https:\\\/\\\/quehacerpolitico.mx\\\/?p=88681#article\",\"isPartOf\":{\"@id\":\"https:\\\/\\\/quehacerpolitico.mx\\\/?p=88681\"},\"author\":{\"name\":\"Redacci\u00f3n QP\",\"@id\":\"https:\\\/\\\/quehacerpolitico.mx\\\/#\\\/schema\\\/person\\\/496d8ad2d1d3f8036101dca7ee39e585\"},\"headline\":\"AMLO sobre denuncias a Pedro Salmer\u00f3n: &#8220;No se puede juzgar si no hay pruebas&#8221;\",\"datePublished\":\"2022-01-19T19:18:23+00:00\",\"dateModified\":\"2022-01-19T19:18:26+00:00\",\"mainEntityOfPage\":{\"@id\":\"https:\\\/\\\/quehacerpolitico.mx\\\/?p=88681\"},\"wordCount\":405,\"commentCount\":0,\"image\":{\"@id\":\"https:\\\/\\\/quehacerpolitico.mx\\\/?p=88681#primaryimage\"},\"thumbnailUrl\":\"https:\\\/\\\/quehacerpolitico.mx\\\/wp-content\\\/uploads\\\/2022\\\/01\\\/6A70AC8B-4864-49DF-9F23-7949999EDB11.jpeg\",\"articleSection\":[\"Noticias\"],\"inLanguage\":\"es\",\"potentialAction\":[{\"@type\":\"CommentAction\",\"name\":\"Comment\",\"target\":[\"https:\\\/\\\/quehacerpolitico.mx\\\/?p=88681#respond\"]}]},{\"@type\":\"WebPage\",\"@id\":\"https:\\\/\\\/quehacerpolitico.mx\\\/?p=88681\",\"url\":\"https:\\\/\\\/quehacerpolitico.mx\\\/?p=88681\",\"name\":\"AMLO sobre denuncias a Pedro Salmer\u00f3n: \\\"No se puede juzgar si no hay pruebas\\\" -\",\"isPartOf\":{\"@id\":\"https:\\\/\\\/quehacerpolitico.mx\\\/#website\"},\"primaryImageOfPage\":{\"@id\":\"https:\\\/\\\/quehacerpolitico.mx\\\/?p=88681#primaryimage\"},\"image\":{\"@id\":\"https:\\\/\\\/quehacerpolitico.mx\\\/?p=88681#primaryimage\"},\"thumbnailUrl\":\"https:\\\/\\\/quehacerpolitico.mx\\\/wp-content\\\/uploads\\\/2022\\\/01\\\/6A70AC8B-4864-49DF-9F23-7949999EDB11.jpeg\",\"datePublished\":\"2022-01-19T19:18:23+00:00\",\"dateModified\":\"2022-01-19T19:18:26+00:00\",\"author\":{\"@id\":\"https:\\\/\\\/quehacerpolitico.mx\\\/#\\\/schema\\\/person\\\/496d8ad2d1d3f8036101dca7ee39e585\"},\"breadcrumb\":{\"@id\":\"https:\\\/\\\/quehacerpolitico.mx\\\/?p=88681#breadcrumb\"},\"inLanguage\":\"es\",\"potentialAction\":[{\"@type\":\"ReadAction\",\"target\":[\"https:\\\/\\\/quehacerpolitico.mx\\\/?p=88681\"]}]},{\"@type\":\"ImageObject\",\"inLanguage\":\"es\",\"@id\":\"https:\\\/\\\/quehacerpolitico.mx\\\/?p=88681#primaryimage\",\"url\":\"https:\\\/\\\/quehacerpolitico.mx\\\/wp-content\\\/uploads\\\/2022\\\/01\\\/6A70AC8B-4864-49DF-9F23-7949999EDB11.jpeg\",\"contentUrl\":\"https:\\\/\\\/quehacerpolitico.mx\\\/wp-content\\\/uploads\\\/2022\\\/01\\\/6A70AC8B-4864-49DF-9F23-7949999EDB11.jpeg\",\"width\":1284,\"height\":687},{\"@type\":\"BreadcrumbList\",\"@id\":\"https:\\\/\\\/quehacerpolitico.mx\\\/?p=88681#breadcrumb\",\"itemListElement\":[{\"@type\":\"ListItem\",\"position\":1,\"name\":\"Inicio\",\"item\":\"https:\\\/\\\/quehacerpolitico.mx\\\/\"},{\"@type\":\"ListItem\",\"position\":2,\"name\":\"AMLO sobre denuncias a Pedro Salmer\u00f3n: &#8220;No se puede juzgar si no hay pruebas&#8221;\"}]},{\"@type\":\"WebSite\",\"@id\":\"https:\\\/\\\/quehacerpolitico.mx\\\/#website\",\"url\":\"https:\\\/\\\/quehacerpolitico.mx\\\/\",\"name\":\"\",\"description\":\"\",\"potentialAction\":[{\"@type\":\"SearchAction\",\"target\":{\"@type\":\"EntryPoint\",\"urlTemplate\":\"https:\\\/\\\/quehacerpolitico.mx\\\/?s={search_term_string}\"},\"query-input\":{\"@type\":\"PropertyValueSpecification\",\"valueRequired\":true,\"valueName\":\"search_term_string\"}}],\"inLanguage\":\"es\"},{\"@type\":\"Person\",\"@id\":\"https:\\\/\\\/quehacerpolitico.mx\\\/#\\\/schema\\\/person\\\/496d8ad2d1d3f8036101dca7ee39e585\",\"name\":\"Redacci\u00f3n QP\",\"image\":{\"@type\":\"ImageObject\",\"inLanguage\":\"es\",\"@id\":\"https:\\\/\\\/secure.gravatar.com\\\/avatar\\\/c7164ed6fdec453195284ad24a5ae5b6e1eed2b848477fa2a4787ba9adf39a41?s=96&d=mm&r=g\",\"url\":\"https:\\\/\\\/secure.gravatar.com\\\/avatar\\\/c7164ed6fdec453195284ad24a5ae5b6e1eed2b848477fa2a4787ba9adf39a41?s=96&d=mm&r=g\",\"contentUrl\":\"https:\\\/\\\/secure.gravatar.com\\\/avatar\\\/c7164ed6fdec453195284ad24a5ae5b6e1eed2b848477fa2a4787ba9adf39a41?s=96&d=mm&r=g\",\"caption\":\"Redacci\u00f3n QP\"},\"url\":\"https:\\\/\\\/quehacerpolitico.mx\\\/?author=2\"}]}<\/script>\n<!-- \/ Yoast SEO plugin. -->","yoast_head_json":{"title":"AMLO sobre denuncias a Pedro Salmer\u00f3n: \"No se puede juzgar si no hay pruebas\" -","robots":{"index":"index","follow":"follow","max-snippet":"max-snippet:-1","max-image-preview":"max-image-preview:large","max-video-preview":"max-video-preview:-1"},"canonical":"https:\/\/quehacerpolitico.mx\/?p=88681","og_locale":"es_MX","og_type":"article","og_title":"AMLO sobre denuncias a Pedro Salmer\u00f3n: \"No se puede juzgar si no hay pruebas\" -","og_description":"Por Redacci\u00f3n QP El Presidente L\u00f3pez Obrador\u00a0llama a presentar denuncias en contra del historiador Pedro...","og_url":"https:\/\/quehacerpolitico.mx\/?p=88681","article_published_time":"2022-01-19T19:18:23+00:00","article_modified_time":"2022-01-19T19:18:26+00:00","og_image":[{"width":1284,"height":687,"url":"https:\/\/quehacerpolitico.mx\/wp-content\/uploads\/2022\/01\/6A70AC8B-4864-49DF-9F23-7949999EDB11.jpeg","type":"image\/jpeg"}],"author":"Redacci\u00f3n QP","twitter_card":"summary_large_image","twitter_misc":{"Escrito por":"Redacci\u00f3n QP","Tiempo de lectura":"2 minutos"},"schema":{"@context":"https:\/\/schema.org","@graph":[{"@type":"Article","@id":"https:\/\/quehacerpolitico.mx\/?p=88681#article","isPartOf":{"@id":"https:\/\/quehacerpolitico.mx\/?p=88681"},"author":{"name":"Redacci\u00f3n QP","@id":"https:\/\/quehacerpolitico.mx\/#\/schema\/person\/496d8ad2d1d3f8036101dca7ee39e585"},"headline":"AMLO sobre denuncias a Pedro Salmer\u00f3n: &#8220;No se puede juzgar si no hay pruebas&#8221;","datePublished":"2022-01-19T19:18:23+00:00","dateModified":"2022-01-19T19:18:26+00:00","mainEntityOfPage":{"@id":"https:\/\/quehacerpolitico.mx\/?p=88681"},"wordCount":405,"commentCount":0,"image":{"@id":"https:\/\/quehacerpolitico.mx\/?p=88681#primaryimage"},"thumbnailUrl":"https:\/\/quehacerpolitico.mx\/wp-content\/uploads\/2022\/01\/6A70AC8B-4864-49DF-9F23-7949999EDB11.jpeg","articleSection":["Noticias"],"inLanguage":"es","potentialAction":[{"@type":"CommentAction","name":"Comment","target":["https:\/\/quehacerpolitico.mx\/?p=88681#respond"]}]},{"@type":"WebPage","@id":"https:\/\/quehacerpolitico.mx\/?p=88681","url":"https:\/\/quehacerpolitico.mx\/?p=88681","name":"AMLO sobre denuncias a Pedro Salmer\u00f3n: \"No se puede juzgar si no hay pruebas\" -","isPartOf":{"@id":"https:\/\/quehacerpolitico.mx\/#website"},"primaryImageOfPage":{"@id":"https:\/\/quehacerpolitico.mx\/?p=88681#primaryimage"},"image":{"@id":"https:\/\/quehacerpolitico.mx\/?p=88681#primaryimage"},"thumbnailUrl":"https:\/\/quehacerpolitico.mx\/wp-content\/uploads\/2022\/01\/6A70AC8B-4864-49DF-9F23-7949999EDB11.jpeg","datePublished":"2022-01-19T19:18:23+00:00","dateModified":"2022-01-19T19:18:26+00:00","author":{"@id":"https:\/\/quehacerpolitico.mx\/#\/schema\/person\/496d8ad2d1d3f8036101dca7ee39e585"},"breadcrumb":{"@id":"https:\/\/quehacerpolitico.mx\/?p=88681#breadcrumb"},"inLanguage":"es","potentialAction":[{"@type":"ReadAction","target":["https:\/\/quehacerpolitico.mx\/?p=88681"]}]},{"@type":"ImageObject","inLanguage":"es","@id":"https:\/\/quehacerpolitico.mx\/?p=88681#primaryimage","url":"https:\/\/quehacerpolitico.mx\/wp-content\/uploads\/2022\/01\/6A70AC8B-4864-49DF-9F23-7949999EDB11.jpeg","contentUrl":"https:\/\/quehacerpolitico.mx\/wp-content\/uploads\/2022\/01\/6A70AC8B-4864-49DF-9F23-7949999EDB11.jpeg","width":1284,"height":687},{"@type":"BreadcrumbList","@id":"https:\/\/quehacerpolitico.mx\/?p=88681#breadcrumb","itemListElement":[{"@type":"ListItem","position":1,"name":"Inicio","item":"https:\/\/quehacerpolitico.mx\/"},{"@type":"ListItem","position":2,"name":"AMLO sobre denuncias a Pedro Salmer\u00f3n: &#8220;No se puede juzgar si no hay pruebas&#8221;"}]},{"@type":"WebSite","@id":"https:\/\/quehacerpolitico.mx\/#website","url":"https:\/\/quehacerpolitico.mx\/","name":"","description":"","potentialAction":[{"@type":"SearchAction","target":{"@type":"EntryPoint","urlTemplate":"https:\/\/quehacerpolitico.mx\/?s={search_term_string}"},"query-input":{"@type":"PropertyValueSpecification","valueRequired":true,"valueName":"search_term_string"}}],"inLanguage":"es"},{"@type":"Person","@id":"https:\/\/quehacerpolitico.mx\/#\/schema\/person\/496d8ad2d1d3f8036101dca7ee39e585","name":"Redacci\u00f3n QP","image":{"@type":"ImageObject","inLanguage":"es","@id":"https:\/\/secure.gravatar.com\/avatar\/c7164ed6fdec453195284ad24a5ae5b6e1eed2b848477fa2a4787ba9adf39a41?s=96&d=mm&r=g","url":"https:\/\/secure.gravatar.com\/avatar\/c7164ed6fdec453195284ad24a5ae5b6e1eed2b848477fa2a4787ba9adf39a41?s=96&d=mm&r=g","contentUrl":"https:\/\/secure.gravatar.com\/avatar\/c7164ed6fdec453195284ad24a5ae5b6e1eed2b848477fa2a4787ba9adf39a41?s=96&d=mm&r=g","caption":"Redacci\u00f3n QP"},"url":"https:\/\/quehacerpolitico.mx\/?author=2"}]}},"featured_image_urls":{"full":["https:\/\/quehacerpolitico.mx\/wp-content\/uploads\/2022\/01\/6A70AC8B-4864-49DF-9F23-7949999EDB11.jpeg",1284,687,false],"thumbnail":["https:\/\/quehacerpolitico.mx\/wp-content\/uploads\/2022\/01\/6A70AC8B-4864-49DF-9F23-7949999EDB11-150x150.jpeg",150,150,true],"medium":["https:\/\/quehacerpolitico.mx\/wp-content\/uploads\/2022\/01\/6A70AC8B-4864-49DF-9F23-7949999EDB11-300x161.jpeg",300,161,true],"medium_large":["https:\/\/quehacerpolitico.mx\/wp-content\/uploads\/2022\/01\/6A70AC8B-4864-49DF-9F23-7949999EDB11-768x411.jpeg",640,343,true],"large":["https:\/\/quehacerpolitico.mx\/wp-content\/uploads\/2022\/01\/6A70AC8B-4864-49DF-9F23-7949999EDB11-1024x548.jpeg",640,343,true],"1536x1536":["https:\/\/quehacerpolitico.mx\/wp-content\/uploads\/2022\/01\/6A70AC8B-4864-49DF-9F23-7949999EDB11.jpeg",1284,687,false],"2048x2048":["https:\/\/quehacerpolitico.mx\/wp-content\/uploads\/2022\/01\/6A70AC8B-4864-49DF-9F23-7949999EDB11.jpeg",1284,687,false],"covernews-featured":["https:\/\/quehacerpolitico.mx\/wp-content\/uploads\/2022\/01\/6A70AC8B-4864-49DF-9F23-7949999EDB11.jpeg",1024,548,false],"covernews-medium":["https:\/\/quehacerpolitico.mx\/wp-content\/uploads\/2022\/01\/6A70AC8B-4864-49DF-9F23-7949999EDB11.jpeg",540,289,false]},"author_info":{"display_name":"Redacci\u00f3n QP","author_link":"https:\/\/quehacerpolitico.mx\/?author=2"},"category_info":"<a href=\"https:\/\/quehacerpolitico.mx\/?cat=2\" rel=\"category\">Noticias<\/a>","tag_info":"Noticias","comment_count":"0","_links":{"self":[{"href":"https:\/\/quehacerpolitico.mx\/index.php?rest_route=\/wp\/v2\/posts\/88681","targetHints":{"allow":["GET"]}}],"collection":[{"href":"https:\/\/quehacerpolitico.mx\/index.php?rest_route=\/wp\/v2\/posts"}],"about":[{"href":"https:\/\/quehacerpolitico.mx\/index.php?rest_route=\/wp\/v2\/types\/post"}],"author":[{"embeddable":true,"href":"https:\/\/quehacerpolitico.mx\/index.php?rest_route=\/wp\/v2\/users\/2"}],"replies":[{"embeddable":true,"href":"https:\/\/quehacerpolitico.mx\/index.php?rest_route=%2Fwp%2Fv2%2Fcomments&post=88681"}],"version-history":[{"count":1,"href":"https:\/\/quehacerpolitico.mx\/index.php?rest_route=\/wp\/v2\/posts\/88681\/revisions"}],"predecessor-version":[{"id":88683,"href":"https:\/\/quehacerpolitico.mx\/index.php?rest_route=\/wp\/v2\/posts\/88681\/revisions\/88683"}],"wp:featuredmedia":[{"embeddable":true,"href":"https:\/\/quehacerpolitico.mx\/index.php?rest_route=\/wp\/v2\/media\/88682"}],"wp:attachment":[{"href":"https:\/\/quehacerpolitico.mx\/index.php?rest_route=%2Fwp%2Fv2%2Fmedia&parent=88681"}],"wp:term":[{"taxonomy":"category","embeddable":true,"href":"https:\/\/quehacerpolitico.mx\/index.php?rest_route=%2Fwp%2Fv2%2Fcategories&post=88681"},{"taxonomy":"post_tag","embeddable":true,"href":"https:\/\/quehacerpolitico.mx\/index.php?rest_route=%2Fwp%2Fv2%2Ftags&post=88681"}],"curies":[{"name":"wp","href":"https:\/\/api.w.org\/{rel}","templated":true}]}}