{"id":88678,"date":"2022-01-19T19:03:00","date_gmt":"2022-01-19T19:03:00","guid":{"rendered":"https:\/\/quehacerpolitico.mx\/?p=88678"},"modified":"2022-01-19T19:03:03","modified_gmt":"2022-01-19T19:03:03","slug":"amlo-espera-que-espana-acepte-pronto-a-quirino-ordaz-como-embajador","status":"publish","type":"post","link":"https:\/\/quehacerpolitico.mx\/?p=88678","title":{"rendered":"AMLO espera que Espa\u00f1a acepte &#8220;pronto&#8221; a Quirino Ordaz como embajador"},"content":{"rendered":"\n<p>Por Redacci\u00f3n QP<\/p>\n\n\n\n<p>El Presidente de M\u00e9xico afirma que las relaciones entre ambas naciones &#8220;est\u00e1n bien&#8221;, aunque acept\u00f3 que existen discrepancias<\/p>\n\n\n\n<p>El Presidente de M\u00e9xico, Andr\u00e9s Manuel L\u00f3pez Obrador (AMLO) espera que en los pr\u00f3ximos d\u00edas Espa\u00f1a acepte el nombramiento del ex gobernador de Sinaloa, Quirino Ordaz como embajador de M\u00e9xico en aquel pa\u00eds.<\/p>\n\n\n\n<p>&#8220;Va bien, es un proceso tardado, pero no ha habido ninguna notificaci\u00f3n del Gobierno de Espa\u00f1a de que no acepten a Quirino Ordaz como embajador. Yo creo que ya en unos d\u00edas m\u00e1s se va a dar el benepl\u00e1cito no hay ning\u00fan motivo para que no se acepte&#8221;, dijo AMLO en la &#8220;ma\u00f1anera&#8221; de hoy.<\/p>\n\n\n\n<p><strong>Agreg\u00f3 que, pese a que sus adversarios quisieran que hubiese un conflicto con el gobierno espa\u00f1ol, las relaciones entre ambas naciones &#8220;est\u00e1n bien&#8221;, aunque acept\u00f3 que existen discrepancias<\/strong>, especialmente porque Espa\u00f1a no acept\u00f3 ofrecer una disculpa por la conquista para reiniciar una nueva relaci\u00f3n bilateral.<\/p>\n\n\n\n<p>Sin embargo, asegur\u00f3 que &#8220;eso ya pas\u00f3&#8221; y pidi\u00f3 que cada quien asuma su responsabilidad, aunque\u00a0<strong>afirm\u00f3 que la disculpa &#8220;hubiera ayudado mucho, pues es muy importante pedir perd\u00f3n&#8221;<\/strong>\u00a0y dijo que los pueblos originarios merec\u00edan una disculpa.<\/p>\n\n\n\n<figure class=\"wp-block-embed is-type-video is-provider-youtube wp-block-embed-youtube wp-embed-aspect-16-9 wp-has-aspect-ratio\"><div class=\"wp-block-embed__wrapper\">\n<iframe loading=\"lazy\" title=\"No hay ning\u00fan motivo para que Espa\u00f1a no acepte a Quirino Ordaz como embajador: AMLO\" width=\"640\" height=\"360\" src=\"https:\/\/www.youtube.com\/embed\/PpiJUsPb-TM?feature=oembed\" frameborder=\"0\" allow=\"accelerometer; autoplay; clipboard-write; encrypted-media; gyroscope; picture-in-picture; web-share\" referrerpolicy=\"strict-origin-when-cross-origin\" allowfullscreen><\/iframe>\n<\/div><\/figure>\n\n\n\n<h4 class=\"wp-block-heading\">Empresas espa\u00f1olas &#8220;hac\u00edan lo que quer\u00edan&#8221; en M\u00e9xico<\/h4>\n\n\n\n<p>L\u00f3pez Obrador reiter\u00f3 que antes exist\u00eda una estrecha relaci\u00f3n de Espa\u00f1a con los gobiernos neoliberales y las empresas de esa naci\u00f3n pues &#8220;hac\u00edan lo que quer\u00edan&#8221; en M\u00e9xico, especialmente en los gobiernos de Vicente Fox (2000-2006), Felipe Calder\u00f3n (2006-2012) y Enrique Pe\u00f1a Nieto (2012-2018).<\/p>\n\n\n\n<p><strong>&#8220;Nos ve\u00edan como tierra de conquista, nos ve\u00edan como una segunda conquista, pero eso ya se acab\u00f3. Hay pruebas abundantes de eso con Repsol, OHL e Iberdrola&#8221;<\/strong>, remat\u00f3.<\/p>\n\n\n\n<p>Sobre las propuestas para integrar el servicio exterior que han generado pol\u00e9mica como la del historiador Pedro Salmer\u00f3n, y los ex gobernadores del PRI, Claudia Pavlovich y Alejandro Aysa, el mandatario dijo que el Senado es el qui\u00e9n tendr\u00e1 que aprobarlos.<\/p>\n\n\n\n<p>&#8220;Yo habl\u00e9 con ellos en su momento y le encargu\u00e9 a la SRE (Secretar\u00eda de Relaciones Exteriores) que estableciera comunicaci\u00f3n y se iniciaran los tr\u00e1mites nada m\u00e1s, pero son nuestras propuestas, el Senado va a decidir sobre esto&#8221;, expres\u00f3.<\/p>\n\n\n\n<p>Con Informaci\u00f3n de EFE <\/p>\n","protected":false},"excerpt":{"rendered":"<p>Por Redacci\u00f3n QP El Presidente de M\u00e9xico afirma que las relaciones entre ambas naciones &#8220;est\u00e1n&#8230;<\/p>\n","protected":false},"author":2,"featured_media":88679,"comment_status":"open","ping_status":"open","sticky":false,"template":"","format":"standard","meta":{"_monsterinsights_skip_tracking":false,"_monsterinsights_sitenote_active":false,"_monsterinsights_sitenote_note":"","_monsterinsights_sitenote_category":0,"footnotes":""},"categories":[2],"tags":[],"class_list":["post-88678","post","type-post","status-publish","format-standard","has-post-thumbnail","hentry","category-noticias"],"yoast_head":"<!-- This site is optimized with the Yoast SEO plugin v27.3 - https:\/\/yoast.com\/product\/yoast-seo-wordpress\/ -->\n<title>AMLO espera que Espa\u00f1a acepte &quot;pronto&quot; a Quirino Ordaz como embajador -<\/title>\n<meta name=\"robots\" content=\"index, follow, max-snippet:-1, max-image-preview:large, max-video-preview:-1\" \/>\n<link rel=\"canonical\" href=\"https:\/\/quehacerpolitico.mx\/?p=88678\" \/>\n<meta property=\"og:locale\" content=\"es_MX\" \/>\n<meta property=\"og:type\" content=\"article\" \/>\n<meta property=\"og:title\" content=\"AMLO espera que Espa\u00f1a acepte &quot;pronto&quot; a Quirino Ordaz como embajador -\" \/>\n<meta property=\"og:description\" content=\"Por Redacci\u00f3n QP El Presidente de M\u00e9xico afirma que las relaciones entre ambas naciones &#8220;est\u00e1n...\" \/>\n<meta property=\"og:url\" content=\"https:\/\/quehacerpolitico.mx\/?p=88678\" \/>\n<meta property=\"article:published_time\" content=\"2022-01-19T19:03:00+00:00\" \/>\n<meta property=\"article:modified_time\" content=\"2022-01-19T19:03:03+00:00\" \/>\n<meta property=\"og:image\" content=\"https:\/\/quehacerpolitico.mx\/wp-content\/uploads\/2022\/01\/851F9774-F166-4777-B2D7-A21399933F59.jpeg\" \/>\n\t<meta property=\"og:image:width\" content=\"1284\" \/>\n\t<meta property=\"og:image:height\" content=\"695\" \/>\n\t<meta property=\"og:image:type\" content=\"image\/jpeg\" \/>\n<meta name=\"author\" content=\"Redacci\u00f3n QP\" \/>\n<meta name=\"twitter:card\" content=\"summary_large_image\" \/>\n<meta name=\"twitter:label1\" content=\"Escrito por\" \/>\n\t<meta name=\"twitter:data1\" content=\"Redacci\u00f3n QP\" \/>\n\t<meta name=\"twitter:label2\" content=\"Tiempo de lectura\" \/>\n\t<meta name=\"twitter:data2\" content=\"2 minutos\" \/>\n<script type=\"application\/ld+json\" class=\"yoast-schema-graph\">{\"@context\":\"https:\\\/\\\/schema.org\",\"@graph\":[{\"@type\":\"Article\",\"@id\":\"https:\\\/\\\/quehacerpolitico.mx\\\/?p=88678#article\",\"isPartOf\":{\"@id\":\"https:\\\/\\\/quehacerpolitico.mx\\\/?p=88678\"},\"author\":{\"name\":\"Redacci\u00f3n QP\",\"@id\":\"https:\\\/\\\/quehacerpolitico.mx\\\/#\\\/schema\\\/person\\\/496d8ad2d1d3f8036101dca7ee39e585\"},\"headline\":\"AMLO espera que Espa\u00f1a acepte &#8220;pronto&#8221; a Quirino Ordaz como embajador\",\"datePublished\":\"2022-01-19T19:03:00+00:00\",\"dateModified\":\"2022-01-19T19:03:03+00:00\",\"mainEntityOfPage\":{\"@id\":\"https:\\\/\\\/quehacerpolitico.mx\\\/?p=88678\"},\"wordCount\":420,\"commentCount\":0,\"image\":{\"@id\":\"https:\\\/\\\/quehacerpolitico.mx\\\/?p=88678#primaryimage\"},\"thumbnailUrl\":\"https:\\\/\\\/quehacerpolitico.mx\\\/wp-content\\\/uploads\\\/2022\\\/01\\\/851F9774-F166-4777-B2D7-A21399933F59.jpeg\",\"articleSection\":[\"Noticias\"],\"inLanguage\":\"es\",\"potentialAction\":[{\"@type\":\"CommentAction\",\"name\":\"Comment\",\"target\":[\"https:\\\/\\\/quehacerpolitico.mx\\\/?p=88678#respond\"]}]},{\"@type\":\"WebPage\",\"@id\":\"https:\\\/\\\/quehacerpolitico.mx\\\/?p=88678\",\"url\":\"https:\\\/\\\/quehacerpolitico.mx\\\/?p=88678\",\"name\":\"AMLO espera que Espa\u00f1a acepte \\\"pronto\\\" a Quirino Ordaz como embajador -\",\"isPartOf\":{\"@id\":\"https:\\\/\\\/quehacerpolitico.mx\\\/#website\"},\"primaryImageOfPage\":{\"@id\":\"https:\\\/\\\/quehacerpolitico.mx\\\/?p=88678#primaryimage\"},\"image\":{\"@id\":\"https:\\\/\\\/quehacerpolitico.mx\\\/?p=88678#primaryimage\"},\"thumbnailUrl\":\"https:\\\/\\\/quehacerpolitico.mx\\\/wp-content\\\/uploads\\\/2022\\\/01\\\/851F9774-F166-4777-B2D7-A21399933F59.jpeg\",\"datePublished\":\"2022-01-19T19:03:00+00:00\",\"dateModified\":\"2022-01-19T19:03:03+00:00\",\"author\":{\"@id\":\"https:\\\/\\\/quehacerpolitico.mx\\\/#\\\/schema\\\/person\\\/496d8ad2d1d3f8036101dca7ee39e585\"},\"breadcrumb\":{\"@id\":\"https:\\\/\\\/quehacerpolitico.mx\\\/?p=88678#breadcrumb\"},\"inLanguage\":\"es\",\"potentialAction\":[{\"@type\":\"ReadAction\",\"target\":[\"https:\\\/\\\/quehacerpolitico.mx\\\/?p=88678\"]}]},{\"@type\":\"ImageObject\",\"inLanguage\":\"es\",\"@id\":\"https:\\\/\\\/quehacerpolitico.mx\\\/?p=88678#primaryimage\",\"url\":\"https:\\\/\\\/quehacerpolitico.mx\\\/wp-content\\\/uploads\\\/2022\\\/01\\\/851F9774-F166-4777-B2D7-A21399933F59.jpeg\",\"contentUrl\":\"https:\\\/\\\/quehacerpolitico.mx\\\/wp-content\\\/uploads\\\/2022\\\/01\\\/851F9774-F166-4777-B2D7-A21399933F59.jpeg\",\"width\":1284,\"height\":695},{\"@type\":\"BreadcrumbList\",\"@id\":\"https:\\\/\\\/quehacerpolitico.mx\\\/?p=88678#breadcrumb\",\"itemListElement\":[{\"@type\":\"ListItem\",\"position\":1,\"name\":\"Inicio\",\"item\":\"https:\\\/\\\/quehacerpolitico.mx\\\/\"},{\"@type\":\"ListItem\",\"position\":2,\"name\":\"AMLO espera que Espa\u00f1a acepte &#8220;pronto&#8221; a Quirino Ordaz como embajador\"}]},{\"@type\":\"WebSite\",\"@id\":\"https:\\\/\\\/quehacerpolitico.mx\\\/#website\",\"url\":\"https:\\\/\\\/quehacerpolitico.mx\\\/\",\"name\":\"\",\"description\":\"\",\"potentialAction\":[{\"@type\":\"SearchAction\",\"target\":{\"@type\":\"EntryPoint\",\"urlTemplate\":\"https:\\\/\\\/quehacerpolitico.mx\\\/?s={search_term_string}\"},\"query-input\":{\"@type\":\"PropertyValueSpecification\",\"valueRequired\":true,\"valueName\":\"search_term_string\"}}],\"inLanguage\":\"es\"},{\"@type\":\"Person\",\"@id\":\"https:\\\/\\\/quehacerpolitico.mx\\\/#\\\/schema\\\/person\\\/496d8ad2d1d3f8036101dca7ee39e585\",\"name\":\"Redacci\u00f3n QP\",\"image\":{\"@type\":\"ImageObject\",\"inLanguage\":\"es\",\"@id\":\"https:\\\/\\\/secure.gravatar.com\\\/avatar\\\/c7164ed6fdec453195284ad24a5ae5b6e1eed2b848477fa2a4787ba9adf39a41?s=96&d=mm&r=g\",\"url\":\"https:\\\/\\\/secure.gravatar.com\\\/avatar\\\/c7164ed6fdec453195284ad24a5ae5b6e1eed2b848477fa2a4787ba9adf39a41?s=96&d=mm&r=g\",\"contentUrl\":\"https:\\\/\\\/secure.gravatar.com\\\/avatar\\\/c7164ed6fdec453195284ad24a5ae5b6e1eed2b848477fa2a4787ba9adf39a41?s=96&d=mm&r=g\",\"caption\":\"Redacci\u00f3n QP\"},\"url\":\"https:\\\/\\\/quehacerpolitico.mx\\\/?author=2\"}]}<\/script>\n<!-- \/ Yoast SEO plugin. -->","yoast_head_json":{"title":"AMLO espera que Espa\u00f1a acepte \"pronto\" a Quirino Ordaz como embajador -","robots":{"index":"index","follow":"follow","max-snippet":"max-snippet:-1","max-image-preview":"max-image-preview:large","max-video-preview":"max-video-preview:-1"},"canonical":"https:\/\/quehacerpolitico.mx\/?p=88678","og_locale":"es_MX","og_type":"article","og_title":"AMLO espera que Espa\u00f1a acepte \"pronto\" a Quirino Ordaz como embajador -","og_description":"Por Redacci\u00f3n QP El Presidente de M\u00e9xico afirma que las relaciones entre ambas naciones &#8220;est\u00e1n...","og_url":"https:\/\/quehacerpolitico.mx\/?p=88678","article_published_time":"2022-01-19T19:03:00+00:00","article_modified_time":"2022-01-19T19:03:03+00:00","og_image":[{"width":1284,"height":695,"url":"https:\/\/quehacerpolitico.mx\/wp-content\/uploads\/2022\/01\/851F9774-F166-4777-B2D7-A21399933F59.jpeg","type":"image\/jpeg"}],"author":"Redacci\u00f3n QP","twitter_card":"summary_large_image","twitter_misc":{"Escrito por":"Redacci\u00f3n QP","Tiempo de lectura":"2 minutos"},"schema":{"@context":"https:\/\/schema.org","@graph":[{"@type":"Article","@id":"https:\/\/quehacerpolitico.mx\/?p=88678#article","isPartOf":{"@id":"https:\/\/quehacerpolitico.mx\/?p=88678"},"author":{"name":"Redacci\u00f3n QP","@id":"https:\/\/quehacerpolitico.mx\/#\/schema\/person\/496d8ad2d1d3f8036101dca7ee39e585"},"headline":"AMLO espera que Espa\u00f1a acepte &#8220;pronto&#8221; a Quirino Ordaz como embajador","datePublished":"2022-01-19T19:03:00+00:00","dateModified":"2022-01-19T19:03:03+00:00","mainEntityOfPage":{"@id":"https:\/\/quehacerpolitico.mx\/?p=88678"},"wordCount":420,"commentCount":0,"image":{"@id":"https:\/\/quehacerpolitico.mx\/?p=88678#primaryimage"},"thumbnailUrl":"https:\/\/quehacerpolitico.mx\/wp-content\/uploads\/2022\/01\/851F9774-F166-4777-B2D7-A21399933F59.jpeg","articleSection":["Noticias"],"inLanguage":"es","potentialAction":[{"@type":"CommentAction","name":"Comment","target":["https:\/\/quehacerpolitico.mx\/?p=88678#respond"]}]},{"@type":"WebPage","@id":"https:\/\/quehacerpolitico.mx\/?p=88678","url":"https:\/\/quehacerpolitico.mx\/?p=88678","name":"AMLO espera que Espa\u00f1a acepte \"pronto\" a Quirino Ordaz como embajador -","isPartOf":{"@id":"https:\/\/quehacerpolitico.mx\/#website"},"primaryImageOfPage":{"@id":"https:\/\/quehacerpolitico.mx\/?p=88678#primaryimage"},"image":{"@id":"https:\/\/quehacerpolitico.mx\/?p=88678#primaryimage"},"thumbnailUrl":"https:\/\/quehacerpolitico.mx\/wp-content\/uploads\/2022\/01\/851F9774-F166-4777-B2D7-A21399933F59.jpeg","datePublished":"2022-01-19T19:03:00+00:00","dateModified":"2022-01-19T19:03:03+00:00","author":{"@id":"https:\/\/quehacerpolitico.mx\/#\/schema\/person\/496d8ad2d1d3f8036101dca7ee39e585"},"breadcrumb":{"@id":"https:\/\/quehacerpolitico.mx\/?p=88678#breadcrumb"},"inLanguage":"es","potentialAction":[{"@type":"ReadAction","target":["https:\/\/quehacerpolitico.mx\/?p=88678"]}]},{"@type":"ImageObject","inLanguage":"es","@id":"https:\/\/quehacerpolitico.mx\/?p=88678#primaryimage","url":"https:\/\/quehacerpolitico.mx\/wp-content\/uploads\/2022\/01\/851F9774-F166-4777-B2D7-A21399933F59.jpeg","contentUrl":"https:\/\/quehacerpolitico.mx\/wp-content\/uploads\/2022\/01\/851F9774-F166-4777-B2D7-A21399933F59.jpeg","width":1284,"height":695},{"@type":"BreadcrumbList","@id":"https:\/\/quehacerpolitico.mx\/?p=88678#breadcrumb","itemListElement":[{"@type":"ListItem","position":1,"name":"Inicio","item":"https:\/\/quehacerpolitico.mx\/"},{"@type":"ListItem","position":2,"name":"AMLO espera que Espa\u00f1a acepte &#8220;pronto&#8221; a Quirino Ordaz como embajador"}]},{"@type":"WebSite","@id":"https:\/\/quehacerpolitico.mx\/#website","url":"https:\/\/quehacerpolitico.mx\/","name":"","description":"","potentialAction":[{"@type":"SearchAction","target":{"@type":"EntryPoint","urlTemplate":"https:\/\/quehacerpolitico.mx\/?s={search_term_string}"},"query-input":{"@type":"PropertyValueSpecification","valueRequired":true,"valueName":"search_term_string"}}],"inLanguage":"es"},{"@type":"Person","@id":"https:\/\/quehacerpolitico.mx\/#\/schema\/person\/496d8ad2d1d3f8036101dca7ee39e585","name":"Redacci\u00f3n QP","image":{"@type":"ImageObject","inLanguage":"es","@id":"https:\/\/secure.gravatar.com\/avatar\/c7164ed6fdec453195284ad24a5ae5b6e1eed2b848477fa2a4787ba9adf39a41?s=96&d=mm&r=g","url":"https:\/\/secure.gravatar.com\/avatar\/c7164ed6fdec453195284ad24a5ae5b6e1eed2b848477fa2a4787ba9adf39a41?s=96&d=mm&r=g","contentUrl":"https:\/\/secure.gravatar.com\/avatar\/c7164ed6fdec453195284ad24a5ae5b6e1eed2b848477fa2a4787ba9adf39a41?s=96&d=mm&r=g","caption":"Redacci\u00f3n QP"},"url":"https:\/\/quehacerpolitico.mx\/?author=2"}]}},"featured_image_urls":{"full":["https:\/\/quehacerpolitico.mx\/wp-content\/uploads\/2022\/01\/851F9774-F166-4777-B2D7-A21399933F59.jpeg",1284,695,false],"thumbnail":["https:\/\/quehacerpolitico.mx\/wp-content\/uploads\/2022\/01\/851F9774-F166-4777-B2D7-A21399933F59-150x150.jpeg",150,150,true],"medium":["https:\/\/quehacerpolitico.mx\/wp-content\/uploads\/2022\/01\/851F9774-F166-4777-B2D7-A21399933F59-300x162.jpeg",300,162,true],"medium_large":["https:\/\/quehacerpolitico.mx\/wp-content\/uploads\/2022\/01\/851F9774-F166-4777-B2D7-A21399933F59-768x416.jpeg",640,347,true],"large":["https:\/\/quehacerpolitico.mx\/wp-content\/uploads\/2022\/01\/851F9774-F166-4777-B2D7-A21399933F59-1024x554.jpeg",640,346,true],"1536x1536":["https:\/\/quehacerpolitico.mx\/wp-content\/uploads\/2022\/01\/851F9774-F166-4777-B2D7-A21399933F59.jpeg",1284,695,false],"2048x2048":["https:\/\/quehacerpolitico.mx\/wp-content\/uploads\/2022\/01\/851F9774-F166-4777-B2D7-A21399933F59.jpeg",1284,695,false],"covernews-featured":["https:\/\/quehacerpolitico.mx\/wp-content\/uploads\/2022\/01\/851F9774-F166-4777-B2D7-A21399933F59.jpeg",1024,554,false],"covernews-medium":["https:\/\/quehacerpolitico.mx\/wp-content\/uploads\/2022\/01\/851F9774-F166-4777-B2D7-A21399933F59.jpeg",540,292,false]},"author_info":{"display_name":"Redacci\u00f3n QP","author_link":"https:\/\/quehacerpolitico.mx\/?author=2"},"category_info":"<a href=\"https:\/\/quehacerpolitico.mx\/?cat=2\" rel=\"category\">Noticias<\/a>","tag_info":"Noticias","comment_count":"0","_links":{"self":[{"href":"https:\/\/quehacerpolitico.mx\/index.php?rest_route=\/wp\/v2\/posts\/88678","targetHints":{"allow":["GET"]}}],"collection":[{"href":"https:\/\/quehacerpolitico.mx\/index.php?rest_route=\/wp\/v2\/posts"}],"about":[{"href":"https:\/\/quehacerpolitico.mx\/index.php?rest_route=\/wp\/v2\/types\/post"}],"author":[{"embeddable":true,"href":"https:\/\/quehacerpolitico.mx\/index.php?rest_route=\/wp\/v2\/users\/2"}],"replies":[{"embeddable":true,"href":"https:\/\/quehacerpolitico.mx\/index.php?rest_route=%2Fwp%2Fv2%2Fcomments&post=88678"}],"version-history":[{"count":1,"href":"https:\/\/quehacerpolitico.mx\/index.php?rest_route=\/wp\/v2\/posts\/88678\/revisions"}],"predecessor-version":[{"id":88680,"href":"https:\/\/quehacerpolitico.mx\/index.php?rest_route=\/wp\/v2\/posts\/88678\/revisions\/88680"}],"wp:featuredmedia":[{"embeddable":true,"href":"https:\/\/quehacerpolitico.mx\/index.php?rest_route=\/wp\/v2\/media\/88679"}],"wp:attachment":[{"href":"https:\/\/quehacerpolitico.mx\/index.php?rest_route=%2Fwp%2Fv2%2Fmedia&parent=88678"}],"wp:term":[{"taxonomy":"category","embeddable":true,"href":"https:\/\/quehacerpolitico.mx\/index.php?rest_route=%2Fwp%2Fv2%2Fcategories&post=88678"},{"taxonomy":"post_tag","embeddable":true,"href":"https:\/\/quehacerpolitico.mx\/index.php?rest_route=%2Fwp%2Fv2%2Ftags&post=88678"}],"curies":[{"name":"wp","href":"https:\/\/api.w.org\/{rel}","templated":true}]}}