{"id":88672,"date":"2022-01-19T16:01:14","date_gmt":"2022-01-19T16:01:14","guid":{"rendered":"https:\/\/quehacerpolitico.mx\/?p=88672"},"modified":"2022-01-19T16:01:19","modified_gmt":"2022-01-19T16:01:19","slug":"muere-gaspard-ulliel-actor-de-hannibal-el-origen-del-mal-tras-accidente-de-esqui","status":"publish","type":"post","link":"https:\/\/quehacerpolitico.mx\/?p=88672","title":{"rendered":"Muere Gaspard Ulliel, actor de \u2018Hannibal, el origen del mal\u2019, tras accidente de esqu\u00ed"},"content":{"rendered":"\n<p>Por Redacci\u00f3n QP<\/p>\n\n\n\n<p>La cadena BFM TV confirm\u00f3 que el actor no pudo recuperarse del fuerte traumatismo craneal tras chocar contra otro esquiador en la estaci\u00f3n de La Rosi\u00e8re<\/p>\n\n\n\n<ul class=\"wp-block-list\"><li>Gaspard Ulliel, de 37 a\u00f1os, tiene un hijo junto a la modelo Ga\u00eblle Pietri<\/li><li>La Fiscal\u00eda de Albertville abri\u00f3 una investigaci\u00f3n para esclarecer las causas del accidente<\/li><\/ul>\n\n\n\n<p><strong>Gaspard Ulliel<\/strong>, actor de\u00a0<strong>\u2018Hannibal, el origen del mal\u2019<\/strong>, muri\u00f3 hoy, 19 de enero de 2022, a los 37 a\u00f1os, un d\u00eda despu\u00e9s de haber sufrido un aparatoso accidente de\u00a0<strong>esqu\u00ed<\/strong>\u00a0que lo manten\u00eda hospitalizado en un estado de m\u00e1xima gravedad, confirm\u00f3 la prensa francesa.<\/p>\n\n\n\n<figure class=\"wp-block-embed is-type-video is-provider-youtube wp-block-embed-youtube wp-embed-aspect-16-9 wp-has-aspect-ratio\"><div class=\"wp-block-embed__wrapper\">\n<iframe loading=\"lazy\" title=\"\u26ab L&#039;acteur Gaspard Ulliel, 37 ans, est mort apr\u00e8s un accident de ski\" width=\"640\" height=\"360\" src=\"https:\/\/www.youtube.com\/embed\/VjqEeEqd3e8?feature=oembed\" frameborder=\"0\" allow=\"accelerometer; autoplay; clipboard-write; encrypted-media; gyroscope; picture-in-picture; web-share\" referrerpolicy=\"strict-origin-when-cross-origin\" allowfullscreen><\/iframe>\n<\/div><\/figure>\n\n\n\n<p>La cadena BFM TV, que avanz\u00f3 la noticia, confirm\u00f3 que el doble ganador del premio C\u00e9sar no pudo recuperarse del fuerte traumatismo craneal tras\u00a0<strong>chocar<\/strong>\u00a0contra otro<strong>\u00a0esquiador<\/strong>\u00a0en la estaci\u00f3n de La Rosi\u00e8re, en los\u00a0<strong>Alpes franceses<\/strong>, donde fue recuperado en helic\u00f3ptero y trasladado al hospital de Grenoble.<\/p>\n\n\n\n<p>La Fiscal\u00eda de Albertville abri\u00f3 una&nbsp;<strong>investigaci\u00f3n<\/strong>&nbsp;para esclarecer las causas del&nbsp;<strong>accidente<\/strong>, en una pista de Saboya.<\/p>\n\n\n\n<p>En un escueto comunicado a los medios, su agente confirm\u00f3 que&nbsp;<strong>Ulliel<\/strong>&nbsp;muri\u00f3 \u201cv\u00edctima de un accidente de esqu\u00ed\u201d, cuando disfrutaba de una de sus grandes pasiones en una pista azul, nombre que reciben las de nivel bajo o medio.<\/p>\n\n\n\n<p>El<strong>\u00a0actor<\/strong>\u00a0tiene un\u00a0<strong>hijo<\/strong>\u00a0de seis a\u00f1os junto a la modelo Ga\u00eblle Pietri, que hace unos d\u00edas compart\u00eda en Instagram una foto esquiando junto al peque\u00f1o.<\/p>\n\n\n\n<p>Nacido en 1984, el int\u00e9rprete recibi\u00f3 el C\u00e9sar al mejor<strong>&nbsp;actor<\/strong>&nbsp;revelaci\u00f3n con 21 a\u00f1os por su interpretaci\u00f3n en \u201cLargo domingo de noviazgo\u201d, de Jean-Pierre Jeunet, donde trabaj\u00f3 junto a Audrey Tautou y Marion Cotillard.<\/p>\n\n\n\n<p>De nuevo en 2017 fue premiado, est\u00e1 vez con el C\u00e9sar a mejor actor, por su papel en la pel\u00edcula del canadiense Xavier Dolan, \u201cSolo el fin del mundo\u201d.<\/p>\n\n\n\n<p>Era uno de los actores franceses con mayor trayectoria internacional, gracias a pel\u00edculas como&nbsp;<strong>\u201cHannibal, el origen del mal\u201d<\/strong>, donde se puso en la piel del asesino&nbsp;<strong>Hannibal Lecter<\/strong>&nbsp;en sus a\u00f1os de juventud, previamente encarnado en la trilog\u00eda de los a\u00f1os 90 por Anthony Hopkins.<\/p>\n\n\n\n<p>Est\u00e1 pendiente de estreno la serie de Marvel \u201cCaballero Luna\u201d (Moon knight), en la que participaba&nbsp;<strong>Ulliel<\/strong>.<\/p>\n\n\n\n<p>El primer ministro franc\u00e9s, Jean Castex, lament\u00f3 la tr\u00e1gica p\u00e9rdida del joven actor.<\/p>\n\n\n\n<p><em>\u201cA partir de ahora veremos con el coraz\u00f3n en un pu\u00f1o sus m\u00e1s bellas actuaciones y su particular mirada. Perdemos un actor franc\u00e9s\u201d, dijo Castex en Twitter.<\/em><\/p>\n\n\n\n<figure class=\"wp-block-embed is-type-rich is-provider-twitter wp-block-embed-twitter\"><div class=\"wp-block-embed__wrapper\">\n<blockquote class=\"twitter-tweet\" data-width=\"550\" data-dnt=\"true\"><p lang=\"fr\" dir=\"ltr\">Gaspard Ulliel a grandi avec le cin\u00e9ma et le cin\u00e9ma a grandi avec lui. Ils s&#39;aimaient \u00e9perdument.<br>C&#39;est le c\u0153ur serr\u00e9 que nous reverrons d\u00e9sormais ses plus belles interpr\u00e9tations et croiserons ce certain regard.<br>Nous perdons un acteur fran\u00e7ais. <a href=\"https:\/\/t.co\/pAi7Do3FIU\">pic.twitter.com\/pAi7Do3FIU<\/a><\/p>&mdash; Jean Castex (@JeanCASTEX) <a href=\"https:\/\/twitter.com\/JeanCASTEX\/status\/1483807611103424520?ref_src=twsrc%5Etfw\">January 19, 2022<\/a><\/blockquote><script async src=\"https:\/\/platform.twitter.com\/widgets.js\" charset=\"utf-8\"><\/script>\n<\/div><\/figure>\n\n\n\n<p>Con Informaci\u00f3n de EFE <\/p>\n","protected":false},"excerpt":{"rendered":"<p>Por Redacci\u00f3n QP La cadena BFM TV confirm\u00f3 que el actor no pudo recuperarse del&#8230;<\/p>\n","protected":false},"author":2,"featured_media":88673,"comment_status":"open","ping_status":"open","sticky":false,"template":"","format":"standard","meta":{"_monsterinsights_skip_tracking":false,"_monsterinsights_sitenote_active":false,"_monsterinsights_sitenote_note":"","_monsterinsights_sitenote_category":0,"footnotes":""},"categories":[58],"tags":[],"class_list":["post-88672","post","type-post","status-publish","format-standard","has-post-thumbnail","hentry","category-cultura"],"yoast_head":"<!-- This site is optimized with the Yoast SEO plugin v27.3 - https:\/\/yoast.com\/product\/yoast-seo-wordpress\/ -->\n<title>Muere Gaspard Ulliel, actor de \u2018Hannibal, el origen del mal\u2019, tras accidente de esqu\u00ed -<\/title>\n<meta name=\"robots\" content=\"index, follow, max-snippet:-1, max-image-preview:large, max-video-preview:-1\" \/>\n<link rel=\"canonical\" href=\"https:\/\/quehacerpolitico.mx\/?p=88672\" \/>\n<meta property=\"og:locale\" content=\"es_MX\" \/>\n<meta property=\"og:type\" content=\"article\" \/>\n<meta property=\"og:title\" content=\"Muere Gaspard Ulliel, actor de \u2018Hannibal, el origen del mal\u2019, tras accidente de esqu\u00ed -\" \/>\n<meta property=\"og:description\" content=\"Por Redacci\u00f3n QP La cadena BFM TV confirm\u00f3 que el actor no pudo recuperarse del...\" \/>\n<meta property=\"og:url\" content=\"https:\/\/quehacerpolitico.mx\/?p=88672\" \/>\n<meta property=\"article:published_time\" content=\"2022-01-19T16:01:14+00:00\" \/>\n<meta property=\"article:modified_time\" content=\"2022-01-19T16:01:19+00:00\" \/>\n<meta property=\"og:image\" content=\"https:\/\/quehacerpolitico.mx\/wp-content\/uploads\/2022\/01\/5CE06D7B-2742-4208-A7BE-704E29A65C56.jpeg\" \/>\n\t<meta property=\"og:image:width\" content=\"678\" \/>\n\t<meta property=\"og:image:height\" content=\"452\" \/>\n\t<meta property=\"og:image:type\" content=\"image\/jpeg\" \/>\n<meta name=\"author\" content=\"Redacci\u00f3n QP\" \/>\n<meta name=\"twitter:card\" content=\"summary_large_image\" \/>\n<meta name=\"twitter:label1\" content=\"Escrito por\" \/>\n\t<meta name=\"twitter:data1\" content=\"Redacci\u00f3n QP\" \/>\n\t<meta name=\"twitter:label2\" content=\"Tiempo de lectura\" \/>\n\t<meta name=\"twitter:data2\" content=\"2 minutos\" \/>\n<script type=\"application\/ld+json\" class=\"yoast-schema-graph\">{\"@context\":\"https:\\\/\\\/schema.org\",\"@graph\":[{\"@type\":\"Article\",\"@id\":\"https:\\\/\\\/quehacerpolitico.mx\\\/?p=88672#article\",\"isPartOf\":{\"@id\":\"https:\\\/\\\/quehacerpolitico.mx\\\/?p=88672\"},\"author\":{\"name\":\"Redacci\u00f3n QP\",\"@id\":\"https:\\\/\\\/quehacerpolitico.mx\\\/#\\\/schema\\\/person\\\/496d8ad2d1d3f8036101dca7ee39e585\"},\"headline\":\"Muere Gaspard Ulliel, actor de \u2018Hannibal, el origen del mal\u2019, tras accidente de esqu\u00ed\",\"datePublished\":\"2022-01-19T16:01:14+00:00\",\"dateModified\":\"2022-01-19T16:01:19+00:00\",\"mainEntityOfPage\":{\"@id\":\"https:\\\/\\\/quehacerpolitico.mx\\\/?p=88672\"},\"wordCount\":477,\"commentCount\":0,\"image\":{\"@id\":\"https:\\\/\\\/quehacerpolitico.mx\\\/?p=88672#primaryimage\"},\"thumbnailUrl\":\"https:\\\/\\\/quehacerpolitico.mx\\\/wp-content\\\/uploads\\\/2022\\\/01\\\/5CE06D7B-2742-4208-A7BE-704E29A65C56.jpeg\",\"articleSection\":[\"Cultura y Entretenimiento\"],\"inLanguage\":\"es\",\"potentialAction\":[{\"@type\":\"CommentAction\",\"name\":\"Comment\",\"target\":[\"https:\\\/\\\/quehacerpolitico.mx\\\/?p=88672#respond\"]}]},{\"@type\":\"WebPage\",\"@id\":\"https:\\\/\\\/quehacerpolitico.mx\\\/?p=88672\",\"url\":\"https:\\\/\\\/quehacerpolitico.mx\\\/?p=88672\",\"name\":\"Muere Gaspard Ulliel, actor de \u2018Hannibal, el origen del mal\u2019, tras accidente de esqu\u00ed -\",\"isPartOf\":{\"@id\":\"https:\\\/\\\/quehacerpolitico.mx\\\/#website\"},\"primaryImageOfPage\":{\"@id\":\"https:\\\/\\\/quehacerpolitico.mx\\\/?p=88672#primaryimage\"},\"image\":{\"@id\":\"https:\\\/\\\/quehacerpolitico.mx\\\/?p=88672#primaryimage\"},\"thumbnailUrl\":\"https:\\\/\\\/quehacerpolitico.mx\\\/wp-content\\\/uploads\\\/2022\\\/01\\\/5CE06D7B-2742-4208-A7BE-704E29A65C56.jpeg\",\"datePublished\":\"2022-01-19T16:01:14+00:00\",\"dateModified\":\"2022-01-19T16:01:19+00:00\",\"author\":{\"@id\":\"https:\\\/\\\/quehacerpolitico.mx\\\/#\\\/schema\\\/person\\\/496d8ad2d1d3f8036101dca7ee39e585\"},\"breadcrumb\":{\"@id\":\"https:\\\/\\\/quehacerpolitico.mx\\\/?p=88672#breadcrumb\"},\"inLanguage\":\"es\",\"potentialAction\":[{\"@type\":\"ReadAction\",\"target\":[\"https:\\\/\\\/quehacerpolitico.mx\\\/?p=88672\"]}]},{\"@type\":\"ImageObject\",\"inLanguage\":\"es\",\"@id\":\"https:\\\/\\\/quehacerpolitico.mx\\\/?p=88672#primaryimage\",\"url\":\"https:\\\/\\\/quehacerpolitico.mx\\\/wp-content\\\/uploads\\\/2022\\\/01\\\/5CE06D7B-2742-4208-A7BE-704E29A65C56.jpeg\",\"contentUrl\":\"https:\\\/\\\/quehacerpolitico.mx\\\/wp-content\\\/uploads\\\/2022\\\/01\\\/5CE06D7B-2742-4208-A7BE-704E29A65C56.jpeg\",\"width\":678,\"height\":452},{\"@type\":\"BreadcrumbList\",\"@id\":\"https:\\\/\\\/quehacerpolitico.mx\\\/?p=88672#breadcrumb\",\"itemListElement\":[{\"@type\":\"ListItem\",\"position\":1,\"name\":\"Inicio\",\"item\":\"https:\\\/\\\/quehacerpolitico.mx\\\/\"},{\"@type\":\"ListItem\",\"position\":2,\"name\":\"Muere Gaspard Ulliel, actor de \u2018Hannibal, el origen del mal\u2019, tras accidente de esqu\u00ed\"}]},{\"@type\":\"WebSite\",\"@id\":\"https:\\\/\\\/quehacerpolitico.mx\\\/#website\",\"url\":\"https:\\\/\\\/quehacerpolitico.mx\\\/\",\"name\":\"\",\"description\":\"\",\"potentialAction\":[{\"@type\":\"SearchAction\",\"target\":{\"@type\":\"EntryPoint\",\"urlTemplate\":\"https:\\\/\\\/quehacerpolitico.mx\\\/?s={search_term_string}\"},\"query-input\":{\"@type\":\"PropertyValueSpecification\",\"valueRequired\":true,\"valueName\":\"search_term_string\"}}],\"inLanguage\":\"es\"},{\"@type\":\"Person\",\"@id\":\"https:\\\/\\\/quehacerpolitico.mx\\\/#\\\/schema\\\/person\\\/496d8ad2d1d3f8036101dca7ee39e585\",\"name\":\"Redacci\u00f3n QP\",\"image\":{\"@type\":\"ImageObject\",\"inLanguage\":\"es\",\"@id\":\"https:\\\/\\\/secure.gravatar.com\\\/avatar\\\/c7164ed6fdec453195284ad24a5ae5b6e1eed2b848477fa2a4787ba9adf39a41?s=96&d=mm&r=g\",\"url\":\"https:\\\/\\\/secure.gravatar.com\\\/avatar\\\/c7164ed6fdec453195284ad24a5ae5b6e1eed2b848477fa2a4787ba9adf39a41?s=96&d=mm&r=g\",\"contentUrl\":\"https:\\\/\\\/secure.gravatar.com\\\/avatar\\\/c7164ed6fdec453195284ad24a5ae5b6e1eed2b848477fa2a4787ba9adf39a41?s=96&d=mm&r=g\",\"caption\":\"Redacci\u00f3n QP\"},\"url\":\"https:\\\/\\\/quehacerpolitico.mx\\\/?author=2\"}]}<\/script>\n<!-- \/ Yoast SEO plugin. -->","yoast_head_json":{"title":"Muere Gaspard Ulliel, actor de \u2018Hannibal, el origen del mal\u2019, tras accidente de esqu\u00ed -","robots":{"index":"index","follow":"follow","max-snippet":"max-snippet:-1","max-image-preview":"max-image-preview:large","max-video-preview":"max-video-preview:-1"},"canonical":"https:\/\/quehacerpolitico.mx\/?p=88672","og_locale":"es_MX","og_type":"article","og_title":"Muere Gaspard Ulliel, actor de \u2018Hannibal, el origen del mal\u2019, tras accidente de esqu\u00ed -","og_description":"Por Redacci\u00f3n QP La cadena BFM TV confirm\u00f3 que el actor no pudo recuperarse del...","og_url":"https:\/\/quehacerpolitico.mx\/?p=88672","article_published_time":"2022-01-19T16:01:14+00:00","article_modified_time":"2022-01-19T16:01:19+00:00","og_image":[{"width":678,"height":452,"url":"https:\/\/quehacerpolitico.mx\/wp-content\/uploads\/2022\/01\/5CE06D7B-2742-4208-A7BE-704E29A65C56.jpeg","type":"image\/jpeg"}],"author":"Redacci\u00f3n QP","twitter_card":"summary_large_image","twitter_misc":{"Escrito por":"Redacci\u00f3n QP","Tiempo de lectura":"2 minutos"},"schema":{"@context":"https:\/\/schema.org","@graph":[{"@type":"Article","@id":"https:\/\/quehacerpolitico.mx\/?p=88672#article","isPartOf":{"@id":"https:\/\/quehacerpolitico.mx\/?p=88672"},"author":{"name":"Redacci\u00f3n QP","@id":"https:\/\/quehacerpolitico.mx\/#\/schema\/person\/496d8ad2d1d3f8036101dca7ee39e585"},"headline":"Muere Gaspard Ulliel, actor de \u2018Hannibal, el origen del mal\u2019, tras accidente de esqu\u00ed","datePublished":"2022-01-19T16:01:14+00:00","dateModified":"2022-01-19T16:01:19+00:00","mainEntityOfPage":{"@id":"https:\/\/quehacerpolitico.mx\/?p=88672"},"wordCount":477,"commentCount":0,"image":{"@id":"https:\/\/quehacerpolitico.mx\/?p=88672#primaryimage"},"thumbnailUrl":"https:\/\/quehacerpolitico.mx\/wp-content\/uploads\/2022\/01\/5CE06D7B-2742-4208-A7BE-704E29A65C56.jpeg","articleSection":["Cultura y Entretenimiento"],"inLanguage":"es","potentialAction":[{"@type":"CommentAction","name":"Comment","target":["https:\/\/quehacerpolitico.mx\/?p=88672#respond"]}]},{"@type":"WebPage","@id":"https:\/\/quehacerpolitico.mx\/?p=88672","url":"https:\/\/quehacerpolitico.mx\/?p=88672","name":"Muere Gaspard Ulliel, actor de \u2018Hannibal, el origen del mal\u2019, tras accidente de esqu\u00ed -","isPartOf":{"@id":"https:\/\/quehacerpolitico.mx\/#website"},"primaryImageOfPage":{"@id":"https:\/\/quehacerpolitico.mx\/?p=88672#primaryimage"},"image":{"@id":"https:\/\/quehacerpolitico.mx\/?p=88672#primaryimage"},"thumbnailUrl":"https:\/\/quehacerpolitico.mx\/wp-content\/uploads\/2022\/01\/5CE06D7B-2742-4208-A7BE-704E29A65C56.jpeg","datePublished":"2022-01-19T16:01:14+00:00","dateModified":"2022-01-19T16:01:19+00:00","author":{"@id":"https:\/\/quehacerpolitico.mx\/#\/schema\/person\/496d8ad2d1d3f8036101dca7ee39e585"},"breadcrumb":{"@id":"https:\/\/quehacerpolitico.mx\/?p=88672#breadcrumb"},"inLanguage":"es","potentialAction":[{"@type":"ReadAction","target":["https:\/\/quehacerpolitico.mx\/?p=88672"]}]},{"@type":"ImageObject","inLanguage":"es","@id":"https:\/\/quehacerpolitico.mx\/?p=88672#primaryimage","url":"https:\/\/quehacerpolitico.mx\/wp-content\/uploads\/2022\/01\/5CE06D7B-2742-4208-A7BE-704E29A65C56.jpeg","contentUrl":"https:\/\/quehacerpolitico.mx\/wp-content\/uploads\/2022\/01\/5CE06D7B-2742-4208-A7BE-704E29A65C56.jpeg","width":678,"height":452},{"@type":"BreadcrumbList","@id":"https:\/\/quehacerpolitico.mx\/?p=88672#breadcrumb","itemListElement":[{"@type":"ListItem","position":1,"name":"Inicio","item":"https:\/\/quehacerpolitico.mx\/"},{"@type":"ListItem","position":2,"name":"Muere Gaspard Ulliel, actor de \u2018Hannibal, el origen del mal\u2019, tras accidente de esqu\u00ed"}]},{"@type":"WebSite","@id":"https:\/\/quehacerpolitico.mx\/#website","url":"https:\/\/quehacerpolitico.mx\/","name":"","description":"","potentialAction":[{"@type":"SearchAction","target":{"@type":"EntryPoint","urlTemplate":"https:\/\/quehacerpolitico.mx\/?s={search_term_string}"},"query-input":{"@type":"PropertyValueSpecification","valueRequired":true,"valueName":"search_term_string"}}],"inLanguage":"es"},{"@type":"Person","@id":"https:\/\/quehacerpolitico.mx\/#\/schema\/person\/496d8ad2d1d3f8036101dca7ee39e585","name":"Redacci\u00f3n QP","image":{"@type":"ImageObject","inLanguage":"es","@id":"https:\/\/secure.gravatar.com\/avatar\/c7164ed6fdec453195284ad24a5ae5b6e1eed2b848477fa2a4787ba9adf39a41?s=96&d=mm&r=g","url":"https:\/\/secure.gravatar.com\/avatar\/c7164ed6fdec453195284ad24a5ae5b6e1eed2b848477fa2a4787ba9adf39a41?s=96&d=mm&r=g","contentUrl":"https:\/\/secure.gravatar.com\/avatar\/c7164ed6fdec453195284ad24a5ae5b6e1eed2b848477fa2a4787ba9adf39a41?s=96&d=mm&r=g","caption":"Redacci\u00f3n QP"},"url":"https:\/\/quehacerpolitico.mx\/?author=2"}]}},"featured_image_urls":{"full":["https:\/\/quehacerpolitico.mx\/wp-content\/uploads\/2022\/01\/5CE06D7B-2742-4208-A7BE-704E29A65C56.jpeg",678,452,false],"thumbnail":["https:\/\/quehacerpolitico.mx\/wp-content\/uploads\/2022\/01\/5CE06D7B-2742-4208-A7BE-704E29A65C56-150x150.jpeg",150,150,true],"medium":["https:\/\/quehacerpolitico.mx\/wp-content\/uploads\/2022\/01\/5CE06D7B-2742-4208-A7BE-704E29A65C56-300x200.jpeg",300,200,true],"medium_large":["https:\/\/quehacerpolitico.mx\/wp-content\/uploads\/2022\/01\/5CE06D7B-2742-4208-A7BE-704E29A65C56.jpeg",640,427,false],"large":["https:\/\/quehacerpolitico.mx\/wp-content\/uploads\/2022\/01\/5CE06D7B-2742-4208-A7BE-704E29A65C56.jpeg",640,427,false],"1536x1536":["https:\/\/quehacerpolitico.mx\/wp-content\/uploads\/2022\/01\/5CE06D7B-2742-4208-A7BE-704E29A65C56.jpeg",678,452,false],"2048x2048":["https:\/\/quehacerpolitico.mx\/wp-content\/uploads\/2022\/01\/5CE06D7B-2742-4208-A7BE-704E29A65C56.jpeg",678,452,false],"covernews-featured":["https:\/\/quehacerpolitico.mx\/wp-content\/uploads\/2022\/01\/5CE06D7B-2742-4208-A7BE-704E29A65C56.jpeg",678,452,false],"covernews-medium":["https:\/\/quehacerpolitico.mx\/wp-content\/uploads\/2022\/01\/5CE06D7B-2742-4208-A7BE-704E29A65C56.jpeg",510,340,false]},"author_info":{"display_name":"Redacci\u00f3n QP","author_link":"https:\/\/quehacerpolitico.mx\/?author=2"},"category_info":"<a href=\"https:\/\/quehacerpolitico.mx\/?cat=58\" rel=\"category\">Cultura y Entretenimiento<\/a>","tag_info":"Cultura y Entretenimiento","comment_count":"0","_links":{"self":[{"href":"https:\/\/quehacerpolitico.mx\/index.php?rest_route=\/wp\/v2\/posts\/88672","targetHints":{"allow":["GET"]}}],"collection":[{"href":"https:\/\/quehacerpolitico.mx\/index.php?rest_route=\/wp\/v2\/posts"}],"about":[{"href":"https:\/\/quehacerpolitico.mx\/index.php?rest_route=\/wp\/v2\/types\/post"}],"author":[{"embeddable":true,"href":"https:\/\/quehacerpolitico.mx\/index.php?rest_route=\/wp\/v2\/users\/2"}],"replies":[{"embeddable":true,"href":"https:\/\/quehacerpolitico.mx\/index.php?rest_route=%2Fwp%2Fv2%2Fcomments&post=88672"}],"version-history":[{"count":1,"href":"https:\/\/quehacerpolitico.mx\/index.php?rest_route=\/wp\/v2\/posts\/88672\/revisions"}],"predecessor-version":[{"id":88674,"href":"https:\/\/quehacerpolitico.mx\/index.php?rest_route=\/wp\/v2\/posts\/88672\/revisions\/88674"}],"wp:featuredmedia":[{"embeddable":true,"href":"https:\/\/quehacerpolitico.mx\/index.php?rest_route=\/wp\/v2\/media\/88673"}],"wp:attachment":[{"href":"https:\/\/quehacerpolitico.mx\/index.php?rest_route=%2Fwp%2Fv2%2Fmedia&parent=88672"}],"wp:term":[{"taxonomy":"category","embeddable":true,"href":"https:\/\/quehacerpolitico.mx\/index.php?rest_route=%2Fwp%2Fv2%2Fcategories&post=88672"},{"taxonomy":"post_tag","embeddable":true,"href":"https:\/\/quehacerpolitico.mx\/index.php?rest_route=%2Fwp%2Fv2%2Ftags&post=88672"}],"curies":[{"name":"wp","href":"https:\/\/api.w.org\/{rel}","templated":true}]}}