{"id":88656,"date":"2022-01-19T04:44:10","date_gmt":"2022-01-19T04:44:10","guid":{"rendered":"https:\/\/quehacerpolitico.mx\/?p=88656"},"modified":"2022-01-19T04:44:12","modified_gmt":"2022-01-19T04:44:12","slug":"dif-nacional-investiga-a-mariana-rodriguez-y-samuel-garcia-por-adopcion-de-bebe","status":"publish","type":"post","link":"https:\/\/quehacerpolitico.mx\/?p=88656","title":{"rendered":"DIF Nacional investiga a Mariana Rodr\u00edguez y Samuel Garc\u00eda por adopci\u00f3n de beb\u00e9"},"content":{"rendered":"\n<p>Por Redacci\u00f3n QP<\/p>\n\n\n\n<p>Luego de que la pareja difundiera en redes sociales fotograf\u00edas con un beb\u00e9 que adopt\u00f3 por un fin de semana en Nuevo Le\u00f3n<\/p>\n\n\n\n<p>La Procuradur\u00eda Federal de Protecci\u00f3n de Ni\u00f1as, Ni\u00f1os y Adolescentes (PFPNNA) del DIF Nacional inform\u00f3 que inici\u00f3 una investigaci\u00f3n contra\u00a0<strong>Samuel Garc\u00eda, gobernador de Nuevo Le\u00f3n,\u00a0y su esposa Mariana Rodr\u00edguez<\/strong>\u00a0luego de que difundieran en redes sociales que adoptaron durante un fin de semana a\u00a0un beb\u00e9 del DIF de ese Estado.<\/p>\n\n\n\n<figure class=\"wp-block-image size-full\"><img loading=\"lazy\" decoding=\"async\" width=\"402\" height=\"687\" src=\"https:\/\/quehacerpolitico.mx\/wp-content\/uploads\/2022\/01\/image-75.jpeg\" alt=\"\" class=\"wp-image-88658\" srcset=\"https:\/\/quehacerpolitico.mx\/wp-content\/uploads\/2022\/01\/image-75.jpeg 402w, https:\/\/quehacerpolitico.mx\/wp-content\/uploads\/2022\/01\/image-75-176x300.jpeg 176w, https:\/\/quehacerpolitico.mx\/wp-content\/uploads\/2022\/01\/image-75-85x146.jpeg 85w, https:\/\/quehacerpolitico.mx\/wp-content\/uploads\/2022\/01\/image-75-29x50.jpeg 29w, https:\/\/quehacerpolitico.mx\/wp-content\/uploads\/2022\/01\/image-75-44x75.jpeg 44w\" sizes=\"auto, (max-width: 402px) 100vw, 402px\" \/><\/figure>\n\n\n\n<p>Por medio de un comunicado, la dependencia a\u00f1adi\u00f3 que &#8220;existe una clara vulneraci\u00f3n de derechos (a la intimidad y\u00a0a la protecci\u00f3n de datos personales), reconocidos en la Ley General de los Derechos de Ni\u00f1as, Ni\u00f1os y Adolescentes, cuya observancia es obligatoria en todo el pa\u00eds&#8221;.<\/p>\n\n\n\n<figure class=\"wp-block-embed is-type-video is-provider-youtube wp-block-embed-youtube wp-embed-aspect-16-9 wp-has-aspect-ratio\"><div class=\"wp-block-embed__wrapper\">\n<iframe loading=\"lazy\" title=\"DIF investiga a Samuel Garc\u00eda y Mariana Rodr\u00edguez por &quot;adopci\u00f3n&quot; de beb\u00e9\" width=\"640\" height=\"360\" src=\"https:\/\/www.youtube.com\/embed\/Tw_4NYw-Ysg?feature=oembed\" frameborder=\"0\" allow=\"accelerometer; autoplay; clipboard-write; encrypted-media; gyroscope; picture-in-picture; web-share\" referrerpolicy=\"strict-origin-when-cross-origin\" allowfullscreen><\/iframe>\n<\/div><\/figure>\n\n\n\n<p>Refiri\u00f3 que fue incorrecto mostrar\u00a0en un video el rostro\u00a0del ni\u00f1o de\u00a0<strong>cinco meses de edad<\/strong>, revelar su nombre\u00a0y los problemas de salud que enfrenta.<\/p>\n\n\n\n<p>&#8220;Desde el s\u00e1bado 15 de enero, la PFPNNA requiri\u00f3 mediante oficio a la Procuradur\u00eda de Protecci\u00f3n de Ni\u00f1as, Ni\u00f1os y Adolescentes de Nuevo Le\u00f3n informaci\u00f3n\u00a0sobre el supuesto &#8216;proceso de adopci\u00f3n por un fin de semana&#8217;\u00a0o alg\u00fan otro medio alternativo de cuidado familiar que justifique que el ni\u00f1o quedara bajo el cuidado del citado matrimonio.\u00a0Se otorg\u00f3 un plazo de 72 horas a la Procuradur\u00eda Estatal de Protecci\u00f3n de Ni\u00f1as, Ni\u00f1os y Adolescentes para remitir la informaci\u00f3n solicitada, por lo que una vez recibida y realizado el an\u00e1lisis respectivo, se determinar\u00e1n las medidas que resulten procedentes&#8221;, se detall\u00f3.<\/p>\n\n\n\n<p>Se aclar\u00f3 que&nbsp;&#8220;la legislaci\u00f3n vigente en M\u00e9xico establece que&nbsp;la adopci\u00f3n es un medio alternativo de cuidado familiar definitivo, por lo que<strong>&nbsp;no existen adopciones temporales<\/strong>&#8220;.<\/p>\n","protected":false},"excerpt":{"rendered":"<p>Por Redacci\u00f3n QP Luego de que la pareja difundiera en redes sociales fotograf\u00edas con un&#8230;<\/p>\n","protected":false},"author":2,"featured_media":88657,"comment_status":"open","ping_status":"open","sticky":false,"template":"","format":"standard","meta":{"_monsterinsights_skip_tracking":false,"_monsterinsights_sitenote_active":false,"_monsterinsights_sitenote_note":"","_monsterinsights_sitenote_category":0,"footnotes":""},"categories":[2],"tags":[],"class_list":["post-88656","post","type-post","status-publish","format-standard","has-post-thumbnail","hentry","category-noticias"],"yoast_head":"<!-- This site is optimized with the Yoast SEO plugin v27.3 - https:\/\/yoast.com\/product\/yoast-seo-wordpress\/ -->\n<title>DIF Nacional investiga a Mariana Rodr\u00edguez y Samuel Garc\u00eda por adopci\u00f3n de beb\u00e9 -<\/title>\n<meta name=\"robots\" content=\"index, follow, max-snippet:-1, max-image-preview:large, max-video-preview:-1\" \/>\n<link rel=\"canonical\" href=\"https:\/\/quehacerpolitico.mx\/?p=88656\" \/>\n<meta property=\"og:locale\" content=\"es_MX\" \/>\n<meta property=\"og:type\" content=\"article\" \/>\n<meta property=\"og:title\" content=\"DIF Nacional investiga a Mariana Rodr\u00edguez y Samuel Garc\u00eda por adopci\u00f3n de beb\u00e9 -\" \/>\n<meta property=\"og:description\" content=\"Por Redacci\u00f3n QP Luego de que la pareja difundiera en redes sociales fotograf\u00edas con un...\" \/>\n<meta property=\"og:url\" content=\"https:\/\/quehacerpolitico.mx\/?p=88656\" \/>\n<meta property=\"article:published_time\" content=\"2022-01-19T04:44:10+00:00\" \/>\n<meta property=\"article:modified_time\" content=\"2022-01-19T04:44:12+00:00\" \/>\n<meta property=\"og:image\" content=\"https:\/\/quehacerpolitico.mx\/wp-content\/uploads\/2022\/01\/A0FAF626-DC85-4CE9-96D4-344CA48DC4BC.jpeg\" \/>\n\t<meta property=\"og:image:width\" content=\"1085\" \/>\n\t<meta property=\"og:image:height\" content=\"694\" \/>\n\t<meta property=\"og:image:type\" content=\"image\/jpeg\" \/>\n<meta name=\"author\" content=\"Redacci\u00f3n QP\" \/>\n<meta name=\"twitter:card\" content=\"summary_large_image\" \/>\n<meta name=\"twitter:label1\" content=\"Escrito por\" \/>\n\t<meta name=\"twitter:data1\" content=\"Redacci\u00f3n QP\" \/>\n\t<meta name=\"twitter:label2\" content=\"Tiempo de lectura\" \/>\n\t<meta name=\"twitter:data2\" content=\"2 minutos\" \/>\n<script type=\"application\/ld+json\" class=\"yoast-schema-graph\">{\"@context\":\"https:\\\/\\\/schema.org\",\"@graph\":[{\"@type\":\"Article\",\"@id\":\"https:\\\/\\\/quehacerpolitico.mx\\\/?p=88656#article\",\"isPartOf\":{\"@id\":\"https:\\\/\\\/quehacerpolitico.mx\\\/?p=88656\"},\"author\":{\"name\":\"Redacci\u00f3n QP\",\"@id\":\"https:\\\/\\\/quehacerpolitico.mx\\\/#\\\/schema\\\/person\\\/496d8ad2d1d3f8036101dca7ee39e585\"},\"headline\":\"DIF Nacional investiga a Mariana Rodr\u00edguez y Samuel Garc\u00eda por adopci\u00f3n de beb\u00e9\",\"datePublished\":\"2022-01-19T04:44:10+00:00\",\"dateModified\":\"2022-01-19T04:44:12+00:00\",\"mainEntityOfPage\":{\"@id\":\"https:\\\/\\\/quehacerpolitico.mx\\\/?p=88656\"},\"wordCount\":338,\"commentCount\":0,\"image\":{\"@id\":\"https:\\\/\\\/quehacerpolitico.mx\\\/?p=88656#primaryimage\"},\"thumbnailUrl\":\"https:\\\/\\\/quehacerpolitico.mx\\\/wp-content\\\/uploads\\\/2022\\\/01\\\/A0FAF626-DC85-4CE9-96D4-344CA48DC4BC.jpeg\",\"articleSection\":[\"Noticias\"],\"inLanguage\":\"es\",\"potentialAction\":[{\"@type\":\"CommentAction\",\"name\":\"Comment\",\"target\":[\"https:\\\/\\\/quehacerpolitico.mx\\\/?p=88656#respond\"]}]},{\"@type\":\"WebPage\",\"@id\":\"https:\\\/\\\/quehacerpolitico.mx\\\/?p=88656\",\"url\":\"https:\\\/\\\/quehacerpolitico.mx\\\/?p=88656\",\"name\":\"DIF Nacional investiga a Mariana Rodr\u00edguez y Samuel Garc\u00eda por adopci\u00f3n de beb\u00e9 -\",\"isPartOf\":{\"@id\":\"https:\\\/\\\/quehacerpolitico.mx\\\/#website\"},\"primaryImageOfPage\":{\"@id\":\"https:\\\/\\\/quehacerpolitico.mx\\\/?p=88656#primaryimage\"},\"image\":{\"@id\":\"https:\\\/\\\/quehacerpolitico.mx\\\/?p=88656#primaryimage\"},\"thumbnailUrl\":\"https:\\\/\\\/quehacerpolitico.mx\\\/wp-content\\\/uploads\\\/2022\\\/01\\\/A0FAF626-DC85-4CE9-96D4-344CA48DC4BC.jpeg\",\"datePublished\":\"2022-01-19T04:44:10+00:00\",\"dateModified\":\"2022-01-19T04:44:12+00:00\",\"author\":{\"@id\":\"https:\\\/\\\/quehacerpolitico.mx\\\/#\\\/schema\\\/person\\\/496d8ad2d1d3f8036101dca7ee39e585\"},\"breadcrumb\":{\"@id\":\"https:\\\/\\\/quehacerpolitico.mx\\\/?p=88656#breadcrumb\"},\"inLanguage\":\"es\",\"potentialAction\":[{\"@type\":\"ReadAction\",\"target\":[\"https:\\\/\\\/quehacerpolitico.mx\\\/?p=88656\"]}]},{\"@type\":\"ImageObject\",\"inLanguage\":\"es\",\"@id\":\"https:\\\/\\\/quehacerpolitico.mx\\\/?p=88656#primaryimage\",\"url\":\"https:\\\/\\\/quehacerpolitico.mx\\\/wp-content\\\/uploads\\\/2022\\\/01\\\/A0FAF626-DC85-4CE9-96D4-344CA48DC4BC.jpeg\",\"contentUrl\":\"https:\\\/\\\/quehacerpolitico.mx\\\/wp-content\\\/uploads\\\/2022\\\/01\\\/A0FAF626-DC85-4CE9-96D4-344CA48DC4BC.jpeg\",\"width\":1085,\"height\":694},{\"@type\":\"BreadcrumbList\",\"@id\":\"https:\\\/\\\/quehacerpolitico.mx\\\/?p=88656#breadcrumb\",\"itemListElement\":[{\"@type\":\"ListItem\",\"position\":1,\"name\":\"Inicio\",\"item\":\"https:\\\/\\\/quehacerpolitico.mx\\\/\"},{\"@type\":\"ListItem\",\"position\":2,\"name\":\"DIF Nacional investiga a Mariana Rodr\u00edguez y Samuel Garc\u00eda por adopci\u00f3n de beb\u00e9\"}]},{\"@type\":\"WebSite\",\"@id\":\"https:\\\/\\\/quehacerpolitico.mx\\\/#website\",\"url\":\"https:\\\/\\\/quehacerpolitico.mx\\\/\",\"name\":\"\",\"description\":\"\",\"potentialAction\":[{\"@type\":\"SearchAction\",\"target\":{\"@type\":\"EntryPoint\",\"urlTemplate\":\"https:\\\/\\\/quehacerpolitico.mx\\\/?s={search_term_string}\"},\"query-input\":{\"@type\":\"PropertyValueSpecification\",\"valueRequired\":true,\"valueName\":\"search_term_string\"}}],\"inLanguage\":\"es\"},{\"@type\":\"Person\",\"@id\":\"https:\\\/\\\/quehacerpolitico.mx\\\/#\\\/schema\\\/person\\\/496d8ad2d1d3f8036101dca7ee39e585\",\"name\":\"Redacci\u00f3n QP\",\"image\":{\"@type\":\"ImageObject\",\"inLanguage\":\"es\",\"@id\":\"https:\\\/\\\/secure.gravatar.com\\\/avatar\\\/c7164ed6fdec453195284ad24a5ae5b6e1eed2b848477fa2a4787ba9adf39a41?s=96&d=mm&r=g\",\"url\":\"https:\\\/\\\/secure.gravatar.com\\\/avatar\\\/c7164ed6fdec453195284ad24a5ae5b6e1eed2b848477fa2a4787ba9adf39a41?s=96&d=mm&r=g\",\"contentUrl\":\"https:\\\/\\\/secure.gravatar.com\\\/avatar\\\/c7164ed6fdec453195284ad24a5ae5b6e1eed2b848477fa2a4787ba9adf39a41?s=96&d=mm&r=g\",\"caption\":\"Redacci\u00f3n QP\"},\"url\":\"https:\\\/\\\/quehacerpolitico.mx\\\/?author=2\"}]}<\/script>\n<!-- \/ Yoast SEO plugin. -->","yoast_head_json":{"title":"DIF Nacional investiga a Mariana Rodr\u00edguez y Samuel Garc\u00eda por adopci\u00f3n de beb\u00e9 -","robots":{"index":"index","follow":"follow","max-snippet":"max-snippet:-1","max-image-preview":"max-image-preview:large","max-video-preview":"max-video-preview:-1"},"canonical":"https:\/\/quehacerpolitico.mx\/?p=88656","og_locale":"es_MX","og_type":"article","og_title":"DIF Nacional investiga a Mariana Rodr\u00edguez y Samuel Garc\u00eda por adopci\u00f3n de beb\u00e9 -","og_description":"Por Redacci\u00f3n QP Luego de que la pareja difundiera en redes sociales fotograf\u00edas con un...","og_url":"https:\/\/quehacerpolitico.mx\/?p=88656","article_published_time":"2022-01-19T04:44:10+00:00","article_modified_time":"2022-01-19T04:44:12+00:00","og_image":[{"width":1085,"height":694,"url":"https:\/\/quehacerpolitico.mx\/wp-content\/uploads\/2022\/01\/A0FAF626-DC85-4CE9-96D4-344CA48DC4BC.jpeg","type":"image\/jpeg"}],"author":"Redacci\u00f3n QP","twitter_card":"summary_large_image","twitter_misc":{"Escrito por":"Redacci\u00f3n QP","Tiempo de lectura":"2 minutos"},"schema":{"@context":"https:\/\/schema.org","@graph":[{"@type":"Article","@id":"https:\/\/quehacerpolitico.mx\/?p=88656#article","isPartOf":{"@id":"https:\/\/quehacerpolitico.mx\/?p=88656"},"author":{"name":"Redacci\u00f3n QP","@id":"https:\/\/quehacerpolitico.mx\/#\/schema\/person\/496d8ad2d1d3f8036101dca7ee39e585"},"headline":"DIF Nacional investiga a Mariana Rodr\u00edguez y Samuel Garc\u00eda por adopci\u00f3n de beb\u00e9","datePublished":"2022-01-19T04:44:10+00:00","dateModified":"2022-01-19T04:44:12+00:00","mainEntityOfPage":{"@id":"https:\/\/quehacerpolitico.mx\/?p=88656"},"wordCount":338,"commentCount":0,"image":{"@id":"https:\/\/quehacerpolitico.mx\/?p=88656#primaryimage"},"thumbnailUrl":"https:\/\/quehacerpolitico.mx\/wp-content\/uploads\/2022\/01\/A0FAF626-DC85-4CE9-96D4-344CA48DC4BC.jpeg","articleSection":["Noticias"],"inLanguage":"es","potentialAction":[{"@type":"CommentAction","name":"Comment","target":["https:\/\/quehacerpolitico.mx\/?p=88656#respond"]}]},{"@type":"WebPage","@id":"https:\/\/quehacerpolitico.mx\/?p=88656","url":"https:\/\/quehacerpolitico.mx\/?p=88656","name":"DIF Nacional investiga a Mariana Rodr\u00edguez y Samuel Garc\u00eda por adopci\u00f3n de beb\u00e9 -","isPartOf":{"@id":"https:\/\/quehacerpolitico.mx\/#website"},"primaryImageOfPage":{"@id":"https:\/\/quehacerpolitico.mx\/?p=88656#primaryimage"},"image":{"@id":"https:\/\/quehacerpolitico.mx\/?p=88656#primaryimage"},"thumbnailUrl":"https:\/\/quehacerpolitico.mx\/wp-content\/uploads\/2022\/01\/A0FAF626-DC85-4CE9-96D4-344CA48DC4BC.jpeg","datePublished":"2022-01-19T04:44:10+00:00","dateModified":"2022-01-19T04:44:12+00:00","author":{"@id":"https:\/\/quehacerpolitico.mx\/#\/schema\/person\/496d8ad2d1d3f8036101dca7ee39e585"},"breadcrumb":{"@id":"https:\/\/quehacerpolitico.mx\/?p=88656#breadcrumb"},"inLanguage":"es","potentialAction":[{"@type":"ReadAction","target":["https:\/\/quehacerpolitico.mx\/?p=88656"]}]},{"@type":"ImageObject","inLanguage":"es","@id":"https:\/\/quehacerpolitico.mx\/?p=88656#primaryimage","url":"https:\/\/quehacerpolitico.mx\/wp-content\/uploads\/2022\/01\/A0FAF626-DC85-4CE9-96D4-344CA48DC4BC.jpeg","contentUrl":"https:\/\/quehacerpolitico.mx\/wp-content\/uploads\/2022\/01\/A0FAF626-DC85-4CE9-96D4-344CA48DC4BC.jpeg","width":1085,"height":694},{"@type":"BreadcrumbList","@id":"https:\/\/quehacerpolitico.mx\/?p=88656#breadcrumb","itemListElement":[{"@type":"ListItem","position":1,"name":"Inicio","item":"https:\/\/quehacerpolitico.mx\/"},{"@type":"ListItem","position":2,"name":"DIF Nacional investiga a Mariana Rodr\u00edguez y Samuel Garc\u00eda por adopci\u00f3n de beb\u00e9"}]},{"@type":"WebSite","@id":"https:\/\/quehacerpolitico.mx\/#website","url":"https:\/\/quehacerpolitico.mx\/","name":"","description":"","potentialAction":[{"@type":"SearchAction","target":{"@type":"EntryPoint","urlTemplate":"https:\/\/quehacerpolitico.mx\/?s={search_term_string}"},"query-input":{"@type":"PropertyValueSpecification","valueRequired":true,"valueName":"search_term_string"}}],"inLanguage":"es"},{"@type":"Person","@id":"https:\/\/quehacerpolitico.mx\/#\/schema\/person\/496d8ad2d1d3f8036101dca7ee39e585","name":"Redacci\u00f3n QP","image":{"@type":"ImageObject","inLanguage":"es","@id":"https:\/\/secure.gravatar.com\/avatar\/c7164ed6fdec453195284ad24a5ae5b6e1eed2b848477fa2a4787ba9adf39a41?s=96&d=mm&r=g","url":"https:\/\/secure.gravatar.com\/avatar\/c7164ed6fdec453195284ad24a5ae5b6e1eed2b848477fa2a4787ba9adf39a41?s=96&d=mm&r=g","contentUrl":"https:\/\/secure.gravatar.com\/avatar\/c7164ed6fdec453195284ad24a5ae5b6e1eed2b848477fa2a4787ba9adf39a41?s=96&d=mm&r=g","caption":"Redacci\u00f3n QP"},"url":"https:\/\/quehacerpolitico.mx\/?author=2"}]}},"featured_image_urls":{"full":["https:\/\/quehacerpolitico.mx\/wp-content\/uploads\/2022\/01\/A0FAF626-DC85-4CE9-96D4-344CA48DC4BC.jpeg",1085,694,false],"thumbnail":["https:\/\/quehacerpolitico.mx\/wp-content\/uploads\/2022\/01\/A0FAF626-DC85-4CE9-96D4-344CA48DC4BC-150x150.jpeg",150,150,true],"medium":["https:\/\/quehacerpolitico.mx\/wp-content\/uploads\/2022\/01\/A0FAF626-DC85-4CE9-96D4-344CA48DC4BC-300x192.jpeg",300,192,true],"medium_large":["https:\/\/quehacerpolitico.mx\/wp-content\/uploads\/2022\/01\/A0FAF626-DC85-4CE9-96D4-344CA48DC4BC-768x491.jpeg",640,409,true],"large":["https:\/\/quehacerpolitico.mx\/wp-content\/uploads\/2022\/01\/A0FAF626-DC85-4CE9-96D4-344CA48DC4BC-1024x655.jpeg",640,409,true],"1536x1536":["https:\/\/quehacerpolitico.mx\/wp-content\/uploads\/2022\/01\/A0FAF626-DC85-4CE9-96D4-344CA48DC4BC.jpeg",1085,694,false],"2048x2048":["https:\/\/quehacerpolitico.mx\/wp-content\/uploads\/2022\/01\/A0FAF626-DC85-4CE9-96D4-344CA48DC4BC.jpeg",1085,694,false],"covernews-featured":["https:\/\/quehacerpolitico.mx\/wp-content\/uploads\/2022\/01\/A0FAF626-DC85-4CE9-96D4-344CA48DC4BC.jpeg",1024,655,false],"covernews-medium":["https:\/\/quehacerpolitico.mx\/wp-content\/uploads\/2022\/01\/A0FAF626-DC85-4CE9-96D4-344CA48DC4BC.jpeg",532,340,false]},"author_info":{"display_name":"Redacci\u00f3n QP","author_link":"https:\/\/quehacerpolitico.mx\/?author=2"},"category_info":"<a href=\"https:\/\/quehacerpolitico.mx\/?cat=2\" rel=\"category\">Noticias<\/a>","tag_info":"Noticias","comment_count":"0","_links":{"self":[{"href":"https:\/\/quehacerpolitico.mx\/index.php?rest_route=\/wp\/v2\/posts\/88656","targetHints":{"allow":["GET"]}}],"collection":[{"href":"https:\/\/quehacerpolitico.mx\/index.php?rest_route=\/wp\/v2\/posts"}],"about":[{"href":"https:\/\/quehacerpolitico.mx\/index.php?rest_route=\/wp\/v2\/types\/post"}],"author":[{"embeddable":true,"href":"https:\/\/quehacerpolitico.mx\/index.php?rest_route=\/wp\/v2\/users\/2"}],"replies":[{"embeddable":true,"href":"https:\/\/quehacerpolitico.mx\/index.php?rest_route=%2Fwp%2Fv2%2Fcomments&post=88656"}],"version-history":[{"count":1,"href":"https:\/\/quehacerpolitico.mx\/index.php?rest_route=\/wp\/v2\/posts\/88656\/revisions"}],"predecessor-version":[{"id":88659,"href":"https:\/\/quehacerpolitico.mx\/index.php?rest_route=\/wp\/v2\/posts\/88656\/revisions\/88659"}],"wp:featuredmedia":[{"embeddable":true,"href":"https:\/\/quehacerpolitico.mx\/index.php?rest_route=\/wp\/v2\/media\/88657"}],"wp:attachment":[{"href":"https:\/\/quehacerpolitico.mx\/index.php?rest_route=%2Fwp%2Fv2%2Fmedia&parent=88656"}],"wp:term":[{"taxonomy":"category","embeddable":true,"href":"https:\/\/quehacerpolitico.mx\/index.php?rest_route=%2Fwp%2Fv2%2Fcategories&post=88656"},{"taxonomy":"post_tag","embeddable":true,"href":"https:\/\/quehacerpolitico.mx\/index.php?rest_route=%2Fwp%2Fv2%2Ftags&post=88656"}],"curies":[{"name":"wp","href":"https:\/\/api.w.org\/{rel}","templated":true}]}}