{"id":88649,"date":"2022-01-19T04:20:25","date_gmt":"2022-01-19T04:20:25","guid":{"rendered":"https:\/\/quehacerpolitico.mx\/?p=88649"},"modified":"2022-01-19T04:20:28","modified_gmt":"2022-01-19T04:20:28","slug":"cada-hora-se-contagian-de-coronavirus-mas-de-dos-mil-mexicanos","status":"publish","type":"post","link":"https:\/\/quehacerpolitico.mx\/?p=88649","title":{"rendered":"Cada hora se contagian de coronavirus m\u00e1s de dos mil mexicanos"},"content":{"rendered":"\n<p>Por Redacci\u00f3n QP<\/p>\n\n\n\n<p>La Secretar\u00eda de Salud reporta un nuevo r\u00e9cord de infecciones diarias, con 49 mil 343 contagios<\/p>\n\n\n\n<p>La Secretar\u00eda de Salud inform\u00f3 la tarde de este martes que M\u00e9xico<strong>\u00a0registr\u00f3 en 24 horas un total de 49 mil 343 contagios nuevos de COVID-19, as\u00ed como 320 defunciones.<\/strong><\/p>\n\n\n\n<figure class=\"wp-block-image size-full\"><img loading=\"lazy\" decoding=\"async\" width=\"976\" height=\"950\" src=\"https:\/\/quehacerpolitico.mx\/wp-content\/uploads\/2022\/01\/image-71.jpeg\" alt=\"\" class=\"wp-image-88651\" srcset=\"https:\/\/quehacerpolitico.mx\/wp-content\/uploads\/2022\/01\/image-71.jpeg 976w, https:\/\/quehacerpolitico.mx\/wp-content\/uploads\/2022\/01\/image-71-300x292.jpeg 300w, https:\/\/quehacerpolitico.mx\/wp-content\/uploads\/2022\/01\/image-71-768x748.jpeg 768w, https:\/\/quehacerpolitico.mx\/wp-content\/uploads\/2022\/01\/image-71-150x146.jpeg 150w, https:\/\/quehacerpolitico.mx\/wp-content\/uploads\/2022\/01\/image-71-50x50.jpeg 50w, https:\/\/quehacerpolitico.mx\/wp-content\/uploads\/2022\/01\/image-71-77x75.jpeg 77w\" sizes=\"auto, (max-width: 976px) 100vw, 976px\" \/><\/figure>\n\n\n\n<p>Los n\u00fameros totales en su reporte t\u00e9cnico diario son de&nbsp;<strong>cuatro millones 434 mil 758 casos y 301 mil 789 defunciones<\/strong>. Adem\u00e1s,&nbsp;<strong>los casos activos estimados son 306 mil 212.<\/strong><\/p>\n\n\n\n<p>El n\u00famero previo que se ten\u00eda como m\u00e1ximo era de 47 mil 113 contagios, registrado el s\u00e1bado.<\/p>\n\n\n\n<figure class=\"wp-block-image size-large\"><img loading=\"lazy\" decoding=\"async\" width=\"861\" height=\"1024\" src=\"https:\/\/quehacerpolitico.mx\/wp-content\/uploads\/2022\/01\/image-72-861x1024.jpeg\" alt=\"\" class=\"wp-image-88652\" srcset=\"https:\/\/quehacerpolitico.mx\/wp-content\/uploads\/2022\/01\/image-72-861x1024.jpeg 861w, https:\/\/quehacerpolitico.mx\/wp-content\/uploads\/2022\/01\/image-72-252x300.jpeg 252w, https:\/\/quehacerpolitico.mx\/wp-content\/uploads\/2022\/01\/image-72-768x913.jpeg 768w, https:\/\/quehacerpolitico.mx\/wp-content\/uploads\/2022\/01\/image-72-123x146.jpeg 123w, https:\/\/quehacerpolitico.mx\/wp-content\/uploads\/2022\/01\/image-72-42x50.jpeg 42w, https:\/\/quehacerpolitico.mx\/wp-content\/uploads\/2022\/01\/image-72-63x75.jpeg 63w, https:\/\/quehacerpolitico.mx\/wp-content\/uploads\/2022\/01\/image-72.jpeg 975w\" sizes=\"auto, (max-width: 861px) 100vw, 861px\" \/><\/figure>\n\n\n\n<p>A su vez, la dependencia report\u00f3<strong>&nbsp;156 millones 419 mil dosis de vacunas aplicadas, y de ellas 75 millones de personas con esquema completo.<\/strong><\/p>\n\n\n\n<p>Hoy por la ma\u00f1ana, el subsecretario de Prevenci\u00f3n y Promoci\u00f3n de la Salud, Hugo L\u00f3pez\u2013Gatell Ram\u00edrez, inform\u00f3 que los tratamientos contra el COVID-19 que reci\u00e9n fueron aprobados por la Comisi\u00f3n Federal para la Protecci\u00f3n contra Riesgos Sanitarios (Cofepris) no podr\u00e1n comercializarse, sino que su adquisici\u00f3n y distribuci\u00f3n estar\u00e1n a cargo del Estado por tratarse de f\u00e1rmacos aprobados para su uso de emergencia.<\/p>\n\n\n\n<figure class=\"wp-block-image size-large\"><img loading=\"lazy\" decoding=\"async\" width=\"1024\" height=\"858\" src=\"https:\/\/quehacerpolitico.mx\/wp-content\/uploads\/2022\/01\/image-74-1024x858.jpeg\" alt=\"\" class=\"wp-image-88654\" srcset=\"https:\/\/quehacerpolitico.mx\/wp-content\/uploads\/2022\/01\/image-74-1024x858.jpeg 1024w, https:\/\/quehacerpolitico.mx\/wp-content\/uploads\/2022\/01\/image-74-300x251.jpeg 300w, https:\/\/quehacerpolitico.mx\/wp-content\/uploads\/2022\/01\/image-74-768x644.jpeg 768w, https:\/\/quehacerpolitico.mx\/wp-content\/uploads\/2022\/01\/image-74-174x146.jpeg 174w, https:\/\/quehacerpolitico.mx\/wp-content\/uploads\/2022\/01\/image-74-50x42.jpeg 50w, https:\/\/quehacerpolitico.mx\/wp-content\/uploads\/2022\/01\/image-74-89x75.jpeg 89w, https:\/\/quehacerpolitico.mx\/wp-content\/uploads\/2022\/01\/image-74.jpeg 1125w\" sizes=\"auto, (max-width: 1024px) 100vw, 1024px\" \/><\/figure>\n\n\n\n<figure class=\"wp-block-image size-large\"><img loading=\"lazy\" decoding=\"async\" width=\"560\" height=\"1024\" src=\"https:\/\/quehacerpolitico.mx\/wp-content\/uploads\/2022\/01\/image-73-560x1024.jpeg\" alt=\"\" class=\"wp-image-88653\" srcset=\"https:\/\/quehacerpolitico.mx\/wp-content\/uploads\/2022\/01\/image-73-560x1024.jpeg 560w, https:\/\/quehacerpolitico.mx\/wp-content\/uploads\/2022\/01\/image-73-164x300.jpeg 164w, https:\/\/quehacerpolitico.mx\/wp-content\/uploads\/2022\/01\/image-73-768x1403.jpeg 768w, https:\/\/quehacerpolitico.mx\/wp-content\/uploads\/2022\/01\/image-73-841x1536.jpeg 841w, https:\/\/quehacerpolitico.mx\/wp-content\/uploads\/2022\/01\/image-73-80x146.jpeg 80w, https:\/\/quehacerpolitico.mx\/wp-content\/uploads\/2022\/01\/image-73-27x50.jpeg 27w, https:\/\/quehacerpolitico.mx\/wp-content\/uploads\/2022\/01\/image-73-41x75.jpeg 41w, https:\/\/quehacerpolitico.mx\/wp-content\/uploads\/2022\/01\/image-73.jpeg 1024w\" sizes=\"auto, (max-width: 560px) 100vw, 560px\" \/><\/figure>\n\n\n\n<p>El funcionario record\u00f3 que en su momento as\u00ed se hizo con el f\u00e1rmaco remdesivir, y con todas las vacunas que se han aplicado en m\u00e1s de 82 millones de personas, por lo que el uso de paxlovid y molnupiravir est\u00e1 bajo la tutela del Estado.<\/p>\n\n\n\n<figure class=\"wp-block-embed is-type-video is-provider-youtube wp-block-embed-youtube wp-embed-aspect-16-9 wp-has-aspect-ratio\"><div class=\"wp-block-embed__wrapper\">\n<iframe loading=\"lazy\" title=\"M\u00e9xico rompe de nuevo r\u00e9cord de casos diarios de Covid; se acerca a los 50 mil\" width=\"640\" height=\"360\" src=\"https:\/\/www.youtube.com\/embed\/E_m8aF0yJf0?feature=oembed\" frameborder=\"0\" allow=\"accelerometer; autoplay; clipboard-write; encrypted-media; gyroscope; picture-in-picture; web-share\" referrerpolicy=\"strict-origin-when-cross-origin\" allowfullscreen><\/iframe>\n<\/div><\/figure>\n\n\n\n<p>Con Informaci\u00f3n de SUN <\/p>\n","protected":false},"excerpt":{"rendered":"<p>Por Redacci\u00f3n QP La Secretar\u00eda de Salud reporta un nuevo r\u00e9cord de infecciones diarias, con&#8230;<\/p>\n","protected":false},"author":2,"featured_media":88650,"comment_status":"open","ping_status":"open","sticky":false,"template":"","format":"standard","meta":{"_monsterinsights_skip_tracking":false,"_monsterinsights_sitenote_active":false,"_monsterinsights_sitenote_note":"","_monsterinsights_sitenote_category":0,"footnotes":""},"categories":[2],"tags":[],"class_list":["post-88649","post","type-post","status-publish","format-standard","has-post-thumbnail","hentry","category-noticias"],"yoast_head":"<!-- This site is optimized with the Yoast SEO plugin v27.3 - https:\/\/yoast.com\/product\/yoast-seo-wordpress\/ -->\n<title>Cada hora se contagian de coronavirus m\u00e1s de dos mil mexicanos -<\/title>\n<meta name=\"robots\" content=\"index, follow, max-snippet:-1, max-image-preview:large, max-video-preview:-1\" \/>\n<link rel=\"canonical\" href=\"https:\/\/quehacerpolitico.mx\/?p=88649\" \/>\n<meta property=\"og:locale\" content=\"es_MX\" \/>\n<meta property=\"og:type\" content=\"article\" \/>\n<meta property=\"og:title\" content=\"Cada hora se contagian de coronavirus m\u00e1s de dos mil mexicanos -\" \/>\n<meta property=\"og:description\" content=\"Por Redacci\u00f3n QP La Secretar\u00eda de Salud reporta un nuevo r\u00e9cord de infecciones diarias, con...\" \/>\n<meta property=\"og:url\" content=\"https:\/\/quehacerpolitico.mx\/?p=88649\" \/>\n<meta property=\"article:published_time\" content=\"2022-01-19T04:20:25+00:00\" \/>\n<meta property=\"article:modified_time\" content=\"2022-01-19T04:20:28+00:00\" \/>\n<meta property=\"og:image\" content=\"https:\/\/quehacerpolitico.mx\/wp-content\/uploads\/2022\/01\/9E871081-C767-4DD2-8007-5BF300A95003.jpeg\" \/>\n\t<meta property=\"og:image:width\" content=\"1078\" \/>\n\t<meta property=\"og:image:height\" content=\"691\" \/>\n\t<meta property=\"og:image:type\" content=\"image\/jpeg\" \/>\n<meta name=\"author\" content=\"Redacci\u00f3n QP\" \/>\n<meta name=\"twitter:card\" content=\"summary_large_image\" \/>\n<meta name=\"twitter:label1\" content=\"Escrito por\" \/>\n\t<meta name=\"twitter:data1\" content=\"Redacci\u00f3n QP\" \/>\n\t<meta name=\"twitter:label2\" content=\"Tiempo de lectura\" \/>\n\t<meta name=\"twitter:data2\" content=\"1 minuto\" \/>\n<script type=\"application\/ld+json\" class=\"yoast-schema-graph\">{\"@context\":\"https:\\\/\\\/schema.org\",\"@graph\":[{\"@type\":\"Article\",\"@id\":\"https:\\\/\\\/quehacerpolitico.mx\\\/?p=88649#article\",\"isPartOf\":{\"@id\":\"https:\\\/\\\/quehacerpolitico.mx\\\/?p=88649\"},\"author\":{\"name\":\"Redacci\u00f3n QP\",\"@id\":\"https:\\\/\\\/quehacerpolitico.mx\\\/#\\\/schema\\\/person\\\/496d8ad2d1d3f8036101dca7ee39e585\"},\"headline\":\"Cada hora se contagian de coronavirus m\u00e1s de dos mil mexicanos\",\"datePublished\":\"2022-01-19T04:20:25+00:00\",\"dateModified\":\"2022-01-19T04:20:28+00:00\",\"mainEntityOfPage\":{\"@id\":\"https:\\\/\\\/quehacerpolitico.mx\\\/?p=88649\"},\"wordCount\":264,\"commentCount\":0,\"image\":{\"@id\":\"https:\\\/\\\/quehacerpolitico.mx\\\/?p=88649#primaryimage\"},\"thumbnailUrl\":\"https:\\\/\\\/quehacerpolitico.mx\\\/wp-content\\\/uploads\\\/2022\\\/01\\\/9E871081-C767-4DD2-8007-5BF300A95003.jpeg\",\"articleSection\":[\"Noticias\"],\"inLanguage\":\"es\",\"potentialAction\":[{\"@type\":\"CommentAction\",\"name\":\"Comment\",\"target\":[\"https:\\\/\\\/quehacerpolitico.mx\\\/?p=88649#respond\"]}]},{\"@type\":\"WebPage\",\"@id\":\"https:\\\/\\\/quehacerpolitico.mx\\\/?p=88649\",\"url\":\"https:\\\/\\\/quehacerpolitico.mx\\\/?p=88649\",\"name\":\"Cada hora se contagian de coronavirus m\u00e1s de dos mil mexicanos -\",\"isPartOf\":{\"@id\":\"https:\\\/\\\/quehacerpolitico.mx\\\/#website\"},\"primaryImageOfPage\":{\"@id\":\"https:\\\/\\\/quehacerpolitico.mx\\\/?p=88649#primaryimage\"},\"image\":{\"@id\":\"https:\\\/\\\/quehacerpolitico.mx\\\/?p=88649#primaryimage\"},\"thumbnailUrl\":\"https:\\\/\\\/quehacerpolitico.mx\\\/wp-content\\\/uploads\\\/2022\\\/01\\\/9E871081-C767-4DD2-8007-5BF300A95003.jpeg\",\"datePublished\":\"2022-01-19T04:20:25+00:00\",\"dateModified\":\"2022-01-19T04:20:28+00:00\",\"author\":{\"@id\":\"https:\\\/\\\/quehacerpolitico.mx\\\/#\\\/schema\\\/person\\\/496d8ad2d1d3f8036101dca7ee39e585\"},\"breadcrumb\":{\"@id\":\"https:\\\/\\\/quehacerpolitico.mx\\\/?p=88649#breadcrumb\"},\"inLanguage\":\"es\",\"potentialAction\":[{\"@type\":\"ReadAction\",\"target\":[\"https:\\\/\\\/quehacerpolitico.mx\\\/?p=88649\"]}]},{\"@type\":\"ImageObject\",\"inLanguage\":\"es\",\"@id\":\"https:\\\/\\\/quehacerpolitico.mx\\\/?p=88649#primaryimage\",\"url\":\"https:\\\/\\\/quehacerpolitico.mx\\\/wp-content\\\/uploads\\\/2022\\\/01\\\/9E871081-C767-4DD2-8007-5BF300A95003.jpeg\",\"contentUrl\":\"https:\\\/\\\/quehacerpolitico.mx\\\/wp-content\\\/uploads\\\/2022\\\/01\\\/9E871081-C767-4DD2-8007-5BF300A95003.jpeg\",\"width\":1078,\"height\":691},{\"@type\":\"BreadcrumbList\",\"@id\":\"https:\\\/\\\/quehacerpolitico.mx\\\/?p=88649#breadcrumb\",\"itemListElement\":[{\"@type\":\"ListItem\",\"position\":1,\"name\":\"Inicio\",\"item\":\"https:\\\/\\\/quehacerpolitico.mx\\\/\"},{\"@type\":\"ListItem\",\"position\":2,\"name\":\"Cada hora se contagian de coronavirus m\u00e1s de dos mil mexicanos\"}]},{\"@type\":\"WebSite\",\"@id\":\"https:\\\/\\\/quehacerpolitico.mx\\\/#website\",\"url\":\"https:\\\/\\\/quehacerpolitico.mx\\\/\",\"name\":\"\",\"description\":\"\",\"potentialAction\":[{\"@type\":\"SearchAction\",\"target\":{\"@type\":\"EntryPoint\",\"urlTemplate\":\"https:\\\/\\\/quehacerpolitico.mx\\\/?s={search_term_string}\"},\"query-input\":{\"@type\":\"PropertyValueSpecification\",\"valueRequired\":true,\"valueName\":\"search_term_string\"}}],\"inLanguage\":\"es\"},{\"@type\":\"Person\",\"@id\":\"https:\\\/\\\/quehacerpolitico.mx\\\/#\\\/schema\\\/person\\\/496d8ad2d1d3f8036101dca7ee39e585\",\"name\":\"Redacci\u00f3n QP\",\"image\":{\"@type\":\"ImageObject\",\"inLanguage\":\"es\",\"@id\":\"https:\\\/\\\/secure.gravatar.com\\\/avatar\\\/c7164ed6fdec453195284ad24a5ae5b6e1eed2b848477fa2a4787ba9adf39a41?s=96&d=mm&r=g\",\"url\":\"https:\\\/\\\/secure.gravatar.com\\\/avatar\\\/c7164ed6fdec453195284ad24a5ae5b6e1eed2b848477fa2a4787ba9adf39a41?s=96&d=mm&r=g\",\"contentUrl\":\"https:\\\/\\\/secure.gravatar.com\\\/avatar\\\/c7164ed6fdec453195284ad24a5ae5b6e1eed2b848477fa2a4787ba9adf39a41?s=96&d=mm&r=g\",\"caption\":\"Redacci\u00f3n QP\"},\"url\":\"https:\\\/\\\/quehacerpolitico.mx\\\/?author=2\"}]}<\/script>\n<!-- \/ Yoast SEO plugin. -->","yoast_head_json":{"title":"Cada hora se contagian de coronavirus m\u00e1s de dos mil mexicanos -","robots":{"index":"index","follow":"follow","max-snippet":"max-snippet:-1","max-image-preview":"max-image-preview:large","max-video-preview":"max-video-preview:-1"},"canonical":"https:\/\/quehacerpolitico.mx\/?p=88649","og_locale":"es_MX","og_type":"article","og_title":"Cada hora se contagian de coronavirus m\u00e1s de dos mil mexicanos -","og_description":"Por Redacci\u00f3n QP La Secretar\u00eda de Salud reporta un nuevo r\u00e9cord de infecciones diarias, con...","og_url":"https:\/\/quehacerpolitico.mx\/?p=88649","article_published_time":"2022-01-19T04:20:25+00:00","article_modified_time":"2022-01-19T04:20:28+00:00","og_image":[{"width":1078,"height":691,"url":"https:\/\/quehacerpolitico.mx\/wp-content\/uploads\/2022\/01\/9E871081-C767-4DD2-8007-5BF300A95003.jpeg","type":"image\/jpeg"}],"author":"Redacci\u00f3n QP","twitter_card":"summary_large_image","twitter_misc":{"Escrito por":"Redacci\u00f3n QP","Tiempo de lectura":"1 minuto"},"schema":{"@context":"https:\/\/schema.org","@graph":[{"@type":"Article","@id":"https:\/\/quehacerpolitico.mx\/?p=88649#article","isPartOf":{"@id":"https:\/\/quehacerpolitico.mx\/?p=88649"},"author":{"name":"Redacci\u00f3n QP","@id":"https:\/\/quehacerpolitico.mx\/#\/schema\/person\/496d8ad2d1d3f8036101dca7ee39e585"},"headline":"Cada hora se contagian de coronavirus m\u00e1s de dos mil mexicanos","datePublished":"2022-01-19T04:20:25+00:00","dateModified":"2022-01-19T04:20:28+00:00","mainEntityOfPage":{"@id":"https:\/\/quehacerpolitico.mx\/?p=88649"},"wordCount":264,"commentCount":0,"image":{"@id":"https:\/\/quehacerpolitico.mx\/?p=88649#primaryimage"},"thumbnailUrl":"https:\/\/quehacerpolitico.mx\/wp-content\/uploads\/2022\/01\/9E871081-C767-4DD2-8007-5BF300A95003.jpeg","articleSection":["Noticias"],"inLanguage":"es","potentialAction":[{"@type":"CommentAction","name":"Comment","target":["https:\/\/quehacerpolitico.mx\/?p=88649#respond"]}]},{"@type":"WebPage","@id":"https:\/\/quehacerpolitico.mx\/?p=88649","url":"https:\/\/quehacerpolitico.mx\/?p=88649","name":"Cada hora se contagian de coronavirus m\u00e1s de dos mil mexicanos -","isPartOf":{"@id":"https:\/\/quehacerpolitico.mx\/#website"},"primaryImageOfPage":{"@id":"https:\/\/quehacerpolitico.mx\/?p=88649#primaryimage"},"image":{"@id":"https:\/\/quehacerpolitico.mx\/?p=88649#primaryimage"},"thumbnailUrl":"https:\/\/quehacerpolitico.mx\/wp-content\/uploads\/2022\/01\/9E871081-C767-4DD2-8007-5BF300A95003.jpeg","datePublished":"2022-01-19T04:20:25+00:00","dateModified":"2022-01-19T04:20:28+00:00","author":{"@id":"https:\/\/quehacerpolitico.mx\/#\/schema\/person\/496d8ad2d1d3f8036101dca7ee39e585"},"breadcrumb":{"@id":"https:\/\/quehacerpolitico.mx\/?p=88649#breadcrumb"},"inLanguage":"es","potentialAction":[{"@type":"ReadAction","target":["https:\/\/quehacerpolitico.mx\/?p=88649"]}]},{"@type":"ImageObject","inLanguage":"es","@id":"https:\/\/quehacerpolitico.mx\/?p=88649#primaryimage","url":"https:\/\/quehacerpolitico.mx\/wp-content\/uploads\/2022\/01\/9E871081-C767-4DD2-8007-5BF300A95003.jpeg","contentUrl":"https:\/\/quehacerpolitico.mx\/wp-content\/uploads\/2022\/01\/9E871081-C767-4DD2-8007-5BF300A95003.jpeg","width":1078,"height":691},{"@type":"BreadcrumbList","@id":"https:\/\/quehacerpolitico.mx\/?p=88649#breadcrumb","itemListElement":[{"@type":"ListItem","position":1,"name":"Inicio","item":"https:\/\/quehacerpolitico.mx\/"},{"@type":"ListItem","position":2,"name":"Cada hora se contagian de coronavirus m\u00e1s de dos mil mexicanos"}]},{"@type":"WebSite","@id":"https:\/\/quehacerpolitico.mx\/#website","url":"https:\/\/quehacerpolitico.mx\/","name":"","description":"","potentialAction":[{"@type":"SearchAction","target":{"@type":"EntryPoint","urlTemplate":"https:\/\/quehacerpolitico.mx\/?s={search_term_string}"},"query-input":{"@type":"PropertyValueSpecification","valueRequired":true,"valueName":"search_term_string"}}],"inLanguage":"es"},{"@type":"Person","@id":"https:\/\/quehacerpolitico.mx\/#\/schema\/person\/496d8ad2d1d3f8036101dca7ee39e585","name":"Redacci\u00f3n QP","image":{"@type":"ImageObject","inLanguage":"es","@id":"https:\/\/secure.gravatar.com\/avatar\/c7164ed6fdec453195284ad24a5ae5b6e1eed2b848477fa2a4787ba9adf39a41?s=96&d=mm&r=g","url":"https:\/\/secure.gravatar.com\/avatar\/c7164ed6fdec453195284ad24a5ae5b6e1eed2b848477fa2a4787ba9adf39a41?s=96&d=mm&r=g","contentUrl":"https:\/\/secure.gravatar.com\/avatar\/c7164ed6fdec453195284ad24a5ae5b6e1eed2b848477fa2a4787ba9adf39a41?s=96&d=mm&r=g","caption":"Redacci\u00f3n QP"},"url":"https:\/\/quehacerpolitico.mx\/?author=2"}]}},"featured_image_urls":{"full":["https:\/\/quehacerpolitico.mx\/wp-content\/uploads\/2022\/01\/9E871081-C767-4DD2-8007-5BF300A95003.jpeg",1078,691,false],"thumbnail":["https:\/\/quehacerpolitico.mx\/wp-content\/uploads\/2022\/01\/9E871081-C767-4DD2-8007-5BF300A95003-150x150.jpeg",150,150,true],"medium":["https:\/\/quehacerpolitico.mx\/wp-content\/uploads\/2022\/01\/9E871081-C767-4DD2-8007-5BF300A95003-300x192.jpeg",300,192,true],"medium_large":["https:\/\/quehacerpolitico.mx\/wp-content\/uploads\/2022\/01\/9E871081-C767-4DD2-8007-5BF300A95003-768x492.jpeg",640,410,true],"large":["https:\/\/quehacerpolitico.mx\/wp-content\/uploads\/2022\/01\/9E871081-C767-4DD2-8007-5BF300A95003-1024x656.jpeg",640,410,true],"1536x1536":["https:\/\/quehacerpolitico.mx\/wp-content\/uploads\/2022\/01\/9E871081-C767-4DD2-8007-5BF300A95003.jpeg",1078,691,false],"2048x2048":["https:\/\/quehacerpolitico.mx\/wp-content\/uploads\/2022\/01\/9E871081-C767-4DD2-8007-5BF300A95003.jpeg",1078,691,false],"covernews-featured":["https:\/\/quehacerpolitico.mx\/wp-content\/uploads\/2022\/01\/9E871081-C767-4DD2-8007-5BF300A95003.jpeg",1024,656,false],"covernews-medium":["https:\/\/quehacerpolitico.mx\/wp-content\/uploads\/2022\/01\/9E871081-C767-4DD2-8007-5BF300A95003.jpeg",530,340,false]},"author_info":{"display_name":"Redacci\u00f3n QP","author_link":"https:\/\/quehacerpolitico.mx\/?author=2"},"category_info":"<a href=\"https:\/\/quehacerpolitico.mx\/?cat=2\" rel=\"category\">Noticias<\/a>","tag_info":"Noticias","comment_count":"0","_links":{"self":[{"href":"https:\/\/quehacerpolitico.mx\/index.php?rest_route=\/wp\/v2\/posts\/88649","targetHints":{"allow":["GET"]}}],"collection":[{"href":"https:\/\/quehacerpolitico.mx\/index.php?rest_route=\/wp\/v2\/posts"}],"about":[{"href":"https:\/\/quehacerpolitico.mx\/index.php?rest_route=\/wp\/v2\/types\/post"}],"author":[{"embeddable":true,"href":"https:\/\/quehacerpolitico.mx\/index.php?rest_route=\/wp\/v2\/users\/2"}],"replies":[{"embeddable":true,"href":"https:\/\/quehacerpolitico.mx\/index.php?rest_route=%2Fwp%2Fv2%2Fcomments&post=88649"}],"version-history":[{"count":1,"href":"https:\/\/quehacerpolitico.mx\/index.php?rest_route=\/wp\/v2\/posts\/88649\/revisions"}],"predecessor-version":[{"id":88655,"href":"https:\/\/quehacerpolitico.mx\/index.php?rest_route=\/wp\/v2\/posts\/88649\/revisions\/88655"}],"wp:featuredmedia":[{"embeddable":true,"href":"https:\/\/quehacerpolitico.mx\/index.php?rest_route=\/wp\/v2\/media\/88650"}],"wp:attachment":[{"href":"https:\/\/quehacerpolitico.mx\/index.php?rest_route=%2Fwp%2Fv2%2Fmedia&parent=88649"}],"wp:term":[{"taxonomy":"category","embeddable":true,"href":"https:\/\/quehacerpolitico.mx\/index.php?rest_route=%2Fwp%2Fv2%2Fcategories&post=88649"},{"taxonomy":"post_tag","embeddable":true,"href":"https:\/\/quehacerpolitico.mx\/index.php?rest_route=%2Fwp%2Fv2%2Ftags&post=88649"}],"curies":[{"name":"wp","href":"https:\/\/api.w.org\/{rel}","templated":true}]}}