{"id":88529,"date":"2022-01-17T15:47:40","date_gmt":"2022-01-17T15:47:40","guid":{"rendered":"https:\/\/quehacerpolitico.mx\/?p=88529"},"modified":"2022-01-17T15:47:43","modified_gmt":"2022-01-17T15:47:43","slug":"amlo-dice-que-tomo-paracetamol-vaporub-y-miel-con-limon-para-tratar-el-covid-19","status":"publish","type":"post","link":"https:\/\/quehacerpolitico.mx\/?p=88529","title":{"rendered":"AMLO dice que tom\u00f3 paracetamol, VapoRub y miel con lim\u00f3n para tratar el COVID-19"},"content":{"rendered":"\n<p>Por Redacci\u00f3n QP<\/p>\n\n\n\n<p>AMLO se\u00f1ala que\u00a0la miel con lim\u00f3n que utiliz\u00f3 para la garganta &#8220;aunque est\u00e1 caro el lim\u00f3n procuraba yo no ponerle tanto&#8221;<\/p>\n\n\n\n<p>El Presidente\u00a0Andr\u00e9s Manuel L\u00f3pez Obrador\u00a0(AMLO) regres\u00f3 este lunes a sus\u00a0conferencias \u201cma\u00f1aneras\u201d luego de permanecer una semana en aislamiento por su segundo contagio COVID-19 y asegur\u00f3 que su tratamiento para superar su enfermedad fue tomar mucha agua, paracetamol, miel con lim\u00f3n para la garganta y aplicarse el ung\u00fcento VapoRub.<\/p>\n\n\n\n<blockquote class=\"wp-block-quote is-layout-flow wp-block-quote-is-layout-flow\"><p>&#8220;Se burlan de VapoRub, pero ayuda sobre todo porque a todos nos gusta que nos acaricien&#8221;<\/p><\/blockquote>\n\n\n\n<p>AMLO brome\u00f3 al se\u00f1alar que<strong>\u00a0la miel con lim\u00f3n que utiliz\u00f3 para la garganta &#8220;aunque est\u00e1 caro el lim\u00f3n procuraba yo no ponerle tanto&#8221;<\/strong>.<\/p>\n\n\n\n<figure class=\"wp-block-embed is-type-rich is-provider-twitter wp-block-embed-twitter\"><div class=\"wp-block-embed__wrapper\">\n<blockquote class=\"twitter-tweet\" data-width=\"550\" data-dnt=\"true\"><p lang=\"es\" dir=\"ltr\">AMLO bromeo con el precio del lim\u00f3n al decir en la <a href=\"https:\/\/twitter.com\/hashtag\/Ma%C3%B1anera?src=hash&amp;ref_src=twsrc%5Etfw\">#Ma\u00f1anera<\/a> que para curarse tomaba miel con lim\u00f3n &quot;poco, porque est\u00e1 caro&quot;.<br><br>Adem\u00e1s, insisti\u00f3 que el vaporub s\u00ed sirve. \ud83d\udc41\ufe0f\ud83d\udc44\ud83d\udc41\ufe0f <a href=\"https:\/\/t.co\/UzbdcrO3ht\">pic.twitter.com\/UzbdcrO3ht<\/a><\/p>&mdash; Ruido en la Red (@RuidoEnLaRed) <a href=\"https:\/\/twitter.com\/RuidoEnLaRed\/status\/1483074105196826634?ref_src=twsrc%5Etfw\">January 17, 2022<\/a><\/blockquote><script async src=\"https:\/\/platform.twitter.com\/widgets.js\" charset=\"utf-8\"><\/script>\n<\/div><\/figure>\n\n\n\n<p>Desde el Sal\u00f3n de Tesorer\u00eda de Palacio Nacional,\u00a0<strong>L\u00f3pez Obrador manifest\u00f3 que se burlan del uso de VapoRub, pero afirm\u00f3 que eso ayuda<\/strong>\u00a0y destac\u00f3 que a toda la poblaci\u00f3n le gusta que lo acaricien y\u00a0<strong>&#8220;que nos den una talladita\u00a0en el pecho, en la espalda y en las plantas de los pies&#8221;<\/strong>.<\/p>\n\n\n\n<p>Detall\u00f3 que&nbsp;<strong>los s\u00edntomas que tuvo fueron leves, pues no tuvo calentura, tuvo buena oxigenaci\u00f3n &#8220;arriba de 90&#8221;<\/strong>, solo dos d\u00edas de ronquera y ardor de garganta.<\/p>\n\n\n\n<p>&#8220;Los s\u00edntomas fueron en mi caso afortunadamente leve, no tuve calentura, fue muy buena la oxigenaci\u00f3n, arriba de 90,\u00a0<strong>no tuve malestar de cuerpo, dos d\u00edas ronquera, y ardor en la garganta, b\u00e1sicamente<\/strong>, eso. Mi tratamiento consisti\u00f3 en cuidarme, aislarme, tomar mucha agua, eso lo recomiendan los m\u00e9dicos, paracetamol, dos d\u00edas nada m\u00e1s cuando tuve un poco de malestar, no quise tomar m\u00e1s tiempo, pero con eso fue suficiente&#8221;.<\/p>\n\n\n\n<p><strong>&#8220;Miel para la garganta, aunque est\u00e1 caro el lim\u00f3n procuraba yo no ponerle tanto y remedios que ya todos sabemos&#8221;<\/strong>, coment\u00f3.<\/p>\n\n\n\n<p>En Palacio Nacional, el Mandatario federal agreg\u00f3:\u00a0<strong>&#8220;Se burlan de VapoRub, pero ayuda sobre todo porque a todos nos gusta que nos acaricien, que nos den una talladita en el pecho, en la espalda, en las plantas de los pies, a los ni\u00f1os, adultos como sobre todo que no est\u00e1 haciendo la caricia pues ya estoy libre de COVID&#8221;<\/strong>.<\/p>\n\n\n\n<p>Con Informaci\u00f3n de SUN <\/p>\n","protected":false},"excerpt":{"rendered":"<p>Por Redacci\u00f3n QP AMLO se\u00f1ala que\u00a0la miel con lim\u00f3n que utiliz\u00f3 para la garganta &#8220;aunque&#8230;<\/p>\n","protected":false},"author":2,"featured_media":88530,"comment_status":"open","ping_status":"open","sticky":false,"template":"","format":"standard","meta":{"_monsterinsights_skip_tracking":false,"_monsterinsights_sitenote_active":false,"_monsterinsights_sitenote_note":"","_monsterinsights_sitenote_category":0,"footnotes":""},"categories":[2],"tags":[],"class_list":["post-88529","post","type-post","status-publish","format-standard","has-post-thumbnail","hentry","category-noticias"],"yoast_head":"<!-- This site is optimized with the Yoast SEO plugin v27.3 - https:\/\/yoast.com\/product\/yoast-seo-wordpress\/ -->\n<title>AMLO dice que tom\u00f3 paracetamol, VapoRub y miel con lim\u00f3n para tratar el COVID-19 -<\/title>\n<meta name=\"robots\" content=\"index, follow, max-snippet:-1, max-image-preview:large, max-video-preview:-1\" \/>\n<link rel=\"canonical\" href=\"https:\/\/quehacerpolitico.mx\/?p=88529\" \/>\n<meta property=\"og:locale\" content=\"es_MX\" \/>\n<meta property=\"og:type\" content=\"article\" \/>\n<meta property=\"og:title\" content=\"AMLO dice que tom\u00f3 paracetamol, VapoRub y miel con lim\u00f3n para tratar el COVID-19 -\" \/>\n<meta property=\"og:description\" content=\"Por Redacci\u00f3n QP AMLO se\u00f1ala que\u00a0la miel con lim\u00f3n que utiliz\u00f3 para la garganta &#8220;aunque...\" \/>\n<meta property=\"og:url\" content=\"https:\/\/quehacerpolitico.mx\/?p=88529\" \/>\n<meta property=\"article:published_time\" content=\"2022-01-17T15:47:40+00:00\" \/>\n<meta property=\"article:modified_time\" content=\"2022-01-17T15:47:43+00:00\" \/>\n<meta property=\"og:image\" content=\"https:\/\/quehacerpolitico.mx\/wp-content\/uploads\/2022\/01\/865B6990-4B8F-4CD0-8037-4C06754643A2.jpeg\" \/>\n\t<meta property=\"og:image:width\" content=\"1282\" \/>\n\t<meta property=\"og:image:height\" content=\"696\" \/>\n\t<meta property=\"og:image:type\" content=\"image\/jpeg\" \/>\n<meta name=\"author\" content=\"Redacci\u00f3n QP\" \/>\n<meta name=\"twitter:card\" content=\"summary_large_image\" \/>\n<meta name=\"twitter:label1\" content=\"Escrito por\" \/>\n\t<meta name=\"twitter:data1\" content=\"Redacci\u00f3n QP\" \/>\n\t<meta name=\"twitter:label2\" content=\"Tiempo de lectura\" \/>\n\t<meta name=\"twitter:data2\" content=\"2 minutos\" \/>\n<script type=\"application\/ld+json\" class=\"yoast-schema-graph\">{\"@context\":\"https:\\\/\\\/schema.org\",\"@graph\":[{\"@type\":\"Article\",\"@id\":\"https:\\\/\\\/quehacerpolitico.mx\\\/?p=88529#article\",\"isPartOf\":{\"@id\":\"https:\\\/\\\/quehacerpolitico.mx\\\/?p=88529\"},\"author\":{\"name\":\"Redacci\u00f3n QP\",\"@id\":\"https:\\\/\\\/quehacerpolitico.mx\\\/#\\\/schema\\\/person\\\/496d8ad2d1d3f8036101dca7ee39e585\"},\"headline\":\"AMLO dice que tom\u00f3 paracetamol, VapoRub y miel con lim\u00f3n para tratar el COVID-19\",\"datePublished\":\"2022-01-17T15:47:40+00:00\",\"dateModified\":\"2022-01-17T15:47:43+00:00\",\"mainEntityOfPage\":{\"@id\":\"https:\\\/\\\/quehacerpolitico.mx\\\/?p=88529\"},\"wordCount\":400,\"commentCount\":0,\"image\":{\"@id\":\"https:\\\/\\\/quehacerpolitico.mx\\\/?p=88529#primaryimage\"},\"thumbnailUrl\":\"https:\\\/\\\/quehacerpolitico.mx\\\/wp-content\\\/uploads\\\/2022\\\/01\\\/865B6990-4B8F-4CD0-8037-4C06754643A2.jpeg\",\"articleSection\":[\"Noticias\"],\"inLanguage\":\"es\",\"potentialAction\":[{\"@type\":\"CommentAction\",\"name\":\"Comment\",\"target\":[\"https:\\\/\\\/quehacerpolitico.mx\\\/?p=88529#respond\"]}]},{\"@type\":\"WebPage\",\"@id\":\"https:\\\/\\\/quehacerpolitico.mx\\\/?p=88529\",\"url\":\"https:\\\/\\\/quehacerpolitico.mx\\\/?p=88529\",\"name\":\"AMLO dice que tom\u00f3 paracetamol, VapoRub y miel con lim\u00f3n para tratar el COVID-19 -\",\"isPartOf\":{\"@id\":\"https:\\\/\\\/quehacerpolitico.mx\\\/#website\"},\"primaryImageOfPage\":{\"@id\":\"https:\\\/\\\/quehacerpolitico.mx\\\/?p=88529#primaryimage\"},\"image\":{\"@id\":\"https:\\\/\\\/quehacerpolitico.mx\\\/?p=88529#primaryimage\"},\"thumbnailUrl\":\"https:\\\/\\\/quehacerpolitico.mx\\\/wp-content\\\/uploads\\\/2022\\\/01\\\/865B6990-4B8F-4CD0-8037-4C06754643A2.jpeg\",\"datePublished\":\"2022-01-17T15:47:40+00:00\",\"dateModified\":\"2022-01-17T15:47:43+00:00\",\"author\":{\"@id\":\"https:\\\/\\\/quehacerpolitico.mx\\\/#\\\/schema\\\/person\\\/496d8ad2d1d3f8036101dca7ee39e585\"},\"breadcrumb\":{\"@id\":\"https:\\\/\\\/quehacerpolitico.mx\\\/?p=88529#breadcrumb\"},\"inLanguage\":\"es\",\"potentialAction\":[{\"@type\":\"ReadAction\",\"target\":[\"https:\\\/\\\/quehacerpolitico.mx\\\/?p=88529\"]}]},{\"@type\":\"ImageObject\",\"inLanguage\":\"es\",\"@id\":\"https:\\\/\\\/quehacerpolitico.mx\\\/?p=88529#primaryimage\",\"url\":\"https:\\\/\\\/quehacerpolitico.mx\\\/wp-content\\\/uploads\\\/2022\\\/01\\\/865B6990-4B8F-4CD0-8037-4C06754643A2.jpeg\",\"contentUrl\":\"https:\\\/\\\/quehacerpolitico.mx\\\/wp-content\\\/uploads\\\/2022\\\/01\\\/865B6990-4B8F-4CD0-8037-4C06754643A2.jpeg\",\"width\":1282,\"height\":696},{\"@type\":\"BreadcrumbList\",\"@id\":\"https:\\\/\\\/quehacerpolitico.mx\\\/?p=88529#breadcrumb\",\"itemListElement\":[{\"@type\":\"ListItem\",\"position\":1,\"name\":\"Inicio\",\"item\":\"https:\\\/\\\/quehacerpolitico.mx\\\/\"},{\"@type\":\"ListItem\",\"position\":2,\"name\":\"AMLO dice que tom\u00f3 paracetamol, VapoRub y miel con lim\u00f3n para tratar el COVID-19\"}]},{\"@type\":\"WebSite\",\"@id\":\"https:\\\/\\\/quehacerpolitico.mx\\\/#website\",\"url\":\"https:\\\/\\\/quehacerpolitico.mx\\\/\",\"name\":\"\",\"description\":\"\",\"potentialAction\":[{\"@type\":\"SearchAction\",\"target\":{\"@type\":\"EntryPoint\",\"urlTemplate\":\"https:\\\/\\\/quehacerpolitico.mx\\\/?s={search_term_string}\"},\"query-input\":{\"@type\":\"PropertyValueSpecification\",\"valueRequired\":true,\"valueName\":\"search_term_string\"}}],\"inLanguage\":\"es\"},{\"@type\":\"Person\",\"@id\":\"https:\\\/\\\/quehacerpolitico.mx\\\/#\\\/schema\\\/person\\\/496d8ad2d1d3f8036101dca7ee39e585\",\"name\":\"Redacci\u00f3n QP\",\"image\":{\"@type\":\"ImageObject\",\"inLanguage\":\"es\",\"@id\":\"https:\\\/\\\/secure.gravatar.com\\\/avatar\\\/c7164ed6fdec453195284ad24a5ae5b6e1eed2b848477fa2a4787ba9adf39a41?s=96&d=mm&r=g\",\"url\":\"https:\\\/\\\/secure.gravatar.com\\\/avatar\\\/c7164ed6fdec453195284ad24a5ae5b6e1eed2b848477fa2a4787ba9adf39a41?s=96&d=mm&r=g\",\"contentUrl\":\"https:\\\/\\\/secure.gravatar.com\\\/avatar\\\/c7164ed6fdec453195284ad24a5ae5b6e1eed2b848477fa2a4787ba9adf39a41?s=96&d=mm&r=g\",\"caption\":\"Redacci\u00f3n QP\"},\"url\":\"https:\\\/\\\/quehacerpolitico.mx\\\/?author=2\"}]}<\/script>\n<!-- \/ Yoast SEO plugin. -->","yoast_head_json":{"title":"AMLO dice que tom\u00f3 paracetamol, VapoRub y miel con lim\u00f3n para tratar el COVID-19 -","robots":{"index":"index","follow":"follow","max-snippet":"max-snippet:-1","max-image-preview":"max-image-preview:large","max-video-preview":"max-video-preview:-1"},"canonical":"https:\/\/quehacerpolitico.mx\/?p=88529","og_locale":"es_MX","og_type":"article","og_title":"AMLO dice que tom\u00f3 paracetamol, VapoRub y miel con lim\u00f3n para tratar el COVID-19 -","og_description":"Por Redacci\u00f3n QP AMLO se\u00f1ala que\u00a0la miel con lim\u00f3n que utiliz\u00f3 para la garganta &#8220;aunque...","og_url":"https:\/\/quehacerpolitico.mx\/?p=88529","article_published_time":"2022-01-17T15:47:40+00:00","article_modified_time":"2022-01-17T15:47:43+00:00","og_image":[{"width":1282,"height":696,"url":"https:\/\/quehacerpolitico.mx\/wp-content\/uploads\/2022\/01\/865B6990-4B8F-4CD0-8037-4C06754643A2.jpeg","type":"image\/jpeg"}],"author":"Redacci\u00f3n QP","twitter_card":"summary_large_image","twitter_misc":{"Escrito por":"Redacci\u00f3n QP","Tiempo de lectura":"2 minutos"},"schema":{"@context":"https:\/\/schema.org","@graph":[{"@type":"Article","@id":"https:\/\/quehacerpolitico.mx\/?p=88529#article","isPartOf":{"@id":"https:\/\/quehacerpolitico.mx\/?p=88529"},"author":{"name":"Redacci\u00f3n QP","@id":"https:\/\/quehacerpolitico.mx\/#\/schema\/person\/496d8ad2d1d3f8036101dca7ee39e585"},"headline":"AMLO dice que tom\u00f3 paracetamol, VapoRub y miel con lim\u00f3n para tratar el COVID-19","datePublished":"2022-01-17T15:47:40+00:00","dateModified":"2022-01-17T15:47:43+00:00","mainEntityOfPage":{"@id":"https:\/\/quehacerpolitico.mx\/?p=88529"},"wordCount":400,"commentCount":0,"image":{"@id":"https:\/\/quehacerpolitico.mx\/?p=88529#primaryimage"},"thumbnailUrl":"https:\/\/quehacerpolitico.mx\/wp-content\/uploads\/2022\/01\/865B6990-4B8F-4CD0-8037-4C06754643A2.jpeg","articleSection":["Noticias"],"inLanguage":"es","potentialAction":[{"@type":"CommentAction","name":"Comment","target":["https:\/\/quehacerpolitico.mx\/?p=88529#respond"]}]},{"@type":"WebPage","@id":"https:\/\/quehacerpolitico.mx\/?p=88529","url":"https:\/\/quehacerpolitico.mx\/?p=88529","name":"AMLO dice que tom\u00f3 paracetamol, VapoRub y miel con lim\u00f3n para tratar el COVID-19 -","isPartOf":{"@id":"https:\/\/quehacerpolitico.mx\/#website"},"primaryImageOfPage":{"@id":"https:\/\/quehacerpolitico.mx\/?p=88529#primaryimage"},"image":{"@id":"https:\/\/quehacerpolitico.mx\/?p=88529#primaryimage"},"thumbnailUrl":"https:\/\/quehacerpolitico.mx\/wp-content\/uploads\/2022\/01\/865B6990-4B8F-4CD0-8037-4C06754643A2.jpeg","datePublished":"2022-01-17T15:47:40+00:00","dateModified":"2022-01-17T15:47:43+00:00","author":{"@id":"https:\/\/quehacerpolitico.mx\/#\/schema\/person\/496d8ad2d1d3f8036101dca7ee39e585"},"breadcrumb":{"@id":"https:\/\/quehacerpolitico.mx\/?p=88529#breadcrumb"},"inLanguage":"es","potentialAction":[{"@type":"ReadAction","target":["https:\/\/quehacerpolitico.mx\/?p=88529"]}]},{"@type":"ImageObject","inLanguage":"es","@id":"https:\/\/quehacerpolitico.mx\/?p=88529#primaryimage","url":"https:\/\/quehacerpolitico.mx\/wp-content\/uploads\/2022\/01\/865B6990-4B8F-4CD0-8037-4C06754643A2.jpeg","contentUrl":"https:\/\/quehacerpolitico.mx\/wp-content\/uploads\/2022\/01\/865B6990-4B8F-4CD0-8037-4C06754643A2.jpeg","width":1282,"height":696},{"@type":"BreadcrumbList","@id":"https:\/\/quehacerpolitico.mx\/?p=88529#breadcrumb","itemListElement":[{"@type":"ListItem","position":1,"name":"Inicio","item":"https:\/\/quehacerpolitico.mx\/"},{"@type":"ListItem","position":2,"name":"AMLO dice que tom\u00f3 paracetamol, VapoRub y miel con lim\u00f3n para tratar el COVID-19"}]},{"@type":"WebSite","@id":"https:\/\/quehacerpolitico.mx\/#website","url":"https:\/\/quehacerpolitico.mx\/","name":"","description":"","potentialAction":[{"@type":"SearchAction","target":{"@type":"EntryPoint","urlTemplate":"https:\/\/quehacerpolitico.mx\/?s={search_term_string}"},"query-input":{"@type":"PropertyValueSpecification","valueRequired":true,"valueName":"search_term_string"}}],"inLanguage":"es"},{"@type":"Person","@id":"https:\/\/quehacerpolitico.mx\/#\/schema\/person\/496d8ad2d1d3f8036101dca7ee39e585","name":"Redacci\u00f3n QP","image":{"@type":"ImageObject","inLanguage":"es","@id":"https:\/\/secure.gravatar.com\/avatar\/c7164ed6fdec453195284ad24a5ae5b6e1eed2b848477fa2a4787ba9adf39a41?s=96&d=mm&r=g","url":"https:\/\/secure.gravatar.com\/avatar\/c7164ed6fdec453195284ad24a5ae5b6e1eed2b848477fa2a4787ba9adf39a41?s=96&d=mm&r=g","contentUrl":"https:\/\/secure.gravatar.com\/avatar\/c7164ed6fdec453195284ad24a5ae5b6e1eed2b848477fa2a4787ba9adf39a41?s=96&d=mm&r=g","caption":"Redacci\u00f3n QP"},"url":"https:\/\/quehacerpolitico.mx\/?author=2"}]}},"featured_image_urls":{"full":["https:\/\/quehacerpolitico.mx\/wp-content\/uploads\/2022\/01\/865B6990-4B8F-4CD0-8037-4C06754643A2.jpeg",1282,696,false],"thumbnail":["https:\/\/quehacerpolitico.mx\/wp-content\/uploads\/2022\/01\/865B6990-4B8F-4CD0-8037-4C06754643A2-150x150.jpeg",150,150,true],"medium":["https:\/\/quehacerpolitico.mx\/wp-content\/uploads\/2022\/01\/865B6990-4B8F-4CD0-8037-4C06754643A2-300x163.jpeg",300,163,true],"medium_large":["https:\/\/quehacerpolitico.mx\/wp-content\/uploads\/2022\/01\/865B6990-4B8F-4CD0-8037-4C06754643A2-768x417.jpeg",640,348,true],"large":["https:\/\/quehacerpolitico.mx\/wp-content\/uploads\/2022\/01\/865B6990-4B8F-4CD0-8037-4C06754643A2-1024x556.jpeg",640,348,true],"1536x1536":["https:\/\/quehacerpolitico.mx\/wp-content\/uploads\/2022\/01\/865B6990-4B8F-4CD0-8037-4C06754643A2.jpeg",1282,696,false],"2048x2048":["https:\/\/quehacerpolitico.mx\/wp-content\/uploads\/2022\/01\/865B6990-4B8F-4CD0-8037-4C06754643A2.jpeg",1282,696,false],"covernews-featured":["https:\/\/quehacerpolitico.mx\/wp-content\/uploads\/2022\/01\/865B6990-4B8F-4CD0-8037-4C06754643A2.jpeg",1024,556,false],"covernews-medium":["https:\/\/quehacerpolitico.mx\/wp-content\/uploads\/2022\/01\/865B6990-4B8F-4CD0-8037-4C06754643A2.jpeg",540,293,false]},"author_info":{"display_name":"Redacci\u00f3n QP","author_link":"https:\/\/quehacerpolitico.mx\/?author=2"},"category_info":"<a href=\"https:\/\/quehacerpolitico.mx\/?cat=2\" rel=\"category\">Noticias<\/a>","tag_info":"Noticias","comment_count":"0","_links":{"self":[{"href":"https:\/\/quehacerpolitico.mx\/index.php?rest_route=\/wp\/v2\/posts\/88529","targetHints":{"allow":["GET"]}}],"collection":[{"href":"https:\/\/quehacerpolitico.mx\/index.php?rest_route=\/wp\/v2\/posts"}],"about":[{"href":"https:\/\/quehacerpolitico.mx\/index.php?rest_route=\/wp\/v2\/types\/post"}],"author":[{"embeddable":true,"href":"https:\/\/quehacerpolitico.mx\/index.php?rest_route=\/wp\/v2\/users\/2"}],"replies":[{"embeddable":true,"href":"https:\/\/quehacerpolitico.mx\/index.php?rest_route=%2Fwp%2Fv2%2Fcomments&post=88529"}],"version-history":[{"count":1,"href":"https:\/\/quehacerpolitico.mx\/index.php?rest_route=\/wp\/v2\/posts\/88529\/revisions"}],"predecessor-version":[{"id":88531,"href":"https:\/\/quehacerpolitico.mx\/index.php?rest_route=\/wp\/v2\/posts\/88529\/revisions\/88531"}],"wp:featuredmedia":[{"embeddable":true,"href":"https:\/\/quehacerpolitico.mx\/index.php?rest_route=\/wp\/v2\/media\/88530"}],"wp:attachment":[{"href":"https:\/\/quehacerpolitico.mx\/index.php?rest_route=%2Fwp%2Fv2%2Fmedia&parent=88529"}],"wp:term":[{"taxonomy":"category","embeddable":true,"href":"https:\/\/quehacerpolitico.mx\/index.php?rest_route=%2Fwp%2Fv2%2Fcategories&post=88529"},{"taxonomy":"post_tag","embeddable":true,"href":"https:\/\/quehacerpolitico.mx\/index.php?rest_route=%2Fwp%2Fv2%2Ftags&post=88529"}],"curies":[{"name":"wp","href":"https:\/\/api.w.org\/{rel}","templated":true}]}}