{"id":88526,"date":"2022-01-17T15:37:04","date_gmt":"2022-01-17T15:37:04","guid":{"rendered":"https:\/\/quehacerpolitico.mx\/?p=88526"},"modified":"2022-01-17T15:37:06","modified_gmt":"2022-01-17T15:37:06","slug":"amlo-regresa-a-las-mananeras-reaparece-luego-de-segundo-contagio-covid-19","status":"publish","type":"post","link":"https:\/\/quehacerpolitico.mx\/?p=88526","title":{"rendered":"AMLO regresa a las &#8220;ma\u00f1aneras&#8221;; reaparece luego de segundo contagio COVID-19"},"content":{"rendered":"\n<p>Por Redacci\u00f3n QP<\/p>\n\n\n\n<p>&#8220;Es demostrable que esta variante (\u00f3micron) no tiene la misma gravedad de la anterior, de la variante delta&#8221;, declara AMLO<\/p>\n\n\n\n<p>El presidente Andr\u00e9s Manuel L\u00f3pez Obrador (AMLO) regres\u00f3 este lunes a sus\u00a0conferencias \u201cma\u00f1aneras\u201d luego de su segundo contagio COVID-19,<strong>\u00a0sin portar cubrebocas<\/strong>.<\/p>\n\n\n\n<blockquote class=\"wp-block-quote is-layout-flow wp-block-quote-is-layout-flow\"><p>&#8220;Ya salimos del contagio, nos fue bien&#8221;<\/p><\/blockquote>\n\n\n\n<p>Esta ma\u00f1ana, AMLO reapareci\u00f3 en el Sal\u00f3n de Tesorer\u00eda de Palacio Nacional&nbsp;<strong>luego de permanecer en aislamiento una semana debido a su contagio&nbsp;<\/strong>por coronavirus.<\/p>\n\n\n\n<p><strong>&#8220;Ya salimos del contagio, nos fue bien. Es demostrable que esta variante (\u00f3micron) no tiene la misma gravedad de la anterior, de la variante delta, en s\u00edntomas y tambi\u00e9n en tiempo de recuperaci\u00f3n&#8221;<\/strong>, dijo L\u00f3pez Obrador desde el Palacio Nacional.<\/p>\n\n\n\n<figure class=\"wp-block-embed is-type-rich is-provider-twitter wp-block-embed-twitter\"><div class=\"wp-block-embed__wrapper\">\n<blockquote class=\"twitter-tweet\" data-width=\"550\" data-dnt=\"true\"><p lang=\"es\" dir=\"ltr\"><a href=\"https:\/\/twitter.com\/hashtag\/%C3%9ALTIMAHORA?src=hash&amp;ref_src=twsrc%5Etfw\">#\u00daLTIMAHORA<\/a> | &quot;Ya salimos del contagio&quot;<br><br>As\u00ed es como inicia la <a href=\"https:\/\/twitter.com\/hashtag\/ma%C3%B1anera?src=hash&amp;ref_src=twsrc%5Etfw\">#ma\u00f1anera<\/a> el presidente <a href=\"https:\/\/twitter.com\/lopezobrador_?ref_src=twsrc%5Etfw\">@lopezobrador_<\/a> reapareciendo tras haber dado positivo a <a href=\"https:\/\/twitter.com\/hashtag\/Covid_19?src=hash&amp;ref_src=twsrc%5Etfw\">#Covid_19<\/a> la semana pasada. <a href=\"https:\/\/t.co\/1VSKS6e52c\">pic.twitter.com\/1VSKS6e52c<\/a><\/p>&mdash; Ruido en la Red (@RuidoEnLaRed) <a href=\"https:\/\/twitter.com\/RuidoEnLaRed\/status\/1483071287153025033?ref_src=twsrc%5Etfw\">January 17, 2022<\/a><\/blockquote><script async src=\"https:\/\/platform.twitter.com\/widgets.js\" charset=\"utf-8\"><\/script>\n<\/div><\/figure>\n\n\n\n<p>El Presidente agreg\u00f3 que&nbsp;<strong>&#8220;esto es bueno para que no nos espantemos&#8221;<\/strong>.<\/p>\n\n\n\n<p><strong>&#8220;De todas formas hay que cuidarnos de evitar contagios porque, eso s\u00ed, se trata de una variante muy contagiosa&#8221;<\/strong>, record\u00f3 el l\u00edder mexicano, quien se\u00f1al\u00f3 que\u00a0<strong>&#8220;est\u00e1n creciendo mucho los contagios en el pa\u00eds&#8221;<\/strong>.<\/p>\n\n\n\n<p><strong>&#8220;Pero no as\u00ed las hospitalizaciones y lo m\u00e1s importante no hay incremento en fallecimientos, eso es muy importante&#8221;<\/strong>, apunt\u00f3.<\/p>\n\n\n\n<p>Una vez m\u00e1s, dijo que\u00a0<strong>&#8220;ayuda mucho&#8221; la vacunaci\u00f3n<\/strong>\u00a0y por ello inst\u00f3 a toda la poblaci\u00f3n a aprovechar la vacuna de refuerzo que ya se aplica en el pa\u00eds para algunas franjas de edad.<\/p>\n\n\n\n<p>&#8220;Con esa vamos a lo seguro, con la vacuna de refuerzo, son menos los s\u00edntomas y no nos agravamos&#8221;, apunt\u00f3 AMLO.<\/p>\n\n\n\n<p>Finalmente, L\u00f3pez Obrador agradeci\u00f3 el apoyo y la atenci\u00f3n que le brind\u00f3 la gente.<\/p>\n\n\n\n<p><strong>&#8220;Amor con amor se paga, es rec\u00edproco, yo quiero mucho y lo digo de manera sincera al pueblo de M\u00e9xico y mucha gente me quiere y se preocupa por mi situaci\u00f3n de salud&#8221;<\/strong>, subray\u00f3.<\/p>\n\n\n\n<p>Y tambi\u00e9n agradeci\u00f3 las muestras de &#8220;solidaridad&#8221; de l\u00edderes en el extranjero.<\/p>\n\n\n\n<p>&#8220;Vamos hacia adelante, a seguir trabajando de tiempo completo, porque estuve trabajando, pero no es lo mismo. Ya cuando no tiene uno el contagio ya puede uno volver a todas las actividades y tener reuniones presenciales que no se pueden tener cuando se padece de COVID&#8221;, concluy\u00f3.<\/p>\n\n\n\n<h2 class=\"wp-block-heading\">AMLO se contagi\u00f3 hace una semana<\/h2>\n\n\n\n<p>L\u00f3pez Obrador apareci\u00f3 el lunes pasado en su conferencia con s\u00edntomas de catarro, aunque\u00a0asegur\u00f3 que s\u00f3lo era una gripe.Horas despu\u00e9s se hizo un test y dio positivo a covid-19 por segunda vez en un a\u00f1o.<\/p>\n\n\n\n<p>Esto fue una semana despu\u00e9s de haber estado en contacto con la secretaria de Econom\u00eda, Tatiana Clouthier, quien dio positivo unos d\u00edas antes que el Mandatario.<\/p>\n\n\n\n<p>Durante su convalecencia, AMLO particip\u00f3 por videollamada en varios eventos oficiales e incluso mantuvo una reuni\u00f3n presencial con dos miembros de su gabinete, en un acto que se retransmiti\u00f3 en directo y en el que L\u00f3pez Obrador aprovech\u00f3 para dar remedios caseros contra esta variante de COVID-19, que asegur\u00f3 que solo causa s\u00edntomas leves.<\/p>\n\n\n\n<p>L\u00f3pez Obrador dio positivo por COVID-19 por primera vez a finales de enero de 2021 y en esa ocasi\u00f3n estuvo dos semanas en aislamiento.<\/p>\n\n\n\n<p>Con Informaci\u00f3n de EFE <\/p>\n","protected":false},"excerpt":{"rendered":"<p>Por Redacci\u00f3n QP &#8220;Es demostrable que esta variante (\u00f3micron) no tiene la misma gravedad de&#8230;<\/p>\n","protected":false},"author":2,"featured_media":88527,"comment_status":"open","ping_status":"open","sticky":false,"template":"","format":"standard","meta":{"_monsterinsights_skip_tracking":false,"_monsterinsights_sitenote_active":false,"_monsterinsights_sitenote_note":"","_monsterinsights_sitenote_category":0,"footnotes":""},"categories":[2],"tags":[],"class_list":["post-88526","post","type-post","status-publish","format-standard","has-post-thumbnail","hentry","category-noticias"],"yoast_head":"<!-- This site is optimized with the Yoast SEO plugin v27.3 - https:\/\/yoast.com\/product\/yoast-seo-wordpress\/ -->\n<title>AMLO regresa a las &quot;ma\u00f1aneras&quot;; reaparece luego de segundo contagio COVID-19 -<\/title>\n<meta name=\"robots\" content=\"index, follow, max-snippet:-1, max-image-preview:large, max-video-preview:-1\" \/>\n<link rel=\"canonical\" href=\"https:\/\/quehacerpolitico.mx\/?p=88526\" \/>\n<meta property=\"og:locale\" content=\"es_MX\" \/>\n<meta property=\"og:type\" content=\"article\" \/>\n<meta property=\"og:title\" content=\"AMLO regresa a las &quot;ma\u00f1aneras&quot;; reaparece luego de segundo contagio COVID-19 -\" \/>\n<meta property=\"og:description\" content=\"Por Redacci\u00f3n QP &#8220;Es demostrable que esta variante (\u00f3micron) no tiene la misma gravedad de...\" \/>\n<meta property=\"og:url\" content=\"https:\/\/quehacerpolitico.mx\/?p=88526\" \/>\n<meta property=\"article:published_time\" content=\"2022-01-17T15:37:04+00:00\" \/>\n<meta property=\"article:modified_time\" content=\"2022-01-17T15:37:06+00:00\" \/>\n<meta property=\"og:image\" content=\"https:\/\/quehacerpolitico.mx\/wp-content\/uploads\/2022\/01\/2277194C-27D2-47A3-9E37-E594637D6C9D.jpeg\" \/>\n\t<meta property=\"og:image:width\" content=\"1284\" \/>\n\t<meta property=\"og:image:height\" content=\"709\" \/>\n\t<meta property=\"og:image:type\" content=\"image\/jpeg\" \/>\n<meta name=\"author\" content=\"Redacci\u00f3n QP\" \/>\n<meta name=\"twitter:card\" content=\"summary_large_image\" \/>\n<meta name=\"twitter:label1\" content=\"Escrito por\" \/>\n\t<meta name=\"twitter:data1\" content=\"Redacci\u00f3n QP\" \/>\n\t<meta name=\"twitter:label2\" content=\"Tiempo de lectura\" \/>\n\t<meta name=\"twitter:data2\" content=\"3 minutos\" \/>\n<script type=\"application\/ld+json\" class=\"yoast-schema-graph\">{\"@context\":\"https:\\\/\\\/schema.org\",\"@graph\":[{\"@type\":\"Article\",\"@id\":\"https:\\\/\\\/quehacerpolitico.mx\\\/?p=88526#article\",\"isPartOf\":{\"@id\":\"https:\\\/\\\/quehacerpolitico.mx\\\/?p=88526\"},\"author\":{\"name\":\"Redacci\u00f3n QP\",\"@id\":\"https:\\\/\\\/quehacerpolitico.mx\\\/#\\\/schema\\\/person\\\/496d8ad2d1d3f8036101dca7ee39e585\"},\"headline\":\"AMLO regresa a las &#8220;ma\u00f1aneras&#8221;; reaparece luego de segundo contagio COVID-19\",\"datePublished\":\"2022-01-17T15:37:04+00:00\",\"dateModified\":\"2022-01-17T15:37:06+00:00\",\"mainEntityOfPage\":{\"@id\":\"https:\\\/\\\/quehacerpolitico.mx\\\/?p=88526\"},\"wordCount\":559,\"commentCount\":0,\"image\":{\"@id\":\"https:\\\/\\\/quehacerpolitico.mx\\\/?p=88526#primaryimage\"},\"thumbnailUrl\":\"https:\\\/\\\/quehacerpolitico.mx\\\/wp-content\\\/uploads\\\/2022\\\/01\\\/2277194C-27D2-47A3-9E37-E594637D6C9D.jpeg\",\"articleSection\":[\"Noticias\"],\"inLanguage\":\"es\",\"potentialAction\":[{\"@type\":\"CommentAction\",\"name\":\"Comment\",\"target\":[\"https:\\\/\\\/quehacerpolitico.mx\\\/?p=88526#respond\"]}]},{\"@type\":\"WebPage\",\"@id\":\"https:\\\/\\\/quehacerpolitico.mx\\\/?p=88526\",\"url\":\"https:\\\/\\\/quehacerpolitico.mx\\\/?p=88526\",\"name\":\"AMLO regresa a las \\\"ma\u00f1aneras\\\"; reaparece luego de segundo contagio COVID-19 -\",\"isPartOf\":{\"@id\":\"https:\\\/\\\/quehacerpolitico.mx\\\/#website\"},\"primaryImageOfPage\":{\"@id\":\"https:\\\/\\\/quehacerpolitico.mx\\\/?p=88526#primaryimage\"},\"image\":{\"@id\":\"https:\\\/\\\/quehacerpolitico.mx\\\/?p=88526#primaryimage\"},\"thumbnailUrl\":\"https:\\\/\\\/quehacerpolitico.mx\\\/wp-content\\\/uploads\\\/2022\\\/01\\\/2277194C-27D2-47A3-9E37-E594637D6C9D.jpeg\",\"datePublished\":\"2022-01-17T15:37:04+00:00\",\"dateModified\":\"2022-01-17T15:37:06+00:00\",\"author\":{\"@id\":\"https:\\\/\\\/quehacerpolitico.mx\\\/#\\\/schema\\\/person\\\/496d8ad2d1d3f8036101dca7ee39e585\"},\"breadcrumb\":{\"@id\":\"https:\\\/\\\/quehacerpolitico.mx\\\/?p=88526#breadcrumb\"},\"inLanguage\":\"es\",\"potentialAction\":[{\"@type\":\"ReadAction\",\"target\":[\"https:\\\/\\\/quehacerpolitico.mx\\\/?p=88526\"]}]},{\"@type\":\"ImageObject\",\"inLanguage\":\"es\",\"@id\":\"https:\\\/\\\/quehacerpolitico.mx\\\/?p=88526#primaryimage\",\"url\":\"https:\\\/\\\/quehacerpolitico.mx\\\/wp-content\\\/uploads\\\/2022\\\/01\\\/2277194C-27D2-47A3-9E37-E594637D6C9D.jpeg\",\"contentUrl\":\"https:\\\/\\\/quehacerpolitico.mx\\\/wp-content\\\/uploads\\\/2022\\\/01\\\/2277194C-27D2-47A3-9E37-E594637D6C9D.jpeg\",\"width\":1284,\"height\":709},{\"@type\":\"BreadcrumbList\",\"@id\":\"https:\\\/\\\/quehacerpolitico.mx\\\/?p=88526#breadcrumb\",\"itemListElement\":[{\"@type\":\"ListItem\",\"position\":1,\"name\":\"Inicio\",\"item\":\"https:\\\/\\\/quehacerpolitico.mx\\\/\"},{\"@type\":\"ListItem\",\"position\":2,\"name\":\"AMLO regresa a las &#8220;ma\u00f1aneras&#8221;; reaparece luego de segundo contagio COVID-19\"}]},{\"@type\":\"WebSite\",\"@id\":\"https:\\\/\\\/quehacerpolitico.mx\\\/#website\",\"url\":\"https:\\\/\\\/quehacerpolitico.mx\\\/\",\"name\":\"\",\"description\":\"\",\"potentialAction\":[{\"@type\":\"SearchAction\",\"target\":{\"@type\":\"EntryPoint\",\"urlTemplate\":\"https:\\\/\\\/quehacerpolitico.mx\\\/?s={search_term_string}\"},\"query-input\":{\"@type\":\"PropertyValueSpecification\",\"valueRequired\":true,\"valueName\":\"search_term_string\"}}],\"inLanguage\":\"es\"},{\"@type\":\"Person\",\"@id\":\"https:\\\/\\\/quehacerpolitico.mx\\\/#\\\/schema\\\/person\\\/496d8ad2d1d3f8036101dca7ee39e585\",\"name\":\"Redacci\u00f3n QP\",\"image\":{\"@type\":\"ImageObject\",\"inLanguage\":\"es\",\"@id\":\"https:\\\/\\\/secure.gravatar.com\\\/avatar\\\/c7164ed6fdec453195284ad24a5ae5b6e1eed2b848477fa2a4787ba9adf39a41?s=96&d=mm&r=g\",\"url\":\"https:\\\/\\\/secure.gravatar.com\\\/avatar\\\/c7164ed6fdec453195284ad24a5ae5b6e1eed2b848477fa2a4787ba9adf39a41?s=96&d=mm&r=g\",\"contentUrl\":\"https:\\\/\\\/secure.gravatar.com\\\/avatar\\\/c7164ed6fdec453195284ad24a5ae5b6e1eed2b848477fa2a4787ba9adf39a41?s=96&d=mm&r=g\",\"caption\":\"Redacci\u00f3n QP\"},\"url\":\"https:\\\/\\\/quehacerpolitico.mx\\\/?author=2\"}]}<\/script>\n<!-- \/ Yoast SEO plugin. -->","yoast_head_json":{"title":"AMLO regresa a las \"ma\u00f1aneras\"; reaparece luego de segundo contagio COVID-19 -","robots":{"index":"index","follow":"follow","max-snippet":"max-snippet:-1","max-image-preview":"max-image-preview:large","max-video-preview":"max-video-preview:-1"},"canonical":"https:\/\/quehacerpolitico.mx\/?p=88526","og_locale":"es_MX","og_type":"article","og_title":"AMLO regresa a las \"ma\u00f1aneras\"; reaparece luego de segundo contagio COVID-19 -","og_description":"Por Redacci\u00f3n QP &#8220;Es demostrable que esta variante (\u00f3micron) no tiene la misma gravedad de...","og_url":"https:\/\/quehacerpolitico.mx\/?p=88526","article_published_time":"2022-01-17T15:37:04+00:00","article_modified_time":"2022-01-17T15:37:06+00:00","og_image":[{"width":1284,"height":709,"url":"https:\/\/quehacerpolitico.mx\/wp-content\/uploads\/2022\/01\/2277194C-27D2-47A3-9E37-E594637D6C9D.jpeg","type":"image\/jpeg"}],"author":"Redacci\u00f3n QP","twitter_card":"summary_large_image","twitter_misc":{"Escrito por":"Redacci\u00f3n QP","Tiempo de lectura":"3 minutos"},"schema":{"@context":"https:\/\/schema.org","@graph":[{"@type":"Article","@id":"https:\/\/quehacerpolitico.mx\/?p=88526#article","isPartOf":{"@id":"https:\/\/quehacerpolitico.mx\/?p=88526"},"author":{"name":"Redacci\u00f3n QP","@id":"https:\/\/quehacerpolitico.mx\/#\/schema\/person\/496d8ad2d1d3f8036101dca7ee39e585"},"headline":"AMLO regresa a las &#8220;ma\u00f1aneras&#8221;; reaparece luego de segundo contagio COVID-19","datePublished":"2022-01-17T15:37:04+00:00","dateModified":"2022-01-17T15:37:06+00:00","mainEntityOfPage":{"@id":"https:\/\/quehacerpolitico.mx\/?p=88526"},"wordCount":559,"commentCount":0,"image":{"@id":"https:\/\/quehacerpolitico.mx\/?p=88526#primaryimage"},"thumbnailUrl":"https:\/\/quehacerpolitico.mx\/wp-content\/uploads\/2022\/01\/2277194C-27D2-47A3-9E37-E594637D6C9D.jpeg","articleSection":["Noticias"],"inLanguage":"es","potentialAction":[{"@type":"CommentAction","name":"Comment","target":["https:\/\/quehacerpolitico.mx\/?p=88526#respond"]}]},{"@type":"WebPage","@id":"https:\/\/quehacerpolitico.mx\/?p=88526","url":"https:\/\/quehacerpolitico.mx\/?p=88526","name":"AMLO regresa a las \"ma\u00f1aneras\"; reaparece luego de segundo contagio COVID-19 -","isPartOf":{"@id":"https:\/\/quehacerpolitico.mx\/#website"},"primaryImageOfPage":{"@id":"https:\/\/quehacerpolitico.mx\/?p=88526#primaryimage"},"image":{"@id":"https:\/\/quehacerpolitico.mx\/?p=88526#primaryimage"},"thumbnailUrl":"https:\/\/quehacerpolitico.mx\/wp-content\/uploads\/2022\/01\/2277194C-27D2-47A3-9E37-E594637D6C9D.jpeg","datePublished":"2022-01-17T15:37:04+00:00","dateModified":"2022-01-17T15:37:06+00:00","author":{"@id":"https:\/\/quehacerpolitico.mx\/#\/schema\/person\/496d8ad2d1d3f8036101dca7ee39e585"},"breadcrumb":{"@id":"https:\/\/quehacerpolitico.mx\/?p=88526#breadcrumb"},"inLanguage":"es","potentialAction":[{"@type":"ReadAction","target":["https:\/\/quehacerpolitico.mx\/?p=88526"]}]},{"@type":"ImageObject","inLanguage":"es","@id":"https:\/\/quehacerpolitico.mx\/?p=88526#primaryimage","url":"https:\/\/quehacerpolitico.mx\/wp-content\/uploads\/2022\/01\/2277194C-27D2-47A3-9E37-E594637D6C9D.jpeg","contentUrl":"https:\/\/quehacerpolitico.mx\/wp-content\/uploads\/2022\/01\/2277194C-27D2-47A3-9E37-E594637D6C9D.jpeg","width":1284,"height":709},{"@type":"BreadcrumbList","@id":"https:\/\/quehacerpolitico.mx\/?p=88526#breadcrumb","itemListElement":[{"@type":"ListItem","position":1,"name":"Inicio","item":"https:\/\/quehacerpolitico.mx\/"},{"@type":"ListItem","position":2,"name":"AMLO regresa a las &#8220;ma\u00f1aneras&#8221;; reaparece luego de segundo contagio COVID-19"}]},{"@type":"WebSite","@id":"https:\/\/quehacerpolitico.mx\/#website","url":"https:\/\/quehacerpolitico.mx\/","name":"","description":"","potentialAction":[{"@type":"SearchAction","target":{"@type":"EntryPoint","urlTemplate":"https:\/\/quehacerpolitico.mx\/?s={search_term_string}"},"query-input":{"@type":"PropertyValueSpecification","valueRequired":true,"valueName":"search_term_string"}}],"inLanguage":"es"},{"@type":"Person","@id":"https:\/\/quehacerpolitico.mx\/#\/schema\/person\/496d8ad2d1d3f8036101dca7ee39e585","name":"Redacci\u00f3n QP","image":{"@type":"ImageObject","inLanguage":"es","@id":"https:\/\/secure.gravatar.com\/avatar\/c7164ed6fdec453195284ad24a5ae5b6e1eed2b848477fa2a4787ba9adf39a41?s=96&d=mm&r=g","url":"https:\/\/secure.gravatar.com\/avatar\/c7164ed6fdec453195284ad24a5ae5b6e1eed2b848477fa2a4787ba9adf39a41?s=96&d=mm&r=g","contentUrl":"https:\/\/secure.gravatar.com\/avatar\/c7164ed6fdec453195284ad24a5ae5b6e1eed2b848477fa2a4787ba9adf39a41?s=96&d=mm&r=g","caption":"Redacci\u00f3n QP"},"url":"https:\/\/quehacerpolitico.mx\/?author=2"}]}},"featured_image_urls":{"full":["https:\/\/quehacerpolitico.mx\/wp-content\/uploads\/2022\/01\/2277194C-27D2-47A3-9E37-E594637D6C9D.jpeg",1284,709,false],"thumbnail":["https:\/\/quehacerpolitico.mx\/wp-content\/uploads\/2022\/01\/2277194C-27D2-47A3-9E37-E594637D6C9D-150x150.jpeg",150,150,true],"medium":["https:\/\/quehacerpolitico.mx\/wp-content\/uploads\/2022\/01\/2277194C-27D2-47A3-9E37-E594637D6C9D-300x166.jpeg",300,166,true],"medium_large":["https:\/\/quehacerpolitico.mx\/wp-content\/uploads\/2022\/01\/2277194C-27D2-47A3-9E37-E594637D6C9D-768x424.jpeg",640,353,true],"large":["https:\/\/quehacerpolitico.mx\/wp-content\/uploads\/2022\/01\/2277194C-27D2-47A3-9E37-E594637D6C9D-1024x565.jpeg",640,353,true],"1536x1536":["https:\/\/quehacerpolitico.mx\/wp-content\/uploads\/2022\/01\/2277194C-27D2-47A3-9E37-E594637D6C9D.jpeg",1284,709,false],"2048x2048":["https:\/\/quehacerpolitico.mx\/wp-content\/uploads\/2022\/01\/2277194C-27D2-47A3-9E37-E594637D6C9D.jpeg",1284,709,false],"covernews-featured":["https:\/\/quehacerpolitico.mx\/wp-content\/uploads\/2022\/01\/2277194C-27D2-47A3-9E37-E594637D6C9D.jpeg",1024,565,false],"covernews-medium":["https:\/\/quehacerpolitico.mx\/wp-content\/uploads\/2022\/01\/2277194C-27D2-47A3-9E37-E594637D6C9D.jpeg",540,298,false]},"author_info":{"display_name":"Redacci\u00f3n QP","author_link":"https:\/\/quehacerpolitico.mx\/?author=2"},"category_info":"<a href=\"https:\/\/quehacerpolitico.mx\/?cat=2\" rel=\"category\">Noticias<\/a>","tag_info":"Noticias","comment_count":"0","_links":{"self":[{"href":"https:\/\/quehacerpolitico.mx\/index.php?rest_route=\/wp\/v2\/posts\/88526","targetHints":{"allow":["GET"]}}],"collection":[{"href":"https:\/\/quehacerpolitico.mx\/index.php?rest_route=\/wp\/v2\/posts"}],"about":[{"href":"https:\/\/quehacerpolitico.mx\/index.php?rest_route=\/wp\/v2\/types\/post"}],"author":[{"embeddable":true,"href":"https:\/\/quehacerpolitico.mx\/index.php?rest_route=\/wp\/v2\/users\/2"}],"replies":[{"embeddable":true,"href":"https:\/\/quehacerpolitico.mx\/index.php?rest_route=%2Fwp%2Fv2%2Fcomments&post=88526"}],"version-history":[{"count":1,"href":"https:\/\/quehacerpolitico.mx\/index.php?rest_route=\/wp\/v2\/posts\/88526\/revisions"}],"predecessor-version":[{"id":88528,"href":"https:\/\/quehacerpolitico.mx\/index.php?rest_route=\/wp\/v2\/posts\/88526\/revisions\/88528"}],"wp:featuredmedia":[{"embeddable":true,"href":"https:\/\/quehacerpolitico.mx\/index.php?rest_route=\/wp\/v2\/media\/88527"}],"wp:attachment":[{"href":"https:\/\/quehacerpolitico.mx\/index.php?rest_route=%2Fwp%2Fv2%2Fmedia&parent=88526"}],"wp:term":[{"taxonomy":"category","embeddable":true,"href":"https:\/\/quehacerpolitico.mx\/index.php?rest_route=%2Fwp%2Fv2%2Fcategories&post=88526"},{"taxonomy":"post_tag","embeddable":true,"href":"https:\/\/quehacerpolitico.mx\/index.php?rest_route=%2Fwp%2Fv2%2Ftags&post=88526"}],"curies":[{"name":"wp","href":"https:\/\/api.w.org\/{rel}","templated":true}]}}