{"id":88414,"date":"2022-01-14T04:32:07","date_gmt":"2022-01-14T04:32:07","guid":{"rendered":"https:\/\/quehacerpolitico.mx\/?p=88414"},"modified":"2022-01-14T04:32:09","modified_gmt":"2022-01-14T04:32:09","slug":"juez-suspende-orden-de-captura-contra-el-exfuncionario-raymundo-collins","status":"publish","type":"post","link":"https:\/\/quehacerpolitico.mx\/?p=88414","title":{"rendered":"Juez suspende orden de captura contra el exfuncionario Raymundo Collins"},"content":{"rendered":"\n<p>Por Redacci\u00f3n QP<\/p>\n\n\n\n<p>El exsecretario de Seguridad P\u00fablica es acusado de cometer irregularidades durante su gesti\u00f3n en el Instituto de Vivienda de la Ciudad de M\u00e9xico<\/p>\n\n\n\n<p>Un juez en la Ciudad de M\u00e9xico notific\u00f3 que&nbsp;<strong>dej\u00f3 sin efectos la orden de captura emitida contra el exsecretario de Seguridad P\u00fablica capitalina, Raymundo Collins Flores,<\/strong>&nbsp;por uso ilegal de atribuciones y facultades.<\/p>\n\n\n\n<p>El juez de Control del Sistema Penal Acusatorio de la Ciudad de M\u00e9xico, adscrito a la Unidad de Gesti\u00f3n Judicial n\u00famero 12, inform\u00f3 al Quinto Tribunal Colegiado que&nbsp;<strong>cancel\u00f3 el mandamiento de captura solicitado por la Fiscal\u00eda General de Justicia de la Ciudad de M\u00e9xico.<\/strong><\/p>\n\n\n\n<p>&#8220;T\u00e9ngase por recibido el oficio suscrito por el Juez de Control del Sistema Procesal Penal Acusatorio de la Ciudad de M\u00e9xico, adscrito a la Unidad de Gesti\u00f3n Judicial N\u00famero Doce, mediante el cual hace del conocimiento que dejo sin efectos la determinaci\u00f3n adoptada el cinco de octubre de dos mil veintiuno, as\u00ed como la orden de aprehensi\u00f3n de siete de enero de dos mil veintiuno, como forma de conducci\u00f3n a proceso del quejoso; de lo que se toma conocimiento&#8221;, se\u00f1al\u00f3 el Colegiado.<\/p>\n\n\n\n<p>La decisi\u00f3n del juez local&nbsp;<strong>deriv\u00f3 del cumplimiento al amparo concedido a Collins Flores<\/strong>, quien es acusado por supuestamente cometer irregularidades durante su gesti\u00f3n en el Instituto de Vivienda de la Ciudad de M\u00e9xico.<\/p>\n\n\n\n<p>Dicho amparo fue confirmado por el Quinto Tribunal Colegiado al considerar que no se justific\u00f3 la orden de privarlo de la libertad y ordenaron emitir una nueva resoluci\u00f3n en la que se analice de manera fundada y motivada la solicitud del ministerio p\u00fablico local.<\/p>\n\n\n\n<p>Para conseguir la orden de captura, la Fiscal\u00eda capitalina afirm\u00f3 que Collins cuenta con diversos domicilios en los que no se presenta desde hace tiempo y que el Instituto Nacional de Migraci\u00f3n inform\u00f3 que en 2019 tuvo al menos cuatro salidas del pa\u00eds.<\/p>\n\n\n\n<p>Con Informaci\u00f3n de SUN <\/p>\n","protected":false},"excerpt":{"rendered":"<p>Por Redacci\u00f3n QP El exsecretario de Seguridad P\u00fablica es acusado de cometer irregularidades durante su&#8230;<\/p>\n","protected":false},"author":2,"featured_media":88415,"comment_status":"open","ping_status":"open","sticky":false,"template":"","format":"standard","meta":{"_monsterinsights_skip_tracking":false,"_monsterinsights_sitenote_active":false,"_monsterinsights_sitenote_note":"","_monsterinsights_sitenote_category":0,"footnotes":""},"categories":[2],"tags":[],"class_list":["post-88414","post","type-post","status-publish","format-standard","has-post-thumbnail","hentry","category-noticias"],"yoast_head":"<!-- This site is optimized with the Yoast SEO plugin v27.3 - https:\/\/yoast.com\/product\/yoast-seo-wordpress\/ -->\n<title>Juez suspende orden de captura contra el exfuncionario Raymundo Collins -<\/title>\n<meta name=\"robots\" content=\"index, follow, max-snippet:-1, max-image-preview:large, max-video-preview:-1\" \/>\n<link rel=\"canonical\" href=\"https:\/\/quehacerpolitico.mx\/?p=88414\" \/>\n<meta property=\"og:locale\" content=\"es_MX\" \/>\n<meta property=\"og:type\" content=\"article\" \/>\n<meta property=\"og:title\" content=\"Juez suspende orden de captura contra el exfuncionario Raymundo Collins -\" \/>\n<meta property=\"og:description\" content=\"Por Redacci\u00f3n QP El exsecretario de Seguridad P\u00fablica es acusado de cometer irregularidades durante su...\" \/>\n<meta property=\"og:url\" content=\"https:\/\/quehacerpolitico.mx\/?p=88414\" \/>\n<meta property=\"article:published_time\" content=\"2022-01-14T04:32:07+00:00\" \/>\n<meta property=\"article:modified_time\" content=\"2022-01-14T04:32:09+00:00\" \/>\n<meta property=\"og:image\" content=\"https:\/\/quehacerpolitico.mx\/wp-content\/uploads\/2022\/01\/239F6A80-15EC-4B51-8C91-1787A716C576.jpeg\" \/>\n\t<meta property=\"og:image:width\" content=\"608\" \/>\n\t<meta property=\"og:image:height\" content=\"342\" \/>\n\t<meta property=\"og:image:type\" content=\"image\/jpeg\" \/>\n<meta name=\"author\" content=\"Redacci\u00f3n QP\" \/>\n<meta name=\"twitter:card\" content=\"summary_large_image\" \/>\n<meta name=\"twitter:label1\" content=\"Escrito por\" \/>\n\t<meta name=\"twitter:data1\" content=\"Redacci\u00f3n QP\" \/>\n\t<meta name=\"twitter:label2\" content=\"Tiempo de lectura\" \/>\n\t<meta name=\"twitter:data2\" content=\"2 minutos\" \/>\n<script type=\"application\/ld+json\" class=\"yoast-schema-graph\">{\"@context\":\"https:\\\/\\\/schema.org\",\"@graph\":[{\"@type\":\"Article\",\"@id\":\"https:\\\/\\\/quehacerpolitico.mx\\\/?p=88414#article\",\"isPartOf\":{\"@id\":\"https:\\\/\\\/quehacerpolitico.mx\\\/?p=88414\"},\"author\":{\"name\":\"Redacci\u00f3n QP\",\"@id\":\"https:\\\/\\\/quehacerpolitico.mx\\\/#\\\/schema\\\/person\\\/496d8ad2d1d3f8036101dca7ee39e585\"},\"headline\":\"Juez suspende orden de captura contra el exfuncionario Raymundo Collins\",\"datePublished\":\"2022-01-14T04:32:07+00:00\",\"dateModified\":\"2022-01-14T04:32:09+00:00\",\"mainEntityOfPage\":{\"@id\":\"https:\\\/\\\/quehacerpolitico.mx\\\/?p=88414\"},\"wordCount\":352,\"commentCount\":0,\"image\":{\"@id\":\"https:\\\/\\\/quehacerpolitico.mx\\\/?p=88414#primaryimage\"},\"thumbnailUrl\":\"https:\\\/\\\/quehacerpolitico.mx\\\/wp-content\\\/uploads\\\/2022\\\/01\\\/239F6A80-15EC-4B51-8C91-1787A716C576.jpeg\",\"articleSection\":[\"Noticias\"],\"inLanguage\":\"es\",\"potentialAction\":[{\"@type\":\"CommentAction\",\"name\":\"Comment\",\"target\":[\"https:\\\/\\\/quehacerpolitico.mx\\\/?p=88414#respond\"]}]},{\"@type\":\"WebPage\",\"@id\":\"https:\\\/\\\/quehacerpolitico.mx\\\/?p=88414\",\"url\":\"https:\\\/\\\/quehacerpolitico.mx\\\/?p=88414\",\"name\":\"Juez suspende orden de captura contra el exfuncionario Raymundo Collins -\",\"isPartOf\":{\"@id\":\"https:\\\/\\\/quehacerpolitico.mx\\\/#website\"},\"primaryImageOfPage\":{\"@id\":\"https:\\\/\\\/quehacerpolitico.mx\\\/?p=88414#primaryimage\"},\"image\":{\"@id\":\"https:\\\/\\\/quehacerpolitico.mx\\\/?p=88414#primaryimage\"},\"thumbnailUrl\":\"https:\\\/\\\/quehacerpolitico.mx\\\/wp-content\\\/uploads\\\/2022\\\/01\\\/239F6A80-15EC-4B51-8C91-1787A716C576.jpeg\",\"datePublished\":\"2022-01-14T04:32:07+00:00\",\"dateModified\":\"2022-01-14T04:32:09+00:00\",\"author\":{\"@id\":\"https:\\\/\\\/quehacerpolitico.mx\\\/#\\\/schema\\\/person\\\/496d8ad2d1d3f8036101dca7ee39e585\"},\"breadcrumb\":{\"@id\":\"https:\\\/\\\/quehacerpolitico.mx\\\/?p=88414#breadcrumb\"},\"inLanguage\":\"es\",\"potentialAction\":[{\"@type\":\"ReadAction\",\"target\":[\"https:\\\/\\\/quehacerpolitico.mx\\\/?p=88414\"]}]},{\"@type\":\"ImageObject\",\"inLanguage\":\"es\",\"@id\":\"https:\\\/\\\/quehacerpolitico.mx\\\/?p=88414#primaryimage\",\"url\":\"https:\\\/\\\/quehacerpolitico.mx\\\/wp-content\\\/uploads\\\/2022\\\/01\\\/239F6A80-15EC-4B51-8C91-1787A716C576.jpeg\",\"contentUrl\":\"https:\\\/\\\/quehacerpolitico.mx\\\/wp-content\\\/uploads\\\/2022\\\/01\\\/239F6A80-15EC-4B51-8C91-1787A716C576.jpeg\",\"width\":608,\"height\":342},{\"@type\":\"BreadcrumbList\",\"@id\":\"https:\\\/\\\/quehacerpolitico.mx\\\/?p=88414#breadcrumb\",\"itemListElement\":[{\"@type\":\"ListItem\",\"position\":1,\"name\":\"Inicio\",\"item\":\"https:\\\/\\\/quehacerpolitico.mx\\\/\"},{\"@type\":\"ListItem\",\"position\":2,\"name\":\"Juez suspende orden de captura contra el exfuncionario Raymundo Collins\"}]},{\"@type\":\"WebSite\",\"@id\":\"https:\\\/\\\/quehacerpolitico.mx\\\/#website\",\"url\":\"https:\\\/\\\/quehacerpolitico.mx\\\/\",\"name\":\"\",\"description\":\"\",\"potentialAction\":[{\"@type\":\"SearchAction\",\"target\":{\"@type\":\"EntryPoint\",\"urlTemplate\":\"https:\\\/\\\/quehacerpolitico.mx\\\/?s={search_term_string}\"},\"query-input\":{\"@type\":\"PropertyValueSpecification\",\"valueRequired\":true,\"valueName\":\"search_term_string\"}}],\"inLanguage\":\"es\"},{\"@type\":\"Person\",\"@id\":\"https:\\\/\\\/quehacerpolitico.mx\\\/#\\\/schema\\\/person\\\/496d8ad2d1d3f8036101dca7ee39e585\",\"name\":\"Redacci\u00f3n QP\",\"image\":{\"@type\":\"ImageObject\",\"inLanguage\":\"es\",\"@id\":\"https:\\\/\\\/secure.gravatar.com\\\/avatar\\\/c7164ed6fdec453195284ad24a5ae5b6e1eed2b848477fa2a4787ba9adf39a41?s=96&d=mm&r=g\",\"url\":\"https:\\\/\\\/secure.gravatar.com\\\/avatar\\\/c7164ed6fdec453195284ad24a5ae5b6e1eed2b848477fa2a4787ba9adf39a41?s=96&d=mm&r=g\",\"contentUrl\":\"https:\\\/\\\/secure.gravatar.com\\\/avatar\\\/c7164ed6fdec453195284ad24a5ae5b6e1eed2b848477fa2a4787ba9adf39a41?s=96&d=mm&r=g\",\"caption\":\"Redacci\u00f3n QP\"},\"url\":\"https:\\\/\\\/quehacerpolitico.mx\\\/?author=2\"}]}<\/script>\n<!-- \/ Yoast SEO plugin. -->","yoast_head_json":{"title":"Juez suspende orden de captura contra el exfuncionario Raymundo Collins -","robots":{"index":"index","follow":"follow","max-snippet":"max-snippet:-1","max-image-preview":"max-image-preview:large","max-video-preview":"max-video-preview:-1"},"canonical":"https:\/\/quehacerpolitico.mx\/?p=88414","og_locale":"es_MX","og_type":"article","og_title":"Juez suspende orden de captura contra el exfuncionario Raymundo Collins -","og_description":"Por Redacci\u00f3n QP El exsecretario de Seguridad P\u00fablica es acusado de cometer irregularidades durante su...","og_url":"https:\/\/quehacerpolitico.mx\/?p=88414","article_published_time":"2022-01-14T04:32:07+00:00","article_modified_time":"2022-01-14T04:32:09+00:00","og_image":[{"width":608,"height":342,"url":"https:\/\/quehacerpolitico.mx\/wp-content\/uploads\/2022\/01\/239F6A80-15EC-4B51-8C91-1787A716C576.jpeg","type":"image\/jpeg"}],"author":"Redacci\u00f3n QP","twitter_card":"summary_large_image","twitter_misc":{"Escrito por":"Redacci\u00f3n QP","Tiempo de lectura":"2 minutos"},"schema":{"@context":"https:\/\/schema.org","@graph":[{"@type":"Article","@id":"https:\/\/quehacerpolitico.mx\/?p=88414#article","isPartOf":{"@id":"https:\/\/quehacerpolitico.mx\/?p=88414"},"author":{"name":"Redacci\u00f3n QP","@id":"https:\/\/quehacerpolitico.mx\/#\/schema\/person\/496d8ad2d1d3f8036101dca7ee39e585"},"headline":"Juez suspende orden de captura contra el exfuncionario Raymundo Collins","datePublished":"2022-01-14T04:32:07+00:00","dateModified":"2022-01-14T04:32:09+00:00","mainEntityOfPage":{"@id":"https:\/\/quehacerpolitico.mx\/?p=88414"},"wordCount":352,"commentCount":0,"image":{"@id":"https:\/\/quehacerpolitico.mx\/?p=88414#primaryimage"},"thumbnailUrl":"https:\/\/quehacerpolitico.mx\/wp-content\/uploads\/2022\/01\/239F6A80-15EC-4B51-8C91-1787A716C576.jpeg","articleSection":["Noticias"],"inLanguage":"es","potentialAction":[{"@type":"CommentAction","name":"Comment","target":["https:\/\/quehacerpolitico.mx\/?p=88414#respond"]}]},{"@type":"WebPage","@id":"https:\/\/quehacerpolitico.mx\/?p=88414","url":"https:\/\/quehacerpolitico.mx\/?p=88414","name":"Juez suspende orden de captura contra el exfuncionario Raymundo Collins -","isPartOf":{"@id":"https:\/\/quehacerpolitico.mx\/#website"},"primaryImageOfPage":{"@id":"https:\/\/quehacerpolitico.mx\/?p=88414#primaryimage"},"image":{"@id":"https:\/\/quehacerpolitico.mx\/?p=88414#primaryimage"},"thumbnailUrl":"https:\/\/quehacerpolitico.mx\/wp-content\/uploads\/2022\/01\/239F6A80-15EC-4B51-8C91-1787A716C576.jpeg","datePublished":"2022-01-14T04:32:07+00:00","dateModified":"2022-01-14T04:32:09+00:00","author":{"@id":"https:\/\/quehacerpolitico.mx\/#\/schema\/person\/496d8ad2d1d3f8036101dca7ee39e585"},"breadcrumb":{"@id":"https:\/\/quehacerpolitico.mx\/?p=88414#breadcrumb"},"inLanguage":"es","potentialAction":[{"@type":"ReadAction","target":["https:\/\/quehacerpolitico.mx\/?p=88414"]}]},{"@type":"ImageObject","inLanguage":"es","@id":"https:\/\/quehacerpolitico.mx\/?p=88414#primaryimage","url":"https:\/\/quehacerpolitico.mx\/wp-content\/uploads\/2022\/01\/239F6A80-15EC-4B51-8C91-1787A716C576.jpeg","contentUrl":"https:\/\/quehacerpolitico.mx\/wp-content\/uploads\/2022\/01\/239F6A80-15EC-4B51-8C91-1787A716C576.jpeg","width":608,"height":342},{"@type":"BreadcrumbList","@id":"https:\/\/quehacerpolitico.mx\/?p=88414#breadcrumb","itemListElement":[{"@type":"ListItem","position":1,"name":"Inicio","item":"https:\/\/quehacerpolitico.mx\/"},{"@type":"ListItem","position":2,"name":"Juez suspende orden de captura contra el exfuncionario Raymundo Collins"}]},{"@type":"WebSite","@id":"https:\/\/quehacerpolitico.mx\/#website","url":"https:\/\/quehacerpolitico.mx\/","name":"","description":"","potentialAction":[{"@type":"SearchAction","target":{"@type":"EntryPoint","urlTemplate":"https:\/\/quehacerpolitico.mx\/?s={search_term_string}"},"query-input":{"@type":"PropertyValueSpecification","valueRequired":true,"valueName":"search_term_string"}}],"inLanguage":"es"},{"@type":"Person","@id":"https:\/\/quehacerpolitico.mx\/#\/schema\/person\/496d8ad2d1d3f8036101dca7ee39e585","name":"Redacci\u00f3n QP","image":{"@type":"ImageObject","inLanguage":"es","@id":"https:\/\/secure.gravatar.com\/avatar\/c7164ed6fdec453195284ad24a5ae5b6e1eed2b848477fa2a4787ba9adf39a41?s=96&d=mm&r=g","url":"https:\/\/secure.gravatar.com\/avatar\/c7164ed6fdec453195284ad24a5ae5b6e1eed2b848477fa2a4787ba9adf39a41?s=96&d=mm&r=g","contentUrl":"https:\/\/secure.gravatar.com\/avatar\/c7164ed6fdec453195284ad24a5ae5b6e1eed2b848477fa2a4787ba9adf39a41?s=96&d=mm&r=g","caption":"Redacci\u00f3n QP"},"url":"https:\/\/quehacerpolitico.mx\/?author=2"}]}},"featured_image_urls":{"full":["https:\/\/quehacerpolitico.mx\/wp-content\/uploads\/2022\/01\/239F6A80-15EC-4B51-8C91-1787A716C576.jpeg",608,342,false],"thumbnail":["https:\/\/quehacerpolitico.mx\/wp-content\/uploads\/2022\/01\/239F6A80-15EC-4B51-8C91-1787A716C576-150x150.jpeg",150,150,true],"medium":["https:\/\/quehacerpolitico.mx\/wp-content\/uploads\/2022\/01\/239F6A80-15EC-4B51-8C91-1787A716C576-300x169.jpeg",300,169,true],"medium_large":["https:\/\/quehacerpolitico.mx\/wp-content\/uploads\/2022\/01\/239F6A80-15EC-4B51-8C91-1787A716C576.jpeg",608,342,false],"large":["https:\/\/quehacerpolitico.mx\/wp-content\/uploads\/2022\/01\/239F6A80-15EC-4B51-8C91-1787A716C576.jpeg",608,342,false],"1536x1536":["https:\/\/quehacerpolitico.mx\/wp-content\/uploads\/2022\/01\/239F6A80-15EC-4B51-8C91-1787A716C576.jpeg",608,342,false],"2048x2048":["https:\/\/quehacerpolitico.mx\/wp-content\/uploads\/2022\/01\/239F6A80-15EC-4B51-8C91-1787A716C576.jpeg",608,342,false],"covernews-featured":["https:\/\/quehacerpolitico.mx\/wp-content\/uploads\/2022\/01\/239F6A80-15EC-4B51-8C91-1787A716C576.jpeg",608,342,false],"covernews-medium":["https:\/\/quehacerpolitico.mx\/wp-content\/uploads\/2022\/01\/239F6A80-15EC-4B51-8C91-1787A716C576.jpeg",540,304,false]},"author_info":{"display_name":"Redacci\u00f3n QP","author_link":"https:\/\/quehacerpolitico.mx\/?author=2"},"category_info":"<a href=\"https:\/\/quehacerpolitico.mx\/?cat=2\" rel=\"category\">Noticias<\/a>","tag_info":"Noticias","comment_count":"0","_links":{"self":[{"href":"https:\/\/quehacerpolitico.mx\/index.php?rest_route=\/wp\/v2\/posts\/88414","targetHints":{"allow":["GET"]}}],"collection":[{"href":"https:\/\/quehacerpolitico.mx\/index.php?rest_route=\/wp\/v2\/posts"}],"about":[{"href":"https:\/\/quehacerpolitico.mx\/index.php?rest_route=\/wp\/v2\/types\/post"}],"author":[{"embeddable":true,"href":"https:\/\/quehacerpolitico.mx\/index.php?rest_route=\/wp\/v2\/users\/2"}],"replies":[{"embeddable":true,"href":"https:\/\/quehacerpolitico.mx\/index.php?rest_route=%2Fwp%2Fv2%2Fcomments&post=88414"}],"version-history":[{"count":1,"href":"https:\/\/quehacerpolitico.mx\/index.php?rest_route=\/wp\/v2\/posts\/88414\/revisions"}],"predecessor-version":[{"id":88416,"href":"https:\/\/quehacerpolitico.mx\/index.php?rest_route=\/wp\/v2\/posts\/88414\/revisions\/88416"}],"wp:featuredmedia":[{"embeddable":true,"href":"https:\/\/quehacerpolitico.mx\/index.php?rest_route=\/wp\/v2\/media\/88415"}],"wp:attachment":[{"href":"https:\/\/quehacerpolitico.mx\/index.php?rest_route=%2Fwp%2Fv2%2Fmedia&parent=88414"}],"wp:term":[{"taxonomy":"category","embeddable":true,"href":"https:\/\/quehacerpolitico.mx\/index.php?rest_route=%2Fwp%2Fv2%2Fcategories&post=88414"},{"taxonomy":"post_tag","embeddable":true,"href":"https:\/\/quehacerpolitico.mx\/index.php?rest_route=%2Fwp%2Fv2%2Ftags&post=88414"}],"curies":[{"name":"wp","href":"https:\/\/api.w.org\/{rel}","templated":true}]}}