{"id":88412,"date":"2022-01-14T04:15:58","date_gmt":"2022-01-14T04:15:58","guid":{"rendered":"https:\/\/quehacerpolitico.mx\/?p=88412"},"modified":"2022-01-14T04:16:01","modified_gmt":"2022-01-14T04:16:01","slug":"amlo-pide-regresar-banamex-a-mexico-tras-la-salida-de-citigroup","status":"publish","type":"post","link":"https:\/\/quehacerpolitico.mx\/?p=88412","title":{"rendered":"AMLO pide &#8220;regresar Banamex a M\u00e9xico&#8221; tras la salida de Citigroup"},"content":{"rendered":"\n<p>Por Redacci\u00f3n QP<\/p>\n\n\n\n<p>El Presidente denunci\u00f3 que en el &#8220;per\u00edodo neoliberal&#8221; se privatiz\u00f3 el banco, por lo que celebra que empresarios mexicanos est\u00e9n interesados en comprarlo<\/p>\n\n\n\n<p>El Presidente Andr\u00e9s Manuel L\u00f3pez Obrador (AMLO) pidi\u00f3 este jueves<strong>&nbsp;&#8220;regresar Banamex a M\u00e9xico&#8221;&nbsp;<\/strong>despu\u00e9s de que el estadounidense Citigroup anunci\u00f3 que cerrar\u00e1 sus operaciones de banca minorista en el pa\u00eds, que incluye la marca CitiBanamex.<\/p>\n\n\n\n<p>&#8220;Ojal\u00e1 esto se convierta en algo bueno, no es malo, pero podemos convertirlo en algo muy bueno; sin medidas autoritarias se logra mexicanizar este banco, que era de mexicanos; desde el siglo XIX nace el Banco Nacional de M\u00e9xico, es de los m\u00e1s antiguos&#8221;, declar\u00f3 AMLO en un video desde Palacio Nacional.<\/p>\n\n\n\n<p>Citi, que en 2001 compr\u00f3 el banco mexicano, revel\u00f3 el martes que dejar\u00e1 la banca de consumo y banca empresarial de CitiBanamex, como parte de su nueva visi\u00f3n estrat\u00e9gica.<\/p>\n\n\n\n<p>Por ello, L\u00f3pez Obrador destac\u00f3 que&nbsp;<strong>&#8220;hay esa posibilidad, esa oportunidad, de que inversionistas mexicanos se puedan quedar con Banamex&#8221;<\/strong>, una operaci\u00f3n que &#8220;dejar\u00eda impuestos&#8221; y &#8220;miles de millones de pesos entrar\u00edan en la Hacienda P\u00fablica&#8221;.<\/p>\n\n\n\n<p>AMLO, quien est\u00e1 enfermo de COVID-19, denunci\u00f3 que en el &#8220;per\u00edodo neoliberal&#8221; se privatiz\u00f3 el banco y que durante el Gobierno del derechista Vicente Fox (2000-2006), se vendi\u00f3 Banamex a Citigroup sin pagar tres mil millones de d\u00f3lares en impuestos correspondientes.<\/p>\n\n\n\n<p>&#8220;Ahora, si se cumplen con todos los procedimientos legales y, desde luego se tiene que pagar el impuesto,<strong>\u00a0pueden ser inversionistas mexicanos los que se queden con Banamex, regresar Banamex a M\u00e9xico<\/strong>&#8220;, insisti\u00f3.<\/p>\n\n\n\n<figure class=\"wp-block-embed is-type-rich is-provider-twitter wp-block-embed-twitter\"><div class=\"wp-block-embed__wrapper\">\n<blockquote class=\"twitter-tweet\" data-width=\"550\" data-dnt=\"true\"><p lang=\"es\" dir=\"ltr\">AMLO DESEA QUE BANAMEX SE MEXICANICE<a href=\"https:\/\/twitter.com\/lopezobrador_?ref_src=twsrc%5Etfw\">@lopezobrador_<\/a> dijo que la venta de <a href=\"https:\/\/twitter.com\/hashtag\/Banamex?src=hash&amp;ref_src=twsrc%5Etfw\">#Banamex<\/a> por <a href=\"https:\/\/twitter.com\/Citi?ref_src=twsrc%5Etfw\">@Citi<\/a> puede ser algo &quot;muy bueno&quot; si queda en manos de inversionistas mexicanos; sugiere a Ricardo Salinas Pliego, Carlos Slim o Carlos Hank y otros, como Jos\u00e9 Javier Garza.<br><br>\u00bfQu\u00e9 te parece? <a href=\"https:\/\/t.co\/6I3NICFuDT\">pic.twitter.com\/6I3NICFuDT<\/a><\/p>&mdash; Emeequis (@emeequis) <a href=\"https:\/\/twitter.com\/emeequis\/status\/1481737393577332740?ref_src=twsrc%5Etfw\">January 13, 2022<\/a><\/blockquote><script async src=\"https:\/\/platform.twitter.com\/widgets.js\" charset=\"utf-8\"><\/script>\n<\/div><\/figure>\n\n\n\n<p>El Mandatario &#8220;celebr\u00f3&#8221; que el magnate mexicano Ricardo Salinas Pliego, due\u00f1o de Banco Azteca, &#8220;haya manifestado su inter\u00e9s de comprarlo&#8221;.<\/p>\n\n\n\n<p>Y consider\u00f3 que &#8220;lo mismo podr\u00eda pensarse&#8221; de Carlos Slim de Inbursa, de Carlos Hank Gonz\u00e1lez de Banorte y de Jos\u00e9 Javier Garza Calder\u00f3n y un grupo de inversores del norte\u00f1o estado de Nuevo Le\u00f3n.<\/p>\n\n\n\n<p>&#8220;Esto no significa impedir que participen en la convocatoria, subasta, en la licitaci\u00f3n, extranjeros. Nosotros no estamos cerrados, no somos chovinistas, no estamos en contra de los extranjeros, pero s\u00ed nos gustar\u00eda que se mexicanizara este banco&#8221;, matiz\u00f3.<\/p>\n\n\n\n<p>AMLO rechaz\u00f3 las cr\u00edticas de sus &#8220;adversarios&#8221; por la salida de Citigroup al se\u00f1alar que &#8220;esto mismo que se est\u00e1 haciendo en M\u00e9xico ya lo hicieron en China, India, Brasil, Argentina y Colombia&#8221;.<\/p>\n\n\n\n<p>&#8220;\u00daltimamente nuestros adversarios tambi\u00e9n hablan de fugas de capital y no es as\u00ed, no es fuga de capital; al contrario, est\u00e1 llegando mucha inversi\u00f3n extranjera&#8221;, sostuvo.<\/p>\n\n\n\n<p>Con Informaci\u00f3n de EFE <\/p>\n","protected":false},"excerpt":{"rendered":"<p>Por Redacci\u00f3n QP El Presidente denunci\u00f3 que en el &#8220;per\u00edodo neoliberal&#8221; se privatiz\u00f3 el banco,&#8230;<\/p>\n","protected":false},"author":2,"featured_media":88211,"comment_status":"open","ping_status":"open","sticky":false,"template":"","format":"standard","meta":{"_monsterinsights_skip_tracking":false,"_monsterinsights_sitenote_active":false,"_monsterinsights_sitenote_note":"","_monsterinsights_sitenote_category":0,"footnotes":""},"categories":[2],"tags":[],"class_list":["post-88412","post","type-post","status-publish","format-standard","has-post-thumbnail","hentry","category-noticias"],"yoast_head":"<!-- This site is optimized with the Yoast SEO plugin v27.3 - https:\/\/yoast.com\/product\/yoast-seo-wordpress\/ -->\n<title>AMLO pide &quot;regresar Banamex a M\u00e9xico&quot; tras la salida de Citigroup -<\/title>\n<meta name=\"robots\" content=\"index, follow, max-snippet:-1, max-image-preview:large, max-video-preview:-1\" \/>\n<link rel=\"canonical\" href=\"https:\/\/quehacerpolitico.mx\/?p=88412\" \/>\n<meta property=\"og:locale\" content=\"es_MX\" \/>\n<meta property=\"og:type\" content=\"article\" \/>\n<meta property=\"og:title\" content=\"AMLO pide &quot;regresar Banamex a M\u00e9xico&quot; tras la salida de Citigroup -\" \/>\n<meta property=\"og:description\" content=\"Por Redacci\u00f3n QP El Presidente denunci\u00f3 que en el &#8220;per\u00edodo neoliberal&#8221; se privatiz\u00f3 el banco,...\" \/>\n<meta property=\"og:url\" content=\"https:\/\/quehacerpolitico.mx\/?p=88412\" \/>\n<meta property=\"article:published_time\" content=\"2022-01-14T04:15:58+00:00\" \/>\n<meta property=\"article:modified_time\" content=\"2022-01-14T04:16:01+00:00\" \/>\n<meta property=\"og:image\" content=\"https:\/\/quehacerpolitico.mx\/wp-content\/uploads\/2022\/01\/3142A221-97CB-4D78-B9F6-DB7C219E6E7B.jpeg\" \/>\n\t<meta property=\"og:image:width\" content=\"1284\" \/>\n\t<meta property=\"og:image:height\" content=\"693\" \/>\n\t<meta property=\"og:image:type\" content=\"image\/jpeg\" \/>\n<meta name=\"author\" content=\"Redacci\u00f3n QP\" \/>\n<meta name=\"twitter:card\" content=\"summary_large_image\" \/>\n<meta name=\"twitter:label1\" content=\"Escrito por\" \/>\n\t<meta name=\"twitter:data1\" content=\"Redacci\u00f3n QP\" \/>\n\t<meta name=\"twitter:label2\" content=\"Tiempo de lectura\" \/>\n\t<meta name=\"twitter:data2\" content=\"2 minutos\" \/>\n<script type=\"application\/ld+json\" class=\"yoast-schema-graph\">{\"@context\":\"https:\\\/\\\/schema.org\",\"@graph\":[{\"@type\":\"Article\",\"@id\":\"https:\\\/\\\/quehacerpolitico.mx\\\/?p=88412#article\",\"isPartOf\":{\"@id\":\"https:\\\/\\\/quehacerpolitico.mx\\\/?p=88412\"},\"author\":{\"name\":\"Redacci\u00f3n QP\",\"@id\":\"https:\\\/\\\/quehacerpolitico.mx\\\/#\\\/schema\\\/person\\\/496d8ad2d1d3f8036101dca7ee39e585\"},\"headline\":\"AMLO pide &#8220;regresar Banamex a M\u00e9xico&#8221; tras la salida de Citigroup\",\"datePublished\":\"2022-01-14T04:15:58+00:00\",\"dateModified\":\"2022-01-14T04:16:01+00:00\",\"mainEntityOfPage\":{\"@id\":\"https:\\\/\\\/quehacerpolitico.mx\\\/?p=88412\"},\"wordCount\":464,\"commentCount\":0,\"image\":{\"@id\":\"https:\\\/\\\/quehacerpolitico.mx\\\/?p=88412#primaryimage\"},\"thumbnailUrl\":\"https:\\\/\\\/quehacerpolitico.mx\\\/wp-content\\\/uploads\\\/2022\\\/01\\\/3142A221-97CB-4D78-B9F6-DB7C219E6E7B.jpeg\",\"articleSection\":[\"Noticias\"],\"inLanguage\":\"es\",\"potentialAction\":[{\"@type\":\"CommentAction\",\"name\":\"Comment\",\"target\":[\"https:\\\/\\\/quehacerpolitico.mx\\\/?p=88412#respond\"]}]},{\"@type\":\"WebPage\",\"@id\":\"https:\\\/\\\/quehacerpolitico.mx\\\/?p=88412\",\"url\":\"https:\\\/\\\/quehacerpolitico.mx\\\/?p=88412\",\"name\":\"AMLO pide \\\"regresar Banamex a M\u00e9xico\\\" tras la salida de Citigroup -\",\"isPartOf\":{\"@id\":\"https:\\\/\\\/quehacerpolitico.mx\\\/#website\"},\"primaryImageOfPage\":{\"@id\":\"https:\\\/\\\/quehacerpolitico.mx\\\/?p=88412#primaryimage\"},\"image\":{\"@id\":\"https:\\\/\\\/quehacerpolitico.mx\\\/?p=88412#primaryimage\"},\"thumbnailUrl\":\"https:\\\/\\\/quehacerpolitico.mx\\\/wp-content\\\/uploads\\\/2022\\\/01\\\/3142A221-97CB-4D78-B9F6-DB7C219E6E7B.jpeg\",\"datePublished\":\"2022-01-14T04:15:58+00:00\",\"dateModified\":\"2022-01-14T04:16:01+00:00\",\"author\":{\"@id\":\"https:\\\/\\\/quehacerpolitico.mx\\\/#\\\/schema\\\/person\\\/496d8ad2d1d3f8036101dca7ee39e585\"},\"breadcrumb\":{\"@id\":\"https:\\\/\\\/quehacerpolitico.mx\\\/?p=88412#breadcrumb\"},\"inLanguage\":\"es\",\"potentialAction\":[{\"@type\":\"ReadAction\",\"target\":[\"https:\\\/\\\/quehacerpolitico.mx\\\/?p=88412\"]}]},{\"@type\":\"ImageObject\",\"inLanguage\":\"es\",\"@id\":\"https:\\\/\\\/quehacerpolitico.mx\\\/?p=88412#primaryimage\",\"url\":\"https:\\\/\\\/quehacerpolitico.mx\\\/wp-content\\\/uploads\\\/2022\\\/01\\\/3142A221-97CB-4D78-B9F6-DB7C219E6E7B.jpeg\",\"contentUrl\":\"https:\\\/\\\/quehacerpolitico.mx\\\/wp-content\\\/uploads\\\/2022\\\/01\\\/3142A221-97CB-4D78-B9F6-DB7C219E6E7B.jpeg\",\"width\":1284,\"height\":693},{\"@type\":\"BreadcrumbList\",\"@id\":\"https:\\\/\\\/quehacerpolitico.mx\\\/?p=88412#breadcrumb\",\"itemListElement\":[{\"@type\":\"ListItem\",\"position\":1,\"name\":\"Inicio\",\"item\":\"https:\\\/\\\/quehacerpolitico.mx\\\/\"},{\"@type\":\"ListItem\",\"position\":2,\"name\":\"AMLO pide &#8220;regresar Banamex a M\u00e9xico&#8221; tras la salida de Citigroup\"}]},{\"@type\":\"WebSite\",\"@id\":\"https:\\\/\\\/quehacerpolitico.mx\\\/#website\",\"url\":\"https:\\\/\\\/quehacerpolitico.mx\\\/\",\"name\":\"\",\"description\":\"\",\"potentialAction\":[{\"@type\":\"SearchAction\",\"target\":{\"@type\":\"EntryPoint\",\"urlTemplate\":\"https:\\\/\\\/quehacerpolitico.mx\\\/?s={search_term_string}\"},\"query-input\":{\"@type\":\"PropertyValueSpecification\",\"valueRequired\":true,\"valueName\":\"search_term_string\"}}],\"inLanguage\":\"es\"},{\"@type\":\"Person\",\"@id\":\"https:\\\/\\\/quehacerpolitico.mx\\\/#\\\/schema\\\/person\\\/496d8ad2d1d3f8036101dca7ee39e585\",\"name\":\"Redacci\u00f3n QP\",\"image\":{\"@type\":\"ImageObject\",\"inLanguage\":\"es\",\"@id\":\"https:\\\/\\\/secure.gravatar.com\\\/avatar\\\/c7164ed6fdec453195284ad24a5ae5b6e1eed2b848477fa2a4787ba9adf39a41?s=96&d=mm&r=g\",\"url\":\"https:\\\/\\\/secure.gravatar.com\\\/avatar\\\/c7164ed6fdec453195284ad24a5ae5b6e1eed2b848477fa2a4787ba9adf39a41?s=96&d=mm&r=g\",\"contentUrl\":\"https:\\\/\\\/secure.gravatar.com\\\/avatar\\\/c7164ed6fdec453195284ad24a5ae5b6e1eed2b848477fa2a4787ba9adf39a41?s=96&d=mm&r=g\",\"caption\":\"Redacci\u00f3n QP\"},\"url\":\"https:\\\/\\\/quehacerpolitico.mx\\\/?author=2\"}]}<\/script>\n<!-- \/ Yoast SEO plugin. -->","yoast_head_json":{"title":"AMLO pide \"regresar Banamex a M\u00e9xico\" tras la salida de Citigroup -","robots":{"index":"index","follow":"follow","max-snippet":"max-snippet:-1","max-image-preview":"max-image-preview:large","max-video-preview":"max-video-preview:-1"},"canonical":"https:\/\/quehacerpolitico.mx\/?p=88412","og_locale":"es_MX","og_type":"article","og_title":"AMLO pide \"regresar Banamex a M\u00e9xico\" tras la salida de Citigroup -","og_description":"Por Redacci\u00f3n QP El Presidente denunci\u00f3 que en el &#8220;per\u00edodo neoliberal&#8221; se privatiz\u00f3 el banco,...","og_url":"https:\/\/quehacerpolitico.mx\/?p=88412","article_published_time":"2022-01-14T04:15:58+00:00","article_modified_time":"2022-01-14T04:16:01+00:00","og_image":[{"width":1284,"height":693,"url":"https:\/\/quehacerpolitico.mx\/wp-content\/uploads\/2022\/01\/3142A221-97CB-4D78-B9F6-DB7C219E6E7B.jpeg","type":"image\/jpeg"}],"author":"Redacci\u00f3n QP","twitter_card":"summary_large_image","twitter_misc":{"Escrito por":"Redacci\u00f3n QP","Tiempo de lectura":"2 minutos"},"schema":{"@context":"https:\/\/schema.org","@graph":[{"@type":"Article","@id":"https:\/\/quehacerpolitico.mx\/?p=88412#article","isPartOf":{"@id":"https:\/\/quehacerpolitico.mx\/?p=88412"},"author":{"name":"Redacci\u00f3n QP","@id":"https:\/\/quehacerpolitico.mx\/#\/schema\/person\/496d8ad2d1d3f8036101dca7ee39e585"},"headline":"AMLO pide &#8220;regresar Banamex a M\u00e9xico&#8221; tras la salida de Citigroup","datePublished":"2022-01-14T04:15:58+00:00","dateModified":"2022-01-14T04:16:01+00:00","mainEntityOfPage":{"@id":"https:\/\/quehacerpolitico.mx\/?p=88412"},"wordCount":464,"commentCount":0,"image":{"@id":"https:\/\/quehacerpolitico.mx\/?p=88412#primaryimage"},"thumbnailUrl":"https:\/\/quehacerpolitico.mx\/wp-content\/uploads\/2022\/01\/3142A221-97CB-4D78-B9F6-DB7C219E6E7B.jpeg","articleSection":["Noticias"],"inLanguage":"es","potentialAction":[{"@type":"CommentAction","name":"Comment","target":["https:\/\/quehacerpolitico.mx\/?p=88412#respond"]}]},{"@type":"WebPage","@id":"https:\/\/quehacerpolitico.mx\/?p=88412","url":"https:\/\/quehacerpolitico.mx\/?p=88412","name":"AMLO pide \"regresar Banamex a M\u00e9xico\" tras la salida de Citigroup -","isPartOf":{"@id":"https:\/\/quehacerpolitico.mx\/#website"},"primaryImageOfPage":{"@id":"https:\/\/quehacerpolitico.mx\/?p=88412#primaryimage"},"image":{"@id":"https:\/\/quehacerpolitico.mx\/?p=88412#primaryimage"},"thumbnailUrl":"https:\/\/quehacerpolitico.mx\/wp-content\/uploads\/2022\/01\/3142A221-97CB-4D78-B9F6-DB7C219E6E7B.jpeg","datePublished":"2022-01-14T04:15:58+00:00","dateModified":"2022-01-14T04:16:01+00:00","author":{"@id":"https:\/\/quehacerpolitico.mx\/#\/schema\/person\/496d8ad2d1d3f8036101dca7ee39e585"},"breadcrumb":{"@id":"https:\/\/quehacerpolitico.mx\/?p=88412#breadcrumb"},"inLanguage":"es","potentialAction":[{"@type":"ReadAction","target":["https:\/\/quehacerpolitico.mx\/?p=88412"]}]},{"@type":"ImageObject","inLanguage":"es","@id":"https:\/\/quehacerpolitico.mx\/?p=88412#primaryimage","url":"https:\/\/quehacerpolitico.mx\/wp-content\/uploads\/2022\/01\/3142A221-97CB-4D78-B9F6-DB7C219E6E7B.jpeg","contentUrl":"https:\/\/quehacerpolitico.mx\/wp-content\/uploads\/2022\/01\/3142A221-97CB-4D78-B9F6-DB7C219E6E7B.jpeg","width":1284,"height":693},{"@type":"BreadcrumbList","@id":"https:\/\/quehacerpolitico.mx\/?p=88412#breadcrumb","itemListElement":[{"@type":"ListItem","position":1,"name":"Inicio","item":"https:\/\/quehacerpolitico.mx\/"},{"@type":"ListItem","position":2,"name":"AMLO pide &#8220;regresar Banamex a M\u00e9xico&#8221; tras la salida de Citigroup"}]},{"@type":"WebSite","@id":"https:\/\/quehacerpolitico.mx\/#website","url":"https:\/\/quehacerpolitico.mx\/","name":"","description":"","potentialAction":[{"@type":"SearchAction","target":{"@type":"EntryPoint","urlTemplate":"https:\/\/quehacerpolitico.mx\/?s={search_term_string}"},"query-input":{"@type":"PropertyValueSpecification","valueRequired":true,"valueName":"search_term_string"}}],"inLanguage":"es"},{"@type":"Person","@id":"https:\/\/quehacerpolitico.mx\/#\/schema\/person\/496d8ad2d1d3f8036101dca7ee39e585","name":"Redacci\u00f3n QP","image":{"@type":"ImageObject","inLanguage":"es","@id":"https:\/\/secure.gravatar.com\/avatar\/c7164ed6fdec453195284ad24a5ae5b6e1eed2b848477fa2a4787ba9adf39a41?s=96&d=mm&r=g","url":"https:\/\/secure.gravatar.com\/avatar\/c7164ed6fdec453195284ad24a5ae5b6e1eed2b848477fa2a4787ba9adf39a41?s=96&d=mm&r=g","contentUrl":"https:\/\/secure.gravatar.com\/avatar\/c7164ed6fdec453195284ad24a5ae5b6e1eed2b848477fa2a4787ba9adf39a41?s=96&d=mm&r=g","caption":"Redacci\u00f3n QP"},"url":"https:\/\/quehacerpolitico.mx\/?author=2"}]}},"featured_image_urls":{"full":["https:\/\/quehacerpolitico.mx\/wp-content\/uploads\/2022\/01\/3142A221-97CB-4D78-B9F6-DB7C219E6E7B.jpeg",1284,693,false],"thumbnail":["https:\/\/quehacerpolitico.mx\/wp-content\/uploads\/2022\/01\/3142A221-97CB-4D78-B9F6-DB7C219E6E7B-150x150.jpeg",150,150,true],"medium":["https:\/\/quehacerpolitico.mx\/wp-content\/uploads\/2022\/01\/3142A221-97CB-4D78-B9F6-DB7C219E6E7B-300x162.jpeg",300,162,true],"medium_large":["https:\/\/quehacerpolitico.mx\/wp-content\/uploads\/2022\/01\/3142A221-97CB-4D78-B9F6-DB7C219E6E7B-768x415.jpeg",640,346,true],"large":["https:\/\/quehacerpolitico.mx\/wp-content\/uploads\/2022\/01\/3142A221-97CB-4D78-B9F6-DB7C219E6E7B-1024x553.jpeg",640,346,true],"1536x1536":["https:\/\/quehacerpolitico.mx\/wp-content\/uploads\/2022\/01\/3142A221-97CB-4D78-B9F6-DB7C219E6E7B.jpeg",1284,693,false],"2048x2048":["https:\/\/quehacerpolitico.mx\/wp-content\/uploads\/2022\/01\/3142A221-97CB-4D78-B9F6-DB7C219E6E7B.jpeg",1284,693,false],"covernews-featured":["https:\/\/quehacerpolitico.mx\/wp-content\/uploads\/2022\/01\/3142A221-97CB-4D78-B9F6-DB7C219E6E7B.jpeg",1024,553,false],"covernews-medium":["https:\/\/quehacerpolitico.mx\/wp-content\/uploads\/2022\/01\/3142A221-97CB-4D78-B9F6-DB7C219E6E7B.jpeg",540,291,false]},"author_info":{"display_name":"Redacci\u00f3n QP","author_link":"https:\/\/quehacerpolitico.mx\/?author=2"},"category_info":"<a href=\"https:\/\/quehacerpolitico.mx\/?cat=2\" rel=\"category\">Noticias<\/a>","tag_info":"Noticias","comment_count":"0","_links":{"self":[{"href":"https:\/\/quehacerpolitico.mx\/index.php?rest_route=\/wp\/v2\/posts\/88412","targetHints":{"allow":["GET"]}}],"collection":[{"href":"https:\/\/quehacerpolitico.mx\/index.php?rest_route=\/wp\/v2\/posts"}],"about":[{"href":"https:\/\/quehacerpolitico.mx\/index.php?rest_route=\/wp\/v2\/types\/post"}],"author":[{"embeddable":true,"href":"https:\/\/quehacerpolitico.mx\/index.php?rest_route=\/wp\/v2\/users\/2"}],"replies":[{"embeddable":true,"href":"https:\/\/quehacerpolitico.mx\/index.php?rest_route=%2Fwp%2Fv2%2Fcomments&post=88412"}],"version-history":[{"count":1,"href":"https:\/\/quehacerpolitico.mx\/index.php?rest_route=\/wp\/v2\/posts\/88412\/revisions"}],"predecessor-version":[{"id":88413,"href":"https:\/\/quehacerpolitico.mx\/index.php?rest_route=\/wp\/v2\/posts\/88412\/revisions\/88413"}],"wp:featuredmedia":[{"embeddable":true,"href":"https:\/\/quehacerpolitico.mx\/index.php?rest_route=\/wp\/v2\/media\/88211"}],"wp:attachment":[{"href":"https:\/\/quehacerpolitico.mx\/index.php?rest_route=%2Fwp%2Fv2%2Fmedia&parent=88412"}],"wp:term":[{"taxonomy":"category","embeddable":true,"href":"https:\/\/quehacerpolitico.mx\/index.php?rest_route=%2Fwp%2Fv2%2Fcategories&post=88412"},{"taxonomy":"post_tag","embeddable":true,"href":"https:\/\/quehacerpolitico.mx\/index.php?rest_route=%2Fwp%2Fv2%2Ftags&post=88412"}],"curies":[{"name":"wp","href":"https:\/\/api.w.org\/{rel}","templated":true}]}}