{"id":88402,"date":"2022-01-14T03:48:06","date_gmt":"2022-01-14T03:48:06","guid":{"rendered":"https:\/\/quehacerpolitico.mx\/?p=88402"},"modified":"2022-01-14T03:48:09","modified_gmt":"2022-01-14T03:48:09","slug":"hoy-mexico-suma-43-mil-523-nuevos-casos-tercera-cifra-mas-alta-de-la-pandemia","status":"publish","type":"post","link":"https:\/\/quehacerpolitico.mx\/?p=88402","title":{"rendered":"Hoy M\u00e9xico suma 43 mil 523 nuevos casos, tercera cifra m\u00e1s alta de la pandemia"},"content":{"rendered":"\n<p>Por Redacci\u00f3n QP<\/p>\n\n\n\n<p>M\u00e9xico se mantiene como el decimosexto pa\u00eds en el mundo en n\u00famero de contagios confirmados del virus<\/p>\n\n\n\n<p>La Secretar\u00eda de Salud inform\u00f3 que M\u00e9xico registr\u00f3 este jueves\u00a0<strong>43 mil 523\u00a0<\/strong>nuevos contagios de\u00a0<strong>COVID-19\u00a0<\/strong>para un total de cuatro millones\u00a0<strong>257 mil 776 casos<\/strong>, adem\u00e1s de\u00a0<strong>148 muertes<\/strong>\u00a0para llegar a\u00a0<strong>300 mil 912 decesos totales.<\/strong><\/p>\n\n\n\n<figure class=\"wp-block-image size-full\"><img loading=\"lazy\" decoding=\"async\" width=\"582\" height=\"753\" src=\"https:\/\/quehacerpolitico.mx\/wp-content\/uploads\/2022\/01\/image-36.jpeg\" alt=\"\" class=\"wp-image-88403\" srcset=\"https:\/\/quehacerpolitico.mx\/wp-content\/uploads\/2022\/01\/image-36.jpeg 582w, https:\/\/quehacerpolitico.mx\/wp-content\/uploads\/2022\/01\/image-36-232x300.jpeg 232w, https:\/\/quehacerpolitico.mx\/wp-content\/uploads\/2022\/01\/image-36-113x146.jpeg 113w, https:\/\/quehacerpolitico.mx\/wp-content\/uploads\/2022\/01\/image-36-39x50.jpeg 39w, https:\/\/quehacerpolitico.mx\/wp-content\/uploads\/2022\/01\/image-36-58x75.jpeg 58w\" sizes=\"auto, (max-width: 582px) 100vw, 582px\" \/><\/figure>\n\n\n\n<p>Los m\u00e1s de 43 mil contagios representan la tercera cifra m\u00e1s alta de casos, adem\u00e1s de que el martes y el mi\u00e9rcoles se reportaron<strong>\u00a033 mil 626 y 44 mil 187 casos<\/strong>, respectivamente.<\/p>\n\n\n\n<p>A pesar de estas cifras, M\u00e9xico se mantiene como el decimosexto pa\u00eds en el mundo en n\u00famero de contagios confirmados y es el quinto con m\u00e1s decesos por esta causa, por detr\u00e1s de Estados Unidos, Brasil, India y Rusia, seg\u00fan el recuento de la Universidad Johns Hopkins.<\/p>\n\n\n\n<figure class=\"wp-block-image size-full\"><img loading=\"lazy\" decoding=\"async\" width=\"582\" height=\"753\" src=\"https:\/\/quehacerpolitico.mx\/wp-content\/uploads\/2022\/01\/image-37.jpeg\" alt=\"\" class=\"wp-image-88404\" srcset=\"https:\/\/quehacerpolitico.mx\/wp-content\/uploads\/2022\/01\/image-37.jpeg 582w, https:\/\/quehacerpolitico.mx\/wp-content\/uploads\/2022\/01\/image-37-232x300.jpeg 232w, https:\/\/quehacerpolitico.mx\/wp-content\/uploads\/2022\/01\/image-37-113x146.jpeg 113w, https:\/\/quehacerpolitico.mx\/wp-content\/uploads\/2022\/01\/image-37-39x50.jpeg 39w, https:\/\/quehacerpolitico.mx\/wp-content\/uploads\/2022\/01\/image-37-58x75.jpeg 58w\" sizes=\"auto, (max-width: 582px) 100vw, 582px\" \/><\/figure>\n\n\n\n<p>Las autoridades sanitarias reconocen que, con base en las actas de defunci\u00f3n, el pa\u00eds puede rozar los 451 mil\u00a0fallecimientos y estiman que M\u00e9xico acumula en realidad\u00a0<strong>cuatro millones 501 mil 577 contagios.<\/strong><\/p>\n\n\n\n<figure class=\"wp-block-image size-full\"><img loading=\"lazy\" decoding=\"async\" width=\"582\" height=\"753\" src=\"https:\/\/quehacerpolitico.mx\/wp-content\/uploads\/2022\/01\/image-39.jpeg\" alt=\"\" class=\"wp-image-88406\" srcset=\"https:\/\/quehacerpolitico.mx\/wp-content\/uploads\/2022\/01\/image-39.jpeg 582w, https:\/\/quehacerpolitico.mx\/wp-content\/uploads\/2022\/01\/image-39-232x300.jpeg 232w, https:\/\/quehacerpolitico.mx\/wp-content\/uploads\/2022\/01\/image-39-113x146.jpeg 113w, https:\/\/quehacerpolitico.mx\/wp-content\/uploads\/2022\/01\/image-39-39x50.jpeg 39w, https:\/\/quehacerpolitico.mx\/wp-content\/uploads\/2022\/01\/image-39-58x75.jpeg 58w\" sizes=\"auto, (max-width: 582px) 100vw, 582px\" \/><\/figure>\n\n\n\n<p>De la cifra de casos confirmados,<strong>\u00a0hay 257 mil 283 activos, que han presentado s\u00edntomas durante los \u00faltimos 14 d\u00edas y suponen el 5.7% del total.<\/strong><\/p>\n\n\n\n<figure class=\"wp-block-image size-full\"><img loading=\"lazy\" decoding=\"async\" width=\"582\" height=\"753\" src=\"https:\/\/quehacerpolitico.mx\/wp-content\/uploads\/2022\/01\/image-38.jpeg\" alt=\"\" class=\"wp-image-88405\" srcset=\"https:\/\/quehacerpolitico.mx\/wp-content\/uploads\/2022\/01\/image-38.jpeg 582w, https:\/\/quehacerpolitico.mx\/wp-content\/uploads\/2022\/01\/image-38-232x300.jpeg 232w, https:\/\/quehacerpolitico.mx\/wp-content\/uploads\/2022\/01\/image-38-113x146.jpeg 113w, https:\/\/quehacerpolitico.mx\/wp-content\/uploads\/2022\/01\/image-38-39x50.jpeg 39w, https:\/\/quehacerpolitico.mx\/wp-content\/uploads\/2022\/01\/image-38-58x75.jpeg 58w\" sizes=\"auto, (max-width: 582px) 100vw, 582px\" \/><\/figure>\n\n\n\n<p>Adem\u00e1s, desde el inicio de la pandemia se han recuperado tres millones 383 mil 566 personas. La ocupaci\u00f3n media de camas generales se sit\u00faa en un 26% y el uso de camas de terapia intensiva en un 16%.<\/p>\n\n\n\n<h2 class=\"wp-block-heading\">Plan de vacunaci\u00f3n<\/h2>\n\n\n\n<p>Las autoridades tambi\u00e9n indicaron que dentro del programa de vacunaci\u00f3n se han administrado\u00a0<strong>153.67<\/strong>\u00a0<strong>millones de dosis<\/strong>, al sumar 917 mil 880 durante la \u00faltima jornada.<\/p>\n\n\n\n<figure class=\"wp-block-embed is-type-rich is-provider-twitter wp-block-embed-twitter\"><div class=\"wp-block-embed__wrapper\">\n<blockquote class=\"twitter-tweet\" data-width=\"550\" data-dnt=\"true\"><p lang=\"es\" dir=\"ltr\"><a href=\"https:\/\/twitter.com\/hashtag\/ComunicadoSalud?src=hash&amp;ref_src=twsrc%5Etfw\">#ComunicadoSalud<\/a><br><br>Aplicadas, 153.6 millones de dosis contra <a href=\"https:\/\/twitter.com\/hashtag\/COVID19?src=hash&amp;ref_src=twsrc%5Etfw\">#COVID19<\/a><br><br>\u27a1\ufe0f <a href=\"https:\/\/t.co\/yWJxE97CLu\">https:\/\/t.co\/yWJxE97CLu<\/a> <a href=\"https:\/\/t.co\/iaBRuxjfQk\">pic.twitter.com\/iaBRuxjfQk<\/a><\/p>&mdash; SALUD M\u00e9xico (@SSalud_mx) <a href=\"https:\/\/twitter.com\/SSalud_mx\/status\/1481804383662837760?ref_src=twsrc%5Etfw\">January 14, 2022<\/a><\/blockquote><script async src=\"https:\/\/platform.twitter.com\/widgets.js\" charset=\"utf-8\"><\/script>\n<\/div><\/figure>\n\n\n\n<p>El Gobierno de M\u00e9xico afirma que es el s\u00e9ptimo pa\u00eds que m\u00e1s dosis ha aplicado en n\u00fameros absolutos. De sus 126 millones de habitantes,&nbsp;<strong>82.62 millones<\/strong>&nbsp;en el pa\u00eds tienen al menos una dosis de la vacuna.<\/p>\n\n\n\n<p>En tanto, 74.76 millones ha completado su esquema de vacunaci\u00f3n. Desde finales de diciembre de 2020 han llegado a M\u00e9xico 201.29 millones de dosis vacunas de las estadounidenses Pfizer, Johnson &amp; Johnson y Moderna, la brit\u00e1nica AstraZeneca, la rusa Sputnik V y las chinas CanSino y Sinovac.<\/p>\n\n\n\n<figure class=\"wp-block-embed is-type-video is-provider-youtube wp-block-embed-youtube wp-embed-aspect-16-9 wp-has-aspect-ratio\"><div class=\"wp-block-embed__wrapper\">\n<iframe loading=\"lazy\" title=\"M\u00e9xico para por ahora ola de r\u00e9cords de contagios de Covid pero registra 43 mil 523 m\u00e1s\" width=\"640\" height=\"360\" src=\"https:\/\/www.youtube.com\/embed\/oJ8UO3utA0s?feature=oembed\" frameborder=\"0\" allow=\"accelerometer; autoplay; clipboard-write; encrypted-media; gyroscope; picture-in-picture; web-share\" referrerpolicy=\"strict-origin-when-cross-origin\" allowfullscreen><\/iframe>\n<\/div><\/figure>\n\n\n\n<p>Con Informaci\u00f3n de EFE <\/p>\n","protected":false},"excerpt":{"rendered":"<p>Por Redacci\u00f3n QP M\u00e9xico se mantiene como el decimosexto pa\u00eds en el mundo en n\u00famero&#8230;<\/p>\n","protected":false},"author":2,"featured_media":88407,"comment_status":"open","ping_status":"open","sticky":false,"template":"","format":"standard","meta":{"_monsterinsights_skip_tracking":false,"_monsterinsights_sitenote_active":false,"_monsterinsights_sitenote_note":"","_monsterinsights_sitenote_category":0,"footnotes":""},"categories":[2],"tags":[],"class_list":["post-88402","post","type-post","status-publish","format-standard","has-post-thumbnail","hentry","category-noticias"],"yoast_head":"<!-- This site is optimized with the Yoast SEO plugin v27.3 - https:\/\/yoast.com\/product\/yoast-seo-wordpress\/ -->\n<title>Hoy M\u00e9xico suma 43 mil 523 nuevos casos, tercera cifra m\u00e1s alta de la pandemia -<\/title>\n<meta name=\"robots\" content=\"index, follow, max-snippet:-1, max-image-preview:large, max-video-preview:-1\" \/>\n<link rel=\"canonical\" href=\"https:\/\/quehacerpolitico.mx\/?p=88402\" \/>\n<meta property=\"og:locale\" content=\"es_MX\" \/>\n<meta property=\"og:type\" content=\"article\" \/>\n<meta property=\"og:title\" content=\"Hoy M\u00e9xico suma 43 mil 523 nuevos casos, tercera cifra m\u00e1s alta de la pandemia -\" \/>\n<meta property=\"og:description\" content=\"Por Redacci\u00f3n QP M\u00e9xico se mantiene como el decimosexto pa\u00eds en el mundo en n\u00famero...\" \/>\n<meta property=\"og:url\" content=\"https:\/\/quehacerpolitico.mx\/?p=88402\" \/>\n<meta property=\"article:published_time\" content=\"2022-01-14T03:48:06+00:00\" \/>\n<meta property=\"article:modified_time\" content=\"2022-01-14T03:48:09+00:00\" \/>\n<meta property=\"og:image\" content=\"https:\/\/quehacerpolitico.mx\/wp-content\/uploads\/2022\/01\/A70659F1-3AA6-418B-97D9-F7254D5AB820.jpeg\" \/>\n\t<meta property=\"og:image:width\" content=\"1086\" \/>\n\t<meta property=\"og:image:height\" content=\"688\" \/>\n\t<meta property=\"og:image:type\" content=\"image\/jpeg\" \/>\n<meta name=\"author\" content=\"Redacci\u00f3n QP\" \/>\n<meta name=\"twitter:card\" content=\"summary_large_image\" \/>\n<meta name=\"twitter:label1\" content=\"Escrito por\" \/>\n\t<meta name=\"twitter:data1\" content=\"Redacci\u00f3n QP\" \/>\n\t<meta name=\"twitter:label2\" content=\"Tiempo de lectura\" \/>\n\t<meta name=\"twitter:data2\" content=\"2 minutos\" \/>\n<script type=\"application\/ld+json\" class=\"yoast-schema-graph\">{\"@context\":\"https:\\\/\\\/schema.org\",\"@graph\":[{\"@type\":\"Article\",\"@id\":\"https:\\\/\\\/quehacerpolitico.mx\\\/?p=88402#article\",\"isPartOf\":{\"@id\":\"https:\\\/\\\/quehacerpolitico.mx\\\/?p=88402\"},\"author\":{\"name\":\"Redacci\u00f3n QP\",\"@id\":\"https:\\\/\\\/quehacerpolitico.mx\\\/#\\\/schema\\\/person\\\/496d8ad2d1d3f8036101dca7ee39e585\"},\"headline\":\"Hoy M\u00e9xico suma 43 mil 523 nuevos casos, tercera cifra m\u00e1s alta de la pandemia\",\"datePublished\":\"2022-01-14T03:48:06+00:00\",\"dateModified\":\"2022-01-14T03:48:09+00:00\",\"mainEntityOfPage\":{\"@id\":\"https:\\\/\\\/quehacerpolitico.mx\\\/?p=88402\"},\"wordCount\":391,\"commentCount\":0,\"image\":{\"@id\":\"https:\\\/\\\/quehacerpolitico.mx\\\/?p=88402#primaryimage\"},\"thumbnailUrl\":\"https:\\\/\\\/quehacerpolitico.mx\\\/wp-content\\\/uploads\\\/2022\\\/01\\\/A70659F1-3AA6-418B-97D9-F7254D5AB820.jpeg\",\"articleSection\":[\"Noticias\"],\"inLanguage\":\"es\",\"potentialAction\":[{\"@type\":\"CommentAction\",\"name\":\"Comment\",\"target\":[\"https:\\\/\\\/quehacerpolitico.mx\\\/?p=88402#respond\"]}]},{\"@type\":\"WebPage\",\"@id\":\"https:\\\/\\\/quehacerpolitico.mx\\\/?p=88402\",\"url\":\"https:\\\/\\\/quehacerpolitico.mx\\\/?p=88402\",\"name\":\"Hoy M\u00e9xico suma 43 mil 523 nuevos casos, tercera cifra m\u00e1s alta de la pandemia -\",\"isPartOf\":{\"@id\":\"https:\\\/\\\/quehacerpolitico.mx\\\/#website\"},\"primaryImageOfPage\":{\"@id\":\"https:\\\/\\\/quehacerpolitico.mx\\\/?p=88402#primaryimage\"},\"image\":{\"@id\":\"https:\\\/\\\/quehacerpolitico.mx\\\/?p=88402#primaryimage\"},\"thumbnailUrl\":\"https:\\\/\\\/quehacerpolitico.mx\\\/wp-content\\\/uploads\\\/2022\\\/01\\\/A70659F1-3AA6-418B-97D9-F7254D5AB820.jpeg\",\"datePublished\":\"2022-01-14T03:48:06+00:00\",\"dateModified\":\"2022-01-14T03:48:09+00:00\",\"author\":{\"@id\":\"https:\\\/\\\/quehacerpolitico.mx\\\/#\\\/schema\\\/person\\\/496d8ad2d1d3f8036101dca7ee39e585\"},\"breadcrumb\":{\"@id\":\"https:\\\/\\\/quehacerpolitico.mx\\\/?p=88402#breadcrumb\"},\"inLanguage\":\"es\",\"potentialAction\":[{\"@type\":\"ReadAction\",\"target\":[\"https:\\\/\\\/quehacerpolitico.mx\\\/?p=88402\"]}]},{\"@type\":\"ImageObject\",\"inLanguage\":\"es\",\"@id\":\"https:\\\/\\\/quehacerpolitico.mx\\\/?p=88402#primaryimage\",\"url\":\"https:\\\/\\\/quehacerpolitico.mx\\\/wp-content\\\/uploads\\\/2022\\\/01\\\/A70659F1-3AA6-418B-97D9-F7254D5AB820.jpeg\",\"contentUrl\":\"https:\\\/\\\/quehacerpolitico.mx\\\/wp-content\\\/uploads\\\/2022\\\/01\\\/A70659F1-3AA6-418B-97D9-F7254D5AB820.jpeg\",\"width\":1086,\"height\":688},{\"@type\":\"BreadcrumbList\",\"@id\":\"https:\\\/\\\/quehacerpolitico.mx\\\/?p=88402#breadcrumb\",\"itemListElement\":[{\"@type\":\"ListItem\",\"position\":1,\"name\":\"Inicio\",\"item\":\"https:\\\/\\\/quehacerpolitico.mx\\\/\"},{\"@type\":\"ListItem\",\"position\":2,\"name\":\"Hoy M\u00e9xico suma 43 mil 523 nuevos casos, tercera cifra m\u00e1s alta de la pandemia\"}]},{\"@type\":\"WebSite\",\"@id\":\"https:\\\/\\\/quehacerpolitico.mx\\\/#website\",\"url\":\"https:\\\/\\\/quehacerpolitico.mx\\\/\",\"name\":\"\",\"description\":\"\",\"potentialAction\":[{\"@type\":\"SearchAction\",\"target\":{\"@type\":\"EntryPoint\",\"urlTemplate\":\"https:\\\/\\\/quehacerpolitico.mx\\\/?s={search_term_string}\"},\"query-input\":{\"@type\":\"PropertyValueSpecification\",\"valueRequired\":true,\"valueName\":\"search_term_string\"}}],\"inLanguage\":\"es\"},{\"@type\":\"Person\",\"@id\":\"https:\\\/\\\/quehacerpolitico.mx\\\/#\\\/schema\\\/person\\\/496d8ad2d1d3f8036101dca7ee39e585\",\"name\":\"Redacci\u00f3n QP\",\"image\":{\"@type\":\"ImageObject\",\"inLanguage\":\"es\",\"@id\":\"https:\\\/\\\/secure.gravatar.com\\\/avatar\\\/c7164ed6fdec453195284ad24a5ae5b6e1eed2b848477fa2a4787ba9adf39a41?s=96&d=mm&r=g\",\"url\":\"https:\\\/\\\/secure.gravatar.com\\\/avatar\\\/c7164ed6fdec453195284ad24a5ae5b6e1eed2b848477fa2a4787ba9adf39a41?s=96&d=mm&r=g\",\"contentUrl\":\"https:\\\/\\\/secure.gravatar.com\\\/avatar\\\/c7164ed6fdec453195284ad24a5ae5b6e1eed2b848477fa2a4787ba9adf39a41?s=96&d=mm&r=g\",\"caption\":\"Redacci\u00f3n QP\"},\"url\":\"https:\\\/\\\/quehacerpolitico.mx\\\/?author=2\"}]}<\/script>\n<!-- \/ Yoast SEO plugin. -->","yoast_head_json":{"title":"Hoy M\u00e9xico suma 43 mil 523 nuevos casos, tercera cifra m\u00e1s alta de la pandemia -","robots":{"index":"index","follow":"follow","max-snippet":"max-snippet:-1","max-image-preview":"max-image-preview:large","max-video-preview":"max-video-preview:-1"},"canonical":"https:\/\/quehacerpolitico.mx\/?p=88402","og_locale":"es_MX","og_type":"article","og_title":"Hoy M\u00e9xico suma 43 mil 523 nuevos casos, tercera cifra m\u00e1s alta de la pandemia -","og_description":"Por Redacci\u00f3n QP M\u00e9xico se mantiene como el decimosexto pa\u00eds en el mundo en n\u00famero...","og_url":"https:\/\/quehacerpolitico.mx\/?p=88402","article_published_time":"2022-01-14T03:48:06+00:00","article_modified_time":"2022-01-14T03:48:09+00:00","og_image":[{"width":1086,"height":688,"url":"https:\/\/quehacerpolitico.mx\/wp-content\/uploads\/2022\/01\/A70659F1-3AA6-418B-97D9-F7254D5AB820.jpeg","type":"image\/jpeg"}],"author":"Redacci\u00f3n QP","twitter_card":"summary_large_image","twitter_misc":{"Escrito por":"Redacci\u00f3n QP","Tiempo de lectura":"2 minutos"},"schema":{"@context":"https:\/\/schema.org","@graph":[{"@type":"Article","@id":"https:\/\/quehacerpolitico.mx\/?p=88402#article","isPartOf":{"@id":"https:\/\/quehacerpolitico.mx\/?p=88402"},"author":{"name":"Redacci\u00f3n QP","@id":"https:\/\/quehacerpolitico.mx\/#\/schema\/person\/496d8ad2d1d3f8036101dca7ee39e585"},"headline":"Hoy M\u00e9xico suma 43 mil 523 nuevos casos, tercera cifra m\u00e1s alta de la pandemia","datePublished":"2022-01-14T03:48:06+00:00","dateModified":"2022-01-14T03:48:09+00:00","mainEntityOfPage":{"@id":"https:\/\/quehacerpolitico.mx\/?p=88402"},"wordCount":391,"commentCount":0,"image":{"@id":"https:\/\/quehacerpolitico.mx\/?p=88402#primaryimage"},"thumbnailUrl":"https:\/\/quehacerpolitico.mx\/wp-content\/uploads\/2022\/01\/A70659F1-3AA6-418B-97D9-F7254D5AB820.jpeg","articleSection":["Noticias"],"inLanguage":"es","potentialAction":[{"@type":"CommentAction","name":"Comment","target":["https:\/\/quehacerpolitico.mx\/?p=88402#respond"]}]},{"@type":"WebPage","@id":"https:\/\/quehacerpolitico.mx\/?p=88402","url":"https:\/\/quehacerpolitico.mx\/?p=88402","name":"Hoy M\u00e9xico suma 43 mil 523 nuevos casos, tercera cifra m\u00e1s alta de la pandemia -","isPartOf":{"@id":"https:\/\/quehacerpolitico.mx\/#website"},"primaryImageOfPage":{"@id":"https:\/\/quehacerpolitico.mx\/?p=88402#primaryimage"},"image":{"@id":"https:\/\/quehacerpolitico.mx\/?p=88402#primaryimage"},"thumbnailUrl":"https:\/\/quehacerpolitico.mx\/wp-content\/uploads\/2022\/01\/A70659F1-3AA6-418B-97D9-F7254D5AB820.jpeg","datePublished":"2022-01-14T03:48:06+00:00","dateModified":"2022-01-14T03:48:09+00:00","author":{"@id":"https:\/\/quehacerpolitico.mx\/#\/schema\/person\/496d8ad2d1d3f8036101dca7ee39e585"},"breadcrumb":{"@id":"https:\/\/quehacerpolitico.mx\/?p=88402#breadcrumb"},"inLanguage":"es","potentialAction":[{"@type":"ReadAction","target":["https:\/\/quehacerpolitico.mx\/?p=88402"]}]},{"@type":"ImageObject","inLanguage":"es","@id":"https:\/\/quehacerpolitico.mx\/?p=88402#primaryimage","url":"https:\/\/quehacerpolitico.mx\/wp-content\/uploads\/2022\/01\/A70659F1-3AA6-418B-97D9-F7254D5AB820.jpeg","contentUrl":"https:\/\/quehacerpolitico.mx\/wp-content\/uploads\/2022\/01\/A70659F1-3AA6-418B-97D9-F7254D5AB820.jpeg","width":1086,"height":688},{"@type":"BreadcrumbList","@id":"https:\/\/quehacerpolitico.mx\/?p=88402#breadcrumb","itemListElement":[{"@type":"ListItem","position":1,"name":"Inicio","item":"https:\/\/quehacerpolitico.mx\/"},{"@type":"ListItem","position":2,"name":"Hoy M\u00e9xico suma 43 mil 523 nuevos casos, tercera cifra m\u00e1s alta de la pandemia"}]},{"@type":"WebSite","@id":"https:\/\/quehacerpolitico.mx\/#website","url":"https:\/\/quehacerpolitico.mx\/","name":"","description":"","potentialAction":[{"@type":"SearchAction","target":{"@type":"EntryPoint","urlTemplate":"https:\/\/quehacerpolitico.mx\/?s={search_term_string}"},"query-input":{"@type":"PropertyValueSpecification","valueRequired":true,"valueName":"search_term_string"}}],"inLanguage":"es"},{"@type":"Person","@id":"https:\/\/quehacerpolitico.mx\/#\/schema\/person\/496d8ad2d1d3f8036101dca7ee39e585","name":"Redacci\u00f3n QP","image":{"@type":"ImageObject","inLanguage":"es","@id":"https:\/\/secure.gravatar.com\/avatar\/c7164ed6fdec453195284ad24a5ae5b6e1eed2b848477fa2a4787ba9adf39a41?s=96&d=mm&r=g","url":"https:\/\/secure.gravatar.com\/avatar\/c7164ed6fdec453195284ad24a5ae5b6e1eed2b848477fa2a4787ba9adf39a41?s=96&d=mm&r=g","contentUrl":"https:\/\/secure.gravatar.com\/avatar\/c7164ed6fdec453195284ad24a5ae5b6e1eed2b848477fa2a4787ba9adf39a41?s=96&d=mm&r=g","caption":"Redacci\u00f3n QP"},"url":"https:\/\/quehacerpolitico.mx\/?author=2"}]}},"featured_image_urls":{"full":["https:\/\/quehacerpolitico.mx\/wp-content\/uploads\/2022\/01\/A70659F1-3AA6-418B-97D9-F7254D5AB820.jpeg",1086,688,false],"thumbnail":["https:\/\/quehacerpolitico.mx\/wp-content\/uploads\/2022\/01\/A70659F1-3AA6-418B-97D9-F7254D5AB820-150x150.jpeg",150,150,true],"medium":["https:\/\/quehacerpolitico.mx\/wp-content\/uploads\/2022\/01\/A70659F1-3AA6-418B-97D9-F7254D5AB820-300x190.jpeg",300,190,true],"medium_large":["https:\/\/quehacerpolitico.mx\/wp-content\/uploads\/2022\/01\/A70659F1-3AA6-418B-97D9-F7254D5AB820-768x487.jpeg",640,406,true],"large":["https:\/\/quehacerpolitico.mx\/wp-content\/uploads\/2022\/01\/A70659F1-3AA6-418B-97D9-F7254D5AB820-1024x649.jpeg",640,406,true],"1536x1536":["https:\/\/quehacerpolitico.mx\/wp-content\/uploads\/2022\/01\/A70659F1-3AA6-418B-97D9-F7254D5AB820.jpeg",1086,688,false],"2048x2048":["https:\/\/quehacerpolitico.mx\/wp-content\/uploads\/2022\/01\/A70659F1-3AA6-418B-97D9-F7254D5AB820.jpeg",1086,688,false],"covernews-featured":["https:\/\/quehacerpolitico.mx\/wp-content\/uploads\/2022\/01\/A70659F1-3AA6-418B-97D9-F7254D5AB820.jpeg",1024,649,false],"covernews-medium":["https:\/\/quehacerpolitico.mx\/wp-content\/uploads\/2022\/01\/A70659F1-3AA6-418B-97D9-F7254D5AB820.jpeg",537,340,false]},"author_info":{"display_name":"Redacci\u00f3n QP","author_link":"https:\/\/quehacerpolitico.mx\/?author=2"},"category_info":"<a href=\"https:\/\/quehacerpolitico.mx\/?cat=2\" rel=\"category\">Noticias<\/a>","tag_info":"Noticias","comment_count":"0","_links":{"self":[{"href":"https:\/\/quehacerpolitico.mx\/index.php?rest_route=\/wp\/v2\/posts\/88402","targetHints":{"allow":["GET"]}}],"collection":[{"href":"https:\/\/quehacerpolitico.mx\/index.php?rest_route=\/wp\/v2\/posts"}],"about":[{"href":"https:\/\/quehacerpolitico.mx\/index.php?rest_route=\/wp\/v2\/types\/post"}],"author":[{"embeddable":true,"href":"https:\/\/quehacerpolitico.mx\/index.php?rest_route=\/wp\/v2\/users\/2"}],"replies":[{"embeddable":true,"href":"https:\/\/quehacerpolitico.mx\/index.php?rest_route=%2Fwp%2Fv2%2Fcomments&post=88402"}],"version-history":[{"count":1,"href":"https:\/\/quehacerpolitico.mx\/index.php?rest_route=\/wp\/v2\/posts\/88402\/revisions"}],"predecessor-version":[{"id":88408,"href":"https:\/\/quehacerpolitico.mx\/index.php?rest_route=\/wp\/v2\/posts\/88402\/revisions\/88408"}],"wp:featuredmedia":[{"embeddable":true,"href":"https:\/\/quehacerpolitico.mx\/index.php?rest_route=\/wp\/v2\/media\/88407"}],"wp:attachment":[{"href":"https:\/\/quehacerpolitico.mx\/index.php?rest_route=%2Fwp%2Fv2%2Fmedia&parent=88402"}],"wp:term":[{"taxonomy":"category","embeddable":true,"href":"https:\/\/quehacerpolitico.mx\/index.php?rest_route=%2Fwp%2Fv2%2Fcategories&post=88402"},{"taxonomy":"post_tag","embeddable":true,"href":"https:\/\/quehacerpolitico.mx\/index.php?rest_route=%2Fwp%2Fv2%2Ftags&post=88402"}],"curies":[{"name":"wp","href":"https:\/\/api.w.org\/{rel}","templated":true}]}}