{"id":88399,"date":"2022-01-14T00:04:07","date_gmt":"2022-01-14T00:04:07","guid":{"rendered":"https:\/\/quehacerpolitico.mx\/?p=88399"},"modified":"2022-01-14T00:04:10","modified_gmt":"2022-01-14T00:04:10","slug":"no-estan-de-mas-las-caricias-amlo-describe-como-se-recupera-del-covid","status":"publish","type":"post","link":"https:\/\/quehacerpolitico.mx\/?p=88399","title":{"rendered":"&#8220;No est\u00e1n de m\u00e1s las caricias&#8221;: AMLO describe c\u00f3mo se recupera del COVID"},"content":{"rendered":"\n<p>Por Redacci\u00f3n QP<\/p>\n\n\n\n<p>El Presidente asegur\u00f3 que para su recuperaci\u00f3n no tom\u00f3 medicamentos especiales, pues sobrelleva la enfermedad con paracetamol, Vick y t\u00e9s<\/p>\n\n\n\n<p>El Presidente Andr\u00e9s Manuel L\u00f3pez Obrador (AMLO) asegur\u00f3 este jueves desde Palacio Nacional que&nbsp;<strong>est\u00e1 saliendo de la COVID-19 gracias a remedios caseros para superar el padecimiento<\/strong>, en un mensaje ofrecido mientras manten\u00eda una reuni\u00f3n con dos secretarios de su gabinete, adem\u00e1s de asegurar que&nbsp;<strong>&#8220;no est\u00e1n de m\u00e1s las caricias&#8221;&nbsp;<\/strong>para una pronta recuperaci\u00f3n.<\/p>\n\n\n\n<blockquote class=\"wp-block-quote is-layout-flow wp-block-quote-is-layout-flow\"><p>&#8220;Me da mucho gusto comunicarme con ustedes para compartir mi satisfacci\u00f3n de que voy saliendo del COVID&#8221;<\/p><\/blockquote>\n\n\n\n<p>&#8220;Me da mucho gusto comunicarme con ustedes para compartir mi satisfacci\u00f3n de que voy saliendo del COVID&#8221;, dijo en una transmisi\u00f3n en directo desde su canal de YouTube, donde estuvo acompa\u00f1ado del secretario de Gobernaci\u00f3n, Ad\u00e1n Augusto L\u00f3pez, y el titular de Hacienda, Rogelio Ram\u00edrez de la O,<strong>\u00a0ambos portando mascarilla.<\/strong><\/p>\n\n\n\n<figure class=\"wp-block-embed is-type-rich is-provider-twitter wp-block-embed-twitter\"><div class=\"wp-block-embed__wrapper\">\n<blockquote class=\"twitter-tweet\" data-width=\"550\" data-dnt=\"true\"><p lang=\"es\" dir=\"ltr\">\u201cCon paracetamol, y aunque se r\u00edan mis adversarios, vaporub (\u2026) miel con lim\u00f3n y esos remedios. \ud83c\udf6f\ud83c\udf4b Y no est\u00e1n de m\u00e1s las caricias\u201d as\u00ed describe el presidente <a href=\"https:\/\/twitter.com\/lopezobrador_?ref_src=twsrc%5Etfw\">@lopezobrador_<\/a> c\u00f3mo se est\u00e1 recuperando de covid-19\u201d. <a href=\"https:\/\/t.co\/9pp0jaA1YT\">pic.twitter.com\/9pp0jaA1YT<\/a><\/p>&mdash; Ilse Aguilar (@Ilse_Asecas) <a href=\"https:\/\/twitter.com\/Ilse_Asecas\/status\/1481722669594726402?ref_src=twsrc%5Etfw\">January 13, 2022<\/a><\/blockquote><script async src=\"https:\/\/platform.twitter.com\/widgets.js\" charset=\"utf-8\"><\/script>\n<\/div><\/figure>\n\n\n\n<p>AMLO, quien dio positivo a COVID-19 el pasado lunes, dijo que su recuperaci\u00f3n serv\u00eda para dar un mensaje &#8220;alentador&#8221; y comprobar &#8220;en carne propia&#8221; que<strong>\u00a0la variante \u00f3micron &#8220;no tiene la letalidad, la peligrosidad de la variante anterior, de la llamada delta&#8221;.<\/strong><\/p>\n\n\n\n<p>Se\u00f1al\u00f3 que esta nueva variante produce s\u00edntomas &#8220;muy leves&#8221;, parecidos a los de una gripe, por ello no tuvo un tratamiento &#8220;especial&#8221; ya que&nbsp;<strong>no present\u00f3 fiebre, dolores de cabeza ni falta de oxigenaci\u00f3n.<\/strong><\/p>\n\n\n\n<p>&#8220;Todo normal, s\u00f3lo la ronquera (&#8230;) y un ardor en la garganta que tambi\u00e9n ya est\u00e1 menguando&#8221;, precis\u00f3.<\/p>\n\n\n\n<blockquote class=\"wp-block-quote is-layout-flow wp-block-quote-is-layout-flow\"><p>&#8220;Mi mam\u00e1 nos pon\u00eda Vaporub en el pecho y en las plantas de los pies. Esos remedios y miel con un poco de lim\u00f3n y con eso uno sale adelante&#8221;<\/p><\/blockquote>\n\n\n\n<p>Asegur\u00f3 que esto significa que la pandemia en M\u00e9xico va &#8220;de salida&#8221; e insisti\u00f3 que con \u00f3micron no hay muchos riesgos, pues&nbsp;<strong>aunque habr\u00e1 hospitalizaciones &#8220;no vamos a tener fallecimientos&#8221;.<\/strong><\/p>\n\n\n\n<p>Asimismo, dijo que para su recuperaci\u00f3n no tom\u00f3 medicamentos especiales, pese a que existen medicamentos antivirales aprobados en M\u00e9xico para su utilizaci\u00f3n de emergencia, pues estos s\u00f3lo est\u00e1n indicados para personas con enfermedades cr\u00f3nicas y gente mayor, por lo que<strong>&nbsp;s\u00f3lo se trat\u00f3 &#8220;con paracetamol&#8221; y remedios caseros.<\/strong><\/p>\n\n\n\n<p>&#8220;Aunque se r\u00edan mis adversarios. Cuestionan al doctor (Jorge) Alcocer (el ministro de Salud) porque dijo que Vaporub y s\u00ed, cuando yo era ni\u00f1o recuerdo que nos enferm\u00e1bamos de gripe y\u00a0<strong>mi mam\u00e1 nos pon\u00eda Vaporub en el pecho y en las plantas de los pies. (&#8230;) Esos remedios y miel con un poco de lim\u00f3n y con eso uno sale adelante<\/strong>&#8220;, afirm\u00f3.<\/p>\n\n\n\n<p>Adem\u00e1s, dijo,&nbsp;<strong>se deben aprovechar estos remedios entre seres queridos pues &#8220;no est\u00e1n de m\u00e1s las caricias&#8221;.<\/strong><\/p>\n\n\n\n<p>AMLO reconoci\u00f3 que si se hiciera un test COVID ahora saldr\u00eda &#8220;positivo&#8221;, pero asegur\u00f3 que ya no tiene &#8220;s\u00edntomas&#8221;.<\/p>\n\n\n\n<p>El Mandatario dio este mensaje desde su despacho en Palacio Nacional y acompa\u00f1ado de dos de sus secretarios, situados a varios metros del Presidente y con mascarilla.<\/p>\n\n\n\n<p>Con Informaci\u00f3n de EFE<\/p>\n","protected":false},"excerpt":{"rendered":"<p>Por Redacci\u00f3n QP El Presidente asegur\u00f3 que para su recuperaci\u00f3n no tom\u00f3 medicamentos especiales, pues&#8230;<\/p>\n","protected":false},"author":2,"featured_media":88400,"comment_status":"open","ping_status":"open","sticky":false,"template":"","format":"standard","meta":{"_monsterinsights_skip_tracking":false,"_monsterinsights_sitenote_active":false,"_monsterinsights_sitenote_note":"","_monsterinsights_sitenote_category":0,"footnotes":""},"categories":[2],"tags":[],"class_list":["post-88399","post","type-post","status-publish","format-standard","has-post-thumbnail","hentry","category-noticias"],"yoast_head":"<!-- This site is optimized with the Yoast SEO plugin v27.3 - https:\/\/yoast.com\/product\/yoast-seo-wordpress\/ -->\n<title>&quot;No est\u00e1n de m\u00e1s las caricias&quot;: AMLO describe c\u00f3mo se recupera del COVID -<\/title>\n<meta name=\"robots\" content=\"index, follow, max-snippet:-1, max-image-preview:large, max-video-preview:-1\" \/>\n<link rel=\"canonical\" href=\"https:\/\/quehacerpolitico.mx\/?p=88399\" \/>\n<meta property=\"og:locale\" content=\"es_MX\" \/>\n<meta property=\"og:type\" content=\"article\" \/>\n<meta property=\"og:title\" content=\"&quot;No est\u00e1n de m\u00e1s las caricias&quot;: AMLO describe c\u00f3mo se recupera del COVID -\" \/>\n<meta property=\"og:description\" content=\"Por Redacci\u00f3n QP El Presidente asegur\u00f3 que para su recuperaci\u00f3n no tom\u00f3 medicamentos especiales, pues...\" \/>\n<meta property=\"og:url\" content=\"https:\/\/quehacerpolitico.mx\/?p=88399\" \/>\n<meta property=\"article:published_time\" content=\"2022-01-14T00:04:07+00:00\" \/>\n<meta property=\"article:modified_time\" content=\"2022-01-14T00:04:10+00:00\" \/>\n<meta property=\"og:image\" content=\"https:\/\/quehacerpolitico.mx\/wp-content\/uploads\/2022\/01\/2F9492C6-A8F9-46B0-A6BC-7956B564A61B.jpeg\" \/>\n\t<meta property=\"og:image:width\" content=\"975\" \/>\n\t<meta property=\"og:image:height\" content=\"549\" \/>\n\t<meta property=\"og:image:type\" content=\"image\/jpeg\" \/>\n<meta name=\"author\" content=\"Redacci\u00f3n QP\" \/>\n<meta name=\"twitter:card\" content=\"summary_large_image\" \/>\n<meta name=\"twitter:label1\" content=\"Escrito por\" \/>\n\t<meta name=\"twitter:data1\" content=\"Redacci\u00f3n QP\" \/>\n\t<meta name=\"twitter:label2\" content=\"Tiempo de lectura\" \/>\n\t<meta name=\"twitter:data2\" content=\"3 minutos\" \/>\n<script type=\"application\/ld+json\" class=\"yoast-schema-graph\">{\"@context\":\"https:\\\/\\\/schema.org\",\"@graph\":[{\"@type\":\"Article\",\"@id\":\"https:\\\/\\\/quehacerpolitico.mx\\\/?p=88399#article\",\"isPartOf\":{\"@id\":\"https:\\\/\\\/quehacerpolitico.mx\\\/?p=88399\"},\"author\":{\"name\":\"Redacci\u00f3n QP\",\"@id\":\"https:\\\/\\\/quehacerpolitico.mx\\\/#\\\/schema\\\/person\\\/496d8ad2d1d3f8036101dca7ee39e585\"},\"headline\":\"&#8220;No est\u00e1n de m\u00e1s las caricias&#8221;: AMLO describe c\u00f3mo se recupera del COVID\",\"datePublished\":\"2022-01-14T00:04:07+00:00\",\"dateModified\":\"2022-01-14T00:04:10+00:00\",\"mainEntityOfPage\":{\"@id\":\"https:\\\/\\\/quehacerpolitico.mx\\\/?p=88399\"},\"wordCount\":554,\"commentCount\":0,\"image\":{\"@id\":\"https:\\\/\\\/quehacerpolitico.mx\\\/?p=88399#primaryimage\"},\"thumbnailUrl\":\"https:\\\/\\\/quehacerpolitico.mx\\\/wp-content\\\/uploads\\\/2022\\\/01\\\/2F9492C6-A8F9-46B0-A6BC-7956B564A61B.jpeg\",\"articleSection\":[\"Noticias\"],\"inLanguage\":\"es\",\"potentialAction\":[{\"@type\":\"CommentAction\",\"name\":\"Comment\",\"target\":[\"https:\\\/\\\/quehacerpolitico.mx\\\/?p=88399#respond\"]}]},{\"@type\":\"WebPage\",\"@id\":\"https:\\\/\\\/quehacerpolitico.mx\\\/?p=88399\",\"url\":\"https:\\\/\\\/quehacerpolitico.mx\\\/?p=88399\",\"name\":\"\\\"No est\u00e1n de m\u00e1s las caricias\\\": AMLO describe c\u00f3mo se recupera del COVID -\",\"isPartOf\":{\"@id\":\"https:\\\/\\\/quehacerpolitico.mx\\\/#website\"},\"primaryImageOfPage\":{\"@id\":\"https:\\\/\\\/quehacerpolitico.mx\\\/?p=88399#primaryimage\"},\"image\":{\"@id\":\"https:\\\/\\\/quehacerpolitico.mx\\\/?p=88399#primaryimage\"},\"thumbnailUrl\":\"https:\\\/\\\/quehacerpolitico.mx\\\/wp-content\\\/uploads\\\/2022\\\/01\\\/2F9492C6-A8F9-46B0-A6BC-7956B564A61B.jpeg\",\"datePublished\":\"2022-01-14T00:04:07+00:00\",\"dateModified\":\"2022-01-14T00:04:10+00:00\",\"author\":{\"@id\":\"https:\\\/\\\/quehacerpolitico.mx\\\/#\\\/schema\\\/person\\\/496d8ad2d1d3f8036101dca7ee39e585\"},\"breadcrumb\":{\"@id\":\"https:\\\/\\\/quehacerpolitico.mx\\\/?p=88399#breadcrumb\"},\"inLanguage\":\"es\",\"potentialAction\":[{\"@type\":\"ReadAction\",\"target\":[\"https:\\\/\\\/quehacerpolitico.mx\\\/?p=88399\"]}]},{\"@type\":\"ImageObject\",\"inLanguage\":\"es\",\"@id\":\"https:\\\/\\\/quehacerpolitico.mx\\\/?p=88399#primaryimage\",\"url\":\"https:\\\/\\\/quehacerpolitico.mx\\\/wp-content\\\/uploads\\\/2022\\\/01\\\/2F9492C6-A8F9-46B0-A6BC-7956B564A61B.jpeg\",\"contentUrl\":\"https:\\\/\\\/quehacerpolitico.mx\\\/wp-content\\\/uploads\\\/2022\\\/01\\\/2F9492C6-A8F9-46B0-A6BC-7956B564A61B.jpeg\",\"width\":975,\"height\":549},{\"@type\":\"BreadcrumbList\",\"@id\":\"https:\\\/\\\/quehacerpolitico.mx\\\/?p=88399#breadcrumb\",\"itemListElement\":[{\"@type\":\"ListItem\",\"position\":1,\"name\":\"Inicio\",\"item\":\"https:\\\/\\\/quehacerpolitico.mx\\\/\"},{\"@type\":\"ListItem\",\"position\":2,\"name\":\"&#8220;No est\u00e1n de m\u00e1s las caricias&#8221;: AMLO describe c\u00f3mo se recupera del COVID\"}]},{\"@type\":\"WebSite\",\"@id\":\"https:\\\/\\\/quehacerpolitico.mx\\\/#website\",\"url\":\"https:\\\/\\\/quehacerpolitico.mx\\\/\",\"name\":\"\",\"description\":\"\",\"potentialAction\":[{\"@type\":\"SearchAction\",\"target\":{\"@type\":\"EntryPoint\",\"urlTemplate\":\"https:\\\/\\\/quehacerpolitico.mx\\\/?s={search_term_string}\"},\"query-input\":{\"@type\":\"PropertyValueSpecification\",\"valueRequired\":true,\"valueName\":\"search_term_string\"}}],\"inLanguage\":\"es\"},{\"@type\":\"Person\",\"@id\":\"https:\\\/\\\/quehacerpolitico.mx\\\/#\\\/schema\\\/person\\\/496d8ad2d1d3f8036101dca7ee39e585\",\"name\":\"Redacci\u00f3n QP\",\"image\":{\"@type\":\"ImageObject\",\"inLanguage\":\"es\",\"@id\":\"https:\\\/\\\/secure.gravatar.com\\\/avatar\\\/c7164ed6fdec453195284ad24a5ae5b6e1eed2b848477fa2a4787ba9adf39a41?s=96&d=mm&r=g\",\"url\":\"https:\\\/\\\/secure.gravatar.com\\\/avatar\\\/c7164ed6fdec453195284ad24a5ae5b6e1eed2b848477fa2a4787ba9adf39a41?s=96&d=mm&r=g\",\"contentUrl\":\"https:\\\/\\\/secure.gravatar.com\\\/avatar\\\/c7164ed6fdec453195284ad24a5ae5b6e1eed2b848477fa2a4787ba9adf39a41?s=96&d=mm&r=g\",\"caption\":\"Redacci\u00f3n QP\"},\"url\":\"https:\\\/\\\/quehacerpolitico.mx\\\/?author=2\"}]}<\/script>\n<!-- \/ Yoast SEO plugin. -->","yoast_head_json":{"title":"\"No est\u00e1n de m\u00e1s las caricias\": AMLO describe c\u00f3mo se recupera del COVID -","robots":{"index":"index","follow":"follow","max-snippet":"max-snippet:-1","max-image-preview":"max-image-preview:large","max-video-preview":"max-video-preview:-1"},"canonical":"https:\/\/quehacerpolitico.mx\/?p=88399","og_locale":"es_MX","og_type":"article","og_title":"\"No est\u00e1n de m\u00e1s las caricias\": AMLO describe c\u00f3mo se recupera del COVID -","og_description":"Por Redacci\u00f3n QP El Presidente asegur\u00f3 que para su recuperaci\u00f3n no tom\u00f3 medicamentos especiales, pues...","og_url":"https:\/\/quehacerpolitico.mx\/?p=88399","article_published_time":"2022-01-14T00:04:07+00:00","article_modified_time":"2022-01-14T00:04:10+00:00","og_image":[{"width":975,"height":549,"url":"https:\/\/quehacerpolitico.mx\/wp-content\/uploads\/2022\/01\/2F9492C6-A8F9-46B0-A6BC-7956B564A61B.jpeg","type":"image\/jpeg"}],"author":"Redacci\u00f3n QP","twitter_card":"summary_large_image","twitter_misc":{"Escrito por":"Redacci\u00f3n QP","Tiempo de lectura":"3 minutos"},"schema":{"@context":"https:\/\/schema.org","@graph":[{"@type":"Article","@id":"https:\/\/quehacerpolitico.mx\/?p=88399#article","isPartOf":{"@id":"https:\/\/quehacerpolitico.mx\/?p=88399"},"author":{"name":"Redacci\u00f3n QP","@id":"https:\/\/quehacerpolitico.mx\/#\/schema\/person\/496d8ad2d1d3f8036101dca7ee39e585"},"headline":"&#8220;No est\u00e1n de m\u00e1s las caricias&#8221;: AMLO describe c\u00f3mo se recupera del COVID","datePublished":"2022-01-14T00:04:07+00:00","dateModified":"2022-01-14T00:04:10+00:00","mainEntityOfPage":{"@id":"https:\/\/quehacerpolitico.mx\/?p=88399"},"wordCount":554,"commentCount":0,"image":{"@id":"https:\/\/quehacerpolitico.mx\/?p=88399#primaryimage"},"thumbnailUrl":"https:\/\/quehacerpolitico.mx\/wp-content\/uploads\/2022\/01\/2F9492C6-A8F9-46B0-A6BC-7956B564A61B.jpeg","articleSection":["Noticias"],"inLanguage":"es","potentialAction":[{"@type":"CommentAction","name":"Comment","target":["https:\/\/quehacerpolitico.mx\/?p=88399#respond"]}]},{"@type":"WebPage","@id":"https:\/\/quehacerpolitico.mx\/?p=88399","url":"https:\/\/quehacerpolitico.mx\/?p=88399","name":"\"No est\u00e1n de m\u00e1s las caricias\": AMLO describe c\u00f3mo se recupera del COVID -","isPartOf":{"@id":"https:\/\/quehacerpolitico.mx\/#website"},"primaryImageOfPage":{"@id":"https:\/\/quehacerpolitico.mx\/?p=88399#primaryimage"},"image":{"@id":"https:\/\/quehacerpolitico.mx\/?p=88399#primaryimage"},"thumbnailUrl":"https:\/\/quehacerpolitico.mx\/wp-content\/uploads\/2022\/01\/2F9492C6-A8F9-46B0-A6BC-7956B564A61B.jpeg","datePublished":"2022-01-14T00:04:07+00:00","dateModified":"2022-01-14T00:04:10+00:00","author":{"@id":"https:\/\/quehacerpolitico.mx\/#\/schema\/person\/496d8ad2d1d3f8036101dca7ee39e585"},"breadcrumb":{"@id":"https:\/\/quehacerpolitico.mx\/?p=88399#breadcrumb"},"inLanguage":"es","potentialAction":[{"@type":"ReadAction","target":["https:\/\/quehacerpolitico.mx\/?p=88399"]}]},{"@type":"ImageObject","inLanguage":"es","@id":"https:\/\/quehacerpolitico.mx\/?p=88399#primaryimage","url":"https:\/\/quehacerpolitico.mx\/wp-content\/uploads\/2022\/01\/2F9492C6-A8F9-46B0-A6BC-7956B564A61B.jpeg","contentUrl":"https:\/\/quehacerpolitico.mx\/wp-content\/uploads\/2022\/01\/2F9492C6-A8F9-46B0-A6BC-7956B564A61B.jpeg","width":975,"height":549},{"@type":"BreadcrumbList","@id":"https:\/\/quehacerpolitico.mx\/?p=88399#breadcrumb","itemListElement":[{"@type":"ListItem","position":1,"name":"Inicio","item":"https:\/\/quehacerpolitico.mx\/"},{"@type":"ListItem","position":2,"name":"&#8220;No est\u00e1n de m\u00e1s las caricias&#8221;: AMLO describe c\u00f3mo se recupera del COVID"}]},{"@type":"WebSite","@id":"https:\/\/quehacerpolitico.mx\/#website","url":"https:\/\/quehacerpolitico.mx\/","name":"","description":"","potentialAction":[{"@type":"SearchAction","target":{"@type":"EntryPoint","urlTemplate":"https:\/\/quehacerpolitico.mx\/?s={search_term_string}"},"query-input":{"@type":"PropertyValueSpecification","valueRequired":true,"valueName":"search_term_string"}}],"inLanguage":"es"},{"@type":"Person","@id":"https:\/\/quehacerpolitico.mx\/#\/schema\/person\/496d8ad2d1d3f8036101dca7ee39e585","name":"Redacci\u00f3n QP","image":{"@type":"ImageObject","inLanguage":"es","@id":"https:\/\/secure.gravatar.com\/avatar\/c7164ed6fdec453195284ad24a5ae5b6e1eed2b848477fa2a4787ba9adf39a41?s=96&d=mm&r=g","url":"https:\/\/secure.gravatar.com\/avatar\/c7164ed6fdec453195284ad24a5ae5b6e1eed2b848477fa2a4787ba9adf39a41?s=96&d=mm&r=g","contentUrl":"https:\/\/secure.gravatar.com\/avatar\/c7164ed6fdec453195284ad24a5ae5b6e1eed2b848477fa2a4787ba9adf39a41?s=96&d=mm&r=g","caption":"Redacci\u00f3n QP"},"url":"https:\/\/quehacerpolitico.mx\/?author=2"}]}},"featured_image_urls":{"full":["https:\/\/quehacerpolitico.mx\/wp-content\/uploads\/2022\/01\/2F9492C6-A8F9-46B0-A6BC-7956B564A61B.jpeg",975,549,false],"thumbnail":["https:\/\/quehacerpolitico.mx\/wp-content\/uploads\/2022\/01\/2F9492C6-A8F9-46B0-A6BC-7956B564A61B-150x150.jpeg",150,150,true],"medium":["https:\/\/quehacerpolitico.mx\/wp-content\/uploads\/2022\/01\/2F9492C6-A8F9-46B0-A6BC-7956B564A61B-300x169.jpeg",300,169,true],"medium_large":["https:\/\/quehacerpolitico.mx\/wp-content\/uploads\/2022\/01\/2F9492C6-A8F9-46B0-A6BC-7956B564A61B-768x432.jpeg",640,360,true],"large":["https:\/\/quehacerpolitico.mx\/wp-content\/uploads\/2022\/01\/2F9492C6-A8F9-46B0-A6BC-7956B564A61B.jpeg",640,360,false],"1536x1536":["https:\/\/quehacerpolitico.mx\/wp-content\/uploads\/2022\/01\/2F9492C6-A8F9-46B0-A6BC-7956B564A61B.jpeg",975,549,false],"2048x2048":["https:\/\/quehacerpolitico.mx\/wp-content\/uploads\/2022\/01\/2F9492C6-A8F9-46B0-A6BC-7956B564A61B.jpeg",975,549,false],"covernews-featured":["https:\/\/quehacerpolitico.mx\/wp-content\/uploads\/2022\/01\/2F9492C6-A8F9-46B0-A6BC-7956B564A61B.jpeg",975,549,false],"covernews-medium":["https:\/\/quehacerpolitico.mx\/wp-content\/uploads\/2022\/01\/2F9492C6-A8F9-46B0-A6BC-7956B564A61B.jpeg",540,304,false]},"author_info":{"display_name":"Redacci\u00f3n QP","author_link":"https:\/\/quehacerpolitico.mx\/?author=2"},"category_info":"<a href=\"https:\/\/quehacerpolitico.mx\/?cat=2\" rel=\"category\">Noticias<\/a>","tag_info":"Noticias","comment_count":"0","_links":{"self":[{"href":"https:\/\/quehacerpolitico.mx\/index.php?rest_route=\/wp\/v2\/posts\/88399","targetHints":{"allow":["GET"]}}],"collection":[{"href":"https:\/\/quehacerpolitico.mx\/index.php?rest_route=\/wp\/v2\/posts"}],"about":[{"href":"https:\/\/quehacerpolitico.mx\/index.php?rest_route=\/wp\/v2\/types\/post"}],"author":[{"embeddable":true,"href":"https:\/\/quehacerpolitico.mx\/index.php?rest_route=\/wp\/v2\/users\/2"}],"replies":[{"embeddable":true,"href":"https:\/\/quehacerpolitico.mx\/index.php?rest_route=%2Fwp%2Fv2%2Fcomments&post=88399"}],"version-history":[{"count":1,"href":"https:\/\/quehacerpolitico.mx\/index.php?rest_route=\/wp\/v2\/posts\/88399\/revisions"}],"predecessor-version":[{"id":88401,"href":"https:\/\/quehacerpolitico.mx\/index.php?rest_route=\/wp\/v2\/posts\/88399\/revisions\/88401"}],"wp:featuredmedia":[{"embeddable":true,"href":"https:\/\/quehacerpolitico.mx\/index.php?rest_route=\/wp\/v2\/media\/88400"}],"wp:attachment":[{"href":"https:\/\/quehacerpolitico.mx\/index.php?rest_route=%2Fwp%2Fv2%2Fmedia&parent=88399"}],"wp:term":[{"taxonomy":"category","embeddable":true,"href":"https:\/\/quehacerpolitico.mx\/index.php?rest_route=%2Fwp%2Fv2%2Fcategories&post=88399"},{"taxonomy":"post_tag","embeddable":true,"href":"https:\/\/quehacerpolitico.mx\/index.php?rest_route=%2Fwp%2Fv2%2Ftags&post=88399"}],"curies":[{"name":"wp","href":"https:\/\/api.w.org\/{rel}","templated":true}]}}