{"id":88396,"date":"2022-01-13T23:50:58","date_gmt":"2022-01-13T23:50:58","guid":{"rendered":"https:\/\/quehacerpolitico.mx\/?p=88396"},"modified":"2022-01-13T23:51:00","modified_gmt":"2022-01-13T23:51:00","slug":"farmacias-advierten-posible-desabasto-de-medicinas-por-omicron","status":"publish","type":"post","link":"https:\/\/quehacerpolitico.mx\/?p=88396","title":{"rendered":"Farmacias advierten posible desabasto de medicinas por \u00f3micron"},"content":{"rendered":"\n<p>Por Redacci\u00f3n QP<\/p>\n\n\n\n<p>La Unefarm exhorta a no realizar compras de p\u00e1nico en los pr\u00f3ximos d\u00edas para no afectar a las personas que realmente requieren los medicamentos<\/p>\n\n\n\n<p>La variante \u00f3micron del COVID-19 increment\u00f3 la demanda de pruebas de coronavirus y, desde luego, de medicamentos. Si persiste esta alza, es un hecho que podr\u00eda presentarse desabasto de medicina en las pr\u00f3ximas semanas en M\u00e9xico,\u00a0advirti\u00f3 la Uni\u00f3n Nacional de Empresarios de Farmacias (Unefarm).<\/p>\n\n\n\n<p><strong>&#8220;Si sigue el punto de contagios de este nivel o se eleva s\u00ed podemos tener desabasto de medicamentos en las pr\u00f3ximas semanas, porque hay un factor muy importante se vinieron contagios en todo el mundo el fin de a\u00f1o, entre ellos en China y la India que son los que venden las materias primas para el medicamento en M\u00e9xico&#8221;<\/strong>.<\/p>\n\n\n\n<p><strong>&#8220;Sus plantas no est\u00e1n trabajando al 100% esto se deriva en que la materia prima no llega a tiempo a M\u00e9xico, entonces s\u00ed se puede generar un desabasto<\/strong>, ahorita todav\u00eda no lo hay, p<strong>or eso es importante romper la cadena de contagios y eso es cuid\u00e1ndonos, usando el cubreboca y guardando la sana distancia&#8221;<\/strong>, dijo Juvenal Becerra Orozco, presidente de Unefarm.<\/p>\n\n\n\n<p><strong>La asociaci\u00f3n a la que est\u00e1n adheridas casi 6 mil farmacias en todo el territorio mexicano dio a conocer que actualmente&nbsp;se registra un desabasto de manera intermitente en esos negocios<\/strong>, que est\u00e1 directamente relacionado con el retraso internacional en el env\u00edo de la materia prima con lo que se elaboran los productos que ayudan a controlar la enfermedad respiratoria.<\/p>\n\n\n\n<p><strong>Si no se frena la ola de infecciones de SARS-CoV-2 empezar\u00eda a faltar medicamentos en unos d\u00edas m\u00e1s<\/strong>, alert\u00f3.<\/p>\n\n\n\n<p><strong>&#8220;Todo depende de la capacidad de contagio, si sube o se mantiene, estar\u00edamos hablando de 15 o 20 d\u00edas si podr\u00edamos tener desabasto si es que sube el punto de contagio, si se mantiene hay muchas alternativas, afortunadamente hay muchos laboratorios nacionales e internacionales que estamos tratando de sustituir<\/strong>, por ejemplo, el paracetamol si a uno se le termina, pues ya estamos hablando con el que sigue, pero si sigue a la alza, entonces en unos 15 d\u00edas podr\u00edamos tener un tema de desabasto, obviamente lo informar\u00edamos, pero ahorita estamos trabajando muy de la mano con todos&#8221;, explic\u00f3 Juvenal Becerra.<\/p>\n\n\n\n<p><strong>La Unefarm exhort\u00f3 a la gente a no realizar compras de p\u00e1nico en los pr\u00f3ximos d\u00edas porque perjudicar\u00eda a las personas que realmente necesitan adquirir los productos para controlar a la enfermedad<\/strong>.<\/p>\n\n\n\n<p>&#8220;El llamado a la poblaci\u00f3n es que no tenemos que hacer compras de p\u00e1nico, tambi\u00e9n decirles a la gente que tenemos vacunaci\u00f3n, la variante \u00f3micron no est\u00e1 siendo tan agresiva con nuestro cuerpo, entonces si van a comprar medicamentos que no sea de tanto p\u00e1nico porque de repente llegan y piden de cinco a 10 y realmente hay gente que s\u00ed lo ocupa, pero est\u00e1 en una casa que no se utiliza, entonces ser muy mesurados y no entrar en p\u00e1nico&#8221;, dijo.<\/p>\n\n\n\n<p>El dirigente de la Unefarm sugiri\u00f3 a las familias mexicanas que tengan a uno o varios integrantes contagiados que\u00a0<strong>acudan a las farmacias donde venden medicamentos gen\u00e9ricos porque son de alta calidad, muy econ\u00f3micos y les ayudar\u00e1 a mejorar su estado de salud<\/strong>.<\/p>\n\n\n\n<p>&#8220;De las farmacias que tenemos con consultor\u00edas adyacentes ah\u00ed tenemos un aumento del 50% en las consultas y en la gente que va y se saca pruebas COVID&#8221;.<\/p>\n\n\n\n<p>&#8221; Lo que nosotros recomendamos mucho y es muy importante, es\u00a0<strong>seguir utilizando el cubrebocas, tenemos que sanitizar las \u00e1reas, guardar la sana distancia, porque es importante romper el punto de contagio<\/strong>. Los doctores que tenemos en la Unefarm se han dado cuenta que la variante \u00f3micron para la gente que est\u00e1 vacunada y que tiene defensas muy bien se est\u00e1 presentando como una gripa normal de la que todos nosotros conocemos, no hace este efecto secundario de los pulmones, de generar neumon\u00eda, pero hay que estar muy pendientes y la \u00fanica manera es que tenemos que seguirnos cuid\u00e1ndonos&#8221;, mencion\u00f3.<\/p>\n\n\n\n<p>Con Informaci\u00f3n de SUN <\/p>\n","protected":false},"excerpt":{"rendered":"<p>Por Redacci\u00f3n QP La Unefarm exhorta a no realizar compras de p\u00e1nico en los pr\u00f3ximos&#8230;<\/p>\n","protected":false},"author":2,"featured_media":88397,"comment_status":"open","ping_status":"open","sticky":false,"template":"","format":"standard","meta":{"_monsterinsights_skip_tracking":false,"_monsterinsights_sitenote_active":false,"_monsterinsights_sitenote_note":"","_monsterinsights_sitenote_category":0,"footnotes":""},"categories":[2],"tags":[],"class_list":["post-88396","post","type-post","status-publish","format-standard","has-post-thumbnail","hentry","category-noticias"],"yoast_head":"<!-- This site is optimized with the Yoast SEO plugin v27.3 - https:\/\/yoast.com\/product\/yoast-seo-wordpress\/ -->\n<title>Farmacias advierten posible desabasto de medicinas por \u00f3micron -<\/title>\n<meta name=\"robots\" content=\"index, follow, max-snippet:-1, max-image-preview:large, max-video-preview:-1\" \/>\n<link rel=\"canonical\" href=\"https:\/\/quehacerpolitico.mx\/?p=88396\" \/>\n<meta property=\"og:locale\" content=\"es_MX\" \/>\n<meta property=\"og:type\" content=\"article\" \/>\n<meta property=\"og:title\" content=\"Farmacias advierten posible desabasto de medicinas por \u00f3micron -\" \/>\n<meta property=\"og:description\" content=\"Por Redacci\u00f3n QP La Unefarm exhorta a no realizar compras de p\u00e1nico en los pr\u00f3ximos...\" \/>\n<meta property=\"og:url\" content=\"https:\/\/quehacerpolitico.mx\/?p=88396\" \/>\n<meta property=\"article:published_time\" content=\"2022-01-13T23:50:58+00:00\" \/>\n<meta property=\"article:modified_time\" content=\"2022-01-13T23:51:00+00:00\" \/>\n<meta property=\"og:image\" content=\"https:\/\/quehacerpolitico.mx\/wp-content\/uploads\/2022\/01\/715A0F56-71C9-49CE-8429-E7A273A6C2BC.jpeg\" \/>\n\t<meta property=\"og:image:width\" content=\"701\" \/>\n\t<meta property=\"og:image:height\" content=\"438\" \/>\n\t<meta property=\"og:image:type\" content=\"image\/jpeg\" \/>\n<meta name=\"author\" content=\"Redacci\u00f3n QP\" \/>\n<meta name=\"twitter:card\" content=\"summary_large_image\" \/>\n<meta name=\"twitter:label1\" content=\"Escrito por\" \/>\n\t<meta name=\"twitter:data1\" content=\"Redacci\u00f3n QP\" \/>\n\t<meta name=\"twitter:label2\" content=\"Tiempo de lectura\" \/>\n\t<meta name=\"twitter:data2\" content=\"3 minutos\" \/>\n<script type=\"application\/ld+json\" class=\"yoast-schema-graph\">{\"@context\":\"https:\\\/\\\/schema.org\",\"@graph\":[{\"@type\":\"Article\",\"@id\":\"https:\\\/\\\/quehacerpolitico.mx\\\/?p=88396#article\",\"isPartOf\":{\"@id\":\"https:\\\/\\\/quehacerpolitico.mx\\\/?p=88396\"},\"author\":{\"name\":\"Redacci\u00f3n QP\",\"@id\":\"https:\\\/\\\/quehacerpolitico.mx\\\/#\\\/schema\\\/person\\\/496d8ad2d1d3f8036101dca7ee39e585\"},\"headline\":\"Farmacias advierten posible desabasto de medicinas por \u00f3micron\",\"datePublished\":\"2022-01-13T23:50:58+00:00\",\"dateModified\":\"2022-01-13T23:51:00+00:00\",\"mainEntityOfPage\":{\"@id\":\"https:\\\/\\\/quehacerpolitico.mx\\\/?p=88396\"},\"wordCount\":704,\"commentCount\":0,\"image\":{\"@id\":\"https:\\\/\\\/quehacerpolitico.mx\\\/?p=88396#primaryimage\"},\"thumbnailUrl\":\"https:\\\/\\\/quehacerpolitico.mx\\\/wp-content\\\/uploads\\\/2022\\\/01\\\/715A0F56-71C9-49CE-8429-E7A273A6C2BC.jpeg\",\"articleSection\":[\"Noticias\"],\"inLanguage\":\"es\",\"potentialAction\":[{\"@type\":\"CommentAction\",\"name\":\"Comment\",\"target\":[\"https:\\\/\\\/quehacerpolitico.mx\\\/?p=88396#respond\"]}]},{\"@type\":\"WebPage\",\"@id\":\"https:\\\/\\\/quehacerpolitico.mx\\\/?p=88396\",\"url\":\"https:\\\/\\\/quehacerpolitico.mx\\\/?p=88396\",\"name\":\"Farmacias advierten posible desabasto de medicinas por \u00f3micron -\",\"isPartOf\":{\"@id\":\"https:\\\/\\\/quehacerpolitico.mx\\\/#website\"},\"primaryImageOfPage\":{\"@id\":\"https:\\\/\\\/quehacerpolitico.mx\\\/?p=88396#primaryimage\"},\"image\":{\"@id\":\"https:\\\/\\\/quehacerpolitico.mx\\\/?p=88396#primaryimage\"},\"thumbnailUrl\":\"https:\\\/\\\/quehacerpolitico.mx\\\/wp-content\\\/uploads\\\/2022\\\/01\\\/715A0F56-71C9-49CE-8429-E7A273A6C2BC.jpeg\",\"datePublished\":\"2022-01-13T23:50:58+00:00\",\"dateModified\":\"2022-01-13T23:51:00+00:00\",\"author\":{\"@id\":\"https:\\\/\\\/quehacerpolitico.mx\\\/#\\\/schema\\\/person\\\/496d8ad2d1d3f8036101dca7ee39e585\"},\"breadcrumb\":{\"@id\":\"https:\\\/\\\/quehacerpolitico.mx\\\/?p=88396#breadcrumb\"},\"inLanguage\":\"es\",\"potentialAction\":[{\"@type\":\"ReadAction\",\"target\":[\"https:\\\/\\\/quehacerpolitico.mx\\\/?p=88396\"]}]},{\"@type\":\"ImageObject\",\"inLanguage\":\"es\",\"@id\":\"https:\\\/\\\/quehacerpolitico.mx\\\/?p=88396#primaryimage\",\"url\":\"https:\\\/\\\/quehacerpolitico.mx\\\/wp-content\\\/uploads\\\/2022\\\/01\\\/715A0F56-71C9-49CE-8429-E7A273A6C2BC.jpeg\",\"contentUrl\":\"https:\\\/\\\/quehacerpolitico.mx\\\/wp-content\\\/uploads\\\/2022\\\/01\\\/715A0F56-71C9-49CE-8429-E7A273A6C2BC.jpeg\",\"width\":701,\"height\":438},{\"@type\":\"BreadcrumbList\",\"@id\":\"https:\\\/\\\/quehacerpolitico.mx\\\/?p=88396#breadcrumb\",\"itemListElement\":[{\"@type\":\"ListItem\",\"position\":1,\"name\":\"Inicio\",\"item\":\"https:\\\/\\\/quehacerpolitico.mx\\\/\"},{\"@type\":\"ListItem\",\"position\":2,\"name\":\"Farmacias advierten posible desabasto de medicinas por \u00f3micron\"}]},{\"@type\":\"WebSite\",\"@id\":\"https:\\\/\\\/quehacerpolitico.mx\\\/#website\",\"url\":\"https:\\\/\\\/quehacerpolitico.mx\\\/\",\"name\":\"\",\"description\":\"\",\"potentialAction\":[{\"@type\":\"SearchAction\",\"target\":{\"@type\":\"EntryPoint\",\"urlTemplate\":\"https:\\\/\\\/quehacerpolitico.mx\\\/?s={search_term_string}\"},\"query-input\":{\"@type\":\"PropertyValueSpecification\",\"valueRequired\":true,\"valueName\":\"search_term_string\"}}],\"inLanguage\":\"es\"},{\"@type\":\"Person\",\"@id\":\"https:\\\/\\\/quehacerpolitico.mx\\\/#\\\/schema\\\/person\\\/496d8ad2d1d3f8036101dca7ee39e585\",\"name\":\"Redacci\u00f3n QP\",\"image\":{\"@type\":\"ImageObject\",\"inLanguage\":\"es\",\"@id\":\"https:\\\/\\\/secure.gravatar.com\\\/avatar\\\/c7164ed6fdec453195284ad24a5ae5b6e1eed2b848477fa2a4787ba9adf39a41?s=96&d=mm&r=g\",\"url\":\"https:\\\/\\\/secure.gravatar.com\\\/avatar\\\/c7164ed6fdec453195284ad24a5ae5b6e1eed2b848477fa2a4787ba9adf39a41?s=96&d=mm&r=g\",\"contentUrl\":\"https:\\\/\\\/secure.gravatar.com\\\/avatar\\\/c7164ed6fdec453195284ad24a5ae5b6e1eed2b848477fa2a4787ba9adf39a41?s=96&d=mm&r=g\",\"caption\":\"Redacci\u00f3n QP\"},\"url\":\"https:\\\/\\\/quehacerpolitico.mx\\\/?author=2\"}]}<\/script>\n<!-- \/ Yoast SEO plugin. -->","yoast_head_json":{"title":"Farmacias advierten posible desabasto de medicinas por \u00f3micron -","robots":{"index":"index","follow":"follow","max-snippet":"max-snippet:-1","max-image-preview":"max-image-preview:large","max-video-preview":"max-video-preview:-1"},"canonical":"https:\/\/quehacerpolitico.mx\/?p=88396","og_locale":"es_MX","og_type":"article","og_title":"Farmacias advierten posible desabasto de medicinas por \u00f3micron -","og_description":"Por Redacci\u00f3n QP La Unefarm exhorta a no realizar compras de p\u00e1nico en los pr\u00f3ximos...","og_url":"https:\/\/quehacerpolitico.mx\/?p=88396","article_published_time":"2022-01-13T23:50:58+00:00","article_modified_time":"2022-01-13T23:51:00+00:00","og_image":[{"width":701,"height":438,"url":"https:\/\/quehacerpolitico.mx\/wp-content\/uploads\/2022\/01\/715A0F56-71C9-49CE-8429-E7A273A6C2BC.jpeg","type":"image\/jpeg"}],"author":"Redacci\u00f3n QP","twitter_card":"summary_large_image","twitter_misc":{"Escrito por":"Redacci\u00f3n QP","Tiempo de lectura":"3 minutos"},"schema":{"@context":"https:\/\/schema.org","@graph":[{"@type":"Article","@id":"https:\/\/quehacerpolitico.mx\/?p=88396#article","isPartOf":{"@id":"https:\/\/quehacerpolitico.mx\/?p=88396"},"author":{"name":"Redacci\u00f3n QP","@id":"https:\/\/quehacerpolitico.mx\/#\/schema\/person\/496d8ad2d1d3f8036101dca7ee39e585"},"headline":"Farmacias advierten posible desabasto de medicinas por \u00f3micron","datePublished":"2022-01-13T23:50:58+00:00","dateModified":"2022-01-13T23:51:00+00:00","mainEntityOfPage":{"@id":"https:\/\/quehacerpolitico.mx\/?p=88396"},"wordCount":704,"commentCount":0,"image":{"@id":"https:\/\/quehacerpolitico.mx\/?p=88396#primaryimage"},"thumbnailUrl":"https:\/\/quehacerpolitico.mx\/wp-content\/uploads\/2022\/01\/715A0F56-71C9-49CE-8429-E7A273A6C2BC.jpeg","articleSection":["Noticias"],"inLanguage":"es","potentialAction":[{"@type":"CommentAction","name":"Comment","target":["https:\/\/quehacerpolitico.mx\/?p=88396#respond"]}]},{"@type":"WebPage","@id":"https:\/\/quehacerpolitico.mx\/?p=88396","url":"https:\/\/quehacerpolitico.mx\/?p=88396","name":"Farmacias advierten posible desabasto de medicinas por \u00f3micron -","isPartOf":{"@id":"https:\/\/quehacerpolitico.mx\/#website"},"primaryImageOfPage":{"@id":"https:\/\/quehacerpolitico.mx\/?p=88396#primaryimage"},"image":{"@id":"https:\/\/quehacerpolitico.mx\/?p=88396#primaryimage"},"thumbnailUrl":"https:\/\/quehacerpolitico.mx\/wp-content\/uploads\/2022\/01\/715A0F56-71C9-49CE-8429-E7A273A6C2BC.jpeg","datePublished":"2022-01-13T23:50:58+00:00","dateModified":"2022-01-13T23:51:00+00:00","author":{"@id":"https:\/\/quehacerpolitico.mx\/#\/schema\/person\/496d8ad2d1d3f8036101dca7ee39e585"},"breadcrumb":{"@id":"https:\/\/quehacerpolitico.mx\/?p=88396#breadcrumb"},"inLanguage":"es","potentialAction":[{"@type":"ReadAction","target":["https:\/\/quehacerpolitico.mx\/?p=88396"]}]},{"@type":"ImageObject","inLanguage":"es","@id":"https:\/\/quehacerpolitico.mx\/?p=88396#primaryimage","url":"https:\/\/quehacerpolitico.mx\/wp-content\/uploads\/2022\/01\/715A0F56-71C9-49CE-8429-E7A273A6C2BC.jpeg","contentUrl":"https:\/\/quehacerpolitico.mx\/wp-content\/uploads\/2022\/01\/715A0F56-71C9-49CE-8429-E7A273A6C2BC.jpeg","width":701,"height":438},{"@type":"BreadcrumbList","@id":"https:\/\/quehacerpolitico.mx\/?p=88396#breadcrumb","itemListElement":[{"@type":"ListItem","position":1,"name":"Inicio","item":"https:\/\/quehacerpolitico.mx\/"},{"@type":"ListItem","position":2,"name":"Farmacias advierten posible desabasto de medicinas por \u00f3micron"}]},{"@type":"WebSite","@id":"https:\/\/quehacerpolitico.mx\/#website","url":"https:\/\/quehacerpolitico.mx\/","name":"","description":"","potentialAction":[{"@type":"SearchAction","target":{"@type":"EntryPoint","urlTemplate":"https:\/\/quehacerpolitico.mx\/?s={search_term_string}"},"query-input":{"@type":"PropertyValueSpecification","valueRequired":true,"valueName":"search_term_string"}}],"inLanguage":"es"},{"@type":"Person","@id":"https:\/\/quehacerpolitico.mx\/#\/schema\/person\/496d8ad2d1d3f8036101dca7ee39e585","name":"Redacci\u00f3n QP","image":{"@type":"ImageObject","inLanguage":"es","@id":"https:\/\/secure.gravatar.com\/avatar\/c7164ed6fdec453195284ad24a5ae5b6e1eed2b848477fa2a4787ba9adf39a41?s=96&d=mm&r=g","url":"https:\/\/secure.gravatar.com\/avatar\/c7164ed6fdec453195284ad24a5ae5b6e1eed2b848477fa2a4787ba9adf39a41?s=96&d=mm&r=g","contentUrl":"https:\/\/secure.gravatar.com\/avatar\/c7164ed6fdec453195284ad24a5ae5b6e1eed2b848477fa2a4787ba9adf39a41?s=96&d=mm&r=g","caption":"Redacci\u00f3n QP"},"url":"https:\/\/quehacerpolitico.mx\/?author=2"}]}},"featured_image_urls":{"full":["https:\/\/quehacerpolitico.mx\/wp-content\/uploads\/2022\/01\/715A0F56-71C9-49CE-8429-E7A273A6C2BC.jpeg",701,438,false],"thumbnail":["https:\/\/quehacerpolitico.mx\/wp-content\/uploads\/2022\/01\/715A0F56-71C9-49CE-8429-E7A273A6C2BC-150x150.jpeg",150,150,true],"medium":["https:\/\/quehacerpolitico.mx\/wp-content\/uploads\/2022\/01\/715A0F56-71C9-49CE-8429-E7A273A6C2BC-300x187.jpeg",300,187,true],"medium_large":["https:\/\/quehacerpolitico.mx\/wp-content\/uploads\/2022\/01\/715A0F56-71C9-49CE-8429-E7A273A6C2BC.jpeg",640,400,false],"large":["https:\/\/quehacerpolitico.mx\/wp-content\/uploads\/2022\/01\/715A0F56-71C9-49CE-8429-E7A273A6C2BC.jpeg",640,400,false],"1536x1536":["https:\/\/quehacerpolitico.mx\/wp-content\/uploads\/2022\/01\/715A0F56-71C9-49CE-8429-E7A273A6C2BC.jpeg",701,438,false],"2048x2048":["https:\/\/quehacerpolitico.mx\/wp-content\/uploads\/2022\/01\/715A0F56-71C9-49CE-8429-E7A273A6C2BC.jpeg",701,438,false],"covernews-featured":["https:\/\/quehacerpolitico.mx\/wp-content\/uploads\/2022\/01\/715A0F56-71C9-49CE-8429-E7A273A6C2BC.jpeg",701,438,false],"covernews-medium":["https:\/\/quehacerpolitico.mx\/wp-content\/uploads\/2022\/01\/715A0F56-71C9-49CE-8429-E7A273A6C2BC.jpeg",540,337,false]},"author_info":{"display_name":"Redacci\u00f3n QP","author_link":"https:\/\/quehacerpolitico.mx\/?author=2"},"category_info":"<a href=\"https:\/\/quehacerpolitico.mx\/?cat=2\" rel=\"category\">Noticias<\/a>","tag_info":"Noticias","comment_count":"0","_links":{"self":[{"href":"https:\/\/quehacerpolitico.mx\/index.php?rest_route=\/wp\/v2\/posts\/88396","targetHints":{"allow":["GET"]}}],"collection":[{"href":"https:\/\/quehacerpolitico.mx\/index.php?rest_route=\/wp\/v2\/posts"}],"about":[{"href":"https:\/\/quehacerpolitico.mx\/index.php?rest_route=\/wp\/v2\/types\/post"}],"author":[{"embeddable":true,"href":"https:\/\/quehacerpolitico.mx\/index.php?rest_route=\/wp\/v2\/users\/2"}],"replies":[{"embeddable":true,"href":"https:\/\/quehacerpolitico.mx\/index.php?rest_route=%2Fwp%2Fv2%2Fcomments&post=88396"}],"version-history":[{"count":1,"href":"https:\/\/quehacerpolitico.mx\/index.php?rest_route=\/wp\/v2\/posts\/88396\/revisions"}],"predecessor-version":[{"id":88398,"href":"https:\/\/quehacerpolitico.mx\/index.php?rest_route=\/wp\/v2\/posts\/88396\/revisions\/88398"}],"wp:featuredmedia":[{"embeddable":true,"href":"https:\/\/quehacerpolitico.mx\/index.php?rest_route=\/wp\/v2\/media\/88397"}],"wp:attachment":[{"href":"https:\/\/quehacerpolitico.mx\/index.php?rest_route=%2Fwp%2Fv2%2Fmedia&parent=88396"}],"wp:term":[{"taxonomy":"category","embeddable":true,"href":"https:\/\/quehacerpolitico.mx\/index.php?rest_route=%2Fwp%2Fv2%2Fcategories&post=88396"},{"taxonomy":"post_tag","embeddable":true,"href":"https:\/\/quehacerpolitico.mx\/index.php?rest_route=%2Fwp%2Fv2%2Ftags&post=88396"}],"curies":[{"name":"wp","href":"https:\/\/api.w.org\/{rel}","templated":true}]}}