{"id":88393,"date":"2022-01-13T18:44:16","date_gmt":"2022-01-13T18:44:16","guid":{"rendered":"https:\/\/quehacerpolitico.mx\/?p=88393"},"modified":"2022-01-13T18:44:19","modified_gmt":"2022-01-13T18:44:19","slug":"netflix-lanzara-el-comediante-la-tragicomedia-que-representa-a-la-generacion-millennial-mexicana","status":"publish","type":"post","link":"https:\/\/quehacerpolitico.mx\/?p=88393","title":{"rendered":"Netflix lanzar\u00e1 \u201cel comediante\u201d, la tragicomedia que representa a la generaci\u00f3n millennial mexicana"},"content":{"rendered":"\n<p>Por Redacci\u00f3n QP<\/p>\n\n\n\n<p>La cinta fue galardonada el a\u00f1o pasado como mejor pel\u00edcula mexicana en el FICG y\u00a0se estrena el viernes en Netflix, \u00a1no te la puedes perder!<\/p>\n\n\n\n<p>Sin un trabajo fijo, sin dinero y cerca de cumplir 40 a\u00f1os, Gabriel recibe una extra\u00f1a oferta de su mejor amiga en &#8220;El comediante&#8221;: \u00a1Ser pap\u00e1! O por lo menos as\u00ed lo entiende.<\/p>\n\n\n\n<figure class=\"wp-block-embed is-type-video is-provider-youtube wp-block-embed-youtube wp-embed-aspect-16-9 wp-has-aspect-ratio\"><div class=\"wp-block-embed__wrapper\">\n<iframe loading=\"lazy\" title=\"El comediante | Tr\u00e1iler oficial | Netflix\" width=\"640\" height=\"360\" src=\"https:\/\/www.youtube.com\/embed\/PkG31dzplNs?feature=oembed\" frameborder=\"0\" allow=\"accelerometer; autoplay; clipboard-write; encrypted-media; gyroscope; picture-in-picture; web-share\" referrerpolicy=\"strict-origin-when-cross-origin\" allowfullscreen><\/iframe>\n<\/div><\/figure>\n\n\n\n<p>Aunque suena poco prometedor como prospecto, Gabriel es representativo de la generaci\u00f3n millennial mexicana que, entre las crisis econ\u00f3micas y los cambios en la sociedad, dista mucho de ser la gente casada y con hijos que fueron sus padres.<\/p>\n\n\n\n<p>Para los directores Rodrigo Guardiola y Gabriel Nuncio, quien adem\u00e1s coescribi\u00f3 y protagoniza el filme, &#8220;El comediante&#8221; podr\u00e1 resonar con diferentes generaciones.<\/p>\n\n\n\n<p><strong>La cinta se estrena el viernes en Netflix. &#8220;Creemos que la pel\u00edcula tiene un significado muy universal y que tiene un carisma medio especial y \u00fanico y dif\u00edcil de encasillar en un g\u00e9nero&#8221;<\/strong>, dijo Guardiola el mi\u00e9rcoles en una entrevista por videollamada desde la Ciudad de M\u00e9xico.<\/p>\n\n\n\n<p>&#8220;Tiene un buen balance entre comedia y entre temas m\u00e1s serios que la inclinan hacia el drama, un drama m\u00e1s melanc\u00f3lico que tiene una dosis de humor negro&#8221;, agreg\u00f3 Guardiola, baterista de la banda de rock mexicana Zo\u00e9 y quien ha dirigido los documentales &#8220;Zo\u00e9: Panoramas&#8221;, &#8220;Zo\u00e9: 08.11.14&#8221; y &#8220;Zo\u00e9 281107&#8221;.<\/p>\n\n\n\n<p>Guardiola debuta como director de ficci\u00f3n con &#8220;El comediante&#8221;. La cinta fue galardonada el a\u00f1o pasado como mejor pel\u00edcula mexicana en el Festival Internacional de Cine en Guadalajara.<\/p>\n\n\n\n<p>Por su parte, Nuncio ha actuado en producciones como &#8220;Luis Miguel: La serie&#8221; y &#8220;La Casa de las Flores&#8221; y dirigido los filmes &#8220;Cumbres&#8221; y &#8220;Camino a Roma&#8221;. Dijo que tom\u00f3 mucho de s\u00ed mismo para crear el guion de &#8220;El comediante&#8221; con Alo Valenzuela.<\/p>\n\n\n\n<p><strong>&#8220;Ha sido un proceso interesante y una pregunta que todav\u00eda no puedo responder con precisi\u00f3n (es) &#8216;\u00bfqu\u00e9 tanto eres t\u00fa?&#8217; Por lo menos una buena mitad&#8221;, dijo Nuncio sobre las similitudes que comparte con su personaje<\/strong>, como olvidar las llaves en su casa y tener que llamar a un cerrajero en medio de la noche. &#8220;Soy yo totalmente&#8221;, dijo Nuncio.<\/p>\n\n\n\n<p>Gabriel tiene una fan llamada Leyre (Cassandra Ciangherotti) que toca el ukelele y habla con acento espa\u00f1ol, y dice que tiene contacto con extraterrestres. Al mismo tiempo, Gabriel est\u00e1 obsesionado con realizar una pel\u00edcula sobre una astronauta que se va en una misi\u00f3n sin retorno a Marte.<\/p>\n\n\n\n<figure class=\"wp-block-image\"><img decoding=\"async\" src=\"https:\/\/www.informador.mx\/export\/sites\/elinformador\/img\/2022\/01\/13\/el__comediante__66738__x6210240x.jpg_466555353.jpg\" alt=\"AP \/ NETFLIX\" title=\"AP \/ NETFLIX\"\/><figcaption>El filme tiene un buen balance entre comedia y entre temas m\u00e1s serios que la inclinan hacia el drama. AP \/ NETFLIX&nbsp;<\/figcaption><\/figure>\n\n\n\n<p>En su intento por realizar el filme, para el cual solo tiene la idea para el guion, se entrevista con la productora Cecilia (Cecilia Su\u00e1rez) y el famoso actor Tenoch (Tenoch Huerta).<\/p>\n\n\n\n<p>La din\u00e1mica entre Guardiola y Nuncio como directores se logr\u00f3 con muchos ensayos y lecturas del guion. Ya iniciado el rodaje, Nuncio revisaba el monitor en las primeras horas de la ma\u00f1ana y, a medida que avanzaban, Guardiola se hac\u00eda m\u00e1s cargo mientras Nuncio pon\u00eda el \u00e9nfasis en la actuaci\u00f3n.<\/p>\n\n\n\n<p><strong>&#8220;Gabriel ten\u00eda que ponerse en el rol de actor&#8230; Yo me encargaba un poco del lado t\u00e9cnico, pero al final ese lado t\u00e9cnico y el actoral era el que estaba dando el tono en tiempo real, lo est\u00e1bamos descubriendo ah\u00ed&#8221;<\/strong>, dijo Guardiola. &#8220;Todo era muy intuitivo y ten\u00edamos que confiar cada uno en el otro, Gabriel en lo que estaba descubriendo en tiempo real de su personaje meta de Gabriel Nuncio&#8221;.<\/p>\n\n\n\n<p>En el filme, algunos di\u00e1logos y situaciones se expresan por medio de la danza en coreograf\u00edas que pueden surgir en ambientes cotidianos. La core\u00f3grafa Priscila Hern\u00e1ndez ayud\u00f3 a los directores a llevar el baile que hab\u00edan imaginado a la realidad.<\/p>\n\n\n\n<p>&#8220;Creo que hay un di\u00e1logo entre el baile y la comedia&#8221;, dijo Nuncio. &#8220;Hay algo m\u00e1gico en esos dos universos, en la comedia y en el baile&#8230; Aunque eso estaba en el guion, la verdad creo que se sublim\u00f3 cuando entr\u00f3 la core\u00f3grafa&#8221;.<\/p>\n\n\n\n<p>Con Informaci\u00f3n de AP<\/p>\n","protected":false},"excerpt":{"rendered":"<p>Por Redacci\u00f3n QP La cinta fue galardonada el a\u00f1o pasado como mejor pel\u00edcula mexicana en&#8230;<\/p>\n","protected":false},"author":2,"featured_media":88394,"comment_status":"open","ping_status":"open","sticky":false,"template":"","format":"standard","meta":{"_monsterinsights_skip_tracking":false,"_monsterinsights_sitenote_active":false,"_monsterinsights_sitenote_note":"","_monsterinsights_sitenote_category":0,"footnotes":""},"categories":[58],"tags":[],"class_list":["post-88393","post","type-post","status-publish","format-standard","has-post-thumbnail","hentry","category-cultura"],"yoast_head":"<!-- This site is optimized with the Yoast SEO plugin v27.3 - https:\/\/yoast.com\/product\/yoast-seo-wordpress\/ -->\n<title>Netflix lanzar\u00e1 \u201cel comediante\u201d, la tragicomedia que representa a la generaci\u00f3n millennial mexicana -<\/title>\n<meta name=\"robots\" content=\"index, follow, max-snippet:-1, max-image-preview:large, max-video-preview:-1\" \/>\n<link rel=\"canonical\" href=\"https:\/\/quehacerpolitico.mx\/?p=88393\" \/>\n<meta property=\"og:locale\" content=\"es_MX\" \/>\n<meta property=\"og:type\" content=\"article\" \/>\n<meta property=\"og:title\" content=\"Netflix lanzar\u00e1 \u201cel comediante\u201d, la tragicomedia que representa a la generaci\u00f3n millennial mexicana -\" \/>\n<meta property=\"og:description\" content=\"Por Redacci\u00f3n QP La cinta fue galardonada el a\u00f1o pasado como mejor pel\u00edcula mexicana en...\" \/>\n<meta property=\"og:url\" content=\"https:\/\/quehacerpolitico.mx\/?p=88393\" \/>\n<meta property=\"article:published_time\" content=\"2022-01-13T18:44:16+00:00\" \/>\n<meta property=\"article:modified_time\" content=\"2022-01-13T18:44:19+00:00\" \/>\n<meta property=\"og:image\" content=\"https:\/\/quehacerpolitico.mx\/wp-content\/uploads\/2022\/01\/06642CB1-3BD1-42A8-86E9-2CA4CE2E4FAD.jpeg\" \/>\n\t<meta property=\"og:image:width\" content=\"1229\" \/>\n\t<meta property=\"og:image:height\" content=\"681\" \/>\n\t<meta property=\"og:image:type\" content=\"image\/jpeg\" \/>\n<meta name=\"author\" content=\"Redacci\u00f3n QP\" \/>\n<meta name=\"twitter:card\" content=\"summary_large_image\" \/>\n<meta name=\"twitter:label1\" content=\"Escrito por\" \/>\n\t<meta name=\"twitter:data1\" content=\"Redacci\u00f3n QP\" \/>\n\t<meta name=\"twitter:label2\" content=\"Tiempo de lectura\" \/>\n\t<meta name=\"twitter:data2\" content=\"4 minutos\" \/>\n<script type=\"application\/ld+json\" class=\"yoast-schema-graph\">{\"@context\":\"https:\\\/\\\/schema.org\",\"@graph\":[{\"@type\":\"Article\",\"@id\":\"https:\\\/\\\/quehacerpolitico.mx\\\/?p=88393#article\",\"isPartOf\":{\"@id\":\"https:\\\/\\\/quehacerpolitico.mx\\\/?p=88393\"},\"author\":{\"name\":\"Redacci\u00f3n QP\",\"@id\":\"https:\\\/\\\/quehacerpolitico.mx\\\/#\\\/schema\\\/person\\\/496d8ad2d1d3f8036101dca7ee39e585\"},\"headline\":\"Netflix lanzar\u00e1 \u201cel comediante\u201d, la tragicomedia que representa a la generaci\u00f3n millennial mexicana\",\"datePublished\":\"2022-01-13T18:44:16+00:00\",\"dateModified\":\"2022-01-13T18:44:19+00:00\",\"mainEntityOfPage\":{\"@id\":\"https:\\\/\\\/quehacerpolitico.mx\\\/?p=88393\"},\"wordCount\":725,\"commentCount\":0,\"image\":{\"@id\":\"https:\\\/\\\/quehacerpolitico.mx\\\/?p=88393#primaryimage\"},\"thumbnailUrl\":\"https:\\\/\\\/quehacerpolitico.mx\\\/wp-content\\\/uploads\\\/2022\\\/01\\\/06642CB1-3BD1-42A8-86E9-2CA4CE2E4FAD.jpeg\",\"articleSection\":[\"Cultura y Entretenimiento\"],\"inLanguage\":\"es\",\"potentialAction\":[{\"@type\":\"CommentAction\",\"name\":\"Comment\",\"target\":[\"https:\\\/\\\/quehacerpolitico.mx\\\/?p=88393#respond\"]}]},{\"@type\":\"WebPage\",\"@id\":\"https:\\\/\\\/quehacerpolitico.mx\\\/?p=88393\",\"url\":\"https:\\\/\\\/quehacerpolitico.mx\\\/?p=88393\",\"name\":\"Netflix lanzar\u00e1 \u201cel comediante\u201d, la tragicomedia que representa a la generaci\u00f3n millennial mexicana -\",\"isPartOf\":{\"@id\":\"https:\\\/\\\/quehacerpolitico.mx\\\/#website\"},\"primaryImageOfPage\":{\"@id\":\"https:\\\/\\\/quehacerpolitico.mx\\\/?p=88393#primaryimage\"},\"image\":{\"@id\":\"https:\\\/\\\/quehacerpolitico.mx\\\/?p=88393#primaryimage\"},\"thumbnailUrl\":\"https:\\\/\\\/quehacerpolitico.mx\\\/wp-content\\\/uploads\\\/2022\\\/01\\\/06642CB1-3BD1-42A8-86E9-2CA4CE2E4FAD.jpeg\",\"datePublished\":\"2022-01-13T18:44:16+00:00\",\"dateModified\":\"2022-01-13T18:44:19+00:00\",\"author\":{\"@id\":\"https:\\\/\\\/quehacerpolitico.mx\\\/#\\\/schema\\\/person\\\/496d8ad2d1d3f8036101dca7ee39e585\"},\"breadcrumb\":{\"@id\":\"https:\\\/\\\/quehacerpolitico.mx\\\/?p=88393#breadcrumb\"},\"inLanguage\":\"es\",\"potentialAction\":[{\"@type\":\"ReadAction\",\"target\":[\"https:\\\/\\\/quehacerpolitico.mx\\\/?p=88393\"]}]},{\"@type\":\"ImageObject\",\"inLanguage\":\"es\",\"@id\":\"https:\\\/\\\/quehacerpolitico.mx\\\/?p=88393#primaryimage\",\"url\":\"https:\\\/\\\/quehacerpolitico.mx\\\/wp-content\\\/uploads\\\/2022\\\/01\\\/06642CB1-3BD1-42A8-86E9-2CA4CE2E4FAD.jpeg\",\"contentUrl\":\"https:\\\/\\\/quehacerpolitico.mx\\\/wp-content\\\/uploads\\\/2022\\\/01\\\/06642CB1-3BD1-42A8-86E9-2CA4CE2E4FAD.jpeg\",\"width\":1229,\"height\":681},{\"@type\":\"BreadcrumbList\",\"@id\":\"https:\\\/\\\/quehacerpolitico.mx\\\/?p=88393#breadcrumb\",\"itemListElement\":[{\"@type\":\"ListItem\",\"position\":1,\"name\":\"Inicio\",\"item\":\"https:\\\/\\\/quehacerpolitico.mx\\\/\"},{\"@type\":\"ListItem\",\"position\":2,\"name\":\"Netflix lanzar\u00e1 \u201cel comediante\u201d, la tragicomedia que representa a la generaci\u00f3n millennial mexicana\"}]},{\"@type\":\"WebSite\",\"@id\":\"https:\\\/\\\/quehacerpolitico.mx\\\/#website\",\"url\":\"https:\\\/\\\/quehacerpolitico.mx\\\/\",\"name\":\"\",\"description\":\"\",\"potentialAction\":[{\"@type\":\"SearchAction\",\"target\":{\"@type\":\"EntryPoint\",\"urlTemplate\":\"https:\\\/\\\/quehacerpolitico.mx\\\/?s={search_term_string}\"},\"query-input\":{\"@type\":\"PropertyValueSpecification\",\"valueRequired\":true,\"valueName\":\"search_term_string\"}}],\"inLanguage\":\"es\"},{\"@type\":\"Person\",\"@id\":\"https:\\\/\\\/quehacerpolitico.mx\\\/#\\\/schema\\\/person\\\/496d8ad2d1d3f8036101dca7ee39e585\",\"name\":\"Redacci\u00f3n QP\",\"image\":{\"@type\":\"ImageObject\",\"inLanguage\":\"es\",\"@id\":\"https:\\\/\\\/secure.gravatar.com\\\/avatar\\\/c7164ed6fdec453195284ad24a5ae5b6e1eed2b848477fa2a4787ba9adf39a41?s=96&d=mm&r=g\",\"url\":\"https:\\\/\\\/secure.gravatar.com\\\/avatar\\\/c7164ed6fdec453195284ad24a5ae5b6e1eed2b848477fa2a4787ba9adf39a41?s=96&d=mm&r=g\",\"contentUrl\":\"https:\\\/\\\/secure.gravatar.com\\\/avatar\\\/c7164ed6fdec453195284ad24a5ae5b6e1eed2b848477fa2a4787ba9adf39a41?s=96&d=mm&r=g\",\"caption\":\"Redacci\u00f3n QP\"},\"url\":\"https:\\\/\\\/quehacerpolitico.mx\\\/?author=2\"}]}<\/script>\n<!-- \/ Yoast SEO plugin. -->","yoast_head_json":{"title":"Netflix lanzar\u00e1 \u201cel comediante\u201d, la tragicomedia que representa a la generaci\u00f3n millennial mexicana -","robots":{"index":"index","follow":"follow","max-snippet":"max-snippet:-1","max-image-preview":"max-image-preview:large","max-video-preview":"max-video-preview:-1"},"canonical":"https:\/\/quehacerpolitico.mx\/?p=88393","og_locale":"es_MX","og_type":"article","og_title":"Netflix lanzar\u00e1 \u201cel comediante\u201d, la tragicomedia que representa a la generaci\u00f3n millennial mexicana -","og_description":"Por Redacci\u00f3n QP La cinta fue galardonada el a\u00f1o pasado como mejor pel\u00edcula mexicana en...","og_url":"https:\/\/quehacerpolitico.mx\/?p=88393","article_published_time":"2022-01-13T18:44:16+00:00","article_modified_time":"2022-01-13T18:44:19+00:00","og_image":[{"width":1229,"height":681,"url":"https:\/\/quehacerpolitico.mx\/wp-content\/uploads\/2022\/01\/06642CB1-3BD1-42A8-86E9-2CA4CE2E4FAD.jpeg","type":"image\/jpeg"}],"author":"Redacci\u00f3n QP","twitter_card":"summary_large_image","twitter_misc":{"Escrito por":"Redacci\u00f3n QP","Tiempo de lectura":"4 minutos"},"schema":{"@context":"https:\/\/schema.org","@graph":[{"@type":"Article","@id":"https:\/\/quehacerpolitico.mx\/?p=88393#article","isPartOf":{"@id":"https:\/\/quehacerpolitico.mx\/?p=88393"},"author":{"name":"Redacci\u00f3n QP","@id":"https:\/\/quehacerpolitico.mx\/#\/schema\/person\/496d8ad2d1d3f8036101dca7ee39e585"},"headline":"Netflix lanzar\u00e1 \u201cel comediante\u201d, la tragicomedia que representa a la generaci\u00f3n millennial mexicana","datePublished":"2022-01-13T18:44:16+00:00","dateModified":"2022-01-13T18:44:19+00:00","mainEntityOfPage":{"@id":"https:\/\/quehacerpolitico.mx\/?p=88393"},"wordCount":725,"commentCount":0,"image":{"@id":"https:\/\/quehacerpolitico.mx\/?p=88393#primaryimage"},"thumbnailUrl":"https:\/\/quehacerpolitico.mx\/wp-content\/uploads\/2022\/01\/06642CB1-3BD1-42A8-86E9-2CA4CE2E4FAD.jpeg","articleSection":["Cultura y Entretenimiento"],"inLanguage":"es","potentialAction":[{"@type":"CommentAction","name":"Comment","target":["https:\/\/quehacerpolitico.mx\/?p=88393#respond"]}]},{"@type":"WebPage","@id":"https:\/\/quehacerpolitico.mx\/?p=88393","url":"https:\/\/quehacerpolitico.mx\/?p=88393","name":"Netflix lanzar\u00e1 \u201cel comediante\u201d, la tragicomedia que representa a la generaci\u00f3n millennial mexicana -","isPartOf":{"@id":"https:\/\/quehacerpolitico.mx\/#website"},"primaryImageOfPage":{"@id":"https:\/\/quehacerpolitico.mx\/?p=88393#primaryimage"},"image":{"@id":"https:\/\/quehacerpolitico.mx\/?p=88393#primaryimage"},"thumbnailUrl":"https:\/\/quehacerpolitico.mx\/wp-content\/uploads\/2022\/01\/06642CB1-3BD1-42A8-86E9-2CA4CE2E4FAD.jpeg","datePublished":"2022-01-13T18:44:16+00:00","dateModified":"2022-01-13T18:44:19+00:00","author":{"@id":"https:\/\/quehacerpolitico.mx\/#\/schema\/person\/496d8ad2d1d3f8036101dca7ee39e585"},"breadcrumb":{"@id":"https:\/\/quehacerpolitico.mx\/?p=88393#breadcrumb"},"inLanguage":"es","potentialAction":[{"@type":"ReadAction","target":["https:\/\/quehacerpolitico.mx\/?p=88393"]}]},{"@type":"ImageObject","inLanguage":"es","@id":"https:\/\/quehacerpolitico.mx\/?p=88393#primaryimage","url":"https:\/\/quehacerpolitico.mx\/wp-content\/uploads\/2022\/01\/06642CB1-3BD1-42A8-86E9-2CA4CE2E4FAD.jpeg","contentUrl":"https:\/\/quehacerpolitico.mx\/wp-content\/uploads\/2022\/01\/06642CB1-3BD1-42A8-86E9-2CA4CE2E4FAD.jpeg","width":1229,"height":681},{"@type":"BreadcrumbList","@id":"https:\/\/quehacerpolitico.mx\/?p=88393#breadcrumb","itemListElement":[{"@type":"ListItem","position":1,"name":"Inicio","item":"https:\/\/quehacerpolitico.mx\/"},{"@type":"ListItem","position":2,"name":"Netflix lanzar\u00e1 \u201cel comediante\u201d, la tragicomedia que representa a la generaci\u00f3n millennial mexicana"}]},{"@type":"WebSite","@id":"https:\/\/quehacerpolitico.mx\/#website","url":"https:\/\/quehacerpolitico.mx\/","name":"","description":"","potentialAction":[{"@type":"SearchAction","target":{"@type":"EntryPoint","urlTemplate":"https:\/\/quehacerpolitico.mx\/?s={search_term_string}"},"query-input":{"@type":"PropertyValueSpecification","valueRequired":true,"valueName":"search_term_string"}}],"inLanguage":"es"},{"@type":"Person","@id":"https:\/\/quehacerpolitico.mx\/#\/schema\/person\/496d8ad2d1d3f8036101dca7ee39e585","name":"Redacci\u00f3n QP","image":{"@type":"ImageObject","inLanguage":"es","@id":"https:\/\/secure.gravatar.com\/avatar\/c7164ed6fdec453195284ad24a5ae5b6e1eed2b848477fa2a4787ba9adf39a41?s=96&d=mm&r=g","url":"https:\/\/secure.gravatar.com\/avatar\/c7164ed6fdec453195284ad24a5ae5b6e1eed2b848477fa2a4787ba9adf39a41?s=96&d=mm&r=g","contentUrl":"https:\/\/secure.gravatar.com\/avatar\/c7164ed6fdec453195284ad24a5ae5b6e1eed2b848477fa2a4787ba9adf39a41?s=96&d=mm&r=g","caption":"Redacci\u00f3n QP"},"url":"https:\/\/quehacerpolitico.mx\/?author=2"}]}},"featured_image_urls":{"full":["https:\/\/quehacerpolitico.mx\/wp-content\/uploads\/2022\/01\/06642CB1-3BD1-42A8-86E9-2CA4CE2E4FAD.jpeg",1229,681,false],"thumbnail":["https:\/\/quehacerpolitico.mx\/wp-content\/uploads\/2022\/01\/06642CB1-3BD1-42A8-86E9-2CA4CE2E4FAD-150x150.jpeg",150,150,true],"medium":["https:\/\/quehacerpolitico.mx\/wp-content\/uploads\/2022\/01\/06642CB1-3BD1-42A8-86E9-2CA4CE2E4FAD-300x166.jpeg",300,166,true],"medium_large":["https:\/\/quehacerpolitico.mx\/wp-content\/uploads\/2022\/01\/06642CB1-3BD1-42A8-86E9-2CA4CE2E4FAD-768x426.jpeg",640,355,true],"large":["https:\/\/quehacerpolitico.mx\/wp-content\/uploads\/2022\/01\/06642CB1-3BD1-42A8-86E9-2CA4CE2E4FAD-1024x567.jpeg",640,354,true],"1536x1536":["https:\/\/quehacerpolitico.mx\/wp-content\/uploads\/2022\/01\/06642CB1-3BD1-42A8-86E9-2CA4CE2E4FAD.jpeg",1229,681,false],"2048x2048":["https:\/\/quehacerpolitico.mx\/wp-content\/uploads\/2022\/01\/06642CB1-3BD1-42A8-86E9-2CA4CE2E4FAD.jpeg",1229,681,false],"covernews-featured":["https:\/\/quehacerpolitico.mx\/wp-content\/uploads\/2022\/01\/06642CB1-3BD1-42A8-86E9-2CA4CE2E4FAD.jpeg",1024,567,false],"covernews-medium":["https:\/\/quehacerpolitico.mx\/wp-content\/uploads\/2022\/01\/06642CB1-3BD1-42A8-86E9-2CA4CE2E4FAD.jpeg",540,299,false]},"author_info":{"display_name":"Redacci\u00f3n QP","author_link":"https:\/\/quehacerpolitico.mx\/?author=2"},"category_info":"<a href=\"https:\/\/quehacerpolitico.mx\/?cat=58\" rel=\"category\">Cultura y Entretenimiento<\/a>","tag_info":"Cultura y Entretenimiento","comment_count":"0","_links":{"self":[{"href":"https:\/\/quehacerpolitico.mx\/index.php?rest_route=\/wp\/v2\/posts\/88393","targetHints":{"allow":["GET"]}}],"collection":[{"href":"https:\/\/quehacerpolitico.mx\/index.php?rest_route=\/wp\/v2\/posts"}],"about":[{"href":"https:\/\/quehacerpolitico.mx\/index.php?rest_route=\/wp\/v2\/types\/post"}],"author":[{"embeddable":true,"href":"https:\/\/quehacerpolitico.mx\/index.php?rest_route=\/wp\/v2\/users\/2"}],"replies":[{"embeddable":true,"href":"https:\/\/quehacerpolitico.mx\/index.php?rest_route=%2Fwp%2Fv2%2Fcomments&post=88393"}],"version-history":[{"count":1,"href":"https:\/\/quehacerpolitico.mx\/index.php?rest_route=\/wp\/v2\/posts\/88393\/revisions"}],"predecessor-version":[{"id":88395,"href":"https:\/\/quehacerpolitico.mx\/index.php?rest_route=\/wp\/v2\/posts\/88393\/revisions\/88395"}],"wp:featuredmedia":[{"embeddable":true,"href":"https:\/\/quehacerpolitico.mx\/index.php?rest_route=\/wp\/v2\/media\/88394"}],"wp:attachment":[{"href":"https:\/\/quehacerpolitico.mx\/index.php?rest_route=%2Fwp%2Fv2%2Fmedia&parent=88393"}],"wp:term":[{"taxonomy":"category","embeddable":true,"href":"https:\/\/quehacerpolitico.mx\/index.php?rest_route=%2Fwp%2Fv2%2Fcategories&post=88393"},{"taxonomy":"post_tag","embeddable":true,"href":"https:\/\/quehacerpolitico.mx\/index.php?rest_route=%2Fwp%2Fv2%2Ftags&post=88393"}],"curies":[{"name":"wp","href":"https:\/\/api.w.org\/{rel}","templated":true}]}}