{"id":88387,"date":"2022-01-13T18:33:22","date_gmt":"2022-01-13T18:33:22","guid":{"rendered":"https:\/\/quehacerpolitico.mx\/?p=88387"},"modified":"2022-01-13T18:33:25","modified_gmt":"2022-01-13T18:33:25","slug":"40-41-o-42-anos-cristiano-ronaldo-revelo-hasta-que-edad-desea-seguir-como-futbolista","status":"publish","type":"post","link":"https:\/\/quehacerpolitico.mx\/?p=88387","title":{"rendered":"\u00bf40, 41 o 42 a\u00f1os? Cristiano Ronaldo revel\u00f3 hasta qu\u00e9 edad desea seguir como futbolista"},"content":{"rendered":"\n<p>Por Redacci\u00f3n QP<\/p>\n\n\n\n<p>La estrella del Manchester United destac\u00f3 lo orgulloso que se siente cuando dicen que a\u00fan mantiene su mismo nivel.<\/p>\n\n\n\n<p>El astro portugu\u00e9s\u00a0Cristiano Ronaldo,\u00a0jugador del Manchester United, asegur\u00f3 que quiere seguir jugando en las m\u00e1ximas competiciones de futbol despu\u00e9s de los 40 a\u00f1os, en la primera parte de una entrevista divulgada por la cadena ESPN Brasil. &#8220;Estoy feliz. Quiero continuar y ver qu\u00e9 pasa: si consigo jugar a los 40, 41, 42&#8230; Pero lo m\u00e1s importante es disfrutar del momento&#8221;, declar\u00f3 el futbolista, de 36 a\u00f1os de edad, en la primera de las tres entregas de esta entrevista difundida el mi\u00e9rcoles por la noche.<\/p>\n\n\n\n<figure class=\"wp-block-image size-large\"><img loading=\"lazy\" decoding=\"async\" width=\"575\" height=\"1024\" src=\"https:\/\/quehacerpolitico.mx\/wp-content\/uploads\/2022\/01\/image-33-575x1024.jpeg\" alt=\"\" class=\"wp-image-88388\" srcset=\"https:\/\/quehacerpolitico.mx\/wp-content\/uploads\/2022\/01\/image-33-575x1024.jpeg 575w, https:\/\/quehacerpolitico.mx\/wp-content\/uploads\/2022\/01\/image-33-168x300.jpeg 168w, https:\/\/quehacerpolitico.mx\/wp-content\/uploads\/2022\/01\/image-33-768x1368.jpeg 768w, https:\/\/quehacerpolitico.mx\/wp-content\/uploads\/2022\/01\/image-33-862x1536.jpeg 862w, https:\/\/quehacerpolitico.mx\/wp-content\/uploads\/2022\/01\/image-33-1150x2048.jpeg 1150w, https:\/\/quehacerpolitico.mx\/wp-content\/uploads\/2022\/01\/image-33-82x146.jpeg 82w, https:\/\/quehacerpolitico.mx\/wp-content\/uploads\/2022\/01\/image-33-28x50.jpeg 28w, https:\/\/quehacerpolitico.mx\/wp-content\/uploads\/2022\/01\/image-33-42x75.jpeg 42w, https:\/\/quehacerpolitico.mx\/wp-content\/uploads\/2022\/01\/image-33.jpeg 1262w\" sizes=\"auto, (max-width: 575px) 100vw, 575px\" \/><\/figure>\n\n\n\n<p>&#8220;Gen\u00e9ticamente hablando, no voy a decir que me siento como si tuviera 25 a\u00f1os, no hay que exagerar. Pero es como si tuviera 30. Cuido de mi cuerpo y de mi mente&#8221;, a\u00f1adi\u00f3 el delantero del Manchester United. Comparaci\u00f3n con otras leyendas deportivas Interrogado sobre si se comparaba con otras leyendas deportivas como la estrella del futbol americano Tom Brady (43 a\u00f1os) o el tenista Roger Federer (40), CR7 estim\u00f3 que se trataba de &#8220;otros deportes, con exigencias diferentes&#8221;.<\/p>\n\n\n\n<figure class=\"wp-block-image size-large\"><img loading=\"lazy\" decoding=\"async\" width=\"589\" height=\"1024\" src=\"https:\/\/quehacerpolitico.mx\/wp-content\/uploads\/2022\/01\/image-35-589x1024.jpeg\" alt=\"\" class=\"wp-image-88390\" srcset=\"https:\/\/quehacerpolitico.mx\/wp-content\/uploads\/2022\/01\/image-35-589x1024.jpeg 589w, https:\/\/quehacerpolitico.mx\/wp-content\/uploads\/2022\/01\/image-35-172x300.jpeg 172w, https:\/\/quehacerpolitico.mx\/wp-content\/uploads\/2022\/01\/image-35-768x1336.jpeg 768w, https:\/\/quehacerpolitico.mx\/wp-content\/uploads\/2022\/01\/image-35-883x1536.jpeg 883w, https:\/\/quehacerpolitico.mx\/wp-content\/uploads\/2022\/01\/image-35-1177x2048.jpeg 1177w, https:\/\/quehacerpolitico.mx\/wp-content\/uploads\/2022\/01\/image-35-84x146.jpeg 84w, https:\/\/quehacerpolitico.mx\/wp-content\/uploads\/2022\/01\/image-35-29x50.jpeg 29w, https:\/\/quehacerpolitico.mx\/wp-content\/uploads\/2022\/01\/image-35-43x75.jpeg 43w, https:\/\/quehacerpolitico.mx\/wp-content\/uploads\/2022\/01\/image-35.jpeg 1284w\" sizes=\"auto, (max-width: 589px) 100vw, 589px\" \/><\/figure>\n\n\n\n<figure class=\"wp-block-image size-large\"><img loading=\"lazy\" decoding=\"async\" width=\"583\" height=\"1024\" src=\"https:\/\/quehacerpolitico.mx\/wp-content\/uploads\/2022\/01\/image-34-583x1024.jpeg\" alt=\"\" class=\"wp-image-88389\" srcset=\"https:\/\/quehacerpolitico.mx\/wp-content\/uploads\/2022\/01\/image-34-583x1024.jpeg 583w, https:\/\/quehacerpolitico.mx\/wp-content\/uploads\/2022\/01\/image-34-171x300.jpeg 171w, https:\/\/quehacerpolitico.mx\/wp-content\/uploads\/2022\/01\/image-34-768x1349.jpeg 768w, https:\/\/quehacerpolitico.mx\/wp-content\/uploads\/2022\/01\/image-34-875x1536.jpeg 875w, https:\/\/quehacerpolitico.mx\/wp-content\/uploads\/2022\/01\/image-34-1166x2048.jpeg 1166w, https:\/\/quehacerpolitico.mx\/wp-content\/uploads\/2022\/01\/image-34-83x146.jpeg 83w, https:\/\/quehacerpolitico.mx\/wp-content\/uploads\/2022\/01\/image-34-28x50.jpeg 28w, https:\/\/quehacerpolitico.mx\/wp-content\/uploads\/2022\/01\/image-34-43x75.jpeg 43w, https:\/\/quehacerpolitico.mx\/wp-content\/uploads\/2022\/01\/image-34.jpeg 1284w\" sizes=\"auto, (max-width: 583px) 100vw, 583px\" \/><\/figure>\n\n\n\n<p>&#8220;La longevidad es algo fascinante, que empec\u00e9 a estudiar \u00faltimamente&#8221;, dijo Ronaldo, cinco veces Bal\u00f3n de Oro, quien asegur\u00f3 que el secreto para mantenerse en el mejor nivel, es, seg\u00fan el astro, tener &#8220;la inteligencia&#8221; necesaria para &#8220;adaptarse a las nuevas situaciones&#8221;. &#8220;Tengo experiencia, conozco mi cuerpo. S\u00e9 cu\u00e1ndo puedo y cu\u00e1ndo no (&#8230;) Me enorgullece que la gente contin\u00fae diciendo que Cristiano, con 37, 38&#8230; contin\u00faa manteniendo el nivel de siempre&#8221;. &#8220;Hay algo que aprend\u00ed en los \u00faltimos a\u00f1os: despu\u00e9s de los 33, el cuerpo contin\u00faa respet\u00e1ndote (&#8230;) pero la batalla m\u00e1s dura, en mi opini\u00f3n, es a nivel mental&#8221;.<\/p>\n\n\n\n<p>Con Informaci\u00f3n de Medio Tiempo<\/p>\n","protected":false},"excerpt":{"rendered":"<p>Por Redacci\u00f3n QP La estrella del Manchester United destac\u00f3 lo orgulloso que se siente cuando&#8230;<\/p>\n","protected":false},"author":2,"featured_media":88391,"comment_status":"open","ping_status":"open","sticky":false,"template":"","format":"standard","meta":{"_monsterinsights_skip_tracking":false,"_monsterinsights_sitenote_active":false,"_monsterinsights_sitenote_note":"","_monsterinsights_sitenote_category":0,"footnotes":""},"categories":[54],"tags":[],"class_list":["post-88387","post","type-post","status-publish","format-standard","has-post-thumbnail","hentry","category-deportes"],"yoast_head":"<!-- This site is optimized with the Yoast SEO plugin v27.3 - https:\/\/yoast.com\/product\/yoast-seo-wordpress\/ -->\n<title>\u00bf40, 41 o 42 a\u00f1os? Cristiano Ronaldo revel\u00f3 hasta qu\u00e9 edad desea seguir como futbolista -<\/title>\n<meta name=\"robots\" content=\"index, follow, max-snippet:-1, max-image-preview:large, max-video-preview:-1\" \/>\n<link rel=\"canonical\" href=\"https:\/\/quehacerpolitico.mx\/?p=88387\" \/>\n<meta property=\"og:locale\" content=\"es_MX\" \/>\n<meta property=\"og:type\" content=\"article\" \/>\n<meta property=\"og:title\" content=\"\u00bf40, 41 o 42 a\u00f1os? Cristiano Ronaldo revel\u00f3 hasta qu\u00e9 edad desea seguir como futbolista -\" \/>\n<meta property=\"og:description\" content=\"Por Redacci\u00f3n QP La estrella del Manchester United destac\u00f3 lo orgulloso que se siente cuando...\" \/>\n<meta property=\"og:url\" content=\"https:\/\/quehacerpolitico.mx\/?p=88387\" \/>\n<meta property=\"article:published_time\" content=\"2022-01-13T18:33:22+00:00\" \/>\n<meta property=\"article:modified_time\" content=\"2022-01-13T18:33:25+00:00\" \/>\n<meta property=\"og:image\" content=\"https:\/\/quehacerpolitico.mx\/wp-content\/uploads\/2022\/01\/3D5C58F8-6345-4B94-8373-8833F0E163C2.jpeg\" \/>\n\t<meta property=\"og:image:width\" content=\"1284\" \/>\n\t<meta property=\"og:image:height\" content=\"1549\" \/>\n\t<meta property=\"og:image:type\" content=\"image\/jpeg\" \/>\n<meta name=\"author\" content=\"Redacci\u00f3n QP\" \/>\n<meta name=\"twitter:card\" content=\"summary_large_image\" \/>\n<meta name=\"twitter:label1\" content=\"Escrito por\" \/>\n\t<meta name=\"twitter:data1\" content=\"Redacci\u00f3n QP\" \/>\n\t<meta name=\"twitter:label2\" content=\"Tiempo de lectura\" \/>\n\t<meta name=\"twitter:data2\" content=\"2 minutos\" \/>\n<script type=\"application\/ld+json\" class=\"yoast-schema-graph\">{\"@context\":\"https:\\\/\\\/schema.org\",\"@graph\":[{\"@type\":\"Article\",\"@id\":\"https:\\\/\\\/quehacerpolitico.mx\\\/?p=88387#article\",\"isPartOf\":{\"@id\":\"https:\\\/\\\/quehacerpolitico.mx\\\/?p=88387\"},\"author\":{\"name\":\"Redacci\u00f3n QP\",\"@id\":\"https:\\\/\\\/quehacerpolitico.mx\\\/#\\\/schema\\\/person\\\/496d8ad2d1d3f8036101dca7ee39e585\"},\"headline\":\"\u00bf40, 41 o 42 a\u00f1os? Cristiano Ronaldo revel\u00f3 hasta qu\u00e9 edad desea seguir como futbolista\",\"datePublished\":\"2022-01-13T18:33:22+00:00\",\"dateModified\":\"2022-01-13T18:33:25+00:00\",\"mainEntityOfPage\":{\"@id\":\"https:\\\/\\\/quehacerpolitico.mx\\\/?p=88387\"},\"wordCount\":319,\"commentCount\":0,\"image\":{\"@id\":\"https:\\\/\\\/quehacerpolitico.mx\\\/?p=88387#primaryimage\"},\"thumbnailUrl\":\"https:\\\/\\\/quehacerpolitico.mx\\\/wp-content\\\/uploads\\\/2022\\\/01\\\/3D5C58F8-6345-4B94-8373-8833F0E163C2.jpeg\",\"articleSection\":[\"Deportes\"],\"inLanguage\":\"es\",\"potentialAction\":[{\"@type\":\"CommentAction\",\"name\":\"Comment\",\"target\":[\"https:\\\/\\\/quehacerpolitico.mx\\\/?p=88387#respond\"]}]},{\"@type\":\"WebPage\",\"@id\":\"https:\\\/\\\/quehacerpolitico.mx\\\/?p=88387\",\"url\":\"https:\\\/\\\/quehacerpolitico.mx\\\/?p=88387\",\"name\":\"\u00bf40, 41 o 42 a\u00f1os? Cristiano Ronaldo revel\u00f3 hasta qu\u00e9 edad desea seguir como futbolista -\",\"isPartOf\":{\"@id\":\"https:\\\/\\\/quehacerpolitico.mx\\\/#website\"},\"primaryImageOfPage\":{\"@id\":\"https:\\\/\\\/quehacerpolitico.mx\\\/?p=88387#primaryimage\"},\"image\":{\"@id\":\"https:\\\/\\\/quehacerpolitico.mx\\\/?p=88387#primaryimage\"},\"thumbnailUrl\":\"https:\\\/\\\/quehacerpolitico.mx\\\/wp-content\\\/uploads\\\/2022\\\/01\\\/3D5C58F8-6345-4B94-8373-8833F0E163C2.jpeg\",\"datePublished\":\"2022-01-13T18:33:22+00:00\",\"dateModified\":\"2022-01-13T18:33:25+00:00\",\"author\":{\"@id\":\"https:\\\/\\\/quehacerpolitico.mx\\\/#\\\/schema\\\/person\\\/496d8ad2d1d3f8036101dca7ee39e585\"},\"breadcrumb\":{\"@id\":\"https:\\\/\\\/quehacerpolitico.mx\\\/?p=88387#breadcrumb\"},\"inLanguage\":\"es\",\"potentialAction\":[{\"@type\":\"ReadAction\",\"target\":[\"https:\\\/\\\/quehacerpolitico.mx\\\/?p=88387\"]}]},{\"@type\":\"ImageObject\",\"inLanguage\":\"es\",\"@id\":\"https:\\\/\\\/quehacerpolitico.mx\\\/?p=88387#primaryimage\",\"url\":\"https:\\\/\\\/quehacerpolitico.mx\\\/wp-content\\\/uploads\\\/2022\\\/01\\\/3D5C58F8-6345-4B94-8373-8833F0E163C2.jpeg\",\"contentUrl\":\"https:\\\/\\\/quehacerpolitico.mx\\\/wp-content\\\/uploads\\\/2022\\\/01\\\/3D5C58F8-6345-4B94-8373-8833F0E163C2.jpeg\",\"width\":1284,\"height\":1549},{\"@type\":\"BreadcrumbList\",\"@id\":\"https:\\\/\\\/quehacerpolitico.mx\\\/?p=88387#breadcrumb\",\"itemListElement\":[{\"@type\":\"ListItem\",\"position\":1,\"name\":\"Inicio\",\"item\":\"https:\\\/\\\/quehacerpolitico.mx\\\/\"},{\"@type\":\"ListItem\",\"position\":2,\"name\":\"\u00bf40, 41 o 42 a\u00f1os? Cristiano Ronaldo revel\u00f3 hasta qu\u00e9 edad desea seguir como futbolista\"}]},{\"@type\":\"WebSite\",\"@id\":\"https:\\\/\\\/quehacerpolitico.mx\\\/#website\",\"url\":\"https:\\\/\\\/quehacerpolitico.mx\\\/\",\"name\":\"\",\"description\":\"\",\"potentialAction\":[{\"@type\":\"SearchAction\",\"target\":{\"@type\":\"EntryPoint\",\"urlTemplate\":\"https:\\\/\\\/quehacerpolitico.mx\\\/?s={search_term_string}\"},\"query-input\":{\"@type\":\"PropertyValueSpecification\",\"valueRequired\":true,\"valueName\":\"search_term_string\"}}],\"inLanguage\":\"es\"},{\"@type\":\"Person\",\"@id\":\"https:\\\/\\\/quehacerpolitico.mx\\\/#\\\/schema\\\/person\\\/496d8ad2d1d3f8036101dca7ee39e585\",\"name\":\"Redacci\u00f3n QP\",\"image\":{\"@type\":\"ImageObject\",\"inLanguage\":\"es\",\"@id\":\"https:\\\/\\\/secure.gravatar.com\\\/avatar\\\/c7164ed6fdec453195284ad24a5ae5b6e1eed2b848477fa2a4787ba9adf39a41?s=96&d=mm&r=g\",\"url\":\"https:\\\/\\\/secure.gravatar.com\\\/avatar\\\/c7164ed6fdec453195284ad24a5ae5b6e1eed2b848477fa2a4787ba9adf39a41?s=96&d=mm&r=g\",\"contentUrl\":\"https:\\\/\\\/secure.gravatar.com\\\/avatar\\\/c7164ed6fdec453195284ad24a5ae5b6e1eed2b848477fa2a4787ba9adf39a41?s=96&d=mm&r=g\",\"caption\":\"Redacci\u00f3n QP\"},\"url\":\"https:\\\/\\\/quehacerpolitico.mx\\\/?author=2\"}]}<\/script>\n<!-- \/ Yoast SEO plugin. -->","yoast_head_json":{"title":"\u00bf40, 41 o 42 a\u00f1os? Cristiano Ronaldo revel\u00f3 hasta qu\u00e9 edad desea seguir como futbolista -","robots":{"index":"index","follow":"follow","max-snippet":"max-snippet:-1","max-image-preview":"max-image-preview:large","max-video-preview":"max-video-preview:-1"},"canonical":"https:\/\/quehacerpolitico.mx\/?p=88387","og_locale":"es_MX","og_type":"article","og_title":"\u00bf40, 41 o 42 a\u00f1os? Cristiano Ronaldo revel\u00f3 hasta qu\u00e9 edad desea seguir como futbolista -","og_description":"Por Redacci\u00f3n QP La estrella del Manchester United destac\u00f3 lo orgulloso que se siente cuando...","og_url":"https:\/\/quehacerpolitico.mx\/?p=88387","article_published_time":"2022-01-13T18:33:22+00:00","article_modified_time":"2022-01-13T18:33:25+00:00","og_image":[{"width":1284,"height":1549,"url":"https:\/\/quehacerpolitico.mx\/wp-content\/uploads\/2022\/01\/3D5C58F8-6345-4B94-8373-8833F0E163C2.jpeg","type":"image\/jpeg"}],"author":"Redacci\u00f3n QP","twitter_card":"summary_large_image","twitter_misc":{"Escrito por":"Redacci\u00f3n QP","Tiempo de lectura":"2 minutos"},"schema":{"@context":"https:\/\/schema.org","@graph":[{"@type":"Article","@id":"https:\/\/quehacerpolitico.mx\/?p=88387#article","isPartOf":{"@id":"https:\/\/quehacerpolitico.mx\/?p=88387"},"author":{"name":"Redacci\u00f3n QP","@id":"https:\/\/quehacerpolitico.mx\/#\/schema\/person\/496d8ad2d1d3f8036101dca7ee39e585"},"headline":"\u00bf40, 41 o 42 a\u00f1os? Cristiano Ronaldo revel\u00f3 hasta qu\u00e9 edad desea seguir como futbolista","datePublished":"2022-01-13T18:33:22+00:00","dateModified":"2022-01-13T18:33:25+00:00","mainEntityOfPage":{"@id":"https:\/\/quehacerpolitico.mx\/?p=88387"},"wordCount":319,"commentCount":0,"image":{"@id":"https:\/\/quehacerpolitico.mx\/?p=88387#primaryimage"},"thumbnailUrl":"https:\/\/quehacerpolitico.mx\/wp-content\/uploads\/2022\/01\/3D5C58F8-6345-4B94-8373-8833F0E163C2.jpeg","articleSection":["Deportes"],"inLanguage":"es","potentialAction":[{"@type":"CommentAction","name":"Comment","target":["https:\/\/quehacerpolitico.mx\/?p=88387#respond"]}]},{"@type":"WebPage","@id":"https:\/\/quehacerpolitico.mx\/?p=88387","url":"https:\/\/quehacerpolitico.mx\/?p=88387","name":"\u00bf40, 41 o 42 a\u00f1os? Cristiano Ronaldo revel\u00f3 hasta qu\u00e9 edad desea seguir como futbolista -","isPartOf":{"@id":"https:\/\/quehacerpolitico.mx\/#website"},"primaryImageOfPage":{"@id":"https:\/\/quehacerpolitico.mx\/?p=88387#primaryimage"},"image":{"@id":"https:\/\/quehacerpolitico.mx\/?p=88387#primaryimage"},"thumbnailUrl":"https:\/\/quehacerpolitico.mx\/wp-content\/uploads\/2022\/01\/3D5C58F8-6345-4B94-8373-8833F0E163C2.jpeg","datePublished":"2022-01-13T18:33:22+00:00","dateModified":"2022-01-13T18:33:25+00:00","author":{"@id":"https:\/\/quehacerpolitico.mx\/#\/schema\/person\/496d8ad2d1d3f8036101dca7ee39e585"},"breadcrumb":{"@id":"https:\/\/quehacerpolitico.mx\/?p=88387#breadcrumb"},"inLanguage":"es","potentialAction":[{"@type":"ReadAction","target":["https:\/\/quehacerpolitico.mx\/?p=88387"]}]},{"@type":"ImageObject","inLanguage":"es","@id":"https:\/\/quehacerpolitico.mx\/?p=88387#primaryimage","url":"https:\/\/quehacerpolitico.mx\/wp-content\/uploads\/2022\/01\/3D5C58F8-6345-4B94-8373-8833F0E163C2.jpeg","contentUrl":"https:\/\/quehacerpolitico.mx\/wp-content\/uploads\/2022\/01\/3D5C58F8-6345-4B94-8373-8833F0E163C2.jpeg","width":1284,"height":1549},{"@type":"BreadcrumbList","@id":"https:\/\/quehacerpolitico.mx\/?p=88387#breadcrumb","itemListElement":[{"@type":"ListItem","position":1,"name":"Inicio","item":"https:\/\/quehacerpolitico.mx\/"},{"@type":"ListItem","position":2,"name":"\u00bf40, 41 o 42 a\u00f1os? Cristiano Ronaldo revel\u00f3 hasta qu\u00e9 edad desea seguir como futbolista"}]},{"@type":"WebSite","@id":"https:\/\/quehacerpolitico.mx\/#website","url":"https:\/\/quehacerpolitico.mx\/","name":"","description":"","potentialAction":[{"@type":"SearchAction","target":{"@type":"EntryPoint","urlTemplate":"https:\/\/quehacerpolitico.mx\/?s={search_term_string}"},"query-input":{"@type":"PropertyValueSpecification","valueRequired":true,"valueName":"search_term_string"}}],"inLanguage":"es"},{"@type":"Person","@id":"https:\/\/quehacerpolitico.mx\/#\/schema\/person\/496d8ad2d1d3f8036101dca7ee39e585","name":"Redacci\u00f3n QP","image":{"@type":"ImageObject","inLanguage":"es","@id":"https:\/\/secure.gravatar.com\/avatar\/c7164ed6fdec453195284ad24a5ae5b6e1eed2b848477fa2a4787ba9adf39a41?s=96&d=mm&r=g","url":"https:\/\/secure.gravatar.com\/avatar\/c7164ed6fdec453195284ad24a5ae5b6e1eed2b848477fa2a4787ba9adf39a41?s=96&d=mm&r=g","contentUrl":"https:\/\/secure.gravatar.com\/avatar\/c7164ed6fdec453195284ad24a5ae5b6e1eed2b848477fa2a4787ba9adf39a41?s=96&d=mm&r=g","caption":"Redacci\u00f3n QP"},"url":"https:\/\/quehacerpolitico.mx\/?author=2"}]}},"featured_image_urls":{"full":["https:\/\/quehacerpolitico.mx\/wp-content\/uploads\/2022\/01\/3D5C58F8-6345-4B94-8373-8833F0E163C2.jpeg",1284,1549,false],"thumbnail":["https:\/\/quehacerpolitico.mx\/wp-content\/uploads\/2022\/01\/3D5C58F8-6345-4B94-8373-8833F0E163C2-150x150.jpeg",150,150,true],"medium":["https:\/\/quehacerpolitico.mx\/wp-content\/uploads\/2022\/01\/3D5C58F8-6345-4B94-8373-8833F0E163C2-249x300.jpeg",249,300,true],"medium_large":["https:\/\/quehacerpolitico.mx\/wp-content\/uploads\/2022\/01\/3D5C58F8-6345-4B94-8373-8833F0E163C2-768x927.jpeg",640,773,true],"large":["https:\/\/quehacerpolitico.mx\/wp-content\/uploads\/2022\/01\/3D5C58F8-6345-4B94-8373-8833F0E163C2-849x1024.jpeg",640,772,true],"1536x1536":["https:\/\/quehacerpolitico.mx\/wp-content\/uploads\/2022\/01\/3D5C58F8-6345-4B94-8373-8833F0E163C2-1273x1536.jpeg",1273,1536,true],"2048x2048":["https:\/\/quehacerpolitico.mx\/wp-content\/uploads\/2022\/01\/3D5C58F8-6345-4B94-8373-8833F0E163C2.jpeg",1284,1549,false],"covernews-featured":["https:\/\/quehacerpolitico.mx\/wp-content\/uploads\/2022\/01\/3D5C58F8-6345-4B94-8373-8833F0E163C2.jpeg",1024,1235,false],"covernews-medium":["https:\/\/quehacerpolitico.mx\/wp-content\/uploads\/2022\/01\/3D5C58F8-6345-4B94-8373-8833F0E163C2.jpeg",282,340,false]},"author_info":{"display_name":"Redacci\u00f3n QP","author_link":"https:\/\/quehacerpolitico.mx\/?author=2"},"category_info":"<a href=\"https:\/\/quehacerpolitico.mx\/?cat=54\" rel=\"category\">Deportes<\/a>","tag_info":"Deportes","comment_count":"0","_links":{"self":[{"href":"https:\/\/quehacerpolitico.mx\/index.php?rest_route=\/wp\/v2\/posts\/88387","targetHints":{"allow":["GET"]}}],"collection":[{"href":"https:\/\/quehacerpolitico.mx\/index.php?rest_route=\/wp\/v2\/posts"}],"about":[{"href":"https:\/\/quehacerpolitico.mx\/index.php?rest_route=\/wp\/v2\/types\/post"}],"author":[{"embeddable":true,"href":"https:\/\/quehacerpolitico.mx\/index.php?rest_route=\/wp\/v2\/users\/2"}],"replies":[{"embeddable":true,"href":"https:\/\/quehacerpolitico.mx\/index.php?rest_route=%2Fwp%2Fv2%2Fcomments&post=88387"}],"version-history":[{"count":1,"href":"https:\/\/quehacerpolitico.mx\/index.php?rest_route=\/wp\/v2\/posts\/88387\/revisions"}],"predecessor-version":[{"id":88392,"href":"https:\/\/quehacerpolitico.mx\/index.php?rest_route=\/wp\/v2\/posts\/88387\/revisions\/88392"}],"wp:featuredmedia":[{"embeddable":true,"href":"https:\/\/quehacerpolitico.mx\/index.php?rest_route=\/wp\/v2\/media\/88391"}],"wp:attachment":[{"href":"https:\/\/quehacerpolitico.mx\/index.php?rest_route=%2Fwp%2Fv2%2Fmedia&parent=88387"}],"wp:term":[{"taxonomy":"category","embeddable":true,"href":"https:\/\/quehacerpolitico.mx\/index.php?rest_route=%2Fwp%2Fv2%2Fcategories&post=88387"},{"taxonomy":"post_tag","embeddable":true,"href":"https:\/\/quehacerpolitico.mx\/index.php?rest_route=%2Fwp%2Fv2%2Ftags&post=88387"}],"curies":[{"name":"wp","href":"https:\/\/api.w.org\/{rel}","templated":true}]}}