{"id":88381,"date":"2022-01-13T18:02:59","date_gmt":"2022-01-13T18:02:59","guid":{"rendered":"https:\/\/quehacerpolitico.mx\/?p=88381"},"modified":"2022-01-13T18:03:04","modified_gmt":"2022-01-13T18:03:04","slug":"gobierno-de-mexico-sin-reporte-de-casos-por-covidengue-segob","status":"publish","type":"post","link":"https:\/\/quehacerpolitico.mx\/?p=88381","title":{"rendered":"Gobierno de M\u00e9xico, sin reporte de casos por \u2018covidengue\u2019: Segob"},"content":{"rendered":"\n<p>Por Redacci\u00f3n QP<\/p>\n\n\n\n<p>La Secretar\u00eda de Gobernaci\u00f3n destac\u00f3 que la Secretar\u00eda de Salud federal y de cada entidad federativa est\u00e1n pendientes de que el dengue y otras enfermedades puedan ser prevenidas<\/p>\n\n\n\n<ul class=\"wp-block-list\"><li>El secretario de Gobernaci\u00f3n pedir\u00e1 a la Secretar\u00e1 de Salud un informe sobre la situaci\u00f3n de covid y dengue en nuestro pa\u00eds<\/li><\/ul>\n\n\n\n<p>El secretario de Gobernaci\u00f3n, Ad\u00e1n Augusto L\u00f3pez, asegur\u00f3 que el\u00a0Gobierno de M\u00e9xico no tiene reporte de casos por\u00a0<strong>\u201ccovidengue\u201d,<\/strong>una mezcla entre las infecciones\u00a0COVID y\u00a0dengue, en esta cuarta ola de\u00a0coronavirus azota a nuestro pa\u00eds.<\/p>\n\n\n\n<blockquote class=\"wp-block-quote is-layout-flow wp-block-quote-is-layout-flow\"><p>\u201cNo tenemos nosotros el reporte de \u2018covidengue\u2019, como le llaman, a veces es una expresi\u00f3n popular porque es covid y al mismo tiempo alguien puede contraer el dengue en lo que est\u00e1 en resguardo, pero ahora que se presente el\u00a0<strong>Pulso de la Salud<\/strong>, le vamos a pedir al secretario de Salud que haga un detalle de cu\u00e1l es la situaci\u00f3n del covid y que adicionalmente agregue la situaci\u00f3n del\u00a0<strong>dengue<\/strong>\u00a0en el pa\u00eds\u201d, inform\u00f3 el secretario de Gobernaci\u00f3n en la\u00a0conferencia ma\u00f1anera<\/p><\/blockquote>\n\n\n\n<p>Ad\u00e1n Augusto L\u00f3pez destac\u00f3 que la Secretar\u00eda de Salud federal y de cada entidad federativa est\u00e1n pendientes de que el dengue y otras\u00a0<strong>enfermedades<\/strong>\u00a0puedan ser prevenidas.<\/p>\n\n\n\n<figure class=\"wp-block-embed is-type-rich is-provider-twitter wp-block-embed-twitter\"><div class=\"wp-block-embed__wrapper\">\n<blockquote class=\"twitter-tweet\" data-width=\"550\" data-dnt=\"true\"><p lang=\"es\" dir=\"ltr\">\u00bfCOVIDENGUE? \ud83d\ude30<br><br>El secretario de Gobernaci\u00f3n, Ad\u00e1n Augusto L\u00f3pez, rechaza que hasta ahora haya <a href=\"https:\/\/twitter.com\/hashtag\/casos?src=hash&amp;ref_src=twsrc%5Etfw\">#casos<\/a> registrados a pesar de los rumores. <a href=\"https:\/\/t.co\/g5BkFEZ17K\">pic.twitter.com\/g5BkFEZ17K<\/a><\/p>&mdash; Ruido en la Red (@RuidoEnLaRed) <a href=\"https:\/\/twitter.com\/RuidoEnLaRed\/status\/1481632876101832711?ref_src=twsrc%5Etfw\">January 13, 2022<\/a><\/blockquote><script async src=\"https:\/\/platform.twitter.com\/widgets.js\" charset=\"utf-8\"><\/script>\n<\/div><\/figure>\n\n\n\n<p>Ayer mi\u00e9rcoles 12 de enero del 2022, el Gobierno de M\u00e9xico notific\u00f3 44,187 nuevos contagios de la covid, la mayor cifra durante la&nbsp;<strong>pandemia,<\/strong>&nbsp;para un total de 4,214,253 casos.<\/p>\n\n\n\n<p>Adem\u00e1s de 190 muertes para llegar a 300,764 decesos, siendo el quinto pa\u00eds del mundo por m\u00e1s&nbsp;<strong>muertes<\/strong>&nbsp;por esta causa en n\u00fameros absolutos.<\/p>\n","protected":false},"excerpt":{"rendered":"<p>Por Redacci\u00f3n QP La Secretar\u00eda de Gobernaci\u00f3n destac\u00f3 que la Secretar\u00eda de Salud federal y&#8230;<\/p>\n","protected":false},"author":2,"featured_media":88382,"comment_status":"open","ping_status":"open","sticky":false,"template":"","format":"standard","meta":{"_monsterinsights_skip_tracking":false,"_monsterinsights_sitenote_active":false,"_monsterinsights_sitenote_note":"","_monsterinsights_sitenote_category":0,"footnotes":""},"categories":[2],"tags":[],"class_list":["post-88381","post","type-post","status-publish","format-standard","has-post-thumbnail","hentry","category-noticias"],"yoast_head":"<!-- This site is optimized with the Yoast SEO plugin v27.3 - https:\/\/yoast.com\/product\/yoast-seo-wordpress\/ -->\n<title>Gobierno de M\u00e9xico, sin reporte de casos por \u2018covidengue\u2019: Segob -<\/title>\n<meta name=\"robots\" content=\"index, follow, max-snippet:-1, max-image-preview:large, max-video-preview:-1\" \/>\n<link rel=\"canonical\" href=\"https:\/\/quehacerpolitico.mx\/?p=88381\" \/>\n<meta property=\"og:locale\" content=\"es_MX\" \/>\n<meta property=\"og:type\" content=\"article\" \/>\n<meta property=\"og:title\" content=\"Gobierno de M\u00e9xico, sin reporte de casos por \u2018covidengue\u2019: Segob -\" \/>\n<meta property=\"og:description\" content=\"Por Redacci\u00f3n QP La Secretar\u00eda de Gobernaci\u00f3n destac\u00f3 que la Secretar\u00eda de Salud federal y...\" \/>\n<meta property=\"og:url\" content=\"https:\/\/quehacerpolitico.mx\/?p=88381\" \/>\n<meta property=\"article:published_time\" content=\"2022-01-13T18:02:59+00:00\" \/>\n<meta property=\"article:modified_time\" content=\"2022-01-13T18:03:04+00:00\" \/>\n<meta property=\"og:image\" content=\"https:\/\/quehacerpolitico.mx\/wp-content\/uploads\/2022\/01\/2377AE08-C9B6-48D7-A49F-4474F62BD9A8.jpeg\" \/>\n\t<meta property=\"og:image:width\" content=\"1284\" \/>\n\t<meta property=\"og:image:height\" content=\"683\" \/>\n\t<meta property=\"og:image:type\" content=\"image\/jpeg\" \/>\n<meta name=\"author\" content=\"Redacci\u00f3n QP\" \/>\n<meta name=\"twitter:card\" content=\"summary_large_image\" \/>\n<meta name=\"twitter:label1\" content=\"Escrito por\" \/>\n\t<meta name=\"twitter:data1\" content=\"Redacci\u00f3n QP\" \/>\n\t<meta name=\"twitter:label2\" content=\"Tiempo de lectura\" \/>\n\t<meta name=\"twitter:data2\" content=\"1 minuto\" \/>\n<script type=\"application\/ld+json\" class=\"yoast-schema-graph\">{\"@context\":\"https:\\\/\\\/schema.org\",\"@graph\":[{\"@type\":\"Article\",\"@id\":\"https:\\\/\\\/quehacerpolitico.mx\\\/?p=88381#article\",\"isPartOf\":{\"@id\":\"https:\\\/\\\/quehacerpolitico.mx\\\/?p=88381\"},\"author\":{\"name\":\"Redacci\u00f3n QP\",\"@id\":\"https:\\\/\\\/quehacerpolitico.mx\\\/#\\\/schema\\\/person\\\/496d8ad2d1d3f8036101dca7ee39e585\"},\"headline\":\"Gobierno de M\u00e9xico, sin reporte de casos por \u2018covidengue\u2019: Segob\",\"datePublished\":\"2022-01-13T18:02:59+00:00\",\"dateModified\":\"2022-01-13T18:03:04+00:00\",\"mainEntityOfPage\":{\"@id\":\"https:\\\/\\\/quehacerpolitico.mx\\\/?p=88381\"},\"wordCount\":300,\"commentCount\":0,\"image\":{\"@id\":\"https:\\\/\\\/quehacerpolitico.mx\\\/?p=88381#primaryimage\"},\"thumbnailUrl\":\"https:\\\/\\\/quehacerpolitico.mx\\\/wp-content\\\/uploads\\\/2022\\\/01\\\/2377AE08-C9B6-48D7-A49F-4474F62BD9A8.jpeg\",\"articleSection\":[\"Noticias\"],\"inLanguage\":\"es\",\"potentialAction\":[{\"@type\":\"CommentAction\",\"name\":\"Comment\",\"target\":[\"https:\\\/\\\/quehacerpolitico.mx\\\/?p=88381#respond\"]}]},{\"@type\":\"WebPage\",\"@id\":\"https:\\\/\\\/quehacerpolitico.mx\\\/?p=88381\",\"url\":\"https:\\\/\\\/quehacerpolitico.mx\\\/?p=88381\",\"name\":\"Gobierno de M\u00e9xico, sin reporte de casos por \u2018covidengue\u2019: Segob -\",\"isPartOf\":{\"@id\":\"https:\\\/\\\/quehacerpolitico.mx\\\/#website\"},\"primaryImageOfPage\":{\"@id\":\"https:\\\/\\\/quehacerpolitico.mx\\\/?p=88381#primaryimage\"},\"image\":{\"@id\":\"https:\\\/\\\/quehacerpolitico.mx\\\/?p=88381#primaryimage\"},\"thumbnailUrl\":\"https:\\\/\\\/quehacerpolitico.mx\\\/wp-content\\\/uploads\\\/2022\\\/01\\\/2377AE08-C9B6-48D7-A49F-4474F62BD9A8.jpeg\",\"datePublished\":\"2022-01-13T18:02:59+00:00\",\"dateModified\":\"2022-01-13T18:03:04+00:00\",\"author\":{\"@id\":\"https:\\\/\\\/quehacerpolitico.mx\\\/#\\\/schema\\\/person\\\/496d8ad2d1d3f8036101dca7ee39e585\"},\"breadcrumb\":{\"@id\":\"https:\\\/\\\/quehacerpolitico.mx\\\/?p=88381#breadcrumb\"},\"inLanguage\":\"es\",\"potentialAction\":[{\"@type\":\"ReadAction\",\"target\":[\"https:\\\/\\\/quehacerpolitico.mx\\\/?p=88381\"]}]},{\"@type\":\"ImageObject\",\"inLanguage\":\"es\",\"@id\":\"https:\\\/\\\/quehacerpolitico.mx\\\/?p=88381#primaryimage\",\"url\":\"https:\\\/\\\/quehacerpolitico.mx\\\/wp-content\\\/uploads\\\/2022\\\/01\\\/2377AE08-C9B6-48D7-A49F-4474F62BD9A8.jpeg\",\"contentUrl\":\"https:\\\/\\\/quehacerpolitico.mx\\\/wp-content\\\/uploads\\\/2022\\\/01\\\/2377AE08-C9B6-48D7-A49F-4474F62BD9A8.jpeg\",\"width\":1284,\"height\":683},{\"@type\":\"BreadcrumbList\",\"@id\":\"https:\\\/\\\/quehacerpolitico.mx\\\/?p=88381#breadcrumb\",\"itemListElement\":[{\"@type\":\"ListItem\",\"position\":1,\"name\":\"Inicio\",\"item\":\"https:\\\/\\\/quehacerpolitico.mx\\\/\"},{\"@type\":\"ListItem\",\"position\":2,\"name\":\"Gobierno de M\u00e9xico, sin reporte de casos por \u2018covidengue\u2019: Segob\"}]},{\"@type\":\"WebSite\",\"@id\":\"https:\\\/\\\/quehacerpolitico.mx\\\/#website\",\"url\":\"https:\\\/\\\/quehacerpolitico.mx\\\/\",\"name\":\"\",\"description\":\"\",\"potentialAction\":[{\"@type\":\"SearchAction\",\"target\":{\"@type\":\"EntryPoint\",\"urlTemplate\":\"https:\\\/\\\/quehacerpolitico.mx\\\/?s={search_term_string}\"},\"query-input\":{\"@type\":\"PropertyValueSpecification\",\"valueRequired\":true,\"valueName\":\"search_term_string\"}}],\"inLanguage\":\"es\"},{\"@type\":\"Person\",\"@id\":\"https:\\\/\\\/quehacerpolitico.mx\\\/#\\\/schema\\\/person\\\/496d8ad2d1d3f8036101dca7ee39e585\",\"name\":\"Redacci\u00f3n QP\",\"image\":{\"@type\":\"ImageObject\",\"inLanguage\":\"es\",\"@id\":\"https:\\\/\\\/secure.gravatar.com\\\/avatar\\\/c7164ed6fdec453195284ad24a5ae5b6e1eed2b848477fa2a4787ba9adf39a41?s=96&d=mm&r=g\",\"url\":\"https:\\\/\\\/secure.gravatar.com\\\/avatar\\\/c7164ed6fdec453195284ad24a5ae5b6e1eed2b848477fa2a4787ba9adf39a41?s=96&d=mm&r=g\",\"contentUrl\":\"https:\\\/\\\/secure.gravatar.com\\\/avatar\\\/c7164ed6fdec453195284ad24a5ae5b6e1eed2b848477fa2a4787ba9adf39a41?s=96&d=mm&r=g\",\"caption\":\"Redacci\u00f3n QP\"},\"url\":\"https:\\\/\\\/quehacerpolitico.mx\\\/?author=2\"}]}<\/script>\n<!-- \/ Yoast SEO plugin. -->","yoast_head_json":{"title":"Gobierno de M\u00e9xico, sin reporte de casos por \u2018covidengue\u2019: Segob -","robots":{"index":"index","follow":"follow","max-snippet":"max-snippet:-1","max-image-preview":"max-image-preview:large","max-video-preview":"max-video-preview:-1"},"canonical":"https:\/\/quehacerpolitico.mx\/?p=88381","og_locale":"es_MX","og_type":"article","og_title":"Gobierno de M\u00e9xico, sin reporte de casos por \u2018covidengue\u2019: Segob -","og_description":"Por Redacci\u00f3n QP La Secretar\u00eda de Gobernaci\u00f3n destac\u00f3 que la Secretar\u00eda de Salud federal y...","og_url":"https:\/\/quehacerpolitico.mx\/?p=88381","article_published_time":"2022-01-13T18:02:59+00:00","article_modified_time":"2022-01-13T18:03:04+00:00","og_image":[{"width":1284,"height":683,"url":"https:\/\/quehacerpolitico.mx\/wp-content\/uploads\/2022\/01\/2377AE08-C9B6-48D7-A49F-4474F62BD9A8.jpeg","type":"image\/jpeg"}],"author":"Redacci\u00f3n QP","twitter_card":"summary_large_image","twitter_misc":{"Escrito por":"Redacci\u00f3n QP","Tiempo de lectura":"1 minuto"},"schema":{"@context":"https:\/\/schema.org","@graph":[{"@type":"Article","@id":"https:\/\/quehacerpolitico.mx\/?p=88381#article","isPartOf":{"@id":"https:\/\/quehacerpolitico.mx\/?p=88381"},"author":{"name":"Redacci\u00f3n QP","@id":"https:\/\/quehacerpolitico.mx\/#\/schema\/person\/496d8ad2d1d3f8036101dca7ee39e585"},"headline":"Gobierno de M\u00e9xico, sin reporte de casos por \u2018covidengue\u2019: Segob","datePublished":"2022-01-13T18:02:59+00:00","dateModified":"2022-01-13T18:03:04+00:00","mainEntityOfPage":{"@id":"https:\/\/quehacerpolitico.mx\/?p=88381"},"wordCount":300,"commentCount":0,"image":{"@id":"https:\/\/quehacerpolitico.mx\/?p=88381#primaryimage"},"thumbnailUrl":"https:\/\/quehacerpolitico.mx\/wp-content\/uploads\/2022\/01\/2377AE08-C9B6-48D7-A49F-4474F62BD9A8.jpeg","articleSection":["Noticias"],"inLanguage":"es","potentialAction":[{"@type":"CommentAction","name":"Comment","target":["https:\/\/quehacerpolitico.mx\/?p=88381#respond"]}]},{"@type":"WebPage","@id":"https:\/\/quehacerpolitico.mx\/?p=88381","url":"https:\/\/quehacerpolitico.mx\/?p=88381","name":"Gobierno de M\u00e9xico, sin reporte de casos por \u2018covidengue\u2019: Segob -","isPartOf":{"@id":"https:\/\/quehacerpolitico.mx\/#website"},"primaryImageOfPage":{"@id":"https:\/\/quehacerpolitico.mx\/?p=88381#primaryimage"},"image":{"@id":"https:\/\/quehacerpolitico.mx\/?p=88381#primaryimage"},"thumbnailUrl":"https:\/\/quehacerpolitico.mx\/wp-content\/uploads\/2022\/01\/2377AE08-C9B6-48D7-A49F-4474F62BD9A8.jpeg","datePublished":"2022-01-13T18:02:59+00:00","dateModified":"2022-01-13T18:03:04+00:00","author":{"@id":"https:\/\/quehacerpolitico.mx\/#\/schema\/person\/496d8ad2d1d3f8036101dca7ee39e585"},"breadcrumb":{"@id":"https:\/\/quehacerpolitico.mx\/?p=88381#breadcrumb"},"inLanguage":"es","potentialAction":[{"@type":"ReadAction","target":["https:\/\/quehacerpolitico.mx\/?p=88381"]}]},{"@type":"ImageObject","inLanguage":"es","@id":"https:\/\/quehacerpolitico.mx\/?p=88381#primaryimage","url":"https:\/\/quehacerpolitico.mx\/wp-content\/uploads\/2022\/01\/2377AE08-C9B6-48D7-A49F-4474F62BD9A8.jpeg","contentUrl":"https:\/\/quehacerpolitico.mx\/wp-content\/uploads\/2022\/01\/2377AE08-C9B6-48D7-A49F-4474F62BD9A8.jpeg","width":1284,"height":683},{"@type":"BreadcrumbList","@id":"https:\/\/quehacerpolitico.mx\/?p=88381#breadcrumb","itemListElement":[{"@type":"ListItem","position":1,"name":"Inicio","item":"https:\/\/quehacerpolitico.mx\/"},{"@type":"ListItem","position":2,"name":"Gobierno de M\u00e9xico, sin reporte de casos por \u2018covidengue\u2019: Segob"}]},{"@type":"WebSite","@id":"https:\/\/quehacerpolitico.mx\/#website","url":"https:\/\/quehacerpolitico.mx\/","name":"","description":"","potentialAction":[{"@type":"SearchAction","target":{"@type":"EntryPoint","urlTemplate":"https:\/\/quehacerpolitico.mx\/?s={search_term_string}"},"query-input":{"@type":"PropertyValueSpecification","valueRequired":true,"valueName":"search_term_string"}}],"inLanguage":"es"},{"@type":"Person","@id":"https:\/\/quehacerpolitico.mx\/#\/schema\/person\/496d8ad2d1d3f8036101dca7ee39e585","name":"Redacci\u00f3n QP","image":{"@type":"ImageObject","inLanguage":"es","@id":"https:\/\/secure.gravatar.com\/avatar\/c7164ed6fdec453195284ad24a5ae5b6e1eed2b848477fa2a4787ba9adf39a41?s=96&d=mm&r=g","url":"https:\/\/secure.gravatar.com\/avatar\/c7164ed6fdec453195284ad24a5ae5b6e1eed2b848477fa2a4787ba9adf39a41?s=96&d=mm&r=g","contentUrl":"https:\/\/secure.gravatar.com\/avatar\/c7164ed6fdec453195284ad24a5ae5b6e1eed2b848477fa2a4787ba9adf39a41?s=96&d=mm&r=g","caption":"Redacci\u00f3n QP"},"url":"https:\/\/quehacerpolitico.mx\/?author=2"}]}},"featured_image_urls":{"full":["https:\/\/quehacerpolitico.mx\/wp-content\/uploads\/2022\/01\/2377AE08-C9B6-48D7-A49F-4474F62BD9A8.jpeg",1284,683,false],"thumbnail":["https:\/\/quehacerpolitico.mx\/wp-content\/uploads\/2022\/01\/2377AE08-C9B6-48D7-A49F-4474F62BD9A8-150x150.jpeg",150,150,true],"medium":["https:\/\/quehacerpolitico.mx\/wp-content\/uploads\/2022\/01\/2377AE08-C9B6-48D7-A49F-4474F62BD9A8-300x160.jpeg",300,160,true],"medium_large":["https:\/\/quehacerpolitico.mx\/wp-content\/uploads\/2022\/01\/2377AE08-C9B6-48D7-A49F-4474F62BD9A8-768x409.jpeg",640,341,true],"large":["https:\/\/quehacerpolitico.mx\/wp-content\/uploads\/2022\/01\/2377AE08-C9B6-48D7-A49F-4474F62BD9A8-1024x545.jpeg",640,341,true],"1536x1536":["https:\/\/quehacerpolitico.mx\/wp-content\/uploads\/2022\/01\/2377AE08-C9B6-48D7-A49F-4474F62BD9A8.jpeg",1284,683,false],"2048x2048":["https:\/\/quehacerpolitico.mx\/wp-content\/uploads\/2022\/01\/2377AE08-C9B6-48D7-A49F-4474F62BD9A8.jpeg",1284,683,false],"covernews-featured":["https:\/\/quehacerpolitico.mx\/wp-content\/uploads\/2022\/01\/2377AE08-C9B6-48D7-A49F-4474F62BD9A8.jpeg",1024,545,false],"covernews-medium":["https:\/\/quehacerpolitico.mx\/wp-content\/uploads\/2022\/01\/2377AE08-C9B6-48D7-A49F-4474F62BD9A8.jpeg",540,287,false]},"author_info":{"display_name":"Redacci\u00f3n QP","author_link":"https:\/\/quehacerpolitico.mx\/?author=2"},"category_info":"<a href=\"https:\/\/quehacerpolitico.mx\/?cat=2\" rel=\"category\">Noticias<\/a>","tag_info":"Noticias","comment_count":"0","_links":{"self":[{"href":"https:\/\/quehacerpolitico.mx\/index.php?rest_route=\/wp\/v2\/posts\/88381","targetHints":{"allow":["GET"]}}],"collection":[{"href":"https:\/\/quehacerpolitico.mx\/index.php?rest_route=\/wp\/v2\/posts"}],"about":[{"href":"https:\/\/quehacerpolitico.mx\/index.php?rest_route=\/wp\/v2\/types\/post"}],"author":[{"embeddable":true,"href":"https:\/\/quehacerpolitico.mx\/index.php?rest_route=\/wp\/v2\/users\/2"}],"replies":[{"embeddable":true,"href":"https:\/\/quehacerpolitico.mx\/index.php?rest_route=%2Fwp%2Fv2%2Fcomments&post=88381"}],"version-history":[{"count":1,"href":"https:\/\/quehacerpolitico.mx\/index.php?rest_route=\/wp\/v2\/posts\/88381\/revisions"}],"predecessor-version":[{"id":88383,"href":"https:\/\/quehacerpolitico.mx\/index.php?rest_route=\/wp\/v2\/posts\/88381\/revisions\/88383"}],"wp:featuredmedia":[{"embeddable":true,"href":"https:\/\/quehacerpolitico.mx\/index.php?rest_route=\/wp\/v2\/media\/88382"}],"wp:attachment":[{"href":"https:\/\/quehacerpolitico.mx\/index.php?rest_route=%2Fwp%2Fv2%2Fmedia&parent=88381"}],"wp:term":[{"taxonomy":"category","embeddable":true,"href":"https:\/\/quehacerpolitico.mx\/index.php?rest_route=%2Fwp%2Fv2%2Fcategories&post=88381"},{"taxonomy":"post_tag","embeddable":true,"href":"https:\/\/quehacerpolitico.mx\/index.php?rest_route=%2Fwp%2Fv2%2Ftags&post=88381"}],"curies":[{"name":"wp","href":"https:\/\/api.w.org\/{rel}","templated":true}]}}