{"id":88176,"date":"2022-01-10T02:44:46","date_gmt":"2022-01-10T02:44:46","guid":{"rendered":"https:\/\/quehacerpolitico.mx\/?p=88176"},"modified":"2022-01-10T02:44:49","modified_gmt":"2022-01-10T02:44:49","slug":"giran-ordenes-de-aprehension-contra-garcia-luna-cardenas-palomino-y-el-chapo-por-rapido-y-furioso","status":"publish","type":"post","link":"https:\/\/quehacerpolitico.mx\/?p=88176","title":{"rendered":"Giran \u00f3rdenes de aprehensi\u00f3n contra Garc\u00eda Luna, C\u00e1rdenas Palomino y \u2018El Chapo\u2019 por \u2018R\u00e1pido y Furioso\u2019"},"content":{"rendered":"\n<p>Por Redacci\u00f3n QP<\/p>\n\n\n\n<p>Un juez federal libr\u00f3 \u00f3rdenes de aprehensi\u00f3n en contra de siete personas, entre ellos estos dos exfuncionarios, por su participaci\u00f3n en el caso denominado \u201cR\u00e1pido y furioso\u201d<\/p>\n\n\n\n<ul class=\"wp-block-list\"><li>Tambi\u00e9n se logr\u00f3 una \u00f3rden de aprehensi\u00f3n en contra del narcotraficante mexicano Joaqu\u00edn \u201cEl Chapo\u201d Guzm\u00e1n<\/li><li>El operativo R\u00e1pido y Furioso se realiz\u00f3 en 2009 durante el gobierno de Felipe Calder\u00f3n Hinojosa<\/li><\/ul>\n\n\n\n<p>La\u00a0<strong>Fiscal\u00eda General de la Rep\u00fablica (FGR)<\/strong>inform\u00f3 este domingo 9 de enero de 2021 que un juez federal libr\u00f3 \u00f3rdenes de aprehensi\u00f3n en contra de siete personas, por su participaci\u00f3n en el caso denominado\u00a0<strong>\u201cR\u00e1pido y furioso\u201d<\/strong>, realizado por\u00a0<strong>Washington<\/strong>\u00a0hace poco m\u00e1s de una d\u00e9cada.<\/p>\n\n\n\n<p>En un comunicado, la dependencia inform\u00f3 que, las \u00f3rdenes de captura fueron giradas contra\u00a0<strong>Genaro Garc\u00eda Luna<\/strong>, ex Secretario de Seguridad P\u00fablica Federal en el Gobierno de\u00a0<strong>Felipe Calder\u00f3n<\/strong>\u00a0(2006-2012); as\u00ed como de<strong>Luis C\u00e1rdenas Palomino<\/strong>, Coordinador de Inteligencia de dicha Polic\u00eda; y quienes se encuentran recluidos en prisiones de alta seguridad, tanto en Estados Unidos, como en M\u00e9xico.<\/p>\n\n\n\n<p>Adem\u00e1s, tambi\u00e9n se logr\u00f3 una \u00f3rden de aprehensi\u00f3n en contra del narcotraficante mexicano&nbsp;<strong>Joaqu\u00edn \u201cEl Chapo\u201d Guzm\u00e1n<\/strong>, \u201cquien, durante un largo lapso, fue l\u00edder de la organizaci\u00f3n delictiva destinataria de las armas\u201d, precis\u00f3.<\/p>\n\n\n\n<p>El operativo R\u00e1pido y Furioso se realiz\u00f3 en 2009 durante el gobierno de Calder\u00f3n Hinojosa, el cual tuvo por objeto&nbsp;<strong>traficar ilegalmente m\u00e1s de 2,000 armas<\/strong>&nbsp;de fuego de los Estados Unidos a M\u00e9xico, con el supuesto objeto de identificar a sus usuarios; \u201clo cual es ilegal e inadmisible\u201d.<\/p>\n\n\n\n<blockquote class=\"wp-block-quote is-layout-flow wp-block-quote-is-layout-flow\"><p>\u201cDe conformidad con las investigaciones desarrolladas por el Departamento de Justicia de los Estados Unidos, se obtuvo la informaci\u00f3n necesaria para establecer dicho tr\u00e1fico ilegal de armas de fuego, que fueron utilizadas en diversos delitos de sangre en el pa\u00eds, desde al a\u00f1o de 2009 hasta fechas recientes\u201d, indic\u00f3 la FGR.<\/p><\/blockquote>\n\n\n\n<p>La FGR inform\u00f3 adem\u00e1s que de acuerdo con las investigaciones \u201cse pudo establecer que dichas armas no solamente fueron introducidas ilegalmente al pa\u00eds, sino que tambi\u00e9n han sido utilizadas en diversos actos criminales, que ya han sido investigados y procesados en M\u00e9xico\u201d.<\/p>\n\n\n\n<p>El impacto del operativo, que se realiz\u00f3 entre 2009 y 2011 por la\u00a0<strong>Agencia de Alcohol, Tabaco, Armas de Fuego y Explosivos<\/strong>\u00a0(ATF, por sus siglas en ingl\u00e9s), ha ganado notoriedad bajo el actual Gobierno mexicano por las cr\u00edticas al tr\u00e1fico de armas de origen estadounidense, con las que se cometen el 70 % de los delitos en M\u00e9xico, seg\u00fan ha dicho\u00a0<strong>la Secretar\u00eda de Relaciones Exteriores<\/strong>.<\/p>\n\n\n\n<p>De Estados Unidos ingresan 200,000 armas de fuego de manera ilegal cada a\u00f1o, de acuerdo con la&nbsp;<strong>Secretar\u00eda de Defensa Nacional (Sedena)<\/strong>.<\/p>\n\n\n\n<p>Genaro Garc\u00eda Luna, se encuentra detenido desde 2019 en una c\u00e1rcel de\u00a0<strong>Brooklyn, Nueva York<\/strong>, a la espera de su juicio ante una corte federal de Estados Unidos.<\/p>\n\n\n\n<p>El 5 de julio de 2021,\u00a0Cardenas Palomino fue detenido en M\u00e9xico por integrantes de la Secretar\u00eda de Marina, el Centro Nacional de Inteligencia y la Comisi\u00f3n Nacional Antisecuestros y procesado por un delito de tortura por un suceso de 2012 relacionado con\u00a0<strong>el caso de la francesa Florence Cassez<\/strong>.<\/p>\n\n\n\n<p>Con Informaci\u00f3n de EFE <\/p>\n","protected":false},"excerpt":{"rendered":"<p>Por Redacci\u00f3n QP Un juez federal libr\u00f3 \u00f3rdenes de aprehensi\u00f3n en contra de siete personas,&#8230;<\/p>\n","protected":false},"author":2,"featured_media":88177,"comment_status":"open","ping_status":"open","sticky":false,"template":"","format":"standard","meta":{"_monsterinsights_skip_tracking":false,"_monsterinsights_sitenote_active":false,"_monsterinsights_sitenote_note":"","_monsterinsights_sitenote_category":0,"footnotes":""},"categories":[2],"tags":[],"class_list":["post-88176","post","type-post","status-publish","format-standard","has-post-thumbnail","hentry","category-noticias"],"yoast_head":"<!-- This site is optimized with the Yoast SEO plugin v27.3 - https:\/\/yoast.com\/product\/yoast-seo-wordpress\/ -->\n<title>Giran \u00f3rdenes de aprehensi\u00f3n contra Garc\u00eda Luna, C\u00e1rdenas Palomino y \u2018El Chapo\u2019 por \u2018R\u00e1pido y Furioso\u2019 -<\/title>\n<meta name=\"robots\" content=\"index, follow, max-snippet:-1, max-image-preview:large, max-video-preview:-1\" \/>\n<link rel=\"canonical\" href=\"https:\/\/quehacerpolitico.mx\/?p=88176\" \/>\n<meta property=\"og:locale\" content=\"es_MX\" \/>\n<meta property=\"og:type\" content=\"article\" \/>\n<meta property=\"og:title\" content=\"Giran \u00f3rdenes de aprehensi\u00f3n contra Garc\u00eda Luna, C\u00e1rdenas Palomino y \u2018El Chapo\u2019 por \u2018R\u00e1pido y Furioso\u2019 -\" \/>\n<meta property=\"og:description\" content=\"Por Redacci\u00f3n QP Un juez federal libr\u00f3 \u00f3rdenes de aprehensi\u00f3n en contra de siete personas,...\" \/>\n<meta property=\"og:url\" content=\"https:\/\/quehacerpolitico.mx\/?p=88176\" \/>\n<meta property=\"article:published_time\" content=\"2022-01-10T02:44:46+00:00\" \/>\n<meta property=\"article:modified_time\" content=\"2022-01-10T02:44:49+00:00\" \/>\n<meta property=\"og:image\" content=\"https:\/\/quehacerpolitico.mx\/wp-content\/uploads\/2022\/01\/82442756-FDA7-40CA-8751-4FC56566D697.jpeg\" \/>\n\t<meta property=\"og:image:width\" content=\"767\" \/>\n\t<meta property=\"og:image:height\" content=\"400\" \/>\n\t<meta property=\"og:image:type\" content=\"image\/jpeg\" \/>\n<meta name=\"author\" content=\"Redacci\u00f3n QP\" \/>\n<meta name=\"twitter:card\" content=\"summary_large_image\" \/>\n<meta name=\"twitter:label1\" content=\"Escrito por\" \/>\n\t<meta name=\"twitter:data1\" content=\"Redacci\u00f3n QP\" \/>\n\t<meta name=\"twitter:label2\" content=\"Tiempo de lectura\" \/>\n\t<meta name=\"twitter:data2\" content=\"3 minutos\" \/>\n<script type=\"application\/ld+json\" class=\"yoast-schema-graph\">{\"@context\":\"https:\\\/\\\/schema.org\",\"@graph\":[{\"@type\":\"Article\",\"@id\":\"https:\\\/\\\/quehacerpolitico.mx\\\/?p=88176#article\",\"isPartOf\":{\"@id\":\"https:\\\/\\\/quehacerpolitico.mx\\\/?p=88176\"},\"author\":{\"name\":\"Redacci\u00f3n QP\",\"@id\":\"https:\\\/\\\/quehacerpolitico.mx\\\/#\\\/schema\\\/person\\\/496d8ad2d1d3f8036101dca7ee39e585\"},\"headline\":\"Giran \u00f3rdenes de aprehensi\u00f3n contra Garc\u00eda Luna, C\u00e1rdenas Palomino y \u2018El Chapo\u2019 por \u2018R\u00e1pido y Furioso\u2019\",\"datePublished\":\"2022-01-10T02:44:46+00:00\",\"dateModified\":\"2022-01-10T02:44:49+00:00\",\"mainEntityOfPage\":{\"@id\":\"https:\\\/\\\/quehacerpolitico.mx\\\/?p=88176\"},\"wordCount\":578,\"commentCount\":0,\"image\":{\"@id\":\"https:\\\/\\\/quehacerpolitico.mx\\\/?p=88176#primaryimage\"},\"thumbnailUrl\":\"https:\\\/\\\/quehacerpolitico.mx\\\/wp-content\\\/uploads\\\/2022\\\/01\\\/82442756-FDA7-40CA-8751-4FC56566D697.jpeg\",\"articleSection\":[\"Noticias\"],\"inLanguage\":\"es\",\"potentialAction\":[{\"@type\":\"CommentAction\",\"name\":\"Comment\",\"target\":[\"https:\\\/\\\/quehacerpolitico.mx\\\/?p=88176#respond\"]}]},{\"@type\":\"WebPage\",\"@id\":\"https:\\\/\\\/quehacerpolitico.mx\\\/?p=88176\",\"url\":\"https:\\\/\\\/quehacerpolitico.mx\\\/?p=88176\",\"name\":\"Giran \u00f3rdenes de aprehensi\u00f3n contra Garc\u00eda Luna, C\u00e1rdenas Palomino y \u2018El Chapo\u2019 por \u2018R\u00e1pido y Furioso\u2019 -\",\"isPartOf\":{\"@id\":\"https:\\\/\\\/quehacerpolitico.mx\\\/#website\"},\"primaryImageOfPage\":{\"@id\":\"https:\\\/\\\/quehacerpolitico.mx\\\/?p=88176#primaryimage\"},\"image\":{\"@id\":\"https:\\\/\\\/quehacerpolitico.mx\\\/?p=88176#primaryimage\"},\"thumbnailUrl\":\"https:\\\/\\\/quehacerpolitico.mx\\\/wp-content\\\/uploads\\\/2022\\\/01\\\/82442756-FDA7-40CA-8751-4FC56566D697.jpeg\",\"datePublished\":\"2022-01-10T02:44:46+00:00\",\"dateModified\":\"2022-01-10T02:44:49+00:00\",\"author\":{\"@id\":\"https:\\\/\\\/quehacerpolitico.mx\\\/#\\\/schema\\\/person\\\/496d8ad2d1d3f8036101dca7ee39e585\"},\"breadcrumb\":{\"@id\":\"https:\\\/\\\/quehacerpolitico.mx\\\/?p=88176#breadcrumb\"},\"inLanguage\":\"es\",\"potentialAction\":[{\"@type\":\"ReadAction\",\"target\":[\"https:\\\/\\\/quehacerpolitico.mx\\\/?p=88176\"]}]},{\"@type\":\"ImageObject\",\"inLanguage\":\"es\",\"@id\":\"https:\\\/\\\/quehacerpolitico.mx\\\/?p=88176#primaryimage\",\"url\":\"https:\\\/\\\/quehacerpolitico.mx\\\/wp-content\\\/uploads\\\/2022\\\/01\\\/82442756-FDA7-40CA-8751-4FC56566D697.jpeg\",\"contentUrl\":\"https:\\\/\\\/quehacerpolitico.mx\\\/wp-content\\\/uploads\\\/2022\\\/01\\\/82442756-FDA7-40CA-8751-4FC56566D697.jpeg\",\"width\":767,\"height\":400},{\"@type\":\"BreadcrumbList\",\"@id\":\"https:\\\/\\\/quehacerpolitico.mx\\\/?p=88176#breadcrumb\",\"itemListElement\":[{\"@type\":\"ListItem\",\"position\":1,\"name\":\"Inicio\",\"item\":\"https:\\\/\\\/quehacerpolitico.mx\\\/\"},{\"@type\":\"ListItem\",\"position\":2,\"name\":\"Giran \u00f3rdenes de aprehensi\u00f3n contra Garc\u00eda Luna, C\u00e1rdenas Palomino y \u2018El Chapo\u2019 por \u2018R\u00e1pido y Furioso\u2019\"}]},{\"@type\":\"WebSite\",\"@id\":\"https:\\\/\\\/quehacerpolitico.mx\\\/#website\",\"url\":\"https:\\\/\\\/quehacerpolitico.mx\\\/\",\"name\":\"\",\"description\":\"\",\"potentialAction\":[{\"@type\":\"SearchAction\",\"target\":{\"@type\":\"EntryPoint\",\"urlTemplate\":\"https:\\\/\\\/quehacerpolitico.mx\\\/?s={search_term_string}\"},\"query-input\":{\"@type\":\"PropertyValueSpecification\",\"valueRequired\":true,\"valueName\":\"search_term_string\"}}],\"inLanguage\":\"es\"},{\"@type\":\"Person\",\"@id\":\"https:\\\/\\\/quehacerpolitico.mx\\\/#\\\/schema\\\/person\\\/496d8ad2d1d3f8036101dca7ee39e585\",\"name\":\"Redacci\u00f3n QP\",\"image\":{\"@type\":\"ImageObject\",\"inLanguage\":\"es\",\"@id\":\"https:\\\/\\\/secure.gravatar.com\\\/avatar\\\/c7164ed6fdec453195284ad24a5ae5b6e1eed2b848477fa2a4787ba9adf39a41?s=96&d=mm&r=g\",\"url\":\"https:\\\/\\\/secure.gravatar.com\\\/avatar\\\/c7164ed6fdec453195284ad24a5ae5b6e1eed2b848477fa2a4787ba9adf39a41?s=96&d=mm&r=g\",\"contentUrl\":\"https:\\\/\\\/secure.gravatar.com\\\/avatar\\\/c7164ed6fdec453195284ad24a5ae5b6e1eed2b848477fa2a4787ba9adf39a41?s=96&d=mm&r=g\",\"caption\":\"Redacci\u00f3n QP\"},\"url\":\"https:\\\/\\\/quehacerpolitico.mx\\\/?author=2\"}]}<\/script>\n<!-- \/ Yoast SEO plugin. -->","yoast_head_json":{"title":"Giran \u00f3rdenes de aprehensi\u00f3n contra Garc\u00eda Luna, C\u00e1rdenas Palomino y \u2018El Chapo\u2019 por \u2018R\u00e1pido y Furioso\u2019 -","robots":{"index":"index","follow":"follow","max-snippet":"max-snippet:-1","max-image-preview":"max-image-preview:large","max-video-preview":"max-video-preview:-1"},"canonical":"https:\/\/quehacerpolitico.mx\/?p=88176","og_locale":"es_MX","og_type":"article","og_title":"Giran \u00f3rdenes de aprehensi\u00f3n contra Garc\u00eda Luna, C\u00e1rdenas Palomino y \u2018El Chapo\u2019 por \u2018R\u00e1pido y Furioso\u2019 -","og_description":"Por Redacci\u00f3n QP Un juez federal libr\u00f3 \u00f3rdenes de aprehensi\u00f3n en contra de siete personas,...","og_url":"https:\/\/quehacerpolitico.mx\/?p=88176","article_published_time":"2022-01-10T02:44:46+00:00","article_modified_time":"2022-01-10T02:44:49+00:00","og_image":[{"width":767,"height":400,"url":"https:\/\/quehacerpolitico.mx\/wp-content\/uploads\/2022\/01\/82442756-FDA7-40CA-8751-4FC56566D697.jpeg","type":"image\/jpeg"}],"author":"Redacci\u00f3n QP","twitter_card":"summary_large_image","twitter_misc":{"Escrito por":"Redacci\u00f3n QP","Tiempo de lectura":"3 minutos"},"schema":{"@context":"https:\/\/schema.org","@graph":[{"@type":"Article","@id":"https:\/\/quehacerpolitico.mx\/?p=88176#article","isPartOf":{"@id":"https:\/\/quehacerpolitico.mx\/?p=88176"},"author":{"name":"Redacci\u00f3n QP","@id":"https:\/\/quehacerpolitico.mx\/#\/schema\/person\/496d8ad2d1d3f8036101dca7ee39e585"},"headline":"Giran \u00f3rdenes de aprehensi\u00f3n contra Garc\u00eda Luna, C\u00e1rdenas Palomino y \u2018El Chapo\u2019 por \u2018R\u00e1pido y Furioso\u2019","datePublished":"2022-01-10T02:44:46+00:00","dateModified":"2022-01-10T02:44:49+00:00","mainEntityOfPage":{"@id":"https:\/\/quehacerpolitico.mx\/?p=88176"},"wordCount":578,"commentCount":0,"image":{"@id":"https:\/\/quehacerpolitico.mx\/?p=88176#primaryimage"},"thumbnailUrl":"https:\/\/quehacerpolitico.mx\/wp-content\/uploads\/2022\/01\/82442756-FDA7-40CA-8751-4FC56566D697.jpeg","articleSection":["Noticias"],"inLanguage":"es","potentialAction":[{"@type":"CommentAction","name":"Comment","target":["https:\/\/quehacerpolitico.mx\/?p=88176#respond"]}]},{"@type":"WebPage","@id":"https:\/\/quehacerpolitico.mx\/?p=88176","url":"https:\/\/quehacerpolitico.mx\/?p=88176","name":"Giran \u00f3rdenes de aprehensi\u00f3n contra Garc\u00eda Luna, C\u00e1rdenas Palomino y \u2018El Chapo\u2019 por \u2018R\u00e1pido y Furioso\u2019 -","isPartOf":{"@id":"https:\/\/quehacerpolitico.mx\/#website"},"primaryImageOfPage":{"@id":"https:\/\/quehacerpolitico.mx\/?p=88176#primaryimage"},"image":{"@id":"https:\/\/quehacerpolitico.mx\/?p=88176#primaryimage"},"thumbnailUrl":"https:\/\/quehacerpolitico.mx\/wp-content\/uploads\/2022\/01\/82442756-FDA7-40CA-8751-4FC56566D697.jpeg","datePublished":"2022-01-10T02:44:46+00:00","dateModified":"2022-01-10T02:44:49+00:00","author":{"@id":"https:\/\/quehacerpolitico.mx\/#\/schema\/person\/496d8ad2d1d3f8036101dca7ee39e585"},"breadcrumb":{"@id":"https:\/\/quehacerpolitico.mx\/?p=88176#breadcrumb"},"inLanguage":"es","potentialAction":[{"@type":"ReadAction","target":["https:\/\/quehacerpolitico.mx\/?p=88176"]}]},{"@type":"ImageObject","inLanguage":"es","@id":"https:\/\/quehacerpolitico.mx\/?p=88176#primaryimage","url":"https:\/\/quehacerpolitico.mx\/wp-content\/uploads\/2022\/01\/82442756-FDA7-40CA-8751-4FC56566D697.jpeg","contentUrl":"https:\/\/quehacerpolitico.mx\/wp-content\/uploads\/2022\/01\/82442756-FDA7-40CA-8751-4FC56566D697.jpeg","width":767,"height":400},{"@type":"BreadcrumbList","@id":"https:\/\/quehacerpolitico.mx\/?p=88176#breadcrumb","itemListElement":[{"@type":"ListItem","position":1,"name":"Inicio","item":"https:\/\/quehacerpolitico.mx\/"},{"@type":"ListItem","position":2,"name":"Giran \u00f3rdenes de aprehensi\u00f3n contra Garc\u00eda Luna, C\u00e1rdenas Palomino y \u2018El Chapo\u2019 por \u2018R\u00e1pido y Furioso\u2019"}]},{"@type":"WebSite","@id":"https:\/\/quehacerpolitico.mx\/#website","url":"https:\/\/quehacerpolitico.mx\/","name":"","description":"","potentialAction":[{"@type":"SearchAction","target":{"@type":"EntryPoint","urlTemplate":"https:\/\/quehacerpolitico.mx\/?s={search_term_string}"},"query-input":{"@type":"PropertyValueSpecification","valueRequired":true,"valueName":"search_term_string"}}],"inLanguage":"es"},{"@type":"Person","@id":"https:\/\/quehacerpolitico.mx\/#\/schema\/person\/496d8ad2d1d3f8036101dca7ee39e585","name":"Redacci\u00f3n QP","image":{"@type":"ImageObject","inLanguage":"es","@id":"https:\/\/secure.gravatar.com\/avatar\/c7164ed6fdec453195284ad24a5ae5b6e1eed2b848477fa2a4787ba9adf39a41?s=96&d=mm&r=g","url":"https:\/\/secure.gravatar.com\/avatar\/c7164ed6fdec453195284ad24a5ae5b6e1eed2b848477fa2a4787ba9adf39a41?s=96&d=mm&r=g","contentUrl":"https:\/\/secure.gravatar.com\/avatar\/c7164ed6fdec453195284ad24a5ae5b6e1eed2b848477fa2a4787ba9adf39a41?s=96&d=mm&r=g","caption":"Redacci\u00f3n QP"},"url":"https:\/\/quehacerpolitico.mx\/?author=2"}]}},"featured_image_urls":{"full":["https:\/\/quehacerpolitico.mx\/wp-content\/uploads\/2022\/01\/82442756-FDA7-40CA-8751-4FC56566D697.jpeg",767,400,false],"thumbnail":["https:\/\/quehacerpolitico.mx\/wp-content\/uploads\/2022\/01\/82442756-FDA7-40CA-8751-4FC56566D697-150x150.jpeg",150,150,true],"medium":["https:\/\/quehacerpolitico.mx\/wp-content\/uploads\/2022\/01\/82442756-FDA7-40CA-8751-4FC56566D697-300x156.jpeg",300,156,true],"medium_large":["https:\/\/quehacerpolitico.mx\/wp-content\/uploads\/2022\/01\/82442756-FDA7-40CA-8751-4FC56566D697.jpeg",640,334,false],"large":["https:\/\/quehacerpolitico.mx\/wp-content\/uploads\/2022\/01\/82442756-FDA7-40CA-8751-4FC56566D697.jpeg",640,334,false],"1536x1536":["https:\/\/quehacerpolitico.mx\/wp-content\/uploads\/2022\/01\/82442756-FDA7-40CA-8751-4FC56566D697.jpeg",767,400,false],"2048x2048":["https:\/\/quehacerpolitico.mx\/wp-content\/uploads\/2022\/01\/82442756-FDA7-40CA-8751-4FC56566D697.jpeg",767,400,false],"covernews-featured":["https:\/\/quehacerpolitico.mx\/wp-content\/uploads\/2022\/01\/82442756-FDA7-40CA-8751-4FC56566D697.jpeg",767,400,false],"covernews-medium":["https:\/\/quehacerpolitico.mx\/wp-content\/uploads\/2022\/01\/82442756-FDA7-40CA-8751-4FC56566D697.jpeg",540,282,false]},"author_info":{"display_name":"Redacci\u00f3n QP","author_link":"https:\/\/quehacerpolitico.mx\/?author=2"},"category_info":"<a href=\"https:\/\/quehacerpolitico.mx\/?cat=2\" rel=\"category\">Noticias<\/a>","tag_info":"Noticias","comment_count":"0","_links":{"self":[{"href":"https:\/\/quehacerpolitico.mx\/index.php?rest_route=\/wp\/v2\/posts\/88176","targetHints":{"allow":["GET"]}}],"collection":[{"href":"https:\/\/quehacerpolitico.mx\/index.php?rest_route=\/wp\/v2\/posts"}],"about":[{"href":"https:\/\/quehacerpolitico.mx\/index.php?rest_route=\/wp\/v2\/types\/post"}],"author":[{"embeddable":true,"href":"https:\/\/quehacerpolitico.mx\/index.php?rest_route=\/wp\/v2\/users\/2"}],"replies":[{"embeddable":true,"href":"https:\/\/quehacerpolitico.mx\/index.php?rest_route=%2Fwp%2Fv2%2Fcomments&post=88176"}],"version-history":[{"count":1,"href":"https:\/\/quehacerpolitico.mx\/index.php?rest_route=\/wp\/v2\/posts\/88176\/revisions"}],"predecessor-version":[{"id":88178,"href":"https:\/\/quehacerpolitico.mx\/index.php?rest_route=\/wp\/v2\/posts\/88176\/revisions\/88178"}],"wp:featuredmedia":[{"embeddable":true,"href":"https:\/\/quehacerpolitico.mx\/index.php?rest_route=\/wp\/v2\/media\/88177"}],"wp:attachment":[{"href":"https:\/\/quehacerpolitico.mx\/index.php?rest_route=%2Fwp%2Fv2%2Fmedia&parent=88176"}],"wp:term":[{"taxonomy":"category","embeddable":true,"href":"https:\/\/quehacerpolitico.mx\/index.php?rest_route=%2Fwp%2Fv2%2Fcategories&post=88176"},{"taxonomy":"post_tag","embeddable":true,"href":"https:\/\/quehacerpolitico.mx\/index.php?rest_route=%2Fwp%2Fv2%2Ftags&post=88176"}],"curies":[{"name":"wp","href":"https:\/\/api.w.org\/{rel}","templated":true}]}}