{"id":88173,"date":"2022-01-08T22:23:29","date_gmt":"2022-01-08T22:23:29","guid":{"rendered":"https:\/\/quehacerpolitico.mx\/?p=88173"},"modified":"2022-01-08T22:23:32","modified_gmt":"2022-01-08T22:23:32","slug":"del-verso-romantico-al-patriotico-francisco-gonzalez-bocanegra","status":"publish","type":"post","link":"https:\/\/quehacerpolitico.mx\/?p=88173","title":{"rendered":"Del verso rom\u00e1ntico al patri\u00f3tico: Francisco Gonz\u00e1lez Bocanegra"},"content":{"rendered":"\n<p>Por Redacci\u00f3n QP<\/p>\n\n\n\n<p>Hoy s\u00e1bado 8 de enero se celebra el natalicio del c\u00e9lebre autor del Himno Nacional Mexicano: Francisco Gonz\u00e1lez Bocanegra, quien tambi\u00e9n escribi\u00f3 teatro y poes\u00eda<\/p>\n\n\n\n<p><strong>Francisco Gonz\u00e1lez Bocanegra<\/strong>, c\u00e9lebre por ser el&nbsp;<strong>autor del texto del Himno Nacional Mexicano,<\/strong>naci\u00f3 un 8 de enero (1824) en San Luis Potos\u00ed. Su nombre completo fue&nbsp;<strong>Francisco de Paula Luciano Jos\u00e9 Antonio Agust\u00edn del Carmen de San Rafael Gonz\u00e1lez Bocanegra<\/strong>, y al igual que su caudal de nombres de pila poco se conoce ahora del resto de su obra, que abarca poes\u00eda, dramaturgia y cr\u00edtica teatral en formato de colaboraciones period\u00edsticas.<\/p>\n\n\n\n<p>El vate&nbsp;<strong>pas\u00f3 parte de su infancia en Espa\u00f1a,<\/strong>&nbsp;al ser desterrada su familia tras la Independencia. Fue hijo del militar espa\u00f1ol Jos\u00e9 Mar\u00eda Gonz\u00e1lez Y\u00e1\u00f1ez y de la mexicana Francisca Bocanegra (hermana de Jos\u00e9 Mar\u00eda Bocanegra, quien fuera presidente interino de M\u00e9xico por un brev\u00edsimo periodo de siete d\u00edas, en 1829).<\/p>\n\n\n\n<p>Al volver a M\u00e9xico, muy pronto Francisco se instal\u00f3 en la capital. Al terminar su adolescencia\u00a0<strong>se acerc\u00f3 a la Academia de Letr\u00e1n y al Liceo Hidalgo, en busca de un ambiente literario para sus aspiraciones.<\/strong>\u00a0Para ganarse el sustento cotidiano se dedic\u00f3 primero al comercio, m\u00e1s tarde entr\u00f3 a la funci\u00f3n p\u00fablica.<\/p>\n\n\n\n<blockquote class=\"wp-block-quote is-layout-flow wp-block-quote-is-layout-flow\"><p>&#8220;Mis cantos son la postrimera ofrenda<\/p><p>que he consagrado a la mujer que adoro;<\/p><p>ellas han sido de mi amor la prenda,<\/p><p>prenda regada con mi amargo lloro&#8221;.<\/p><p>Estrofa del poema &#8220;Flores de coraz\u00f3n&#8221;<\/p><\/blockquote>\n\n\n\n<p>Fiel a la usanza de la \u00e9poca, el poeta se cas\u00f3 con su prima, Guadalupe Gonz\u00e1lez del Pino y Villalpando. Gracias al impulso de ella se tiene actualmente el texto del Himno Nacional, seg\u00fan cuenta la famosa an\u00e9cdota.&nbsp;<strong>Fue a finales de 1853, durante el mandato de Antonio L\u00f3pez de Santa Anna, cuando se publicaron las convocatorias para el nuevo himno de la naciente naci\u00f3n mexicana.<\/strong>&nbsp;El gobierno llamaba a los conciudadanos a un concurso p\u00fablico para elegir el texto y m\u00fasica: Francisco Gonz\u00e1lez Bocanegra era apto para participar, pero rejego para compartir sus textos, por lo que su esposa lo exhort\u00f3 (mediante un encierro) a escribir unos versos para presentar al certamen. A la postre, como sabemos,&nbsp;<strong>el himno escrito por Gonz\u00e1lez Bocanegra fue el ganador, con dos agravantes: no recibi\u00f3 el reconocimiento debido en su momento, y tras la ca\u00edda de Santa Anna el himno dej\u00f3 de ser oficial por unos a\u00f1os.<\/strong><\/p>\n\n\n\n<h2 class=\"wp-block-heading\">Francisco Gonz\u00e1lez Bocanegra, entre el teatro y la poes\u00eda<\/h2>\n\n\n\n<p><strong>Como escritor para teatro<\/strong>, Bocanegra vio en vida representada su obra titulada\u00a0<em>&#8220;Vasco N\u00fa\u00f1ez de Balboa&#8221;<\/em>, un drama basado en el personaje hist\u00f3rico. La obra solo tuvo dos funciones y seg\u00fan los testimonios de la \u00e9poca\u00a0<strong>gust\u00f3 al p\u00fablico y disgust\u00f3 a los cr\u00edticos.<\/strong>\u00a0A su muerte (en 1861) dej\u00f3 inconclusa una segunda pieza teatral, de la que solo escribi\u00f3 un acto:\u00a0<em>&#8220;Faltas y expiaci\u00f3n&#8221;<\/em>. Su obra po\u00e9tica la comparti\u00f3 en vida en publicaciones como\u00a0<em>La Ilustraci\u00f3n Mexicana<\/em>,\u00a0<em>Presente Amistoso<\/em>,\u00a0<em>\u00c1lbum de se\u00f1oritas<\/em>\u00a0y<em>\u00a0Diario Oficial<\/em>, del cual lleg\u00f3 a ser director.<\/p>\n\n\n\n<blockquote class=\"wp-block-quote is-layout-flow wp-block-quote-is-layout-flow\"><p>&#8220;Vuelva altivo a los patrios hogares<\/p><p>el guerrero a contar su victoria,<\/p><p>ostentando las palmas de gloria<\/p><p>que supiera en la lid conquistar&#8221;.<\/p><p>Extracto del Himno Nacional Mexicano<\/p><\/blockquote>\n\n\n\n<p>Estil\u00edsticamente&nbsp; Bocanegra&nbsp;<strong>se inserta en la tradici\u00f3n rom\u00e1ntica, ya de salida en Europa pero todav\u00eda en auge en la mitad del siglo XIX en Am\u00e9rica.<\/strong>&nbsp;Junto a sus versos, otra evidencia de ello son sus juicios teatrales, tambi\u00e9n obnubilados por la moral decimon\u00f3nica. Af\u00edn a la tradici\u00f3n po\u00e9tica intimista, sus poemas son autobiogr\u00e1ficos; en ellos aparece la imagen de la musa, Elisa, un personaje femenino basado en su pareja. Igualmente escribi\u00f3 poemas patri\u00f3ticos.<\/p>\n\n\n\n<p>Para la literatura mexicana, Francisco Gonz\u00e1lez Bocanegra es el tipo de poeta que en la m\u00fasica se le llama\u00a0<em><strong>&#8220;one hit wonder&#8221;<\/strong><\/em>, es decir,\u00a0<strong>un artista de un solo \u00e9xito: el Himno Nacional.<\/strong>\u00a0<strong>Su obra completa tuvo que esperar casi un siglo para ser reunida y publicada.<\/strong>\u00a0Fue su paisano Joaqu\u00edn Antonio Pe\u00f1alosa quien recopil\u00f3 la totalidad de su obra po\u00e9tica (61 textos)adem\u00e1s de investigar sobre su biograf\u00eda. El libro de Pe\u00f1alosa se public\u00f3 en 1954 dentro del sello editorial Imprenta Universitaria, un volumen de casi medio millar de p\u00e1ginas de escasa circulaci\u00f3n en la actualidad. Miembro de la Academia Mexicana de la Lengua, el sacerdote y poeta Joaqu\u00edn Antonio Pe\u00f1alosa tambi\u00e9n investig\u00f3 la vida y obra de Ignacio Montes de Oca y Luis de G\u00f3ngora.<\/p>\n\n\n\n<h3 class=\"wp-block-heading\">Escucha: Letra completa del Himno Nacional Mexicano<\/h3>\n\n\n\n<figure class=\"wp-block-embed is-type-video is-provider-youtube wp-block-embed-youtube wp-embed-aspect-16-9 wp-has-aspect-ratio\"><div class=\"wp-block-embed__wrapper\">\n<iframe loading=\"lazy\" title=\"Himno Nacional Mexicano (Completo, con letra y audio HQ)\" width=\"640\" height=\"360\" src=\"https:\/\/www.youtube.com\/embed\/S_jmrnarfcU?feature=oembed\" frameborder=\"0\" allow=\"accelerometer; autoplay; clipboard-write; encrypted-media; gyroscope; picture-in-picture; web-share\" referrerpolicy=\"strict-origin-when-cross-origin\" allowfullscreen><\/iframe>\n<\/div><\/figure>\n","protected":false},"excerpt":{"rendered":"<p>Por Redacci\u00f3n QP Hoy s\u00e1bado 8 de enero se celebra el natalicio del c\u00e9lebre autor&#8230;<\/p>\n","protected":false},"author":2,"featured_media":88174,"comment_status":"open","ping_status":"open","sticky":false,"template":"","format":"standard","meta":{"_monsterinsights_skip_tracking":false,"_monsterinsights_sitenote_active":false,"_monsterinsights_sitenote_note":"","_monsterinsights_sitenote_category":0,"footnotes":""},"categories":[58],"tags":[],"class_list":["post-88173","post","type-post","status-publish","format-standard","has-post-thumbnail","hentry","category-cultura"],"yoast_head":"<!-- This site is optimized with the Yoast SEO plugin v27.3 - https:\/\/yoast.com\/product\/yoast-seo-wordpress\/ -->\n<title>Del verso rom\u00e1ntico al patri\u00f3tico: Francisco Gonz\u00e1lez Bocanegra -<\/title>\n<meta name=\"robots\" content=\"index, follow, max-snippet:-1, max-image-preview:large, max-video-preview:-1\" \/>\n<link rel=\"canonical\" href=\"https:\/\/quehacerpolitico.mx\/?p=88173\" \/>\n<meta property=\"og:locale\" content=\"es_MX\" \/>\n<meta property=\"og:type\" content=\"article\" \/>\n<meta property=\"og:title\" content=\"Del verso rom\u00e1ntico al patri\u00f3tico: Francisco Gonz\u00e1lez Bocanegra -\" \/>\n<meta property=\"og:description\" content=\"Por Redacci\u00f3n QP Hoy s\u00e1bado 8 de enero se celebra el natalicio del c\u00e9lebre autor...\" \/>\n<meta property=\"og:url\" content=\"https:\/\/quehacerpolitico.mx\/?p=88173\" \/>\n<meta property=\"article:published_time\" content=\"2022-01-08T22:23:29+00:00\" \/>\n<meta property=\"article:modified_time\" content=\"2022-01-08T22:23:32+00:00\" \/>\n<meta property=\"og:image\" content=\"https:\/\/quehacerpolitico.mx\/wp-content\/uploads\/2022\/01\/9EE7063C-4C4E-4107-B4BD-F34755B796E3.webp\" \/>\n\t<meta property=\"og:image:width\" content=\"355\" \/>\n\t<meta property=\"og:image:height\" content=\"223\" \/>\n\t<meta property=\"og:image:type\" content=\"image\/webp\" \/>\n<meta name=\"author\" content=\"Redacci\u00f3n QP\" \/>\n<meta name=\"twitter:card\" content=\"summary_large_image\" \/>\n<meta name=\"twitter:label1\" content=\"Escrito por\" \/>\n\t<meta name=\"twitter:data1\" content=\"Redacci\u00f3n QP\" \/>\n\t<meta name=\"twitter:label2\" content=\"Tiempo de lectura\" \/>\n\t<meta name=\"twitter:data2\" content=\"4 minutos\" \/>\n<script type=\"application\/ld+json\" class=\"yoast-schema-graph\">{\"@context\":\"https:\\\/\\\/schema.org\",\"@graph\":[{\"@type\":\"Article\",\"@id\":\"https:\\\/\\\/quehacerpolitico.mx\\\/?p=88173#article\",\"isPartOf\":{\"@id\":\"https:\\\/\\\/quehacerpolitico.mx\\\/?p=88173\"},\"author\":{\"name\":\"Redacci\u00f3n QP\",\"@id\":\"https:\\\/\\\/quehacerpolitico.mx\\\/#\\\/schema\\\/person\\\/496d8ad2d1d3f8036101dca7ee39e585\"},\"headline\":\"Del verso rom\u00e1ntico al patri\u00f3tico: Francisco Gonz\u00e1lez Bocanegra\",\"datePublished\":\"2022-01-08T22:23:29+00:00\",\"dateModified\":\"2022-01-08T22:23:32+00:00\",\"mainEntityOfPage\":{\"@id\":\"https:\\\/\\\/quehacerpolitico.mx\\\/?p=88173\"},\"wordCount\":824,\"commentCount\":0,\"image\":{\"@id\":\"https:\\\/\\\/quehacerpolitico.mx\\\/?p=88173#primaryimage\"},\"thumbnailUrl\":\"https:\\\/\\\/quehacerpolitico.mx\\\/wp-content\\\/uploads\\\/2022\\\/01\\\/9EE7063C-4C4E-4107-B4BD-F34755B796E3.webp\",\"articleSection\":[\"Cultura y Entretenimiento\"],\"inLanguage\":\"es\",\"potentialAction\":[{\"@type\":\"CommentAction\",\"name\":\"Comment\",\"target\":[\"https:\\\/\\\/quehacerpolitico.mx\\\/?p=88173#respond\"]}]},{\"@type\":\"WebPage\",\"@id\":\"https:\\\/\\\/quehacerpolitico.mx\\\/?p=88173\",\"url\":\"https:\\\/\\\/quehacerpolitico.mx\\\/?p=88173\",\"name\":\"Del verso rom\u00e1ntico al patri\u00f3tico: Francisco Gonz\u00e1lez Bocanegra -\",\"isPartOf\":{\"@id\":\"https:\\\/\\\/quehacerpolitico.mx\\\/#website\"},\"primaryImageOfPage\":{\"@id\":\"https:\\\/\\\/quehacerpolitico.mx\\\/?p=88173#primaryimage\"},\"image\":{\"@id\":\"https:\\\/\\\/quehacerpolitico.mx\\\/?p=88173#primaryimage\"},\"thumbnailUrl\":\"https:\\\/\\\/quehacerpolitico.mx\\\/wp-content\\\/uploads\\\/2022\\\/01\\\/9EE7063C-4C4E-4107-B4BD-F34755B796E3.webp\",\"datePublished\":\"2022-01-08T22:23:29+00:00\",\"dateModified\":\"2022-01-08T22:23:32+00:00\",\"author\":{\"@id\":\"https:\\\/\\\/quehacerpolitico.mx\\\/#\\\/schema\\\/person\\\/496d8ad2d1d3f8036101dca7ee39e585\"},\"breadcrumb\":{\"@id\":\"https:\\\/\\\/quehacerpolitico.mx\\\/?p=88173#breadcrumb\"},\"inLanguage\":\"es\",\"potentialAction\":[{\"@type\":\"ReadAction\",\"target\":[\"https:\\\/\\\/quehacerpolitico.mx\\\/?p=88173\"]}]},{\"@type\":\"ImageObject\",\"inLanguage\":\"es\",\"@id\":\"https:\\\/\\\/quehacerpolitico.mx\\\/?p=88173#primaryimage\",\"url\":\"https:\\\/\\\/quehacerpolitico.mx\\\/wp-content\\\/uploads\\\/2022\\\/01\\\/9EE7063C-4C4E-4107-B4BD-F34755B796E3.webp\",\"contentUrl\":\"https:\\\/\\\/quehacerpolitico.mx\\\/wp-content\\\/uploads\\\/2022\\\/01\\\/9EE7063C-4C4E-4107-B4BD-F34755B796E3.webp\",\"width\":355,\"height\":223},{\"@type\":\"BreadcrumbList\",\"@id\":\"https:\\\/\\\/quehacerpolitico.mx\\\/?p=88173#breadcrumb\",\"itemListElement\":[{\"@type\":\"ListItem\",\"position\":1,\"name\":\"Inicio\",\"item\":\"https:\\\/\\\/quehacerpolitico.mx\\\/\"},{\"@type\":\"ListItem\",\"position\":2,\"name\":\"Del verso rom\u00e1ntico al patri\u00f3tico: Francisco Gonz\u00e1lez Bocanegra\"}]},{\"@type\":\"WebSite\",\"@id\":\"https:\\\/\\\/quehacerpolitico.mx\\\/#website\",\"url\":\"https:\\\/\\\/quehacerpolitico.mx\\\/\",\"name\":\"\",\"description\":\"\",\"potentialAction\":[{\"@type\":\"SearchAction\",\"target\":{\"@type\":\"EntryPoint\",\"urlTemplate\":\"https:\\\/\\\/quehacerpolitico.mx\\\/?s={search_term_string}\"},\"query-input\":{\"@type\":\"PropertyValueSpecification\",\"valueRequired\":true,\"valueName\":\"search_term_string\"}}],\"inLanguage\":\"es\"},{\"@type\":\"Person\",\"@id\":\"https:\\\/\\\/quehacerpolitico.mx\\\/#\\\/schema\\\/person\\\/496d8ad2d1d3f8036101dca7ee39e585\",\"name\":\"Redacci\u00f3n QP\",\"image\":{\"@type\":\"ImageObject\",\"inLanguage\":\"es\",\"@id\":\"https:\\\/\\\/secure.gravatar.com\\\/avatar\\\/c7164ed6fdec453195284ad24a5ae5b6e1eed2b848477fa2a4787ba9adf39a41?s=96&d=mm&r=g\",\"url\":\"https:\\\/\\\/secure.gravatar.com\\\/avatar\\\/c7164ed6fdec453195284ad24a5ae5b6e1eed2b848477fa2a4787ba9adf39a41?s=96&d=mm&r=g\",\"contentUrl\":\"https:\\\/\\\/secure.gravatar.com\\\/avatar\\\/c7164ed6fdec453195284ad24a5ae5b6e1eed2b848477fa2a4787ba9adf39a41?s=96&d=mm&r=g\",\"caption\":\"Redacci\u00f3n QP\"},\"url\":\"https:\\\/\\\/quehacerpolitico.mx\\\/?author=2\"}]}<\/script>\n<!-- \/ Yoast SEO plugin. -->","yoast_head_json":{"title":"Del verso rom\u00e1ntico al patri\u00f3tico: Francisco Gonz\u00e1lez Bocanegra -","robots":{"index":"index","follow":"follow","max-snippet":"max-snippet:-1","max-image-preview":"max-image-preview:large","max-video-preview":"max-video-preview:-1"},"canonical":"https:\/\/quehacerpolitico.mx\/?p=88173","og_locale":"es_MX","og_type":"article","og_title":"Del verso rom\u00e1ntico al patri\u00f3tico: Francisco Gonz\u00e1lez Bocanegra -","og_description":"Por Redacci\u00f3n QP Hoy s\u00e1bado 8 de enero se celebra el natalicio del c\u00e9lebre autor...","og_url":"https:\/\/quehacerpolitico.mx\/?p=88173","article_published_time":"2022-01-08T22:23:29+00:00","article_modified_time":"2022-01-08T22:23:32+00:00","og_image":[{"width":355,"height":223,"url":"https:\/\/quehacerpolitico.mx\/wp-content\/uploads\/2022\/01\/9EE7063C-4C4E-4107-B4BD-F34755B796E3.webp","type":"image\/webp"}],"author":"Redacci\u00f3n QP","twitter_card":"summary_large_image","twitter_misc":{"Escrito por":"Redacci\u00f3n QP","Tiempo de lectura":"4 minutos"},"schema":{"@context":"https:\/\/schema.org","@graph":[{"@type":"Article","@id":"https:\/\/quehacerpolitico.mx\/?p=88173#article","isPartOf":{"@id":"https:\/\/quehacerpolitico.mx\/?p=88173"},"author":{"name":"Redacci\u00f3n QP","@id":"https:\/\/quehacerpolitico.mx\/#\/schema\/person\/496d8ad2d1d3f8036101dca7ee39e585"},"headline":"Del verso rom\u00e1ntico al patri\u00f3tico: Francisco Gonz\u00e1lez Bocanegra","datePublished":"2022-01-08T22:23:29+00:00","dateModified":"2022-01-08T22:23:32+00:00","mainEntityOfPage":{"@id":"https:\/\/quehacerpolitico.mx\/?p=88173"},"wordCount":824,"commentCount":0,"image":{"@id":"https:\/\/quehacerpolitico.mx\/?p=88173#primaryimage"},"thumbnailUrl":"https:\/\/quehacerpolitico.mx\/wp-content\/uploads\/2022\/01\/9EE7063C-4C4E-4107-B4BD-F34755B796E3.webp","articleSection":["Cultura y Entretenimiento"],"inLanguage":"es","potentialAction":[{"@type":"CommentAction","name":"Comment","target":["https:\/\/quehacerpolitico.mx\/?p=88173#respond"]}]},{"@type":"WebPage","@id":"https:\/\/quehacerpolitico.mx\/?p=88173","url":"https:\/\/quehacerpolitico.mx\/?p=88173","name":"Del verso rom\u00e1ntico al patri\u00f3tico: Francisco Gonz\u00e1lez Bocanegra -","isPartOf":{"@id":"https:\/\/quehacerpolitico.mx\/#website"},"primaryImageOfPage":{"@id":"https:\/\/quehacerpolitico.mx\/?p=88173#primaryimage"},"image":{"@id":"https:\/\/quehacerpolitico.mx\/?p=88173#primaryimage"},"thumbnailUrl":"https:\/\/quehacerpolitico.mx\/wp-content\/uploads\/2022\/01\/9EE7063C-4C4E-4107-B4BD-F34755B796E3.webp","datePublished":"2022-01-08T22:23:29+00:00","dateModified":"2022-01-08T22:23:32+00:00","author":{"@id":"https:\/\/quehacerpolitico.mx\/#\/schema\/person\/496d8ad2d1d3f8036101dca7ee39e585"},"breadcrumb":{"@id":"https:\/\/quehacerpolitico.mx\/?p=88173#breadcrumb"},"inLanguage":"es","potentialAction":[{"@type":"ReadAction","target":["https:\/\/quehacerpolitico.mx\/?p=88173"]}]},{"@type":"ImageObject","inLanguage":"es","@id":"https:\/\/quehacerpolitico.mx\/?p=88173#primaryimage","url":"https:\/\/quehacerpolitico.mx\/wp-content\/uploads\/2022\/01\/9EE7063C-4C4E-4107-B4BD-F34755B796E3.webp","contentUrl":"https:\/\/quehacerpolitico.mx\/wp-content\/uploads\/2022\/01\/9EE7063C-4C4E-4107-B4BD-F34755B796E3.webp","width":355,"height":223},{"@type":"BreadcrumbList","@id":"https:\/\/quehacerpolitico.mx\/?p=88173#breadcrumb","itemListElement":[{"@type":"ListItem","position":1,"name":"Inicio","item":"https:\/\/quehacerpolitico.mx\/"},{"@type":"ListItem","position":2,"name":"Del verso rom\u00e1ntico al patri\u00f3tico: Francisco Gonz\u00e1lez Bocanegra"}]},{"@type":"WebSite","@id":"https:\/\/quehacerpolitico.mx\/#website","url":"https:\/\/quehacerpolitico.mx\/","name":"","description":"","potentialAction":[{"@type":"SearchAction","target":{"@type":"EntryPoint","urlTemplate":"https:\/\/quehacerpolitico.mx\/?s={search_term_string}"},"query-input":{"@type":"PropertyValueSpecification","valueRequired":true,"valueName":"search_term_string"}}],"inLanguage":"es"},{"@type":"Person","@id":"https:\/\/quehacerpolitico.mx\/#\/schema\/person\/496d8ad2d1d3f8036101dca7ee39e585","name":"Redacci\u00f3n QP","image":{"@type":"ImageObject","inLanguage":"es","@id":"https:\/\/secure.gravatar.com\/avatar\/c7164ed6fdec453195284ad24a5ae5b6e1eed2b848477fa2a4787ba9adf39a41?s=96&d=mm&r=g","url":"https:\/\/secure.gravatar.com\/avatar\/c7164ed6fdec453195284ad24a5ae5b6e1eed2b848477fa2a4787ba9adf39a41?s=96&d=mm&r=g","contentUrl":"https:\/\/secure.gravatar.com\/avatar\/c7164ed6fdec453195284ad24a5ae5b6e1eed2b848477fa2a4787ba9adf39a41?s=96&d=mm&r=g","caption":"Redacci\u00f3n QP"},"url":"https:\/\/quehacerpolitico.mx\/?author=2"}]}},"featured_image_urls":{"full":["https:\/\/quehacerpolitico.mx\/wp-content\/uploads\/2022\/01\/9EE7063C-4C4E-4107-B4BD-F34755B796E3.webp",355,223,false],"thumbnail":["https:\/\/quehacerpolitico.mx\/wp-content\/uploads\/2022\/01\/9EE7063C-4C4E-4107-B4BD-F34755B796E3-150x150.webp",150,150,true],"medium":["https:\/\/quehacerpolitico.mx\/wp-content\/uploads\/2022\/01\/9EE7063C-4C4E-4107-B4BD-F34755B796E3-300x188.webp",300,188,true],"medium_large":["https:\/\/quehacerpolitico.mx\/wp-content\/uploads\/2022\/01\/9EE7063C-4C4E-4107-B4BD-F34755B796E3.webp",355,223,false],"large":["https:\/\/quehacerpolitico.mx\/wp-content\/uploads\/2022\/01\/9EE7063C-4C4E-4107-B4BD-F34755B796E3.webp",355,223,false],"1536x1536":["https:\/\/quehacerpolitico.mx\/wp-content\/uploads\/2022\/01\/9EE7063C-4C4E-4107-B4BD-F34755B796E3.webp",355,223,false],"2048x2048":["https:\/\/quehacerpolitico.mx\/wp-content\/uploads\/2022\/01\/9EE7063C-4C4E-4107-B4BD-F34755B796E3.webp",355,223,false],"covernews-featured":["https:\/\/quehacerpolitico.mx\/wp-content\/uploads\/2022\/01\/9EE7063C-4C4E-4107-B4BD-F34755B796E3.webp",355,223,false],"covernews-medium":["https:\/\/quehacerpolitico.mx\/wp-content\/uploads\/2022\/01\/9EE7063C-4C4E-4107-B4BD-F34755B796E3.webp",355,223,false]},"author_info":{"display_name":"Redacci\u00f3n QP","author_link":"https:\/\/quehacerpolitico.mx\/?author=2"},"category_info":"<a href=\"https:\/\/quehacerpolitico.mx\/?cat=58\" rel=\"category\">Cultura y Entretenimiento<\/a>","tag_info":"Cultura y Entretenimiento","comment_count":"0","_links":{"self":[{"href":"https:\/\/quehacerpolitico.mx\/index.php?rest_route=\/wp\/v2\/posts\/88173","targetHints":{"allow":["GET"]}}],"collection":[{"href":"https:\/\/quehacerpolitico.mx\/index.php?rest_route=\/wp\/v2\/posts"}],"about":[{"href":"https:\/\/quehacerpolitico.mx\/index.php?rest_route=\/wp\/v2\/types\/post"}],"author":[{"embeddable":true,"href":"https:\/\/quehacerpolitico.mx\/index.php?rest_route=\/wp\/v2\/users\/2"}],"replies":[{"embeddable":true,"href":"https:\/\/quehacerpolitico.mx\/index.php?rest_route=%2Fwp%2Fv2%2Fcomments&post=88173"}],"version-history":[{"count":1,"href":"https:\/\/quehacerpolitico.mx\/index.php?rest_route=\/wp\/v2\/posts\/88173\/revisions"}],"predecessor-version":[{"id":88175,"href":"https:\/\/quehacerpolitico.mx\/index.php?rest_route=\/wp\/v2\/posts\/88173\/revisions\/88175"}],"wp:featuredmedia":[{"embeddable":true,"href":"https:\/\/quehacerpolitico.mx\/index.php?rest_route=\/wp\/v2\/media\/88174"}],"wp:attachment":[{"href":"https:\/\/quehacerpolitico.mx\/index.php?rest_route=%2Fwp%2Fv2%2Fmedia&parent=88173"}],"wp:term":[{"taxonomy":"category","embeddable":true,"href":"https:\/\/quehacerpolitico.mx\/index.php?rest_route=%2Fwp%2Fv2%2Fcategories&post=88173"},{"taxonomy":"post_tag","embeddable":true,"href":"https:\/\/quehacerpolitico.mx\/index.php?rest_route=%2Fwp%2Fv2%2Ftags&post=88173"}],"curies":[{"name":"wp","href":"https:\/\/api.w.org\/{rel}","templated":true}]}}