{"id":88167,"date":"2022-01-08T21:54:41","date_gmt":"2022-01-08T21:54:41","guid":{"rendered":"https:\/\/quehacerpolitico.mx\/?p=88167"},"modified":"2022-01-08T21:54:45","modified_gmt":"2022-01-08T21:54:45","slug":"llegan-a-mexico-2-7-millones-de-vacunas-contra-covid-19-de-moderna-para-maestros","status":"publish","type":"post","link":"https:\/\/quehacerpolitico.mx\/?p=88167","title":{"rendered":"Llegan a M\u00e9xico 2.7 millones de vacunas contra covid-19 de Moderna para maestros"},"content":{"rendered":"\n<p>Por Redacci\u00f3n QP<\/p>\n\n\n\n<p>El embajador de M\u00e9xico en Estados Unidos, Esteban Moctezuma, recibi\u00f3 las dosis, acompa\u00f1ado por Delfina G\u00f3mez, secretaria de Educaci\u00f3n P\u00fablica<\/p>\n\n\n\n<ul class=\"wp-block-list\"><li>El cargamento lleg\u00f3 al Aeropuerto Internacional de Toluca<\/li><\/ul>\n\n\n\n<p>La ma\u00f1ana de este s\u00e1bado 8 de enero 2021 lleg\u00f3 al\u00a0<strong>Aeropuerto Internacional de Toluca<\/strong>\u00a0la donaci\u00f3n de 2.7 millones de vacunas contra COVID-19 de\u00a0Moderna que ser\u00e1n destinadas para\u00a0<strong>maestras y maestros<\/strong>\u00a0en M\u00e9xico.<\/p>\n\n\n\n<figure class=\"wp-block-embed is-type-rich is-provider-twitter wp-block-embed-twitter\"><div class=\"wp-block-embed__wrapper\">\n<blockquote class=\"twitter-tweet\" data-width=\"550\" data-dnt=\"true\"><p lang=\"es\" dir=\"ltr\">\ud83d\udcf8Esta ma\u00f1ana, recibimos 2.7 millones de dosis de vacunas donadas por Moderna. Recibieron, por parte de <a href=\"https:\/\/twitter.com\/SRE_mx?ref_src=twsrc%5Etfw\">@SRE_mx<\/a>, el jefe de Unidad <a href=\"https:\/\/twitter.com\/r_velascoa?ref_src=twsrc%5Etfw\">@r_velascoa<\/a> y el Emb. <a href=\"https:\/\/twitter.com\/emoctezumab?ref_src=twsrc%5Etfw\">@emoctezumab<\/a>.<br><br>Esta donaci\u00f3n servir\u00e1 para proteger a una gran parte de las maestras y los maestros del pueblo de M\u00e9xico. <a href=\"https:\/\/t.co\/oxfRi1Sbcs\">pic.twitter.com\/oxfRi1Sbcs<\/a><\/p>&mdash; Relaciones Exteriores (@SRE_mx) <a href=\"https:\/\/twitter.com\/SRE_mx\/status\/1479825289211432962?ref_src=twsrc%5Etfw\">January 8, 2022<\/a><\/blockquote><script async src=\"https:\/\/platform.twitter.com\/widgets.js\" charset=\"utf-8\"><\/script>\n<\/div><\/figure>\n\n\n\n<p>El embajador de M\u00e9xico en Estados Unidos,\u00a0<strong>Esteban Moctezuma<\/strong>, recibi\u00f3 las dosis, acompa\u00f1ado por\u00a0Delfina G\u00f3mez, secretaria de Educaci\u00f3n P\u00fablica del Gobierno de M\u00e9xico y por personal de la Secretar\u00eda de Salud<\/p>\n\n\n\n<figure class=\"wp-block-embed is-type-rich is-provider-twitter wp-block-embed-twitter\"><div class=\"wp-block-embed__wrapper\">\n<blockquote class=\"twitter-tweet\" data-width=\"550\" data-dnt=\"true\"><p lang=\"es\" dir=\"ltr\">\u00a1Llegaron ya las vacunas para nuestras maestras y maestros!<a href=\"https:\/\/twitter.com\/delfinagomeza?ref_src=twsrc%5Etfw\">@delfinagomeza<\/a>, <a href=\"https:\/\/twitter.com\/r_velascoa?ref_src=twsrc%5Etfw\">@r_velascoa<\/a> y equipo de <a href=\"https:\/\/twitter.com\/SaludSPPS?ref_src=twsrc%5Etfw\">@SaludSPPS<\/a> recibimos el donativo de 2.7 millones de vacunas Moderna contra el <a href=\"https:\/\/twitter.com\/hashtag\/COVID19?src=hash&amp;ref_src=twsrc%5Etfw\">#COVID19<\/a> en el Aeropuerto Internacional de Toluca. <a href=\"https:\/\/t.co\/Mz61SZiigm\">pic.twitter.com\/Mz61SZiigm<\/a><\/p>&mdash; Esteban Moctezuma Barrag\u00e1n (@emoctezumab) <a href=\"https:\/\/twitter.com\/emoctezumab\/status\/1479816515893571591?ref_src=twsrc%5Etfw\">January 8, 2022<\/a><\/blockquote><script async src=\"https:\/\/platform.twitter.com\/widgets.js\" charset=\"utf-8\"><\/script>\n<\/div><\/figure>\n\n\n\n<p>La SEP inform\u00f3 que este s\u00e1bado 8 de enero de 2021 iniciar\u00e1 su aplicaci\u00f3n en el Estado de M\u00e9xico, Colima y Baja California.<\/p>\n\n\n\n<h2 class=\"wp-block-heading\">M\u00e9xico supera los 300,000 muertos por covid<\/h2>\n\n\n\n<p>M\u00e9xico alcanz\u00f3 los 300,101 fallecidos este viernes 7 de enero de 2021 por coronavirus en medio de una sustancial alza de contagios debido a la variante \u00f3micron y con largas filas en centros p\u00fablicos y privados para hacerse<strong>pruebas de covid<\/strong>, mientras el Gobierno busca acelerar la vacunaci\u00f3n.<\/p>\n\n\n\n<p>El pa\u00eds supera las 2,300 muertes por cada mill\u00f3n de habitantes, lejos de las tasas de m\u00e1s de 6,000 registradas en Per\u00fa -el pa\u00eds con el \u00edndice m\u00e1s alto-, pero con un exceso de mortalidad que lleva a los expertos a coincidir en que la cifra de 300,101 muertos se queda corta de la real y se acercar\u00eda al medio mill\u00f3n.<\/p>\n\n\n\n<p>Estos datos llegan en un momento de una nueva&nbsp;<strong>ola de contagios<\/strong>&nbsp;relacionada con&nbsp;<strong>la variante \u00f3micron<\/strong>, que el jueves pasado registr\u00f3 25,821 nuevas infecciones, la mayor cantidad en un d\u00eda desde el 18 de agosto.<\/p>\n\n\n\n<p>Si bien esto no se ha visto reflejado en las hospitalizaciones, que apenas llegan al 15 % de los casos.<\/p>\n\n\n\n<p>La cantidad de hospitalizados es, para las autoridades sanitarias, la mejor prueba de que la campa\u00f1a de vacunaci\u00f3n ha sido un \u00e9xito, aunque est\u00e9 lejos del avance deseado.<\/p>\n\n\n\n<p>El&nbsp;<strong>Gobierno de Andr\u00e9s Manuel L\u00f3pez Obrador<\/strong>&nbsp;puede presumir de acercarse al 60 % de poblaci\u00f3n con dosis completas, aunque est\u00e9 por detr\u00e1s de pa\u00edses de su entorno como Brasil (67 %), Ecuador (70 %), Cuba (85 %) y Chile (86 %).<\/p>\n\n\n\n<blockquote class=\"wp-block-quote is-layout-flow wp-block-quote-is-layout-flow\"><p>\u201cLa conclusi\u00f3n obvia es que la vacunaci\u00f3n contra covid-19 es el elemento m\u00e1s importante de reducci\u00f3n de riesgos, tanto de covid grave como de mortalidad\u201d, se\u00f1al\u00f3 el 28 de diciembre pasado Hugo L\u00f3pez-Gatell, subsecretario de Prevenci\u00f3n y Promoci\u00f3n de la Salud y encargado de la gesti\u00f3n de la pandemia.<\/p><\/blockquote>\n\n\n\n<p>As\u00ed tambi\u00e9n lo cree Eduardo Gamboa, de 74 a\u00f1os, a la salida de uno de los centros de vacunaci\u00f3n de la Ciudad de M\u00e9xico en donde recibi\u00f3 su dosis de refuerzo.<\/p>\n\n\n\n<p>Gamboa, la imagen viva del antes y despu\u00e9s de la campa\u00f1a de inoculaciones, pas\u00f3 28 d\u00edas hospitalizado por un contagio de coronavirus, que tambi\u00e9n afect\u00f3 a su hija hace un a\u00f1o, pero ahora se siente \u201caliviado\u201d.<\/p>\n\n\n\n<p>El septuagenario defiende a capa y espada la gesti\u00f3n del Gobierno porque \u201cse preocupa por la salud\u201d de la gente.<\/p>\n\n\n\n<p>En M\u00e9xico ya se aplica la tercera dosis a los mayores de 60 a\u00f1os desde principios de diciembre, pese a que no se ha logrado la cobertura completa de ninguno del resto de los grupos de edad.<\/p>\n\n\n\n<h2 class=\"wp-block-heading\"><\/h2>\n\n\n\n<h2 class=\"wp-block-heading\">FALTA DE PRUEBAS<\/h2>\n\n\n\n<p>Marcada por el desabastecimiento de pruebas y las largas filas en Ciudad de M\u00e9xico, la demanda de tests ha dejado cuellos de botella tras las Navidades en centros p\u00fablicos y privados.<\/p>\n\n\n\n<p>M\u00e9xico est\u00e1 entre los pa\u00edses que menos pruebas realizan, con un promedio de 90.8 por cada 1,000 habitantes, seg\u00fan los datos de&nbsp;<strong>Our World in Data<\/strong>.<\/p>\n\n\n\n<p>La situaci\u00f3n es congruente con lo que se ha visto en diferentes partes del mundo, con m\u00e1s contagios pero menos cuadros graves o muertes.<\/p>\n\n\n\n<blockquote class=\"wp-block-quote is-layout-flow wp-block-quote-is-layout-flow\"><p>\u201cAl tomar consciencia de esta posibilidad, el Gobierno de M\u00e9xico tir\u00f3 completamente la toalla\u201d, afirm\u00f3 a Efe Malaqu\u00edas L\u00f3pez Cervantes, acad\u00e9mico del Departamento de Salud P\u00fablica de la Facultad de Medicina de la Universidad Nacional Aut\u00f3noma de M\u00e9xico (UNAM).<\/p><p>\u201cSe est\u00e1 jugando un juego peligroso que de todas maneras, aunque la inmensa mayor\u00eda tenga enfermedad leve puede haber gente que tenga cuadros graves y muertes y no vale la pena correr ese riesgo\u201d, agreg\u00f3 el experto, quien asegur\u00f3 que el virus \u201ca\u00fan tiene muchas posibilidades\u201d y podr\u00eda crearse una \u201ccepa nueva\u201d m\u00e1s letal.<\/p><\/blockquote>\n\n\n\n<p>Carlos Montelongo, de 52 a\u00f1os, ha sido testigo de la odisea de encontrar una prueba despu\u00e9s de que uno de sus compa\u00f1eros de trabajo diera positivo, seg\u00fan cuenta desde la fila de un centro privado, al que acudi\u00f3 despu\u00e9s de probar suerte -sin \u00e9xito- en uno p\u00fablico.<\/p>\n\n\n\n<blockquote class=\"wp-block-quote is-layout-flow wp-block-quote-is-layout-flow\"><p>\u201cLas unidades del Gobierno est\u00e1n saturadas y no pude conseguir ficha\u201d, explic\u00f3 el inform\u00e1tico, esc\u00e9ptico sobre si conseguir\u00e1 ser atendido en el laboratorio privado a pesar de haber esperado m\u00e1s de una hora y de estar a punto de desembolsar 1,900 pesos (unos 93 d\u00f3lares).<\/p><p>\u201cMucha gente se descuid\u00f3 y comenz\u00f3 a hacer cosas que no deb\u00eda, hubo reuniones y esta es la consecuencia\u201d, asegura Montelongo.<\/p><\/blockquote>\n\n\n\n<h2 class=\"wp-block-heading\">GUARDIA BAJA TRAS NAVIDADES<\/h2>\n\n\n\n<p>El director del Instituto An\u00e1huac de Salud P\u00fablica, de la&nbsp;<strong>Universidad An\u00e1huac<\/strong>, V\u00edctor Matamoros, coincidi\u00f3 con la visi\u00f3n de Montelongo.<\/p>\n\n\n\n<blockquote class=\"wp-block-quote is-layout-flow wp-block-quote-is-layout-flow\"><p>\u201cEs cansado continuar con la alerta y la gente se empieza a descuidar\u201d, lament\u00f3 Matamoros en entrevista con Efe.<\/p><\/blockquote>\n\n\n\n<p>El acad\u00e9mico explic\u00f3 que los factores sociales y climatol\u00f3gicos tambi\u00e9n han influido en el reciente aumento de casos en M\u00e9xico, e insisti\u00f3 en que \u201ca\u00fan falta un camino por recorrer\u201d.<\/p>\n\n\n\n<p><em>Con informaci\u00f3n de EFE<\/em><\/p>\n","protected":false},"excerpt":{"rendered":"<p>Por Redacci\u00f3n QP El embajador de M\u00e9xico en Estados Unidos, Esteban Moctezuma, recibi\u00f3 las dosis,&#8230;<\/p>\n","protected":false},"author":2,"featured_media":88168,"comment_status":"open","ping_status":"open","sticky":false,"template":"","format":"standard","meta":{"_monsterinsights_skip_tracking":false,"_monsterinsights_sitenote_active":false,"_monsterinsights_sitenote_note":"","_monsterinsights_sitenote_category":0,"footnotes":""},"categories":[2],"tags":[],"class_list":["post-88167","post","type-post","status-publish","format-standard","has-post-thumbnail","hentry","category-noticias"],"yoast_head":"<!-- This site is optimized with the Yoast SEO plugin v27.3 - https:\/\/yoast.com\/product\/yoast-seo-wordpress\/ -->\n<title>Llegan a M\u00e9xico 2.7 millones de vacunas contra covid-19 de Moderna para maestros -<\/title>\n<meta name=\"robots\" content=\"index, follow, max-snippet:-1, max-image-preview:large, max-video-preview:-1\" \/>\n<link rel=\"canonical\" href=\"https:\/\/quehacerpolitico.mx\/?p=88167\" \/>\n<meta property=\"og:locale\" content=\"es_MX\" \/>\n<meta property=\"og:type\" content=\"article\" \/>\n<meta property=\"og:title\" content=\"Llegan a M\u00e9xico 2.7 millones de vacunas contra covid-19 de Moderna para maestros -\" \/>\n<meta property=\"og:description\" content=\"Por Redacci\u00f3n QP El embajador de M\u00e9xico en Estados Unidos, Esteban Moctezuma, recibi\u00f3 las dosis,...\" \/>\n<meta property=\"og:url\" content=\"https:\/\/quehacerpolitico.mx\/?p=88167\" \/>\n<meta property=\"article:published_time\" content=\"2022-01-08T21:54:41+00:00\" \/>\n<meta property=\"article:modified_time\" content=\"2022-01-08T21:54:45+00:00\" \/>\n<meta property=\"og:image\" content=\"https:\/\/quehacerpolitico.mx\/wp-content\/uploads\/2022\/01\/5455ECF5-7206-48C4-8C4D-D290B1A821A5.jpeg\" \/>\n\t<meta property=\"og:image:width\" content=\"1024\" \/>\n\t<meta property=\"og:image:height\" content=\"682\" \/>\n\t<meta property=\"og:image:type\" content=\"image\/jpeg\" \/>\n<meta name=\"author\" content=\"Redacci\u00f3n QP\" \/>\n<meta name=\"twitter:card\" content=\"summary_large_image\" \/>\n<meta name=\"twitter:label1\" content=\"Escrito por\" \/>\n\t<meta name=\"twitter:data1\" content=\"Redacci\u00f3n QP\" \/>\n\t<meta name=\"twitter:label2\" content=\"Tiempo de lectura\" \/>\n\t<meta name=\"twitter:data2\" content=\"5 minutos\" \/>\n<script type=\"application\/ld+json\" class=\"yoast-schema-graph\">{\"@context\":\"https:\\\/\\\/schema.org\",\"@graph\":[{\"@type\":\"Article\",\"@id\":\"https:\\\/\\\/quehacerpolitico.mx\\\/?p=88167#article\",\"isPartOf\":{\"@id\":\"https:\\\/\\\/quehacerpolitico.mx\\\/?p=88167\"},\"author\":{\"name\":\"Redacci\u00f3n QP\",\"@id\":\"https:\\\/\\\/quehacerpolitico.mx\\\/#\\\/schema\\\/person\\\/496d8ad2d1d3f8036101dca7ee39e585\"},\"headline\":\"Llegan a M\u00e9xico 2.7 millones de vacunas contra covid-19 de Moderna para maestros\",\"datePublished\":\"2022-01-08T21:54:41+00:00\",\"dateModified\":\"2022-01-08T21:54:45+00:00\",\"mainEntityOfPage\":{\"@id\":\"https:\\\/\\\/quehacerpolitico.mx\\\/?p=88167\"},\"wordCount\":1002,\"commentCount\":0,\"image\":{\"@id\":\"https:\\\/\\\/quehacerpolitico.mx\\\/?p=88167#primaryimage\"},\"thumbnailUrl\":\"https:\\\/\\\/quehacerpolitico.mx\\\/wp-content\\\/uploads\\\/2022\\\/01\\\/5455ECF5-7206-48C4-8C4D-D290B1A821A5.jpeg\",\"articleSection\":[\"Noticias\"],\"inLanguage\":\"es\",\"potentialAction\":[{\"@type\":\"CommentAction\",\"name\":\"Comment\",\"target\":[\"https:\\\/\\\/quehacerpolitico.mx\\\/?p=88167#respond\"]}]},{\"@type\":\"WebPage\",\"@id\":\"https:\\\/\\\/quehacerpolitico.mx\\\/?p=88167\",\"url\":\"https:\\\/\\\/quehacerpolitico.mx\\\/?p=88167\",\"name\":\"Llegan a M\u00e9xico 2.7 millones de vacunas contra covid-19 de Moderna para maestros -\",\"isPartOf\":{\"@id\":\"https:\\\/\\\/quehacerpolitico.mx\\\/#website\"},\"primaryImageOfPage\":{\"@id\":\"https:\\\/\\\/quehacerpolitico.mx\\\/?p=88167#primaryimage\"},\"image\":{\"@id\":\"https:\\\/\\\/quehacerpolitico.mx\\\/?p=88167#primaryimage\"},\"thumbnailUrl\":\"https:\\\/\\\/quehacerpolitico.mx\\\/wp-content\\\/uploads\\\/2022\\\/01\\\/5455ECF5-7206-48C4-8C4D-D290B1A821A5.jpeg\",\"datePublished\":\"2022-01-08T21:54:41+00:00\",\"dateModified\":\"2022-01-08T21:54:45+00:00\",\"author\":{\"@id\":\"https:\\\/\\\/quehacerpolitico.mx\\\/#\\\/schema\\\/person\\\/496d8ad2d1d3f8036101dca7ee39e585\"},\"breadcrumb\":{\"@id\":\"https:\\\/\\\/quehacerpolitico.mx\\\/?p=88167#breadcrumb\"},\"inLanguage\":\"es\",\"potentialAction\":[{\"@type\":\"ReadAction\",\"target\":[\"https:\\\/\\\/quehacerpolitico.mx\\\/?p=88167\"]}]},{\"@type\":\"ImageObject\",\"inLanguage\":\"es\",\"@id\":\"https:\\\/\\\/quehacerpolitico.mx\\\/?p=88167#primaryimage\",\"url\":\"https:\\\/\\\/quehacerpolitico.mx\\\/wp-content\\\/uploads\\\/2022\\\/01\\\/5455ECF5-7206-48C4-8C4D-D290B1A821A5.jpeg\",\"contentUrl\":\"https:\\\/\\\/quehacerpolitico.mx\\\/wp-content\\\/uploads\\\/2022\\\/01\\\/5455ECF5-7206-48C4-8C4D-D290B1A821A5.jpeg\",\"width\":1024,\"height\":682},{\"@type\":\"BreadcrumbList\",\"@id\":\"https:\\\/\\\/quehacerpolitico.mx\\\/?p=88167#breadcrumb\",\"itemListElement\":[{\"@type\":\"ListItem\",\"position\":1,\"name\":\"Inicio\",\"item\":\"https:\\\/\\\/quehacerpolitico.mx\\\/\"},{\"@type\":\"ListItem\",\"position\":2,\"name\":\"Llegan a M\u00e9xico 2.7 millones de vacunas contra covid-19 de Moderna para maestros\"}]},{\"@type\":\"WebSite\",\"@id\":\"https:\\\/\\\/quehacerpolitico.mx\\\/#website\",\"url\":\"https:\\\/\\\/quehacerpolitico.mx\\\/\",\"name\":\"\",\"description\":\"\",\"potentialAction\":[{\"@type\":\"SearchAction\",\"target\":{\"@type\":\"EntryPoint\",\"urlTemplate\":\"https:\\\/\\\/quehacerpolitico.mx\\\/?s={search_term_string}\"},\"query-input\":{\"@type\":\"PropertyValueSpecification\",\"valueRequired\":true,\"valueName\":\"search_term_string\"}}],\"inLanguage\":\"es\"},{\"@type\":\"Person\",\"@id\":\"https:\\\/\\\/quehacerpolitico.mx\\\/#\\\/schema\\\/person\\\/496d8ad2d1d3f8036101dca7ee39e585\",\"name\":\"Redacci\u00f3n QP\",\"image\":{\"@type\":\"ImageObject\",\"inLanguage\":\"es\",\"@id\":\"https:\\\/\\\/secure.gravatar.com\\\/avatar\\\/c7164ed6fdec453195284ad24a5ae5b6e1eed2b848477fa2a4787ba9adf39a41?s=96&d=mm&r=g\",\"url\":\"https:\\\/\\\/secure.gravatar.com\\\/avatar\\\/c7164ed6fdec453195284ad24a5ae5b6e1eed2b848477fa2a4787ba9adf39a41?s=96&d=mm&r=g\",\"contentUrl\":\"https:\\\/\\\/secure.gravatar.com\\\/avatar\\\/c7164ed6fdec453195284ad24a5ae5b6e1eed2b848477fa2a4787ba9adf39a41?s=96&d=mm&r=g\",\"caption\":\"Redacci\u00f3n QP\"},\"url\":\"https:\\\/\\\/quehacerpolitico.mx\\\/?author=2\"}]}<\/script>\n<!-- \/ Yoast SEO plugin. -->","yoast_head_json":{"title":"Llegan a M\u00e9xico 2.7 millones de vacunas contra covid-19 de Moderna para maestros -","robots":{"index":"index","follow":"follow","max-snippet":"max-snippet:-1","max-image-preview":"max-image-preview:large","max-video-preview":"max-video-preview:-1"},"canonical":"https:\/\/quehacerpolitico.mx\/?p=88167","og_locale":"es_MX","og_type":"article","og_title":"Llegan a M\u00e9xico 2.7 millones de vacunas contra covid-19 de Moderna para maestros -","og_description":"Por Redacci\u00f3n QP El embajador de M\u00e9xico en Estados Unidos, Esteban Moctezuma, recibi\u00f3 las dosis,...","og_url":"https:\/\/quehacerpolitico.mx\/?p=88167","article_published_time":"2022-01-08T21:54:41+00:00","article_modified_time":"2022-01-08T21:54:45+00:00","og_image":[{"width":1024,"height":682,"url":"https:\/\/quehacerpolitico.mx\/wp-content\/uploads\/2022\/01\/5455ECF5-7206-48C4-8C4D-D290B1A821A5.jpeg","type":"image\/jpeg"}],"author":"Redacci\u00f3n QP","twitter_card":"summary_large_image","twitter_misc":{"Escrito por":"Redacci\u00f3n QP","Tiempo de lectura":"5 minutos"},"schema":{"@context":"https:\/\/schema.org","@graph":[{"@type":"Article","@id":"https:\/\/quehacerpolitico.mx\/?p=88167#article","isPartOf":{"@id":"https:\/\/quehacerpolitico.mx\/?p=88167"},"author":{"name":"Redacci\u00f3n QP","@id":"https:\/\/quehacerpolitico.mx\/#\/schema\/person\/496d8ad2d1d3f8036101dca7ee39e585"},"headline":"Llegan a M\u00e9xico 2.7 millones de vacunas contra covid-19 de Moderna para maestros","datePublished":"2022-01-08T21:54:41+00:00","dateModified":"2022-01-08T21:54:45+00:00","mainEntityOfPage":{"@id":"https:\/\/quehacerpolitico.mx\/?p=88167"},"wordCount":1002,"commentCount":0,"image":{"@id":"https:\/\/quehacerpolitico.mx\/?p=88167#primaryimage"},"thumbnailUrl":"https:\/\/quehacerpolitico.mx\/wp-content\/uploads\/2022\/01\/5455ECF5-7206-48C4-8C4D-D290B1A821A5.jpeg","articleSection":["Noticias"],"inLanguage":"es","potentialAction":[{"@type":"CommentAction","name":"Comment","target":["https:\/\/quehacerpolitico.mx\/?p=88167#respond"]}]},{"@type":"WebPage","@id":"https:\/\/quehacerpolitico.mx\/?p=88167","url":"https:\/\/quehacerpolitico.mx\/?p=88167","name":"Llegan a M\u00e9xico 2.7 millones de vacunas contra covid-19 de Moderna para maestros -","isPartOf":{"@id":"https:\/\/quehacerpolitico.mx\/#website"},"primaryImageOfPage":{"@id":"https:\/\/quehacerpolitico.mx\/?p=88167#primaryimage"},"image":{"@id":"https:\/\/quehacerpolitico.mx\/?p=88167#primaryimage"},"thumbnailUrl":"https:\/\/quehacerpolitico.mx\/wp-content\/uploads\/2022\/01\/5455ECF5-7206-48C4-8C4D-D290B1A821A5.jpeg","datePublished":"2022-01-08T21:54:41+00:00","dateModified":"2022-01-08T21:54:45+00:00","author":{"@id":"https:\/\/quehacerpolitico.mx\/#\/schema\/person\/496d8ad2d1d3f8036101dca7ee39e585"},"breadcrumb":{"@id":"https:\/\/quehacerpolitico.mx\/?p=88167#breadcrumb"},"inLanguage":"es","potentialAction":[{"@type":"ReadAction","target":["https:\/\/quehacerpolitico.mx\/?p=88167"]}]},{"@type":"ImageObject","inLanguage":"es","@id":"https:\/\/quehacerpolitico.mx\/?p=88167#primaryimage","url":"https:\/\/quehacerpolitico.mx\/wp-content\/uploads\/2022\/01\/5455ECF5-7206-48C4-8C4D-D290B1A821A5.jpeg","contentUrl":"https:\/\/quehacerpolitico.mx\/wp-content\/uploads\/2022\/01\/5455ECF5-7206-48C4-8C4D-D290B1A821A5.jpeg","width":1024,"height":682},{"@type":"BreadcrumbList","@id":"https:\/\/quehacerpolitico.mx\/?p=88167#breadcrumb","itemListElement":[{"@type":"ListItem","position":1,"name":"Inicio","item":"https:\/\/quehacerpolitico.mx\/"},{"@type":"ListItem","position":2,"name":"Llegan a M\u00e9xico 2.7 millones de vacunas contra covid-19 de Moderna para maestros"}]},{"@type":"WebSite","@id":"https:\/\/quehacerpolitico.mx\/#website","url":"https:\/\/quehacerpolitico.mx\/","name":"","description":"","potentialAction":[{"@type":"SearchAction","target":{"@type":"EntryPoint","urlTemplate":"https:\/\/quehacerpolitico.mx\/?s={search_term_string}"},"query-input":{"@type":"PropertyValueSpecification","valueRequired":true,"valueName":"search_term_string"}}],"inLanguage":"es"},{"@type":"Person","@id":"https:\/\/quehacerpolitico.mx\/#\/schema\/person\/496d8ad2d1d3f8036101dca7ee39e585","name":"Redacci\u00f3n QP","image":{"@type":"ImageObject","inLanguage":"es","@id":"https:\/\/secure.gravatar.com\/avatar\/c7164ed6fdec453195284ad24a5ae5b6e1eed2b848477fa2a4787ba9adf39a41?s=96&d=mm&r=g","url":"https:\/\/secure.gravatar.com\/avatar\/c7164ed6fdec453195284ad24a5ae5b6e1eed2b848477fa2a4787ba9adf39a41?s=96&d=mm&r=g","contentUrl":"https:\/\/secure.gravatar.com\/avatar\/c7164ed6fdec453195284ad24a5ae5b6e1eed2b848477fa2a4787ba9adf39a41?s=96&d=mm&r=g","caption":"Redacci\u00f3n QP"},"url":"https:\/\/quehacerpolitico.mx\/?author=2"}]}},"featured_image_urls":{"full":["https:\/\/quehacerpolitico.mx\/wp-content\/uploads\/2022\/01\/5455ECF5-7206-48C4-8C4D-D290B1A821A5.jpeg",1024,682,false],"thumbnail":["https:\/\/quehacerpolitico.mx\/wp-content\/uploads\/2022\/01\/5455ECF5-7206-48C4-8C4D-D290B1A821A5-150x150.jpeg",150,150,true],"medium":["https:\/\/quehacerpolitico.mx\/wp-content\/uploads\/2022\/01\/5455ECF5-7206-48C4-8C4D-D290B1A821A5-300x200.jpeg",300,200,true],"medium_large":["https:\/\/quehacerpolitico.mx\/wp-content\/uploads\/2022\/01\/5455ECF5-7206-48C4-8C4D-D290B1A821A5-768x512.jpeg",640,427,true],"large":["https:\/\/quehacerpolitico.mx\/wp-content\/uploads\/2022\/01\/5455ECF5-7206-48C4-8C4D-D290B1A821A5.jpeg",640,426,false],"1536x1536":["https:\/\/quehacerpolitico.mx\/wp-content\/uploads\/2022\/01\/5455ECF5-7206-48C4-8C4D-D290B1A821A5.jpeg",1024,682,false],"2048x2048":["https:\/\/quehacerpolitico.mx\/wp-content\/uploads\/2022\/01\/5455ECF5-7206-48C4-8C4D-D290B1A821A5.jpeg",1024,682,false],"covernews-featured":["https:\/\/quehacerpolitico.mx\/wp-content\/uploads\/2022\/01\/5455ECF5-7206-48C4-8C4D-D290B1A821A5.jpeg",1024,682,false],"covernews-medium":["https:\/\/quehacerpolitico.mx\/wp-content\/uploads\/2022\/01\/5455ECF5-7206-48C4-8C4D-D290B1A821A5.jpeg",510,340,false]},"author_info":{"display_name":"Redacci\u00f3n QP","author_link":"https:\/\/quehacerpolitico.mx\/?author=2"},"category_info":"<a href=\"https:\/\/quehacerpolitico.mx\/?cat=2\" rel=\"category\">Noticias<\/a>","tag_info":"Noticias","comment_count":"0","_links":{"self":[{"href":"https:\/\/quehacerpolitico.mx\/index.php?rest_route=\/wp\/v2\/posts\/88167","targetHints":{"allow":["GET"]}}],"collection":[{"href":"https:\/\/quehacerpolitico.mx\/index.php?rest_route=\/wp\/v2\/posts"}],"about":[{"href":"https:\/\/quehacerpolitico.mx\/index.php?rest_route=\/wp\/v2\/types\/post"}],"author":[{"embeddable":true,"href":"https:\/\/quehacerpolitico.mx\/index.php?rest_route=\/wp\/v2\/users\/2"}],"replies":[{"embeddable":true,"href":"https:\/\/quehacerpolitico.mx\/index.php?rest_route=%2Fwp%2Fv2%2Fcomments&post=88167"}],"version-history":[{"count":1,"href":"https:\/\/quehacerpolitico.mx\/index.php?rest_route=\/wp\/v2\/posts\/88167\/revisions"}],"predecessor-version":[{"id":88169,"href":"https:\/\/quehacerpolitico.mx\/index.php?rest_route=\/wp\/v2\/posts\/88167\/revisions\/88169"}],"wp:featuredmedia":[{"embeddable":true,"href":"https:\/\/quehacerpolitico.mx\/index.php?rest_route=\/wp\/v2\/media\/88168"}],"wp:attachment":[{"href":"https:\/\/quehacerpolitico.mx\/index.php?rest_route=%2Fwp%2Fv2%2Fmedia&parent=88167"}],"wp:term":[{"taxonomy":"category","embeddable":true,"href":"https:\/\/quehacerpolitico.mx\/index.php?rest_route=%2Fwp%2Fv2%2Fcategories&post=88167"},{"taxonomy":"post_tag","embeddable":true,"href":"https:\/\/quehacerpolitico.mx\/index.php?rest_route=%2Fwp%2Fv2%2Ftags&post=88167"}],"curies":[{"name":"wp","href":"https:\/\/api.w.org\/{rel}","templated":true}]}}