{"id":88164,"date":"2022-01-08T21:40:14","date_gmt":"2022-01-08T21:40:14","guid":{"rendered":"https:\/\/quehacerpolitico.mx\/?p=88164"},"modified":"2022-01-08T21:40:17","modified_gmt":"2022-01-08T21:40:17","slug":"el-tenista-novak-djokovic-participo-en-actos-publicos-presuntamente-tras-dar-positivo-a-covid","status":"publish","type":"post","link":"https:\/\/quehacerpolitico.mx\/?p=88164","title":{"rendered":"El tenista Novak Djokovic particip\u00f3 en actos p\u00fablicos, presuntamente, tras dar positivo a covid"},"content":{"rendered":"\n<p>Por Redacci\u00f3n QP<\/p>\n\n\n\n<p>Se hicieron p\u00fablicas varias fotos del tenista Novak Djokovic en actos p\u00fablicos tras dar positivo a covid, el tenista no utilizaba cubrebocas<\/p>\n\n\n\n<ul class=\"wp-block-list\"><li>Las im\u00e1genes fueron publicadas por la cuenta de Facebook de la federaci\u00f3n de tenis en Serbia<\/li><li>El tenista, presuntamente, no presentaba s\u00edntomas, pero la prueba fue positiva a covid<\/li><\/ul>\n\n\n\n<p>El revuelo en torno al tenista\u00a0Novak Djokovic creci\u00f3 en las \u00faltimas horas al hacerse p\u00fablicas varias fotos del n\u00famero uno del tenis mundial que lo muestran participando en\u00a0<strong>actos p\u00fablicos<\/strong>\u00a0sin cubrebocas en un momento en el que, seg\u00fan sus abogados, era positivo en\u00a0COVID<\/p>\n\n\n\n<p>Con fecha 17 de diciembre, es decir, un d\u00eda despu\u00e9s de que Djokovic, seg\u00fan sus letrados, hubiese dado positivo en una prueba de covid, en la web de la federaci\u00f3n de tenis de serbia figura una informaci\u00f3n sobre la\u00a0<strong>participaci\u00f3n<\/strong>del tenista en una entrega de premios a j\u00f3venes.<\/p>\n\n\n\n<blockquote class=\"wp-block-quote is-layout-flow wp-block-quote-is-layout-flow\"><p>\u201cEl mejor tenista del planeta (\u2026), que por s\u00e9ptima vez termina el a\u00f1o al frente de ATP\u201d, entreg\u00f3 los reconocimientos a los mejores jugadores j\u00f3venes en 2021 de Belgrado, destac\u00f3 la federaci\u00f3n.<\/p><\/blockquote>\n\n\n\n<p><strong>Asistieron<\/strong>&nbsp;a la entrega de los trofeos, en el Centro de Tenis Novak, en Dorcol (un barrio de Belgrado), s\u00f3lo los ni\u00f1os&nbsp;<strong>laureados<\/strong>, sin m\u00e1s auditorio debido a las medidas epidemiol\u00f3gicas por la pandemia de covid, se\u00f1al\u00f3.<\/p>\n\n\n\n<p>La informaci\u00f3n est\u00e1 acompa\u00f1ada de fotograf\u00edas en las que Djokovic\u00a0<strong>aparece<\/strong>\u00a0sonriente junto a los premiados sin cubrebocas, im\u00e1genes publicadas tambi\u00e9n en la cuenta de Facebook de la federaci\u00f3n.<\/p>\n\n\n\n<p>La v\u00edspera (16 de diciembre), el jugador&nbsp;<strong>asisti\u00f3<\/strong>en Correos de Serbia a una ceremonia de presentaci\u00f3n de los sellos<\/p>\n\n\n\n<blockquote class=\"wp-block-quote is-layout-flow wp-block-quote-is-layout-flow\"><p>\u201cTenis: Novak Djokovic, la primera raqueta del mundo\u201d, un reconocimiento por sus \u00e9xitos deportivos y trabajo humanitario. El propio tenista inform\u00f3 del acto en su cuenta de Twitter al d\u00eda siguiente.<\/p><\/blockquote>\n\n\n\n<p>En su tuit, acompa\u00f1ado de una foto en la que tampoco lleva cubrebocas, se mostr\u00f3 agradecido por el \u201chonor\u201d que le mostraba su pa\u00eds.<\/p>\n\n\n\n<figure class=\"wp-block-embed is-type-rich is-provider-twitter wp-block-embed-twitter\"><div class=\"wp-block-embed__wrapper\">\n<blockquote class=\"twitter-tweet\" data-width=\"550\" data-dnt=\"true\"><p lang=\"en\" dir=\"ltr\">An honor to receive my very own Serbian stamp. Thank you to my generous country for this rare gift! I\u2019m humbled!! Excited to share we\u2019ll partner with the Serbian National Postal Service on <a href=\"https:\/\/twitter.com\/novakfoundation?ref_src=twsrc%5Etfw\">@novakfoundation<\/a> projects for every child to have the opportunity to attend preschool \ud83d\ude4f\ud83c\udffc <a href=\"https:\/\/t.co\/Ww8Zma95NU\">pic.twitter.com\/Ww8Zma95NU<\/a><\/p>&mdash; Novak Djokovic (@DjokerNole) <a href=\"https:\/\/twitter.com\/DjokerNole\/status\/1471843717271150592?ref_src=twsrc%5Etfw\">December 17, 2021<\/a><\/blockquote><script async src=\"https:\/\/platform.twitter.com\/widgets.js\" charset=\"utf-8\"><\/script>\n<\/div><\/figure>\n\n\n\n<p>El tenista, de 34 a\u00f1os, est\u00e1 desde el mi\u00e9rcoles en un hotel de&nbsp;<strong>Melbourne<\/strong>, a la espera de que la Justicia australiana decida si le&nbsp;<strong>permite<\/strong>entrar al pa\u00eds para jugar el Abierto de Australia o confirma la revocaci\u00f3n de su visado y ordena su deportaci\u00f3n.<\/p>\n\n\n\n<p>Las fotos en los citados actos comenzaron a circular despu\u00e9s de conocerse la versi\u00f3n de los abogados de Djokovic, seg\u00fan la cual \u00e9ste obtuvo una&nbsp;<strong>exenci\u00f3n m\u00e9dica<\/strong>&nbsp;para participar en el Abierto de Australia sin vacunarse debido a que hab\u00eda dado positivo de covid el 16 de diciembre.<\/p>\n\n\n\n<blockquote class=\"wp-block-quote is-layout-flow wp-block-quote-is-layout-flow\"><p>\u201cEl Sr. Djokovic hab\u00eda recibido, el 30 de diciembre de 2021, una carta del director m\u00e9dico de Tenis Australia que registraba que se le hab\u00eda proporcionado una \u2018exenci\u00f3n m\u00e9dica de la vacunaci\u00f3n de covid\u2019 porque se hab\u00eda recuperado recientemente de covid\u201d, se\u00f1alan en un documento publicado este s\u00e1bado por medios australianos.<\/p><\/blockquote>\n\n\n\n<p>Los abogados&nbsp;<strong>a\u00f1aden<\/strong>&nbsp;que \u201cen ese momento hab\u00edan pasado 14 d\u00edas de la prueba de PCR positiva\u201d y que el tenista \u201cno hab\u00eda tenido fiebre ni s\u00edntomas respiratorios de covid-19\u201d en las 72 horas previas.<\/p>\n\n\n\n<p>La cuesti\u00f3n que se&nbsp;<strong>plantean<\/strong>&nbsp;muchos ahora es si el jugador hab\u00eda recibido ya la notificaci\u00f3n del resultado de su test cuando particip\u00f3 en los actos citados, o incluso si esas fotos no contradicen el hecho de que se hab\u00eda contagiado.<\/p>\n\n\n\n<p>En Belgrado, varios centenares de personas se&nbsp;<strong>reunieron<\/strong>&nbsp;este s\u00e1bado, por tercer d\u00eda consecutivo, frente al edificio del Parlamento serbio, en el centro de la capital, para expresar su apoyo a Djokovic.<\/p>\n\n\n\n<blockquote class=\"wp-block-quote is-layout-flow wp-block-quote-is-layout-flow\"><p>\u201cEl (Novak) es el sol de todos nosotros. Es mentalmente muy fuerte. Nunca lo pondr\u00e1n de rodillas\u201d, exclam\u00f3 el padre del tenista, Srdjan Djokovic, quien se mostr\u00f3 \u201cconsternado\u201d por el trato a su hijo por parte de las autoridades australianas, a las que acus\u00f3 de actuar por motivos pol\u00edticos.<\/p><\/blockquote>\n\n\n\n<p>El portal serbio Blic record\u00f3 este s\u00e1bado que el 14 de diciembre Djokovic asisti\u00f3 como espectador al partido de la Euroliga entre el Estrella Roja y el Barcelona disputado en Belgrado, ocasi\u00f3n en la que se&nbsp;<strong>fotografi\u00f3<\/strong>&nbsp;con algunos de los jugadores del club espa\u00f1ol, como Nigel Hayes-Davis o Kyle Kuric.<\/p>\n\n\n\n<p>Hayes-Davis dio positivo por covid el 16 de diciembre.<\/p>\n\n\n\n<p><em>Con informaci\u00f3n de EFE<\/em><\/p>\n","protected":false},"excerpt":{"rendered":"<p>Por Redacci\u00f3n QP Se hicieron p\u00fablicas varias fotos del tenista Novak Djokovic en actos p\u00fablicos&#8230;<\/p>\n","protected":false},"author":2,"featured_media":88165,"comment_status":"open","ping_status":"open","sticky":false,"template":"","format":"standard","meta":{"_monsterinsights_skip_tracking":false,"_monsterinsights_sitenote_active":false,"_monsterinsights_sitenote_note":"","_monsterinsights_sitenote_category":0,"footnotes":""},"categories":[54],"tags":[],"class_list":["post-88164","post","type-post","status-publish","format-standard","has-post-thumbnail","hentry","category-deportes"],"yoast_head":"<!-- This site is optimized with the Yoast SEO plugin v27.3 - https:\/\/yoast.com\/product\/yoast-seo-wordpress\/ -->\n<title>El tenista Novak Djokovic particip\u00f3 en actos p\u00fablicos, presuntamente, tras dar positivo a covid -<\/title>\n<meta name=\"robots\" content=\"index, follow, max-snippet:-1, max-image-preview:large, max-video-preview:-1\" \/>\n<link rel=\"canonical\" href=\"https:\/\/quehacerpolitico.mx\/?p=88164\" \/>\n<meta property=\"og:locale\" content=\"es_MX\" \/>\n<meta property=\"og:type\" content=\"article\" \/>\n<meta property=\"og:title\" content=\"El tenista Novak Djokovic particip\u00f3 en actos p\u00fablicos, presuntamente, tras dar positivo a covid -\" \/>\n<meta property=\"og:description\" content=\"Por Redacci\u00f3n QP Se hicieron p\u00fablicas varias fotos del tenista Novak Djokovic en actos p\u00fablicos...\" \/>\n<meta property=\"og:url\" content=\"https:\/\/quehacerpolitico.mx\/?p=88164\" \/>\n<meta property=\"article:published_time\" content=\"2022-01-08T21:40:14+00:00\" \/>\n<meta property=\"article:modified_time\" content=\"2022-01-08T21:40:17+00:00\" \/>\n<meta property=\"og:image\" content=\"https:\/\/quehacerpolitico.mx\/wp-content\/uploads\/2022\/01\/8896B973-CC30-494C-9F9D-1FB515F20D0E.jpeg\" \/>\n\t<meta property=\"og:image:width\" content=\"1280\" \/>\n\t<meta property=\"og:image:height\" content=\"720\" \/>\n\t<meta property=\"og:image:type\" content=\"image\/jpeg\" \/>\n<meta name=\"author\" content=\"Redacci\u00f3n QP\" \/>\n<meta name=\"twitter:card\" content=\"summary_large_image\" \/>\n<meta name=\"twitter:label1\" content=\"Escrito por\" \/>\n\t<meta name=\"twitter:data1\" content=\"Redacci\u00f3n QP\" \/>\n\t<meta name=\"twitter:label2\" content=\"Tiempo de lectura\" \/>\n\t<meta name=\"twitter:data2\" content=\"4 minutos\" \/>\n<script type=\"application\/ld+json\" class=\"yoast-schema-graph\">{\"@context\":\"https:\\\/\\\/schema.org\",\"@graph\":[{\"@type\":\"Article\",\"@id\":\"https:\\\/\\\/quehacerpolitico.mx\\\/?p=88164#article\",\"isPartOf\":{\"@id\":\"https:\\\/\\\/quehacerpolitico.mx\\\/?p=88164\"},\"author\":{\"name\":\"Redacci\u00f3n QP\",\"@id\":\"https:\\\/\\\/quehacerpolitico.mx\\\/#\\\/schema\\\/person\\\/496d8ad2d1d3f8036101dca7ee39e585\"},\"headline\":\"El tenista Novak Djokovic particip\u00f3 en actos p\u00fablicos, presuntamente, tras dar positivo a covid\",\"datePublished\":\"2022-01-08T21:40:14+00:00\",\"dateModified\":\"2022-01-08T21:40:17+00:00\",\"mainEntityOfPage\":{\"@id\":\"https:\\\/\\\/quehacerpolitico.mx\\\/?p=88164\"},\"wordCount\":784,\"commentCount\":0,\"image\":{\"@id\":\"https:\\\/\\\/quehacerpolitico.mx\\\/?p=88164#primaryimage\"},\"thumbnailUrl\":\"https:\\\/\\\/quehacerpolitico.mx\\\/wp-content\\\/uploads\\\/2022\\\/01\\\/8896B973-CC30-494C-9F9D-1FB515F20D0E.jpeg\",\"articleSection\":[\"Deportes\"],\"inLanguage\":\"es\",\"potentialAction\":[{\"@type\":\"CommentAction\",\"name\":\"Comment\",\"target\":[\"https:\\\/\\\/quehacerpolitico.mx\\\/?p=88164#respond\"]}]},{\"@type\":\"WebPage\",\"@id\":\"https:\\\/\\\/quehacerpolitico.mx\\\/?p=88164\",\"url\":\"https:\\\/\\\/quehacerpolitico.mx\\\/?p=88164\",\"name\":\"El tenista Novak Djokovic particip\u00f3 en actos p\u00fablicos, presuntamente, tras dar positivo a covid -\",\"isPartOf\":{\"@id\":\"https:\\\/\\\/quehacerpolitico.mx\\\/#website\"},\"primaryImageOfPage\":{\"@id\":\"https:\\\/\\\/quehacerpolitico.mx\\\/?p=88164#primaryimage\"},\"image\":{\"@id\":\"https:\\\/\\\/quehacerpolitico.mx\\\/?p=88164#primaryimage\"},\"thumbnailUrl\":\"https:\\\/\\\/quehacerpolitico.mx\\\/wp-content\\\/uploads\\\/2022\\\/01\\\/8896B973-CC30-494C-9F9D-1FB515F20D0E.jpeg\",\"datePublished\":\"2022-01-08T21:40:14+00:00\",\"dateModified\":\"2022-01-08T21:40:17+00:00\",\"author\":{\"@id\":\"https:\\\/\\\/quehacerpolitico.mx\\\/#\\\/schema\\\/person\\\/496d8ad2d1d3f8036101dca7ee39e585\"},\"breadcrumb\":{\"@id\":\"https:\\\/\\\/quehacerpolitico.mx\\\/?p=88164#breadcrumb\"},\"inLanguage\":\"es\",\"potentialAction\":[{\"@type\":\"ReadAction\",\"target\":[\"https:\\\/\\\/quehacerpolitico.mx\\\/?p=88164\"]}]},{\"@type\":\"ImageObject\",\"inLanguage\":\"es\",\"@id\":\"https:\\\/\\\/quehacerpolitico.mx\\\/?p=88164#primaryimage\",\"url\":\"https:\\\/\\\/quehacerpolitico.mx\\\/wp-content\\\/uploads\\\/2022\\\/01\\\/8896B973-CC30-494C-9F9D-1FB515F20D0E.jpeg\",\"contentUrl\":\"https:\\\/\\\/quehacerpolitico.mx\\\/wp-content\\\/uploads\\\/2022\\\/01\\\/8896B973-CC30-494C-9F9D-1FB515F20D0E.jpeg\",\"width\":1280,\"height\":720},{\"@type\":\"BreadcrumbList\",\"@id\":\"https:\\\/\\\/quehacerpolitico.mx\\\/?p=88164#breadcrumb\",\"itemListElement\":[{\"@type\":\"ListItem\",\"position\":1,\"name\":\"Inicio\",\"item\":\"https:\\\/\\\/quehacerpolitico.mx\\\/\"},{\"@type\":\"ListItem\",\"position\":2,\"name\":\"El tenista Novak Djokovic particip\u00f3 en actos p\u00fablicos, presuntamente, tras dar positivo a covid\"}]},{\"@type\":\"WebSite\",\"@id\":\"https:\\\/\\\/quehacerpolitico.mx\\\/#website\",\"url\":\"https:\\\/\\\/quehacerpolitico.mx\\\/\",\"name\":\"\",\"description\":\"\",\"potentialAction\":[{\"@type\":\"SearchAction\",\"target\":{\"@type\":\"EntryPoint\",\"urlTemplate\":\"https:\\\/\\\/quehacerpolitico.mx\\\/?s={search_term_string}\"},\"query-input\":{\"@type\":\"PropertyValueSpecification\",\"valueRequired\":true,\"valueName\":\"search_term_string\"}}],\"inLanguage\":\"es\"},{\"@type\":\"Person\",\"@id\":\"https:\\\/\\\/quehacerpolitico.mx\\\/#\\\/schema\\\/person\\\/496d8ad2d1d3f8036101dca7ee39e585\",\"name\":\"Redacci\u00f3n QP\",\"image\":{\"@type\":\"ImageObject\",\"inLanguage\":\"es\",\"@id\":\"https:\\\/\\\/secure.gravatar.com\\\/avatar\\\/c7164ed6fdec453195284ad24a5ae5b6e1eed2b848477fa2a4787ba9adf39a41?s=96&d=mm&r=g\",\"url\":\"https:\\\/\\\/secure.gravatar.com\\\/avatar\\\/c7164ed6fdec453195284ad24a5ae5b6e1eed2b848477fa2a4787ba9adf39a41?s=96&d=mm&r=g\",\"contentUrl\":\"https:\\\/\\\/secure.gravatar.com\\\/avatar\\\/c7164ed6fdec453195284ad24a5ae5b6e1eed2b848477fa2a4787ba9adf39a41?s=96&d=mm&r=g\",\"caption\":\"Redacci\u00f3n QP\"},\"url\":\"https:\\\/\\\/quehacerpolitico.mx\\\/?author=2\"}]}<\/script>\n<!-- \/ Yoast SEO plugin. -->","yoast_head_json":{"title":"El tenista Novak Djokovic particip\u00f3 en actos p\u00fablicos, presuntamente, tras dar positivo a covid -","robots":{"index":"index","follow":"follow","max-snippet":"max-snippet:-1","max-image-preview":"max-image-preview:large","max-video-preview":"max-video-preview:-1"},"canonical":"https:\/\/quehacerpolitico.mx\/?p=88164","og_locale":"es_MX","og_type":"article","og_title":"El tenista Novak Djokovic particip\u00f3 en actos p\u00fablicos, presuntamente, tras dar positivo a covid -","og_description":"Por Redacci\u00f3n QP Se hicieron p\u00fablicas varias fotos del tenista Novak Djokovic en actos p\u00fablicos...","og_url":"https:\/\/quehacerpolitico.mx\/?p=88164","article_published_time":"2022-01-08T21:40:14+00:00","article_modified_time":"2022-01-08T21:40:17+00:00","og_image":[{"width":1280,"height":720,"url":"https:\/\/quehacerpolitico.mx\/wp-content\/uploads\/2022\/01\/8896B973-CC30-494C-9F9D-1FB515F20D0E.jpeg","type":"image\/jpeg"}],"author":"Redacci\u00f3n QP","twitter_card":"summary_large_image","twitter_misc":{"Escrito por":"Redacci\u00f3n QP","Tiempo de lectura":"4 minutos"},"schema":{"@context":"https:\/\/schema.org","@graph":[{"@type":"Article","@id":"https:\/\/quehacerpolitico.mx\/?p=88164#article","isPartOf":{"@id":"https:\/\/quehacerpolitico.mx\/?p=88164"},"author":{"name":"Redacci\u00f3n QP","@id":"https:\/\/quehacerpolitico.mx\/#\/schema\/person\/496d8ad2d1d3f8036101dca7ee39e585"},"headline":"El tenista Novak Djokovic particip\u00f3 en actos p\u00fablicos, presuntamente, tras dar positivo a covid","datePublished":"2022-01-08T21:40:14+00:00","dateModified":"2022-01-08T21:40:17+00:00","mainEntityOfPage":{"@id":"https:\/\/quehacerpolitico.mx\/?p=88164"},"wordCount":784,"commentCount":0,"image":{"@id":"https:\/\/quehacerpolitico.mx\/?p=88164#primaryimage"},"thumbnailUrl":"https:\/\/quehacerpolitico.mx\/wp-content\/uploads\/2022\/01\/8896B973-CC30-494C-9F9D-1FB515F20D0E.jpeg","articleSection":["Deportes"],"inLanguage":"es","potentialAction":[{"@type":"CommentAction","name":"Comment","target":["https:\/\/quehacerpolitico.mx\/?p=88164#respond"]}]},{"@type":"WebPage","@id":"https:\/\/quehacerpolitico.mx\/?p=88164","url":"https:\/\/quehacerpolitico.mx\/?p=88164","name":"El tenista Novak Djokovic particip\u00f3 en actos p\u00fablicos, presuntamente, tras dar positivo a covid -","isPartOf":{"@id":"https:\/\/quehacerpolitico.mx\/#website"},"primaryImageOfPage":{"@id":"https:\/\/quehacerpolitico.mx\/?p=88164#primaryimage"},"image":{"@id":"https:\/\/quehacerpolitico.mx\/?p=88164#primaryimage"},"thumbnailUrl":"https:\/\/quehacerpolitico.mx\/wp-content\/uploads\/2022\/01\/8896B973-CC30-494C-9F9D-1FB515F20D0E.jpeg","datePublished":"2022-01-08T21:40:14+00:00","dateModified":"2022-01-08T21:40:17+00:00","author":{"@id":"https:\/\/quehacerpolitico.mx\/#\/schema\/person\/496d8ad2d1d3f8036101dca7ee39e585"},"breadcrumb":{"@id":"https:\/\/quehacerpolitico.mx\/?p=88164#breadcrumb"},"inLanguage":"es","potentialAction":[{"@type":"ReadAction","target":["https:\/\/quehacerpolitico.mx\/?p=88164"]}]},{"@type":"ImageObject","inLanguage":"es","@id":"https:\/\/quehacerpolitico.mx\/?p=88164#primaryimage","url":"https:\/\/quehacerpolitico.mx\/wp-content\/uploads\/2022\/01\/8896B973-CC30-494C-9F9D-1FB515F20D0E.jpeg","contentUrl":"https:\/\/quehacerpolitico.mx\/wp-content\/uploads\/2022\/01\/8896B973-CC30-494C-9F9D-1FB515F20D0E.jpeg","width":1280,"height":720},{"@type":"BreadcrumbList","@id":"https:\/\/quehacerpolitico.mx\/?p=88164#breadcrumb","itemListElement":[{"@type":"ListItem","position":1,"name":"Inicio","item":"https:\/\/quehacerpolitico.mx\/"},{"@type":"ListItem","position":2,"name":"El tenista Novak Djokovic particip\u00f3 en actos p\u00fablicos, presuntamente, tras dar positivo a covid"}]},{"@type":"WebSite","@id":"https:\/\/quehacerpolitico.mx\/#website","url":"https:\/\/quehacerpolitico.mx\/","name":"","description":"","potentialAction":[{"@type":"SearchAction","target":{"@type":"EntryPoint","urlTemplate":"https:\/\/quehacerpolitico.mx\/?s={search_term_string}"},"query-input":{"@type":"PropertyValueSpecification","valueRequired":true,"valueName":"search_term_string"}}],"inLanguage":"es"},{"@type":"Person","@id":"https:\/\/quehacerpolitico.mx\/#\/schema\/person\/496d8ad2d1d3f8036101dca7ee39e585","name":"Redacci\u00f3n QP","image":{"@type":"ImageObject","inLanguage":"es","@id":"https:\/\/secure.gravatar.com\/avatar\/c7164ed6fdec453195284ad24a5ae5b6e1eed2b848477fa2a4787ba9adf39a41?s=96&d=mm&r=g","url":"https:\/\/secure.gravatar.com\/avatar\/c7164ed6fdec453195284ad24a5ae5b6e1eed2b848477fa2a4787ba9adf39a41?s=96&d=mm&r=g","contentUrl":"https:\/\/secure.gravatar.com\/avatar\/c7164ed6fdec453195284ad24a5ae5b6e1eed2b848477fa2a4787ba9adf39a41?s=96&d=mm&r=g","caption":"Redacci\u00f3n QP"},"url":"https:\/\/quehacerpolitico.mx\/?author=2"}]}},"featured_image_urls":{"full":["https:\/\/quehacerpolitico.mx\/wp-content\/uploads\/2022\/01\/8896B973-CC30-494C-9F9D-1FB515F20D0E.jpeg",1280,720,false],"thumbnail":["https:\/\/quehacerpolitico.mx\/wp-content\/uploads\/2022\/01\/8896B973-CC30-494C-9F9D-1FB515F20D0E-150x150.jpeg",150,150,true],"medium":["https:\/\/quehacerpolitico.mx\/wp-content\/uploads\/2022\/01\/8896B973-CC30-494C-9F9D-1FB515F20D0E-300x169.jpeg",300,169,true],"medium_large":["https:\/\/quehacerpolitico.mx\/wp-content\/uploads\/2022\/01\/8896B973-CC30-494C-9F9D-1FB515F20D0E-768x432.jpeg",640,360,true],"large":["https:\/\/quehacerpolitico.mx\/wp-content\/uploads\/2022\/01\/8896B973-CC30-494C-9F9D-1FB515F20D0E-1024x576.jpeg",640,360,true],"1536x1536":["https:\/\/quehacerpolitico.mx\/wp-content\/uploads\/2022\/01\/8896B973-CC30-494C-9F9D-1FB515F20D0E.jpeg",1280,720,false],"2048x2048":["https:\/\/quehacerpolitico.mx\/wp-content\/uploads\/2022\/01\/8896B973-CC30-494C-9F9D-1FB515F20D0E.jpeg",1280,720,false],"covernews-featured":["https:\/\/quehacerpolitico.mx\/wp-content\/uploads\/2022\/01\/8896B973-CC30-494C-9F9D-1FB515F20D0E.jpeg",1024,576,false],"covernews-medium":["https:\/\/quehacerpolitico.mx\/wp-content\/uploads\/2022\/01\/8896B973-CC30-494C-9F9D-1FB515F20D0E.jpeg",540,304,false]},"author_info":{"display_name":"Redacci\u00f3n QP","author_link":"https:\/\/quehacerpolitico.mx\/?author=2"},"category_info":"<a href=\"https:\/\/quehacerpolitico.mx\/?cat=54\" rel=\"category\">Deportes<\/a>","tag_info":"Deportes","comment_count":"0","_links":{"self":[{"href":"https:\/\/quehacerpolitico.mx\/index.php?rest_route=\/wp\/v2\/posts\/88164","targetHints":{"allow":["GET"]}}],"collection":[{"href":"https:\/\/quehacerpolitico.mx\/index.php?rest_route=\/wp\/v2\/posts"}],"about":[{"href":"https:\/\/quehacerpolitico.mx\/index.php?rest_route=\/wp\/v2\/types\/post"}],"author":[{"embeddable":true,"href":"https:\/\/quehacerpolitico.mx\/index.php?rest_route=\/wp\/v2\/users\/2"}],"replies":[{"embeddable":true,"href":"https:\/\/quehacerpolitico.mx\/index.php?rest_route=%2Fwp%2Fv2%2Fcomments&post=88164"}],"version-history":[{"count":1,"href":"https:\/\/quehacerpolitico.mx\/index.php?rest_route=\/wp\/v2\/posts\/88164\/revisions"}],"predecessor-version":[{"id":88166,"href":"https:\/\/quehacerpolitico.mx\/index.php?rest_route=\/wp\/v2\/posts\/88164\/revisions\/88166"}],"wp:featuredmedia":[{"embeddable":true,"href":"https:\/\/quehacerpolitico.mx\/index.php?rest_route=\/wp\/v2\/media\/88165"}],"wp:attachment":[{"href":"https:\/\/quehacerpolitico.mx\/index.php?rest_route=%2Fwp%2Fv2%2Fmedia&parent=88164"}],"wp:term":[{"taxonomy":"category","embeddable":true,"href":"https:\/\/quehacerpolitico.mx\/index.php?rest_route=%2Fwp%2Fv2%2Fcategories&post=88164"},{"taxonomy":"post_tag","embeddable":true,"href":"https:\/\/quehacerpolitico.mx\/index.php?rest_route=%2Fwp%2Fv2%2Ftags&post=88164"}],"curies":[{"name":"wp","href":"https:\/\/api.w.org\/{rel}","templated":true}]}}