{"id":88155,"date":"2022-01-08T05:36:53","date_gmt":"2022-01-08T05:36:53","guid":{"rendered":"https:\/\/quehacerpolitico.mx\/?p=88155"},"modified":"2022-01-08T05:36:55","modified_gmt":"2022-01-08T05:36:55","slug":"confirman-que-polemica-foto-de-cuauhtemoc-blanco-fue-tomada-en-iglesia-de-morelos","status":"publish","type":"post","link":"https:\/\/quehacerpolitico.mx\/?p=88155","title":{"rendered":"Confirman que pol\u00e9mica foto de Cuauht\u00e9moc Blanco fue tomada en iglesia de Morelos"},"content":{"rendered":"\n<p>Por Redacci\u00f3n QP<\/p>\n\n\n\n<p>El vicario general de la Di\u00f3cesis de Cuernavaca rechaza v\u00ednculos con criminales luego de pol\u00e9mica foto de\u00a0Cuauht\u00e9moc Blanco en la iglesia\u00a0<em>&#8220;La Asuncion&#8221;\u00a0<\/em><\/p>\n\n\n\n<p>La Di\u00f3cesis de Cuernavaca confirm\u00f3 que la imagen se tom\u00f3<strong>&nbsp;en una iglesia de Yautepec<\/strong>, aunque rechazan tener v\u00ednculos con grupos criminales.<\/p>\n\n\n\n<p>El vicario general de la Di\u00f3cesis de Cuernavaca,\u00a0<strong>Tom\u00e1s Toral N\u00e1jera<\/strong>, confirm\u00f3 que la fotograf\u00eda que difundi\u00f3 la OEM donde aparece el gobernador, Cuauht\u00e9moc Blanco Bravo junto con<strong>\u00a0tres presuntos l\u00edderes de grupos criminales<\/strong>, fue tomada en la iglesia &#8220;<em>La Asunci\u00f3n<\/em>&#8221; en Yautepec.<\/p>\n\n\n\n<figure class=\"wp-block-embed is-type-rich is-provider-twitter wp-block-embed-twitter\"><div class=\"wp-block-embed__wrapper\">\n<blockquote class=\"twitter-tweet\" data-width=\"550\" data-dnt=\"true\"><p lang=\"es\" dir=\"ltr\">Tom\u00e1s Toral N\u00e1jera, vicario general de la Di\u00f3cesis de Cuernavaca, revel\u00f3 que la fotograf\u00eda donde aparece el gobernador Cuauht\u00e9moc Blanco con tres presuntos l\u00edderes del narcotr\u00e1fico en la entidad fue tomada una iglesia del municipio de Yautepec. <br><br>M\u00e1s en: <a href=\"https:\/\/t.co\/X20GKSsolI\">https:\/\/t.co\/X20GKSsolI<\/a> <a href=\"https:\/\/t.co\/IS3VRDZzsU\">pic.twitter.com\/IS3VRDZzsU<\/a><\/p>&mdash; Joaqu\u00edn L\u00f3pez-D\u00f3riga (@lopezdoriga) <a href=\"https:\/\/twitter.com\/lopezdoriga\/status\/1479552869384732676?ref_src=twsrc%5Etfw\">January 7, 2022<\/a><\/blockquote><script async src=\"https:\/\/platform.twitter.com\/widgets.js\" charset=\"utf-8\"><\/script>\n<\/div><\/figure>\n\n\n\n<p>Desde la Catedral de Cuernavaca, Tom\u00e1s Toral rechaz\u00f3 que la Iglesia Cat\u00f3lica tenga v\u00ednculos con la delincuencia organizada, y afirm\u00f3 que<strong>\u00a0esa fotograf\u00eda fue tomada el 12 de diciembre de 2018<\/strong>porque casualmente ah\u00ed se encontraba el mandatario morelense.<\/p>\n\n\n\n<p>Con base en esa fecha, diciembre de 2018, Cuauht\u00e9moc&nbsp;<strong>Blanco hab\u00eda concluido su gesti\u00f3n como presidente municipal<\/strong>&nbsp;de Cuernavaca (2015-2018) y cumpl\u00eda dos meses al frente del Gobierno del Estado.<\/p>\n\n\n\n<p>El tambi\u00e9n rector de la Catedral dijo que\u00a0<strong>el p\u00e1rroco Juan Alvarado<\/strong>, que en ese tiempo oficiaba las celebraciones religiosas en la parroquia &#8220;La Asunci\u00f3n&#8221;,\u00a0<strong>no sab\u00eda qu\u00e9 personajes estaban presentes<\/strong>\u00a0y s\u00f3lo pudo reconocer a Cuauht\u00e9moc Blanco porque &#8220;no puedes dejar de ver que es el gobernador&#8221;.<\/p>\n\n\n\n<p>Con la declaraci\u00f3n del vicario de la di\u00f3cesis de Cuernavaca se descart\u00f3 que la foto haya sido tomada en la casa del mandatario morelense, como lo infiri\u00f3 la oposici\u00f3n pol\u00edtica.<\/p>\n\n\n\n<p>Toral N\u00e1jera precis\u00f3 que l<strong>os sacerdotes no tienen la obligaci\u00f3n de conocer a fondo a las personas<\/strong>que acuden a las parroquias a solicitar los diferentes servicios religiosos, y tampoco tienen que saber qui\u00e9n o a qu\u00e9 se dedica la persona que acude a ellos, por lo que afirm\u00f3 que los p\u00e1rrocos est\u00e1n para los feligreses, quienes tiene el derecho de solicitar alg\u00fan servicio.<\/p>\n\n\n\n<p>En este sentido, Tom\u00e1s Toral se\u00f1al\u00f3 que<strong>\u00a0se tiene que llevar a cabo una investigaci\u00f3n para aclarar los hechos\u00a0<\/strong>y terminar con las interpretaciones.<\/p>\n\n\n\n<p>La fotograf\u00eda donde el gobernador posa con<strong>\u00a0Irving Eduardo Solano Vera<\/strong>, &#8220;<em>El Profe<\/em>&#8220;, presunto l\u00edder de Guerrero Unidos y el CJNG;\u00a0<strong>Homero Figueroa Meza<\/strong>,\u00a0<em>&#8220;La Tripa<\/em>&#8220;, cabeza del Comando Tlahuica, y\u00a0<strong>Raymundo Isidro Castro<\/strong>, &#8220;<em>El Ray<\/em>&#8220;, del CJNG, \u00e9ste \u00faltimo asesinado en 2019, en el<strong>\u00a0penal de Atlacholoaya<\/strong>, desat\u00f3 una fuerte pol\u00e9mica y de inmediato el gobernador neg\u00f3 haber conocido a los tres supuestos integrantes del crimen organizado.<\/p>\n\n\n\n<p>Con Informaci\u00f3n de SUN <\/p>\n","protected":false},"excerpt":{"rendered":"<p>Por Redacci\u00f3n QP El vicario general de la Di\u00f3cesis de Cuernavaca rechaza v\u00ednculos con criminales&#8230;<\/p>\n","protected":false},"author":2,"featured_media":88156,"comment_status":"open","ping_status":"open","sticky":false,"template":"","format":"standard","meta":{"_monsterinsights_skip_tracking":false,"_monsterinsights_sitenote_active":false,"_monsterinsights_sitenote_note":"","_monsterinsights_sitenote_category":0,"footnotes":""},"categories":[2],"tags":[],"class_list":["post-88155","post","type-post","status-publish","format-standard","has-post-thumbnail","hentry","category-noticias"],"yoast_head":"<!-- This site is optimized with the Yoast SEO plugin v27.3 - https:\/\/yoast.com\/product\/yoast-seo-wordpress\/ -->\n<title>Confirman que pol\u00e9mica foto de Cuauht\u00e9moc Blanco fue tomada en iglesia de Morelos -<\/title>\n<meta name=\"robots\" content=\"index, follow, max-snippet:-1, max-image-preview:large, max-video-preview:-1\" \/>\n<link rel=\"canonical\" href=\"https:\/\/quehacerpolitico.mx\/?p=88155\" \/>\n<meta property=\"og:locale\" content=\"es_MX\" \/>\n<meta property=\"og:type\" content=\"article\" \/>\n<meta property=\"og:title\" content=\"Confirman que pol\u00e9mica foto de Cuauht\u00e9moc Blanco fue tomada en iglesia de Morelos -\" \/>\n<meta property=\"og:description\" content=\"Por Redacci\u00f3n QP El vicario general de la Di\u00f3cesis de Cuernavaca rechaza v\u00ednculos con criminales...\" \/>\n<meta property=\"og:url\" content=\"https:\/\/quehacerpolitico.mx\/?p=88155\" \/>\n<meta property=\"article:published_time\" content=\"2022-01-08T05:36:53+00:00\" \/>\n<meta property=\"article:modified_time\" content=\"2022-01-08T05:36:55+00:00\" \/>\n<meta property=\"og:image\" content=\"https:\/\/quehacerpolitico.mx\/wp-content\/uploads\/2022\/01\/D3E16BE9-7DF5-4FFC-ABEC-9E71D3E40C3D.jpeg\" \/>\n\t<meta property=\"og:image:width\" content=\"756\" \/>\n\t<meta property=\"og:image:height\" content=\"462\" \/>\n\t<meta property=\"og:image:type\" content=\"image\/jpeg\" \/>\n<meta name=\"author\" content=\"Redacci\u00f3n QP\" \/>\n<meta name=\"twitter:card\" content=\"summary_large_image\" \/>\n<meta name=\"twitter:label1\" content=\"Escrito por\" \/>\n\t<meta name=\"twitter:data1\" content=\"Redacci\u00f3n QP\" \/>\n\t<meta name=\"twitter:label2\" content=\"Tiempo de lectura\" \/>\n\t<meta name=\"twitter:data2\" content=\"2 minutos\" \/>\n<script type=\"application\/ld+json\" class=\"yoast-schema-graph\">{\"@context\":\"https:\\\/\\\/schema.org\",\"@graph\":[{\"@type\":\"Article\",\"@id\":\"https:\\\/\\\/quehacerpolitico.mx\\\/?p=88155#article\",\"isPartOf\":{\"@id\":\"https:\\\/\\\/quehacerpolitico.mx\\\/?p=88155\"},\"author\":{\"name\":\"Redacci\u00f3n QP\",\"@id\":\"https:\\\/\\\/quehacerpolitico.mx\\\/#\\\/schema\\\/person\\\/496d8ad2d1d3f8036101dca7ee39e585\"},\"headline\":\"Confirman que pol\u00e9mica foto de Cuauht\u00e9moc Blanco fue tomada en iglesia de Morelos\",\"datePublished\":\"2022-01-08T05:36:53+00:00\",\"dateModified\":\"2022-01-08T05:36:55+00:00\",\"mainEntityOfPage\":{\"@id\":\"https:\\\/\\\/quehacerpolitico.mx\\\/?p=88155\"},\"wordCount\":463,\"commentCount\":0,\"image\":{\"@id\":\"https:\\\/\\\/quehacerpolitico.mx\\\/?p=88155#primaryimage\"},\"thumbnailUrl\":\"https:\\\/\\\/quehacerpolitico.mx\\\/wp-content\\\/uploads\\\/2022\\\/01\\\/D3E16BE9-7DF5-4FFC-ABEC-9E71D3E40C3D.jpeg\",\"articleSection\":[\"Noticias\"],\"inLanguage\":\"es\",\"potentialAction\":[{\"@type\":\"CommentAction\",\"name\":\"Comment\",\"target\":[\"https:\\\/\\\/quehacerpolitico.mx\\\/?p=88155#respond\"]}]},{\"@type\":\"WebPage\",\"@id\":\"https:\\\/\\\/quehacerpolitico.mx\\\/?p=88155\",\"url\":\"https:\\\/\\\/quehacerpolitico.mx\\\/?p=88155\",\"name\":\"Confirman que pol\u00e9mica foto de Cuauht\u00e9moc Blanco fue tomada en iglesia de Morelos -\",\"isPartOf\":{\"@id\":\"https:\\\/\\\/quehacerpolitico.mx\\\/#website\"},\"primaryImageOfPage\":{\"@id\":\"https:\\\/\\\/quehacerpolitico.mx\\\/?p=88155#primaryimage\"},\"image\":{\"@id\":\"https:\\\/\\\/quehacerpolitico.mx\\\/?p=88155#primaryimage\"},\"thumbnailUrl\":\"https:\\\/\\\/quehacerpolitico.mx\\\/wp-content\\\/uploads\\\/2022\\\/01\\\/D3E16BE9-7DF5-4FFC-ABEC-9E71D3E40C3D.jpeg\",\"datePublished\":\"2022-01-08T05:36:53+00:00\",\"dateModified\":\"2022-01-08T05:36:55+00:00\",\"author\":{\"@id\":\"https:\\\/\\\/quehacerpolitico.mx\\\/#\\\/schema\\\/person\\\/496d8ad2d1d3f8036101dca7ee39e585\"},\"breadcrumb\":{\"@id\":\"https:\\\/\\\/quehacerpolitico.mx\\\/?p=88155#breadcrumb\"},\"inLanguage\":\"es\",\"potentialAction\":[{\"@type\":\"ReadAction\",\"target\":[\"https:\\\/\\\/quehacerpolitico.mx\\\/?p=88155\"]}]},{\"@type\":\"ImageObject\",\"inLanguage\":\"es\",\"@id\":\"https:\\\/\\\/quehacerpolitico.mx\\\/?p=88155#primaryimage\",\"url\":\"https:\\\/\\\/quehacerpolitico.mx\\\/wp-content\\\/uploads\\\/2022\\\/01\\\/D3E16BE9-7DF5-4FFC-ABEC-9E71D3E40C3D.jpeg\",\"contentUrl\":\"https:\\\/\\\/quehacerpolitico.mx\\\/wp-content\\\/uploads\\\/2022\\\/01\\\/D3E16BE9-7DF5-4FFC-ABEC-9E71D3E40C3D.jpeg\",\"width\":756,\"height\":462},{\"@type\":\"BreadcrumbList\",\"@id\":\"https:\\\/\\\/quehacerpolitico.mx\\\/?p=88155#breadcrumb\",\"itemListElement\":[{\"@type\":\"ListItem\",\"position\":1,\"name\":\"Inicio\",\"item\":\"https:\\\/\\\/quehacerpolitico.mx\\\/\"},{\"@type\":\"ListItem\",\"position\":2,\"name\":\"Confirman que pol\u00e9mica foto de Cuauht\u00e9moc Blanco fue tomada en iglesia de Morelos\"}]},{\"@type\":\"WebSite\",\"@id\":\"https:\\\/\\\/quehacerpolitico.mx\\\/#website\",\"url\":\"https:\\\/\\\/quehacerpolitico.mx\\\/\",\"name\":\"\",\"description\":\"\",\"potentialAction\":[{\"@type\":\"SearchAction\",\"target\":{\"@type\":\"EntryPoint\",\"urlTemplate\":\"https:\\\/\\\/quehacerpolitico.mx\\\/?s={search_term_string}\"},\"query-input\":{\"@type\":\"PropertyValueSpecification\",\"valueRequired\":true,\"valueName\":\"search_term_string\"}}],\"inLanguage\":\"es\"},{\"@type\":\"Person\",\"@id\":\"https:\\\/\\\/quehacerpolitico.mx\\\/#\\\/schema\\\/person\\\/496d8ad2d1d3f8036101dca7ee39e585\",\"name\":\"Redacci\u00f3n QP\",\"image\":{\"@type\":\"ImageObject\",\"inLanguage\":\"es\",\"@id\":\"https:\\\/\\\/secure.gravatar.com\\\/avatar\\\/c7164ed6fdec453195284ad24a5ae5b6e1eed2b848477fa2a4787ba9adf39a41?s=96&d=mm&r=g\",\"url\":\"https:\\\/\\\/secure.gravatar.com\\\/avatar\\\/c7164ed6fdec453195284ad24a5ae5b6e1eed2b848477fa2a4787ba9adf39a41?s=96&d=mm&r=g\",\"contentUrl\":\"https:\\\/\\\/secure.gravatar.com\\\/avatar\\\/c7164ed6fdec453195284ad24a5ae5b6e1eed2b848477fa2a4787ba9adf39a41?s=96&d=mm&r=g\",\"caption\":\"Redacci\u00f3n QP\"},\"url\":\"https:\\\/\\\/quehacerpolitico.mx\\\/?author=2\"}]}<\/script>\n<!-- \/ Yoast SEO plugin. -->","yoast_head_json":{"title":"Confirman que pol\u00e9mica foto de Cuauht\u00e9moc Blanco fue tomada en iglesia de Morelos -","robots":{"index":"index","follow":"follow","max-snippet":"max-snippet:-1","max-image-preview":"max-image-preview:large","max-video-preview":"max-video-preview:-1"},"canonical":"https:\/\/quehacerpolitico.mx\/?p=88155","og_locale":"es_MX","og_type":"article","og_title":"Confirman que pol\u00e9mica foto de Cuauht\u00e9moc Blanco fue tomada en iglesia de Morelos -","og_description":"Por Redacci\u00f3n QP El vicario general de la Di\u00f3cesis de Cuernavaca rechaza v\u00ednculos con criminales...","og_url":"https:\/\/quehacerpolitico.mx\/?p=88155","article_published_time":"2022-01-08T05:36:53+00:00","article_modified_time":"2022-01-08T05:36:55+00:00","og_image":[{"width":756,"height":462,"url":"https:\/\/quehacerpolitico.mx\/wp-content\/uploads\/2022\/01\/D3E16BE9-7DF5-4FFC-ABEC-9E71D3E40C3D.jpeg","type":"image\/jpeg"}],"author":"Redacci\u00f3n QP","twitter_card":"summary_large_image","twitter_misc":{"Escrito por":"Redacci\u00f3n QP","Tiempo de lectura":"2 minutos"},"schema":{"@context":"https:\/\/schema.org","@graph":[{"@type":"Article","@id":"https:\/\/quehacerpolitico.mx\/?p=88155#article","isPartOf":{"@id":"https:\/\/quehacerpolitico.mx\/?p=88155"},"author":{"name":"Redacci\u00f3n QP","@id":"https:\/\/quehacerpolitico.mx\/#\/schema\/person\/496d8ad2d1d3f8036101dca7ee39e585"},"headline":"Confirman que pol\u00e9mica foto de Cuauht\u00e9moc Blanco fue tomada en iglesia de Morelos","datePublished":"2022-01-08T05:36:53+00:00","dateModified":"2022-01-08T05:36:55+00:00","mainEntityOfPage":{"@id":"https:\/\/quehacerpolitico.mx\/?p=88155"},"wordCount":463,"commentCount":0,"image":{"@id":"https:\/\/quehacerpolitico.mx\/?p=88155#primaryimage"},"thumbnailUrl":"https:\/\/quehacerpolitico.mx\/wp-content\/uploads\/2022\/01\/D3E16BE9-7DF5-4FFC-ABEC-9E71D3E40C3D.jpeg","articleSection":["Noticias"],"inLanguage":"es","potentialAction":[{"@type":"CommentAction","name":"Comment","target":["https:\/\/quehacerpolitico.mx\/?p=88155#respond"]}]},{"@type":"WebPage","@id":"https:\/\/quehacerpolitico.mx\/?p=88155","url":"https:\/\/quehacerpolitico.mx\/?p=88155","name":"Confirman que pol\u00e9mica foto de Cuauht\u00e9moc Blanco fue tomada en iglesia de Morelos -","isPartOf":{"@id":"https:\/\/quehacerpolitico.mx\/#website"},"primaryImageOfPage":{"@id":"https:\/\/quehacerpolitico.mx\/?p=88155#primaryimage"},"image":{"@id":"https:\/\/quehacerpolitico.mx\/?p=88155#primaryimage"},"thumbnailUrl":"https:\/\/quehacerpolitico.mx\/wp-content\/uploads\/2022\/01\/D3E16BE9-7DF5-4FFC-ABEC-9E71D3E40C3D.jpeg","datePublished":"2022-01-08T05:36:53+00:00","dateModified":"2022-01-08T05:36:55+00:00","author":{"@id":"https:\/\/quehacerpolitico.mx\/#\/schema\/person\/496d8ad2d1d3f8036101dca7ee39e585"},"breadcrumb":{"@id":"https:\/\/quehacerpolitico.mx\/?p=88155#breadcrumb"},"inLanguage":"es","potentialAction":[{"@type":"ReadAction","target":["https:\/\/quehacerpolitico.mx\/?p=88155"]}]},{"@type":"ImageObject","inLanguage":"es","@id":"https:\/\/quehacerpolitico.mx\/?p=88155#primaryimage","url":"https:\/\/quehacerpolitico.mx\/wp-content\/uploads\/2022\/01\/D3E16BE9-7DF5-4FFC-ABEC-9E71D3E40C3D.jpeg","contentUrl":"https:\/\/quehacerpolitico.mx\/wp-content\/uploads\/2022\/01\/D3E16BE9-7DF5-4FFC-ABEC-9E71D3E40C3D.jpeg","width":756,"height":462},{"@type":"BreadcrumbList","@id":"https:\/\/quehacerpolitico.mx\/?p=88155#breadcrumb","itemListElement":[{"@type":"ListItem","position":1,"name":"Inicio","item":"https:\/\/quehacerpolitico.mx\/"},{"@type":"ListItem","position":2,"name":"Confirman que pol\u00e9mica foto de Cuauht\u00e9moc Blanco fue tomada en iglesia de Morelos"}]},{"@type":"WebSite","@id":"https:\/\/quehacerpolitico.mx\/#website","url":"https:\/\/quehacerpolitico.mx\/","name":"","description":"","potentialAction":[{"@type":"SearchAction","target":{"@type":"EntryPoint","urlTemplate":"https:\/\/quehacerpolitico.mx\/?s={search_term_string}"},"query-input":{"@type":"PropertyValueSpecification","valueRequired":true,"valueName":"search_term_string"}}],"inLanguage":"es"},{"@type":"Person","@id":"https:\/\/quehacerpolitico.mx\/#\/schema\/person\/496d8ad2d1d3f8036101dca7ee39e585","name":"Redacci\u00f3n QP","image":{"@type":"ImageObject","inLanguage":"es","@id":"https:\/\/secure.gravatar.com\/avatar\/c7164ed6fdec453195284ad24a5ae5b6e1eed2b848477fa2a4787ba9adf39a41?s=96&d=mm&r=g","url":"https:\/\/secure.gravatar.com\/avatar\/c7164ed6fdec453195284ad24a5ae5b6e1eed2b848477fa2a4787ba9adf39a41?s=96&d=mm&r=g","contentUrl":"https:\/\/secure.gravatar.com\/avatar\/c7164ed6fdec453195284ad24a5ae5b6e1eed2b848477fa2a4787ba9adf39a41?s=96&d=mm&r=g","caption":"Redacci\u00f3n QP"},"url":"https:\/\/quehacerpolitico.mx\/?author=2"}]}},"featured_image_urls":{"full":["https:\/\/quehacerpolitico.mx\/wp-content\/uploads\/2022\/01\/D3E16BE9-7DF5-4FFC-ABEC-9E71D3E40C3D.jpeg",756,462,false],"thumbnail":["https:\/\/quehacerpolitico.mx\/wp-content\/uploads\/2022\/01\/D3E16BE9-7DF5-4FFC-ABEC-9E71D3E40C3D-150x150.jpeg",150,150,true],"medium":["https:\/\/quehacerpolitico.mx\/wp-content\/uploads\/2022\/01\/D3E16BE9-7DF5-4FFC-ABEC-9E71D3E40C3D-300x183.jpeg",300,183,true],"medium_large":["https:\/\/quehacerpolitico.mx\/wp-content\/uploads\/2022\/01\/D3E16BE9-7DF5-4FFC-ABEC-9E71D3E40C3D.jpeg",640,391,false],"large":["https:\/\/quehacerpolitico.mx\/wp-content\/uploads\/2022\/01\/D3E16BE9-7DF5-4FFC-ABEC-9E71D3E40C3D.jpeg",640,391,false],"1536x1536":["https:\/\/quehacerpolitico.mx\/wp-content\/uploads\/2022\/01\/D3E16BE9-7DF5-4FFC-ABEC-9E71D3E40C3D.jpeg",756,462,false],"2048x2048":["https:\/\/quehacerpolitico.mx\/wp-content\/uploads\/2022\/01\/D3E16BE9-7DF5-4FFC-ABEC-9E71D3E40C3D.jpeg",756,462,false],"covernews-featured":["https:\/\/quehacerpolitico.mx\/wp-content\/uploads\/2022\/01\/D3E16BE9-7DF5-4FFC-ABEC-9E71D3E40C3D.jpeg",756,462,false],"covernews-medium":["https:\/\/quehacerpolitico.mx\/wp-content\/uploads\/2022\/01\/D3E16BE9-7DF5-4FFC-ABEC-9E71D3E40C3D.jpeg",540,330,false]},"author_info":{"display_name":"Redacci\u00f3n QP","author_link":"https:\/\/quehacerpolitico.mx\/?author=2"},"category_info":"<a href=\"https:\/\/quehacerpolitico.mx\/?cat=2\" rel=\"category\">Noticias<\/a>","tag_info":"Noticias","comment_count":"0","_links":{"self":[{"href":"https:\/\/quehacerpolitico.mx\/index.php?rest_route=\/wp\/v2\/posts\/88155","targetHints":{"allow":["GET"]}}],"collection":[{"href":"https:\/\/quehacerpolitico.mx\/index.php?rest_route=\/wp\/v2\/posts"}],"about":[{"href":"https:\/\/quehacerpolitico.mx\/index.php?rest_route=\/wp\/v2\/types\/post"}],"author":[{"embeddable":true,"href":"https:\/\/quehacerpolitico.mx\/index.php?rest_route=\/wp\/v2\/users\/2"}],"replies":[{"embeddable":true,"href":"https:\/\/quehacerpolitico.mx\/index.php?rest_route=%2Fwp%2Fv2%2Fcomments&post=88155"}],"version-history":[{"count":1,"href":"https:\/\/quehacerpolitico.mx\/index.php?rest_route=\/wp\/v2\/posts\/88155\/revisions"}],"predecessor-version":[{"id":88157,"href":"https:\/\/quehacerpolitico.mx\/index.php?rest_route=\/wp\/v2\/posts\/88155\/revisions\/88157"}],"wp:featuredmedia":[{"embeddable":true,"href":"https:\/\/quehacerpolitico.mx\/index.php?rest_route=\/wp\/v2\/media\/88156"}],"wp:attachment":[{"href":"https:\/\/quehacerpolitico.mx\/index.php?rest_route=%2Fwp%2Fv2%2Fmedia&parent=88155"}],"wp:term":[{"taxonomy":"category","embeddable":true,"href":"https:\/\/quehacerpolitico.mx\/index.php?rest_route=%2Fwp%2Fv2%2Fcategories&post=88155"},{"taxonomy":"post_tag","embeddable":true,"href":"https:\/\/quehacerpolitico.mx\/index.php?rest_route=%2Fwp%2Fv2%2Ftags&post=88155"}],"curies":[{"name":"wp","href":"https:\/\/api.w.org\/{rel}","templated":true}]}}