{"id":88151,"date":"2022-01-08T05:21:25","date_gmt":"2022-01-08T05:21:25","guid":{"rendered":"https:\/\/quehacerpolitico.mx\/?p=88151"},"modified":"2022-01-08T05:21:28","modified_gmt":"2022-01-08T05:21:28","slug":"abandono-de-cuerpos-torturados-en-veracruz-podria-ser-venganza-dice-la-sspc","status":"publish","type":"post","link":"https:\/\/quehacerpolitico.mx\/?p=88151","title":{"rendered":"Abandono de cuerpos torturados en Veracruz podr\u00eda ser venganza, dice la SSPC"},"content":{"rendered":"\n<p>Por Redacci\u00f3n QP<\/p>\n\n\n\n<p>Detallan que elementos de la Marina Armada, Ej\u00e9rcito y de la Guardia Nacional realizan operativos para dar con los responsables<\/p>\n\n\n\n<p>El abandono de nueve cuerpos sin vida en el municipio de La Isla, en Veracruz,&nbsp;<strong>podr\u00eda tratarse de una venganza entre grupos criminales rivales<\/strong>, afirm\u00f3 este viernes la Secretar\u00eda de Seguridad y Protecci\u00f3n Ciudadana (SSPC).<\/p>\n\n\n\n<p>Ante estos hechos, la dependencia inform\u00f3 que<strong>elementos de la Marina Armada, Ej\u00e9rcito y de la Guardia Nacional realizan operativos para dar con los responsables del multihomicidio.<\/strong><\/p>\n\n\n\n<p>Asimismo, la dependencia indic\u00f3 que reforz\u00f3 la coordinaci\u00f3n operativa y de Inteligencia con el gobierno estatal para evitar la impunidad.<\/p>\n\n\n\n<p>La SSPC se\u00f1al\u00f3 que mantiene comunicaci\u00f3n permanente con las autoridades estatales para actuar de manera contundente contra todos los grupos delincuenciales sin distinciones.<\/p>\n\n\n\n<p>Record\u00f3 que a finales del a\u00f1o pasado, el gabinete de seguridad del gobierno de M\u00e9xico despleg\u00f3 16 mil 814 elementos de Marina, Defensa Nacional, Guardia Nacional y Polic\u00eda Naval.<\/p>\n\n\n\n<p>En Veracruz hay siete bases de operaci\u00f3n de la Guardia Nacional concluidas y cuatro en proceso de construcci\u00f3n. Se prev\u00e9 que para 2023 sumen 31 inmuebles.<\/p>\n\n\n\n<p>\u201cDesde el Gobierno de Veracruz, a trav\u00e9s de la SSP, atendemos y actuamos para dar con los responsables de estos actos; asimismo, en coordinaci\u00f3n con la Fiscal\u00eda General del Estado (FGE) se trabaja para el esclarecimiento de estos hechos\u201d, agreg\u00f3 la dependencia estatal.<\/p>\n\n\n\n<figure class=\"wp-block-image size-large\"><img loading=\"lazy\" decoding=\"async\" width=\"758\" height=\"1024\" src=\"https:\/\/quehacerpolitico.mx\/wp-content\/uploads\/2022\/01\/image-14-758x1024.jpeg\" alt=\"\" class=\"wp-image-88152\" srcset=\"https:\/\/quehacerpolitico.mx\/wp-content\/uploads\/2022\/01\/image-14-758x1024.jpeg 758w, https:\/\/quehacerpolitico.mx\/wp-content\/uploads\/2022\/01\/image-14-222x300.jpeg 222w, https:\/\/quehacerpolitico.mx\/wp-content\/uploads\/2022\/01\/image-14-768x1038.jpeg 768w, https:\/\/quehacerpolitico.mx\/wp-content\/uploads\/2022\/01\/image-14-1136x1536.jpeg 1136w, https:\/\/quehacerpolitico.mx\/wp-content\/uploads\/2022\/01\/image-14-108x146.jpeg 108w, https:\/\/quehacerpolitico.mx\/wp-content\/uploads\/2022\/01\/image-14-37x50.jpeg 37w, https:\/\/quehacerpolitico.mx\/wp-content\/uploads\/2022\/01\/image-14-55x75.jpeg 55w, https:\/\/quehacerpolitico.mx\/wp-content\/uploads\/2022\/01\/image-14.jpeg 1180w\" sizes=\"auto, (max-width: 758px) 100vw, 758px\" \/><\/figure>\n\n\n\n<p>El reporte \u2018MX: La Guerra en N\u00fameros\u2019, de\u00a0T-ResearchMX, detalla que, de acuerdo con el registro de homicidios dolosos de la Secretar\u00eda de Seguridad y Protecci\u00f3n Ciudadana, del 1 de diciembre de 2018 al 6 de enero de 2022, tiempo que lleva la actual Administraci\u00f3n del presidente\u00a0<strong>Andr\u00e9s Manuel L\u00f3pez Obrador<\/strong>, las fiscal\u00edas estatales y federales han registrado\u00a0<strong>109 mil 691 homicidios dolosos<\/strong>\u00a0en\u00a0<strong>M\u00e9xico<\/strong>.<\/p>\n\n\n\n<p>Si bien en los \u00faltimos dos a\u00f1os las cifras oficiales muestran una disminuci\u00f3n del \u00edndice delictivo en Veracruz, la entidad lleva m\u00e1s de una d\u00e9cada sumida en una disputa entre carteles de la droga y el Estado.<\/p>\n\n\n\n<p>Y Veracruz ocupa la sexta posici\u00f3n en el nivel nacional con el mayor n\u00famero de atrocidades -asesinatos registrados con extrema violencia- seg\u00fan la organizaci\u00f3n civil Causa en Com\u00fan.<\/p>\n\n\n\n<p>Los estados donde se registraron m\u00e1s noticias de atrocidades de enero a octubre del 2021 fueron Guanajuato (con 327 atrocidades), Jalisco (227), Estado de M\u00e9xico (221), Michoac\u00e1n (191), Puebla y Veracruz (con 175 cada uno).<\/p>\n\n\n\n<p>Causa en Com\u00fan destac\u00f3 en su \u00faltimo reporte que en M\u00e9xico ten\u00eda un registro de 4.527 atrocidades, es decir el uso intencional de la fuerza f\u00edsica para causar muerte, laceraci\u00f3n o maltrato extremo.<\/p>\n\n\n\n<p>En esos hechos, document\u00f3 seis mil 787 v\u00edctimas de violencia extrema.<\/p>\n\n\n\n<p>Con Informaci\u00f3n de SUN <\/p>\n","protected":false},"excerpt":{"rendered":"<p>Por Redacci\u00f3n QP Detallan que elementos de la Marina Armada, Ej\u00e9rcito y de la Guardia&#8230;<\/p>\n","protected":false},"author":2,"featured_media":88153,"comment_status":"open","ping_status":"open","sticky":false,"template":"","format":"standard","meta":{"_monsterinsights_skip_tracking":false,"_monsterinsights_sitenote_active":false,"_monsterinsights_sitenote_note":"","_monsterinsights_sitenote_category":0,"footnotes":""},"categories":[2],"tags":[],"class_list":["post-88151","post","type-post","status-publish","format-standard","has-post-thumbnail","hentry","category-noticias"],"yoast_head":"<!-- This site is optimized with the Yoast SEO plugin v27.3 - https:\/\/yoast.com\/product\/yoast-seo-wordpress\/ -->\n<title>Abandono de cuerpos torturados en Veracruz podr\u00eda ser venganza, dice la SSPC -<\/title>\n<meta name=\"robots\" content=\"index, follow, max-snippet:-1, max-image-preview:large, max-video-preview:-1\" \/>\n<link rel=\"canonical\" href=\"https:\/\/quehacerpolitico.mx\/?p=88151\" \/>\n<meta property=\"og:locale\" content=\"es_MX\" \/>\n<meta property=\"og:type\" content=\"article\" \/>\n<meta property=\"og:title\" content=\"Abandono de cuerpos torturados en Veracruz podr\u00eda ser venganza, dice la SSPC -\" \/>\n<meta property=\"og:description\" content=\"Por Redacci\u00f3n QP Detallan que elementos de la Marina Armada, Ej\u00e9rcito y de la Guardia...\" \/>\n<meta property=\"og:url\" content=\"https:\/\/quehacerpolitico.mx\/?p=88151\" \/>\n<meta property=\"article:published_time\" content=\"2022-01-08T05:21:25+00:00\" \/>\n<meta property=\"article:modified_time\" content=\"2022-01-08T05:21:28+00:00\" \/>\n<meta property=\"og:image\" content=\"https:\/\/quehacerpolitico.mx\/wp-content\/uploads\/2022\/01\/E4A8ADBA-7D4D-4C15-9DB2-6D98094DAF15.jpeg\" \/>\n\t<meta property=\"og:image:width\" content=\"941\" \/>\n\t<meta property=\"og:image:height\" content=\"538\" \/>\n\t<meta property=\"og:image:type\" content=\"image\/jpeg\" \/>\n<meta name=\"author\" content=\"Redacci\u00f3n QP\" \/>\n<meta name=\"twitter:card\" content=\"summary_large_image\" \/>\n<meta name=\"twitter:label1\" content=\"Escrito por\" \/>\n\t<meta name=\"twitter:data1\" content=\"Redacci\u00f3n QP\" \/>\n\t<meta name=\"twitter:label2\" content=\"Tiempo de lectura\" \/>\n\t<meta name=\"twitter:data2\" content=\"2 minutos\" \/>\n<script type=\"application\/ld+json\" class=\"yoast-schema-graph\">{\"@context\":\"https:\\\/\\\/schema.org\",\"@graph\":[{\"@type\":\"Article\",\"@id\":\"https:\\\/\\\/quehacerpolitico.mx\\\/?p=88151#article\",\"isPartOf\":{\"@id\":\"https:\\\/\\\/quehacerpolitico.mx\\\/?p=88151\"},\"author\":{\"name\":\"Redacci\u00f3n QP\",\"@id\":\"https:\\\/\\\/quehacerpolitico.mx\\\/#\\\/schema\\\/person\\\/496d8ad2d1d3f8036101dca7ee39e585\"},\"headline\":\"Abandono de cuerpos torturados en Veracruz podr\u00eda ser venganza, dice la SSPC\",\"datePublished\":\"2022-01-08T05:21:25+00:00\",\"dateModified\":\"2022-01-08T05:21:28+00:00\",\"mainEntityOfPage\":{\"@id\":\"https:\\\/\\\/quehacerpolitico.mx\\\/?p=88151\"},\"wordCount\":478,\"commentCount\":0,\"image\":{\"@id\":\"https:\\\/\\\/quehacerpolitico.mx\\\/?p=88151#primaryimage\"},\"thumbnailUrl\":\"https:\\\/\\\/quehacerpolitico.mx\\\/wp-content\\\/uploads\\\/2022\\\/01\\\/E4A8ADBA-7D4D-4C15-9DB2-6D98094DAF15.jpeg\",\"articleSection\":[\"Noticias\"],\"inLanguage\":\"es\",\"potentialAction\":[{\"@type\":\"CommentAction\",\"name\":\"Comment\",\"target\":[\"https:\\\/\\\/quehacerpolitico.mx\\\/?p=88151#respond\"]}]},{\"@type\":\"WebPage\",\"@id\":\"https:\\\/\\\/quehacerpolitico.mx\\\/?p=88151\",\"url\":\"https:\\\/\\\/quehacerpolitico.mx\\\/?p=88151\",\"name\":\"Abandono de cuerpos torturados en Veracruz podr\u00eda ser venganza, dice la SSPC -\",\"isPartOf\":{\"@id\":\"https:\\\/\\\/quehacerpolitico.mx\\\/#website\"},\"primaryImageOfPage\":{\"@id\":\"https:\\\/\\\/quehacerpolitico.mx\\\/?p=88151#primaryimage\"},\"image\":{\"@id\":\"https:\\\/\\\/quehacerpolitico.mx\\\/?p=88151#primaryimage\"},\"thumbnailUrl\":\"https:\\\/\\\/quehacerpolitico.mx\\\/wp-content\\\/uploads\\\/2022\\\/01\\\/E4A8ADBA-7D4D-4C15-9DB2-6D98094DAF15.jpeg\",\"datePublished\":\"2022-01-08T05:21:25+00:00\",\"dateModified\":\"2022-01-08T05:21:28+00:00\",\"author\":{\"@id\":\"https:\\\/\\\/quehacerpolitico.mx\\\/#\\\/schema\\\/person\\\/496d8ad2d1d3f8036101dca7ee39e585\"},\"breadcrumb\":{\"@id\":\"https:\\\/\\\/quehacerpolitico.mx\\\/?p=88151#breadcrumb\"},\"inLanguage\":\"es\",\"potentialAction\":[{\"@type\":\"ReadAction\",\"target\":[\"https:\\\/\\\/quehacerpolitico.mx\\\/?p=88151\"]}]},{\"@type\":\"ImageObject\",\"inLanguage\":\"es\",\"@id\":\"https:\\\/\\\/quehacerpolitico.mx\\\/?p=88151#primaryimage\",\"url\":\"https:\\\/\\\/quehacerpolitico.mx\\\/wp-content\\\/uploads\\\/2022\\\/01\\\/E4A8ADBA-7D4D-4C15-9DB2-6D98094DAF15.jpeg\",\"contentUrl\":\"https:\\\/\\\/quehacerpolitico.mx\\\/wp-content\\\/uploads\\\/2022\\\/01\\\/E4A8ADBA-7D4D-4C15-9DB2-6D98094DAF15.jpeg\",\"width\":941,\"height\":538},{\"@type\":\"BreadcrumbList\",\"@id\":\"https:\\\/\\\/quehacerpolitico.mx\\\/?p=88151#breadcrumb\",\"itemListElement\":[{\"@type\":\"ListItem\",\"position\":1,\"name\":\"Inicio\",\"item\":\"https:\\\/\\\/quehacerpolitico.mx\\\/\"},{\"@type\":\"ListItem\",\"position\":2,\"name\":\"Abandono de cuerpos torturados en Veracruz podr\u00eda ser venganza, dice la SSPC\"}]},{\"@type\":\"WebSite\",\"@id\":\"https:\\\/\\\/quehacerpolitico.mx\\\/#website\",\"url\":\"https:\\\/\\\/quehacerpolitico.mx\\\/\",\"name\":\"\",\"description\":\"\",\"potentialAction\":[{\"@type\":\"SearchAction\",\"target\":{\"@type\":\"EntryPoint\",\"urlTemplate\":\"https:\\\/\\\/quehacerpolitico.mx\\\/?s={search_term_string}\"},\"query-input\":{\"@type\":\"PropertyValueSpecification\",\"valueRequired\":true,\"valueName\":\"search_term_string\"}}],\"inLanguage\":\"es\"},{\"@type\":\"Person\",\"@id\":\"https:\\\/\\\/quehacerpolitico.mx\\\/#\\\/schema\\\/person\\\/496d8ad2d1d3f8036101dca7ee39e585\",\"name\":\"Redacci\u00f3n QP\",\"image\":{\"@type\":\"ImageObject\",\"inLanguage\":\"es\",\"@id\":\"https:\\\/\\\/secure.gravatar.com\\\/avatar\\\/c7164ed6fdec453195284ad24a5ae5b6e1eed2b848477fa2a4787ba9adf39a41?s=96&d=mm&r=g\",\"url\":\"https:\\\/\\\/secure.gravatar.com\\\/avatar\\\/c7164ed6fdec453195284ad24a5ae5b6e1eed2b848477fa2a4787ba9adf39a41?s=96&d=mm&r=g\",\"contentUrl\":\"https:\\\/\\\/secure.gravatar.com\\\/avatar\\\/c7164ed6fdec453195284ad24a5ae5b6e1eed2b848477fa2a4787ba9adf39a41?s=96&d=mm&r=g\",\"caption\":\"Redacci\u00f3n QP\"},\"url\":\"https:\\\/\\\/quehacerpolitico.mx\\\/?author=2\"}]}<\/script>\n<!-- \/ Yoast SEO plugin. -->","yoast_head_json":{"title":"Abandono de cuerpos torturados en Veracruz podr\u00eda ser venganza, dice la SSPC -","robots":{"index":"index","follow":"follow","max-snippet":"max-snippet:-1","max-image-preview":"max-image-preview:large","max-video-preview":"max-video-preview:-1"},"canonical":"https:\/\/quehacerpolitico.mx\/?p=88151","og_locale":"es_MX","og_type":"article","og_title":"Abandono de cuerpos torturados en Veracruz podr\u00eda ser venganza, dice la SSPC -","og_description":"Por Redacci\u00f3n QP Detallan que elementos de la Marina Armada, Ej\u00e9rcito y de la Guardia...","og_url":"https:\/\/quehacerpolitico.mx\/?p=88151","article_published_time":"2022-01-08T05:21:25+00:00","article_modified_time":"2022-01-08T05:21:28+00:00","og_image":[{"width":941,"height":538,"url":"https:\/\/quehacerpolitico.mx\/wp-content\/uploads\/2022\/01\/E4A8ADBA-7D4D-4C15-9DB2-6D98094DAF15.jpeg","type":"image\/jpeg"}],"author":"Redacci\u00f3n QP","twitter_card":"summary_large_image","twitter_misc":{"Escrito por":"Redacci\u00f3n QP","Tiempo de lectura":"2 minutos"},"schema":{"@context":"https:\/\/schema.org","@graph":[{"@type":"Article","@id":"https:\/\/quehacerpolitico.mx\/?p=88151#article","isPartOf":{"@id":"https:\/\/quehacerpolitico.mx\/?p=88151"},"author":{"name":"Redacci\u00f3n QP","@id":"https:\/\/quehacerpolitico.mx\/#\/schema\/person\/496d8ad2d1d3f8036101dca7ee39e585"},"headline":"Abandono de cuerpos torturados en Veracruz podr\u00eda ser venganza, dice la SSPC","datePublished":"2022-01-08T05:21:25+00:00","dateModified":"2022-01-08T05:21:28+00:00","mainEntityOfPage":{"@id":"https:\/\/quehacerpolitico.mx\/?p=88151"},"wordCount":478,"commentCount":0,"image":{"@id":"https:\/\/quehacerpolitico.mx\/?p=88151#primaryimage"},"thumbnailUrl":"https:\/\/quehacerpolitico.mx\/wp-content\/uploads\/2022\/01\/E4A8ADBA-7D4D-4C15-9DB2-6D98094DAF15.jpeg","articleSection":["Noticias"],"inLanguage":"es","potentialAction":[{"@type":"CommentAction","name":"Comment","target":["https:\/\/quehacerpolitico.mx\/?p=88151#respond"]}]},{"@type":"WebPage","@id":"https:\/\/quehacerpolitico.mx\/?p=88151","url":"https:\/\/quehacerpolitico.mx\/?p=88151","name":"Abandono de cuerpos torturados en Veracruz podr\u00eda ser venganza, dice la SSPC -","isPartOf":{"@id":"https:\/\/quehacerpolitico.mx\/#website"},"primaryImageOfPage":{"@id":"https:\/\/quehacerpolitico.mx\/?p=88151#primaryimage"},"image":{"@id":"https:\/\/quehacerpolitico.mx\/?p=88151#primaryimage"},"thumbnailUrl":"https:\/\/quehacerpolitico.mx\/wp-content\/uploads\/2022\/01\/E4A8ADBA-7D4D-4C15-9DB2-6D98094DAF15.jpeg","datePublished":"2022-01-08T05:21:25+00:00","dateModified":"2022-01-08T05:21:28+00:00","author":{"@id":"https:\/\/quehacerpolitico.mx\/#\/schema\/person\/496d8ad2d1d3f8036101dca7ee39e585"},"breadcrumb":{"@id":"https:\/\/quehacerpolitico.mx\/?p=88151#breadcrumb"},"inLanguage":"es","potentialAction":[{"@type":"ReadAction","target":["https:\/\/quehacerpolitico.mx\/?p=88151"]}]},{"@type":"ImageObject","inLanguage":"es","@id":"https:\/\/quehacerpolitico.mx\/?p=88151#primaryimage","url":"https:\/\/quehacerpolitico.mx\/wp-content\/uploads\/2022\/01\/E4A8ADBA-7D4D-4C15-9DB2-6D98094DAF15.jpeg","contentUrl":"https:\/\/quehacerpolitico.mx\/wp-content\/uploads\/2022\/01\/E4A8ADBA-7D4D-4C15-9DB2-6D98094DAF15.jpeg","width":941,"height":538},{"@type":"BreadcrumbList","@id":"https:\/\/quehacerpolitico.mx\/?p=88151#breadcrumb","itemListElement":[{"@type":"ListItem","position":1,"name":"Inicio","item":"https:\/\/quehacerpolitico.mx\/"},{"@type":"ListItem","position":2,"name":"Abandono de cuerpos torturados en Veracruz podr\u00eda ser venganza, dice la SSPC"}]},{"@type":"WebSite","@id":"https:\/\/quehacerpolitico.mx\/#website","url":"https:\/\/quehacerpolitico.mx\/","name":"","description":"","potentialAction":[{"@type":"SearchAction","target":{"@type":"EntryPoint","urlTemplate":"https:\/\/quehacerpolitico.mx\/?s={search_term_string}"},"query-input":{"@type":"PropertyValueSpecification","valueRequired":true,"valueName":"search_term_string"}}],"inLanguage":"es"},{"@type":"Person","@id":"https:\/\/quehacerpolitico.mx\/#\/schema\/person\/496d8ad2d1d3f8036101dca7ee39e585","name":"Redacci\u00f3n QP","image":{"@type":"ImageObject","inLanguage":"es","@id":"https:\/\/secure.gravatar.com\/avatar\/c7164ed6fdec453195284ad24a5ae5b6e1eed2b848477fa2a4787ba9adf39a41?s=96&d=mm&r=g","url":"https:\/\/secure.gravatar.com\/avatar\/c7164ed6fdec453195284ad24a5ae5b6e1eed2b848477fa2a4787ba9adf39a41?s=96&d=mm&r=g","contentUrl":"https:\/\/secure.gravatar.com\/avatar\/c7164ed6fdec453195284ad24a5ae5b6e1eed2b848477fa2a4787ba9adf39a41?s=96&d=mm&r=g","caption":"Redacci\u00f3n QP"},"url":"https:\/\/quehacerpolitico.mx\/?author=2"}]}},"featured_image_urls":{"full":["https:\/\/quehacerpolitico.mx\/wp-content\/uploads\/2022\/01\/E4A8ADBA-7D4D-4C15-9DB2-6D98094DAF15.jpeg",941,538,false],"thumbnail":["https:\/\/quehacerpolitico.mx\/wp-content\/uploads\/2022\/01\/E4A8ADBA-7D4D-4C15-9DB2-6D98094DAF15-150x150.jpeg",150,150,true],"medium":["https:\/\/quehacerpolitico.mx\/wp-content\/uploads\/2022\/01\/E4A8ADBA-7D4D-4C15-9DB2-6D98094DAF15-300x172.jpeg",300,172,true],"medium_large":["https:\/\/quehacerpolitico.mx\/wp-content\/uploads\/2022\/01\/E4A8ADBA-7D4D-4C15-9DB2-6D98094DAF15-768x439.jpeg",640,366,true],"large":["https:\/\/quehacerpolitico.mx\/wp-content\/uploads\/2022\/01\/E4A8ADBA-7D4D-4C15-9DB2-6D98094DAF15.jpeg",640,366,false],"1536x1536":["https:\/\/quehacerpolitico.mx\/wp-content\/uploads\/2022\/01\/E4A8ADBA-7D4D-4C15-9DB2-6D98094DAF15.jpeg",941,538,false],"2048x2048":["https:\/\/quehacerpolitico.mx\/wp-content\/uploads\/2022\/01\/E4A8ADBA-7D4D-4C15-9DB2-6D98094DAF15.jpeg",941,538,false],"covernews-featured":["https:\/\/quehacerpolitico.mx\/wp-content\/uploads\/2022\/01\/E4A8ADBA-7D4D-4C15-9DB2-6D98094DAF15.jpeg",941,538,false],"covernews-medium":["https:\/\/quehacerpolitico.mx\/wp-content\/uploads\/2022\/01\/E4A8ADBA-7D4D-4C15-9DB2-6D98094DAF15.jpeg",540,309,false]},"author_info":{"display_name":"Redacci\u00f3n QP","author_link":"https:\/\/quehacerpolitico.mx\/?author=2"},"category_info":"<a href=\"https:\/\/quehacerpolitico.mx\/?cat=2\" rel=\"category\">Noticias<\/a>","tag_info":"Noticias","comment_count":"0","_links":{"self":[{"href":"https:\/\/quehacerpolitico.mx\/index.php?rest_route=\/wp\/v2\/posts\/88151","targetHints":{"allow":["GET"]}}],"collection":[{"href":"https:\/\/quehacerpolitico.mx\/index.php?rest_route=\/wp\/v2\/posts"}],"about":[{"href":"https:\/\/quehacerpolitico.mx\/index.php?rest_route=\/wp\/v2\/types\/post"}],"author":[{"embeddable":true,"href":"https:\/\/quehacerpolitico.mx\/index.php?rest_route=\/wp\/v2\/users\/2"}],"replies":[{"embeddable":true,"href":"https:\/\/quehacerpolitico.mx\/index.php?rest_route=%2Fwp%2Fv2%2Fcomments&post=88151"}],"version-history":[{"count":1,"href":"https:\/\/quehacerpolitico.mx\/index.php?rest_route=\/wp\/v2\/posts\/88151\/revisions"}],"predecessor-version":[{"id":88154,"href":"https:\/\/quehacerpolitico.mx\/index.php?rest_route=\/wp\/v2\/posts\/88151\/revisions\/88154"}],"wp:featuredmedia":[{"embeddable":true,"href":"https:\/\/quehacerpolitico.mx\/index.php?rest_route=\/wp\/v2\/media\/88153"}],"wp:attachment":[{"href":"https:\/\/quehacerpolitico.mx\/index.php?rest_route=%2Fwp%2Fv2%2Fmedia&parent=88151"}],"wp:term":[{"taxonomy":"category","embeddable":true,"href":"https:\/\/quehacerpolitico.mx\/index.php?rest_route=%2Fwp%2Fv2%2Fcategories&post=88151"},{"taxonomy":"post_tag","embeddable":true,"href":"https:\/\/quehacerpolitico.mx\/index.php?rest_route=%2Fwp%2Fv2%2Ftags&post=88151"}],"curies":[{"name":"wp","href":"https:\/\/api.w.org\/{rel}","templated":true}]}}