{"id":88145,"date":"2022-01-08T05:01:38","date_gmt":"2022-01-08T05:01:38","guid":{"rendered":"https:\/\/quehacerpolitico.mx\/?p=88145"},"modified":"2022-01-08T05:01:41","modified_gmt":"2022-01-08T05:01:41","slug":"motin-en-penal-de-apodaca-nuevo-leon-moviliza-a-cuerpos-de-seguridad","status":"publish","type":"post","link":"https:\/\/quehacerpolitico.mx\/?p=88145","title":{"rendered":"Mot\u00edn en penal de Apodaca Nuevo Le\u00f3n moviliza a cuerpos de seguridad"},"content":{"rendered":"\n<p>Por Redacci\u00f3n QP<\/p>\n\n\n\n<p>Detallan que se desat\u00f3 una ri\u00f1a entre internos con saldo de seis heridos<\/p>\n\n\n\n<p>Un grupo de presos del penal de Apodaca, Nuevo Le\u00f3n, protagoniz\u00f3 este viernes\u00a0<strong>una ri\u00f1a en la que seis presos resultaron heridos, ninguno de ellos de gravedad<\/strong>, inform\u00f3 la Secretar\u00eda de Seguridad P\u00fablica Estatal.<\/p>\n\n\n\n<figure class=\"wp-block-embed is-type-rich is-provider-twitter wp-block-embed-twitter\"><div class=\"wp-block-embed__wrapper\">\n<blockquote class=\"twitter-tweet\" data-width=\"550\" data-dnt=\"true\"><p lang=\"es\" dir=\"ltr\"><a href=\"https:\/\/twitter.com\/hashtag\/%C3%9AltimaHora?src=hash&amp;ref_src=twsrc%5Etfw\">#\u00daltimaHora<\/a> | Autoridades reportan seis lesionados tras disturbios en penal de Apodaca.<br><br>Familiares de los reclusos exigen m\u00e1s informaci\u00f3n.<br><br>\u27a1\ufe0f<a href=\"https:\/\/t.co\/WkDNIWeqpb\">https:\/\/t.co\/WkDNIWeqpb<\/a> <a href=\"https:\/\/t.co\/HyIm1Q2BdX\">pic.twitter.com\/HyIm1Q2BdX<\/a><\/p>&mdash; INFO7MTY (@info7mty) <a href=\"https:\/\/twitter.com\/info7mty\/status\/1479591543501639690?ref_src=twsrc%5Etfw\">January 7, 2022<\/a><\/blockquote><script async src=\"https:\/\/platform.twitter.com\/widgets.js\" charset=\"utf-8\"><\/script>\n<\/div><\/figure>\n\n\n\n<figure class=\"wp-block-embed is-type-rich is-provider-twitter wp-block-embed-twitter\"><div class=\"wp-block-embed__wrapper\">\n<blockquote class=\"twitter-tweet\" data-width=\"550\" data-dnt=\"true\"><p lang=\"es\" dir=\"ltr\"><a href=\"https:\/\/twitter.com\/hashtag\/VIDEO?src=hash&amp;ref_src=twsrc%5Etfw\">#VIDEO<\/a> Tras ri\u00f1a dentro del Penal de Apodaca, familiares de internos y polic\u00edas se enfrentan y derriban port\u00f3n, dejando a 4 personas heridas. <a href=\"https:\/\/t.co\/UkOB0eU9Pa\">pic.twitter.com\/UkOB0eU9Pa<\/a><\/p>&mdash; elnortelocal (@elnortelocal) <a href=\"https:\/\/twitter.com\/elnortelocal\/status\/1479638741866237954?ref_src=twsrc%5Etfw\">January 8, 2022<\/a><\/blockquote><script async src=\"https:\/\/platform.twitter.com\/widgets.js\" charset=\"utf-8\"><\/script>\n<\/div><\/figure>\n\n\n\n<p>&#8220;En referencia al incidente suscitado esta tarde en el Centro de Reinserci\u00f3n Social Apodaca 1, se deriv\u00f3 por una ri\u00f1a entre personas privadas de la libertad, la cual fue contenida r\u00e1pida y efectivamente por los elementos de seguridad del centro penitenciario&#8221;, precis\u00f3 la dependencia en un comunicado de prensa.<\/p>\n\n\n\n<figure class=\"wp-block-embed is-type-rich is-provider-twitter wp-block-embed-twitter\"><div class=\"wp-block-embed__wrapper\">\n<blockquote class=\"twitter-tweet\" data-width=\"550\" data-dnt=\"true\"><p lang=\"es\" dir=\"ltr\">Cuando cerraban el port\u00f3n de entrada del Penal Apodaca 1, cay\u00f3 encima de 4 personas, 2 familiares de internos, un camar\u00f3grafo de Multimedios y un foto periodista de la Agencia Reuters est\u00e1n lesionados<br>Ya los trasladan a un hospital <a href=\"https:\/\/twitter.com\/MtyFollow?ref_src=twsrc%5Etfw\">@MtyFollow<\/a> <a href=\"https:\/\/twitter.com\/AsiEsMonterrey?ref_src=twsrc%5Etfw\">@AsiEsMonterrey<\/a> <a href=\"https:\/\/twitter.com\/Like_Mty?ref_src=twsrc%5Etfw\">@Like_Mty<\/a> <a href=\"https:\/\/t.co\/pCS7p8UHnY\">pic.twitter.com\/pCS7p8UHnY<\/a><\/p>&mdash; Judith Medrano (@JudithMedrano) <a href=\"https:\/\/twitter.com\/JudithMedrano\/status\/1479655109676130305?ref_src=twsrc%5Etfw\">January 8, 2022<\/a><\/blockquote><script async src=\"https:\/\/platform.twitter.com\/widgets.js\" charset=\"utf-8\"><\/script>\n<\/div><\/figure>\n\n\n\n<p>Las autoridades precisaron que seis presos resultaron con lesiones leves &#8220;que no ponen en riesgo su vida&#8221; y asegur\u00f3 que las actividades en el Centro Penitenciario<strong>\u00a0&#8220;est\u00e1n en orden y las personas privadas de la libertad sin riesgo alguno&#8221;.<\/strong><\/p>\n\n\n\n<figure class=\"wp-block-image size-large\"><img loading=\"lazy\" decoding=\"async\" width=\"833\" height=\"1024\" src=\"https:\/\/quehacerpolitico.mx\/wp-content\/uploads\/2022\/01\/image-13-833x1024.jpeg\" alt=\"\" class=\"wp-image-88148\" srcset=\"https:\/\/quehacerpolitico.mx\/wp-content\/uploads\/2022\/01\/image-13-833x1024.jpeg 833w, https:\/\/quehacerpolitico.mx\/wp-content\/uploads\/2022\/01\/image-13-244x300.jpeg 244w, https:\/\/quehacerpolitico.mx\/wp-content\/uploads\/2022\/01\/image-13-768x944.jpeg 768w, https:\/\/quehacerpolitico.mx\/wp-content\/uploads\/2022\/01\/image-13-119x146.jpeg 119w, https:\/\/quehacerpolitico.mx\/wp-content\/uploads\/2022\/01\/image-13-41x50.jpeg 41w, https:\/\/quehacerpolitico.mx\/wp-content\/uploads\/2022\/01\/image-13-61x75.jpeg 61w, https:\/\/quehacerpolitico.mx\/wp-content\/uploads\/2022\/01\/image-13.jpeg 1075w\" sizes=\"auto, (max-width: 833px) 100vw, 833px\" \/><\/figure>\n\n\n\n<figure class=\"wp-block-image size-large\"><img loading=\"lazy\" decoding=\"async\" width=\"1024\" height=\"764\" src=\"https:\/\/quehacerpolitico.mx\/wp-content\/uploads\/2022\/01\/image-12-1024x764.jpeg\" alt=\"\" class=\"wp-image-88147\" srcset=\"https:\/\/quehacerpolitico.mx\/wp-content\/uploads\/2022\/01\/image-12-1024x764.jpeg 1024w, https:\/\/quehacerpolitico.mx\/wp-content\/uploads\/2022\/01\/image-12-300x224.jpeg 300w, https:\/\/quehacerpolitico.mx\/wp-content\/uploads\/2022\/01\/image-12-768x573.jpeg 768w, https:\/\/quehacerpolitico.mx\/wp-content\/uploads\/2022\/01\/image-12-1536x1146.jpeg 1536w, https:\/\/quehacerpolitico.mx\/wp-content\/uploads\/2022\/01\/image-12-196x146.jpeg 196w, https:\/\/quehacerpolitico.mx\/wp-content\/uploads\/2022\/01\/image-12-50x37.jpeg 50w, https:\/\/quehacerpolitico.mx\/wp-content\/uploads\/2022\/01\/image-12-101x75.jpeg 101w, https:\/\/quehacerpolitico.mx\/wp-content\/uploads\/2022\/01\/image-12.jpeg 2048w\" sizes=\"auto, (max-width: 1024px) 100vw, 1024px\" \/><\/figure>\n\n\n\n<figure class=\"wp-block-image size-full\"><img loading=\"lazy\" decoding=\"async\" width=\"1020\" height=\"700\" src=\"https:\/\/quehacerpolitico.mx\/wp-content\/uploads\/2022\/01\/image-11.jpeg\" alt=\"\" class=\"wp-image-88146\" srcset=\"https:\/\/quehacerpolitico.mx\/wp-content\/uploads\/2022\/01\/image-11.jpeg 1020w, https:\/\/quehacerpolitico.mx\/wp-content\/uploads\/2022\/01\/image-11-300x206.jpeg 300w, https:\/\/quehacerpolitico.mx\/wp-content\/uploads\/2022\/01\/image-11-768x527.jpeg 768w, https:\/\/quehacerpolitico.mx\/wp-content\/uploads\/2022\/01\/image-11-213x146.jpeg 213w, https:\/\/quehacerpolitico.mx\/wp-content\/uploads\/2022\/01\/image-11-50x34.jpeg 50w, https:\/\/quehacerpolitico.mx\/wp-content\/uploads\/2022\/01\/image-11-109x75.jpeg 109w\" sizes=\"auto, (max-width: 1020px) 100vw, 1020px\" \/><\/figure>\n\n\n\n<p>La dependencia no inform\u00f3 sobre las causas que originaron la ri\u00f1a.<\/p>\n\n\n\n<p>De acuerdo con medios locales,\u00a0<strong>el motivo de la pelea podr\u00eda deberse a las inconformidades de algunos reos por posibles traslados a otros penales.<\/strong><\/p>\n\n\n\n<p>En las afueras del penal, familiares de los reclusos se congregaron para exigir a las autoridades informaci\u00f3n sobre sus seres queridos; incluso, al no recibir informaci\u00f3n, bloquearon calles aleda\u00f1as, pero fueron dispersados por elementos de seguridad.<\/p>\n\n\n\n<p>Con Informaci\u00f3n de EFE <\/p>\n","protected":false},"excerpt":{"rendered":"<p>Por Redacci\u00f3n QP Detallan que se desat\u00f3 una ri\u00f1a entre internos con saldo de seis&#8230;<\/p>\n","protected":false},"author":2,"featured_media":88149,"comment_status":"open","ping_status":"open","sticky":false,"template":"","format":"standard","meta":{"_monsterinsights_skip_tracking":false,"_monsterinsights_sitenote_active":false,"_monsterinsights_sitenote_note":"","_monsterinsights_sitenote_category":0,"footnotes":""},"categories":[2],"tags":[],"class_list":["post-88145","post","type-post","status-publish","format-standard","has-post-thumbnail","hentry","category-noticias"],"yoast_head":"<!-- This site is optimized with the Yoast SEO plugin v27.3 - https:\/\/yoast.com\/product\/yoast-seo-wordpress\/ -->\n<title>Mot\u00edn en penal de Apodaca Nuevo Le\u00f3n moviliza a cuerpos de seguridad -<\/title>\n<meta name=\"robots\" content=\"index, follow, max-snippet:-1, max-image-preview:large, max-video-preview:-1\" \/>\n<link rel=\"canonical\" href=\"https:\/\/quehacerpolitico.mx\/?p=88145\" \/>\n<meta property=\"og:locale\" content=\"es_MX\" \/>\n<meta property=\"og:type\" content=\"article\" \/>\n<meta property=\"og:title\" content=\"Mot\u00edn en penal de Apodaca Nuevo Le\u00f3n moviliza a cuerpos de seguridad -\" \/>\n<meta property=\"og:description\" content=\"Por Redacci\u00f3n QP Detallan que se desat\u00f3 una ri\u00f1a entre internos con saldo de seis...\" \/>\n<meta property=\"og:url\" content=\"https:\/\/quehacerpolitico.mx\/?p=88145\" \/>\n<meta property=\"article:published_time\" content=\"2022-01-08T05:01:38+00:00\" \/>\n<meta property=\"article:modified_time\" content=\"2022-01-08T05:01:41+00:00\" \/>\n<meta property=\"og:image\" content=\"https:\/\/quehacerpolitico.mx\/wp-content\/uploads\/2022\/01\/10957DCC-319A-4ED5-9373-2527BBB86210.jpeg\" \/>\n\t<meta property=\"og:image:width\" content=\"960\" \/>\n\t<meta property=\"og:image:height\" content=\"540\" \/>\n\t<meta property=\"og:image:type\" content=\"image\/jpeg\" \/>\n<meta name=\"author\" content=\"Redacci\u00f3n QP\" \/>\n<meta name=\"twitter:card\" content=\"summary_large_image\" \/>\n<meta name=\"twitter:label1\" content=\"Escrito por\" \/>\n\t<meta name=\"twitter:data1\" content=\"Redacci\u00f3n QP\" \/>\n\t<meta name=\"twitter:label2\" content=\"Tiempo de lectura\" \/>\n\t<meta name=\"twitter:data2\" content=\"1 minuto\" \/>\n<script type=\"application\/ld+json\" class=\"yoast-schema-graph\">{\"@context\":\"https:\\\/\\\/schema.org\",\"@graph\":[{\"@type\":\"Article\",\"@id\":\"https:\\\/\\\/quehacerpolitico.mx\\\/?p=88145#article\",\"isPartOf\":{\"@id\":\"https:\\\/\\\/quehacerpolitico.mx\\\/?p=88145\"},\"author\":{\"name\":\"Redacci\u00f3n QP\",\"@id\":\"https:\\\/\\\/quehacerpolitico.mx\\\/#\\\/schema\\\/person\\\/496d8ad2d1d3f8036101dca7ee39e585\"},\"headline\":\"Mot\u00edn en penal de Apodaca Nuevo Le\u00f3n moviliza a cuerpos de seguridad\",\"datePublished\":\"2022-01-08T05:01:38+00:00\",\"dateModified\":\"2022-01-08T05:01:41+00:00\",\"mainEntityOfPage\":{\"@id\":\"https:\\\/\\\/quehacerpolitico.mx\\\/?p=88145\"},\"wordCount\":261,\"commentCount\":0,\"image\":{\"@id\":\"https:\\\/\\\/quehacerpolitico.mx\\\/?p=88145#primaryimage\"},\"thumbnailUrl\":\"https:\\\/\\\/quehacerpolitico.mx\\\/wp-content\\\/uploads\\\/2022\\\/01\\\/10957DCC-319A-4ED5-9373-2527BBB86210.jpeg\",\"articleSection\":[\"Noticias\"],\"inLanguage\":\"es\",\"potentialAction\":[{\"@type\":\"CommentAction\",\"name\":\"Comment\",\"target\":[\"https:\\\/\\\/quehacerpolitico.mx\\\/?p=88145#respond\"]}]},{\"@type\":\"WebPage\",\"@id\":\"https:\\\/\\\/quehacerpolitico.mx\\\/?p=88145\",\"url\":\"https:\\\/\\\/quehacerpolitico.mx\\\/?p=88145\",\"name\":\"Mot\u00edn en penal de Apodaca Nuevo Le\u00f3n moviliza a cuerpos de seguridad -\",\"isPartOf\":{\"@id\":\"https:\\\/\\\/quehacerpolitico.mx\\\/#website\"},\"primaryImageOfPage\":{\"@id\":\"https:\\\/\\\/quehacerpolitico.mx\\\/?p=88145#primaryimage\"},\"image\":{\"@id\":\"https:\\\/\\\/quehacerpolitico.mx\\\/?p=88145#primaryimage\"},\"thumbnailUrl\":\"https:\\\/\\\/quehacerpolitico.mx\\\/wp-content\\\/uploads\\\/2022\\\/01\\\/10957DCC-319A-4ED5-9373-2527BBB86210.jpeg\",\"datePublished\":\"2022-01-08T05:01:38+00:00\",\"dateModified\":\"2022-01-08T05:01:41+00:00\",\"author\":{\"@id\":\"https:\\\/\\\/quehacerpolitico.mx\\\/#\\\/schema\\\/person\\\/496d8ad2d1d3f8036101dca7ee39e585\"},\"breadcrumb\":{\"@id\":\"https:\\\/\\\/quehacerpolitico.mx\\\/?p=88145#breadcrumb\"},\"inLanguage\":\"es\",\"potentialAction\":[{\"@type\":\"ReadAction\",\"target\":[\"https:\\\/\\\/quehacerpolitico.mx\\\/?p=88145\"]}]},{\"@type\":\"ImageObject\",\"inLanguage\":\"es\",\"@id\":\"https:\\\/\\\/quehacerpolitico.mx\\\/?p=88145#primaryimage\",\"url\":\"https:\\\/\\\/quehacerpolitico.mx\\\/wp-content\\\/uploads\\\/2022\\\/01\\\/10957DCC-319A-4ED5-9373-2527BBB86210.jpeg\",\"contentUrl\":\"https:\\\/\\\/quehacerpolitico.mx\\\/wp-content\\\/uploads\\\/2022\\\/01\\\/10957DCC-319A-4ED5-9373-2527BBB86210.jpeg\",\"width\":960,\"height\":540},{\"@type\":\"BreadcrumbList\",\"@id\":\"https:\\\/\\\/quehacerpolitico.mx\\\/?p=88145#breadcrumb\",\"itemListElement\":[{\"@type\":\"ListItem\",\"position\":1,\"name\":\"Inicio\",\"item\":\"https:\\\/\\\/quehacerpolitico.mx\\\/\"},{\"@type\":\"ListItem\",\"position\":2,\"name\":\"Mot\u00edn en penal de Apodaca Nuevo Le\u00f3n moviliza a cuerpos de seguridad\"}]},{\"@type\":\"WebSite\",\"@id\":\"https:\\\/\\\/quehacerpolitico.mx\\\/#website\",\"url\":\"https:\\\/\\\/quehacerpolitico.mx\\\/\",\"name\":\"\",\"description\":\"\",\"potentialAction\":[{\"@type\":\"SearchAction\",\"target\":{\"@type\":\"EntryPoint\",\"urlTemplate\":\"https:\\\/\\\/quehacerpolitico.mx\\\/?s={search_term_string}\"},\"query-input\":{\"@type\":\"PropertyValueSpecification\",\"valueRequired\":true,\"valueName\":\"search_term_string\"}}],\"inLanguage\":\"es\"},{\"@type\":\"Person\",\"@id\":\"https:\\\/\\\/quehacerpolitico.mx\\\/#\\\/schema\\\/person\\\/496d8ad2d1d3f8036101dca7ee39e585\",\"name\":\"Redacci\u00f3n QP\",\"image\":{\"@type\":\"ImageObject\",\"inLanguage\":\"es\",\"@id\":\"https:\\\/\\\/secure.gravatar.com\\\/avatar\\\/c7164ed6fdec453195284ad24a5ae5b6e1eed2b848477fa2a4787ba9adf39a41?s=96&d=mm&r=g\",\"url\":\"https:\\\/\\\/secure.gravatar.com\\\/avatar\\\/c7164ed6fdec453195284ad24a5ae5b6e1eed2b848477fa2a4787ba9adf39a41?s=96&d=mm&r=g\",\"contentUrl\":\"https:\\\/\\\/secure.gravatar.com\\\/avatar\\\/c7164ed6fdec453195284ad24a5ae5b6e1eed2b848477fa2a4787ba9adf39a41?s=96&d=mm&r=g\",\"caption\":\"Redacci\u00f3n QP\"},\"url\":\"https:\\\/\\\/quehacerpolitico.mx\\\/?author=2\"}]}<\/script>\n<!-- \/ Yoast SEO plugin. -->","yoast_head_json":{"title":"Mot\u00edn en penal de Apodaca Nuevo Le\u00f3n moviliza a cuerpos de seguridad -","robots":{"index":"index","follow":"follow","max-snippet":"max-snippet:-1","max-image-preview":"max-image-preview:large","max-video-preview":"max-video-preview:-1"},"canonical":"https:\/\/quehacerpolitico.mx\/?p=88145","og_locale":"es_MX","og_type":"article","og_title":"Mot\u00edn en penal de Apodaca Nuevo Le\u00f3n moviliza a cuerpos de seguridad -","og_description":"Por Redacci\u00f3n QP Detallan que se desat\u00f3 una ri\u00f1a entre internos con saldo de seis...","og_url":"https:\/\/quehacerpolitico.mx\/?p=88145","article_published_time":"2022-01-08T05:01:38+00:00","article_modified_time":"2022-01-08T05:01:41+00:00","og_image":[{"width":960,"height":540,"url":"https:\/\/quehacerpolitico.mx\/wp-content\/uploads\/2022\/01\/10957DCC-319A-4ED5-9373-2527BBB86210.jpeg","type":"image\/jpeg"}],"author":"Redacci\u00f3n QP","twitter_card":"summary_large_image","twitter_misc":{"Escrito por":"Redacci\u00f3n QP","Tiempo de lectura":"1 minuto"},"schema":{"@context":"https:\/\/schema.org","@graph":[{"@type":"Article","@id":"https:\/\/quehacerpolitico.mx\/?p=88145#article","isPartOf":{"@id":"https:\/\/quehacerpolitico.mx\/?p=88145"},"author":{"name":"Redacci\u00f3n QP","@id":"https:\/\/quehacerpolitico.mx\/#\/schema\/person\/496d8ad2d1d3f8036101dca7ee39e585"},"headline":"Mot\u00edn en penal de Apodaca Nuevo Le\u00f3n moviliza a cuerpos de seguridad","datePublished":"2022-01-08T05:01:38+00:00","dateModified":"2022-01-08T05:01:41+00:00","mainEntityOfPage":{"@id":"https:\/\/quehacerpolitico.mx\/?p=88145"},"wordCount":261,"commentCount":0,"image":{"@id":"https:\/\/quehacerpolitico.mx\/?p=88145#primaryimage"},"thumbnailUrl":"https:\/\/quehacerpolitico.mx\/wp-content\/uploads\/2022\/01\/10957DCC-319A-4ED5-9373-2527BBB86210.jpeg","articleSection":["Noticias"],"inLanguage":"es","potentialAction":[{"@type":"CommentAction","name":"Comment","target":["https:\/\/quehacerpolitico.mx\/?p=88145#respond"]}]},{"@type":"WebPage","@id":"https:\/\/quehacerpolitico.mx\/?p=88145","url":"https:\/\/quehacerpolitico.mx\/?p=88145","name":"Mot\u00edn en penal de Apodaca Nuevo Le\u00f3n moviliza a cuerpos de seguridad -","isPartOf":{"@id":"https:\/\/quehacerpolitico.mx\/#website"},"primaryImageOfPage":{"@id":"https:\/\/quehacerpolitico.mx\/?p=88145#primaryimage"},"image":{"@id":"https:\/\/quehacerpolitico.mx\/?p=88145#primaryimage"},"thumbnailUrl":"https:\/\/quehacerpolitico.mx\/wp-content\/uploads\/2022\/01\/10957DCC-319A-4ED5-9373-2527BBB86210.jpeg","datePublished":"2022-01-08T05:01:38+00:00","dateModified":"2022-01-08T05:01:41+00:00","author":{"@id":"https:\/\/quehacerpolitico.mx\/#\/schema\/person\/496d8ad2d1d3f8036101dca7ee39e585"},"breadcrumb":{"@id":"https:\/\/quehacerpolitico.mx\/?p=88145#breadcrumb"},"inLanguage":"es","potentialAction":[{"@type":"ReadAction","target":["https:\/\/quehacerpolitico.mx\/?p=88145"]}]},{"@type":"ImageObject","inLanguage":"es","@id":"https:\/\/quehacerpolitico.mx\/?p=88145#primaryimage","url":"https:\/\/quehacerpolitico.mx\/wp-content\/uploads\/2022\/01\/10957DCC-319A-4ED5-9373-2527BBB86210.jpeg","contentUrl":"https:\/\/quehacerpolitico.mx\/wp-content\/uploads\/2022\/01\/10957DCC-319A-4ED5-9373-2527BBB86210.jpeg","width":960,"height":540},{"@type":"BreadcrumbList","@id":"https:\/\/quehacerpolitico.mx\/?p=88145#breadcrumb","itemListElement":[{"@type":"ListItem","position":1,"name":"Inicio","item":"https:\/\/quehacerpolitico.mx\/"},{"@type":"ListItem","position":2,"name":"Mot\u00edn en penal de Apodaca Nuevo Le\u00f3n moviliza a cuerpos de seguridad"}]},{"@type":"WebSite","@id":"https:\/\/quehacerpolitico.mx\/#website","url":"https:\/\/quehacerpolitico.mx\/","name":"","description":"","potentialAction":[{"@type":"SearchAction","target":{"@type":"EntryPoint","urlTemplate":"https:\/\/quehacerpolitico.mx\/?s={search_term_string}"},"query-input":{"@type":"PropertyValueSpecification","valueRequired":true,"valueName":"search_term_string"}}],"inLanguage":"es"},{"@type":"Person","@id":"https:\/\/quehacerpolitico.mx\/#\/schema\/person\/496d8ad2d1d3f8036101dca7ee39e585","name":"Redacci\u00f3n QP","image":{"@type":"ImageObject","inLanguage":"es","@id":"https:\/\/secure.gravatar.com\/avatar\/c7164ed6fdec453195284ad24a5ae5b6e1eed2b848477fa2a4787ba9adf39a41?s=96&d=mm&r=g","url":"https:\/\/secure.gravatar.com\/avatar\/c7164ed6fdec453195284ad24a5ae5b6e1eed2b848477fa2a4787ba9adf39a41?s=96&d=mm&r=g","contentUrl":"https:\/\/secure.gravatar.com\/avatar\/c7164ed6fdec453195284ad24a5ae5b6e1eed2b848477fa2a4787ba9adf39a41?s=96&d=mm&r=g","caption":"Redacci\u00f3n QP"},"url":"https:\/\/quehacerpolitico.mx\/?author=2"}]}},"featured_image_urls":{"full":["https:\/\/quehacerpolitico.mx\/wp-content\/uploads\/2022\/01\/10957DCC-319A-4ED5-9373-2527BBB86210.jpeg",960,540,false],"thumbnail":["https:\/\/quehacerpolitico.mx\/wp-content\/uploads\/2022\/01\/10957DCC-319A-4ED5-9373-2527BBB86210-150x150.jpeg",150,150,true],"medium":["https:\/\/quehacerpolitico.mx\/wp-content\/uploads\/2022\/01\/10957DCC-319A-4ED5-9373-2527BBB86210-300x169.jpeg",300,169,true],"medium_large":["https:\/\/quehacerpolitico.mx\/wp-content\/uploads\/2022\/01\/10957DCC-319A-4ED5-9373-2527BBB86210-768x432.jpeg",640,360,true],"large":["https:\/\/quehacerpolitico.mx\/wp-content\/uploads\/2022\/01\/10957DCC-319A-4ED5-9373-2527BBB86210.jpeg",640,360,false],"1536x1536":["https:\/\/quehacerpolitico.mx\/wp-content\/uploads\/2022\/01\/10957DCC-319A-4ED5-9373-2527BBB86210.jpeg",960,540,false],"2048x2048":["https:\/\/quehacerpolitico.mx\/wp-content\/uploads\/2022\/01\/10957DCC-319A-4ED5-9373-2527BBB86210.jpeg",960,540,false],"covernews-featured":["https:\/\/quehacerpolitico.mx\/wp-content\/uploads\/2022\/01\/10957DCC-319A-4ED5-9373-2527BBB86210.jpeg",960,540,false],"covernews-medium":["https:\/\/quehacerpolitico.mx\/wp-content\/uploads\/2022\/01\/10957DCC-319A-4ED5-9373-2527BBB86210.jpeg",540,304,false]},"author_info":{"display_name":"Redacci\u00f3n QP","author_link":"https:\/\/quehacerpolitico.mx\/?author=2"},"category_info":"<a href=\"https:\/\/quehacerpolitico.mx\/?cat=2\" rel=\"category\">Noticias<\/a>","tag_info":"Noticias","comment_count":"0","_links":{"self":[{"href":"https:\/\/quehacerpolitico.mx\/index.php?rest_route=\/wp\/v2\/posts\/88145","targetHints":{"allow":["GET"]}}],"collection":[{"href":"https:\/\/quehacerpolitico.mx\/index.php?rest_route=\/wp\/v2\/posts"}],"about":[{"href":"https:\/\/quehacerpolitico.mx\/index.php?rest_route=\/wp\/v2\/types\/post"}],"author":[{"embeddable":true,"href":"https:\/\/quehacerpolitico.mx\/index.php?rest_route=\/wp\/v2\/users\/2"}],"replies":[{"embeddable":true,"href":"https:\/\/quehacerpolitico.mx\/index.php?rest_route=%2Fwp%2Fv2%2Fcomments&post=88145"}],"version-history":[{"count":1,"href":"https:\/\/quehacerpolitico.mx\/index.php?rest_route=\/wp\/v2\/posts\/88145\/revisions"}],"predecessor-version":[{"id":88150,"href":"https:\/\/quehacerpolitico.mx\/index.php?rest_route=\/wp\/v2\/posts\/88145\/revisions\/88150"}],"wp:featuredmedia":[{"embeddable":true,"href":"https:\/\/quehacerpolitico.mx\/index.php?rest_route=\/wp\/v2\/media\/88149"}],"wp:attachment":[{"href":"https:\/\/quehacerpolitico.mx\/index.php?rest_route=%2Fwp%2Fv2%2Fmedia&parent=88145"}],"wp:term":[{"taxonomy":"category","embeddable":true,"href":"https:\/\/quehacerpolitico.mx\/index.php?rest_route=%2Fwp%2Fv2%2Fcategories&post=88145"},{"taxonomy":"post_tag","embeddable":true,"href":"https:\/\/quehacerpolitico.mx\/index.php?rest_route=%2Fwp%2Fv2%2Ftags&post=88145"}],"curies":[{"name":"wp","href":"https:\/\/api.w.org\/{rel}","templated":true}]}}