{"id":88139,"date":"2022-01-07T22:04:51","date_gmt":"2022-01-07T22:04:51","guid":{"rendered":"https:\/\/quehacerpolitico.mx\/?p=88139"},"modified":"2022-01-07T22:04:53","modified_gmt":"2022-01-07T22:04:53","slug":"internacionales-carolina-alonso-romei-eeuu-insta-a-vacunar-a-ninos-mayores-de-cinco-anos-ante-el-alza-de-hospitalizaciones","status":"publish","type":"post","link":"https:\/\/quehacerpolitico.mx\/?p=88139","title":{"rendered":"Internacionales\/\/\/Carolina Alonso Romei\/\/\/EEUU insta a vacunar a ni\u00f1os mayores de cinco a\u00f1os ante el alza de hospitalizaciones"},"content":{"rendered":"\n<p>Por Carolina Alonso Romei <\/p>\n\n\n\n<p>Internacionalista <\/p>\n\n\n\n<p>Hasta este viernes m\u00e1s de 3 mil 100 menores est\u00e1n hospitalizados en Estados Unidos a consecuencia del covid-19<\/p>\n\n\n\n<ul class=\"wp-block-list\"><li>Cerca de mil menores fueron hospitalizados el mi\u00e9rcoles en EEUU, una cifra r\u00e9cord de ingresos diarios<\/li><li>El aumento de hospitalizaciones entre la poblaci\u00f3n infantil y adolescente coincide con el regreso de los estudiantes a las aulas tras las vacaciones navide\u00f1as<\/li><\/ul>\n\n\n\n<p>El Gobierno de\u00a0Estados Unidos inst\u00f3 a vacunar contra la\u00a0COVID-19 a los ni\u00f1os mayores de cinco a\u00f1os ante el alza de hospitalizaciones de menores de edad por el avance de la variante \u00f3micron.<\/p>\n\n\n\n<blockquote class=\"wp-block-quote is-layout-flow wp-block-quote-is-layout-flow\"><p>\u201cLas hospitalizaciones est\u00e1n aumentando para todos los grupos de edad y, aunque los ni\u00f1os tienen las tasas de hospitalizaci\u00f3n m\u00e1s bajas, tenemos los mayores ingresos de menores de edad en lo que va de pandemia\u201d, advirti\u00f3 en rueda de prensa telef\u00f3nica Rochelle Walensky, directora de los\u00a0<strong>Centros de Control y Prevenci\u00f3n de Enfermedades (CDC, en ingl\u00e9s).<\/strong><\/p><p><\/p><\/blockquote>\n\n\n\n<p>Alrededor de mil menores fueron hospitalizados el mi\u00e9rcoles en Estados Unidos a consecuencia de la covid-19, una cifra r\u00e9cord de ingresos diarios de pacientes infantiles desde el inicio de la pandemia.<\/p>\n\n\n\n<p>Walensky lament\u00f3 que solo el 16% de los ni\u00f1os de entre cinco y 11 a\u00f1os est\u00e1n completamente vacunados en Estados Unidos y record\u00f3 que los menores de entre 12 y 17 ya pueden recibir una dosis de refuerzo.<\/p>\n\n\n\n<blockquote class=\"wp-block-quote is-layout-flow wp-block-quote-is-layout-flow\"><p>\u201cSabemos que las vacunas previenen una enfermedad grave y de hospitalizaciones por la covid-19\u201d, insisti\u00f3 la directora de los CDC.<\/p><\/blockquote>\n\n\n\n<p>Walensky aclar\u00f3 que no hay evidencia cient\u00edfica de que la variable \u00f3micron sea m\u00e1s grave para los ni\u00f1os y sugiri\u00f3 que hay m\u00e1s menores hospitalizados, porque hay m\u00e1s contagios que en las olas anteriores.<\/p>\n\n\n\n<p>A fecha de hoy, m\u00e1s de 3 mil 100 menores est\u00e1n hospitalizados en Estados Unidos a consecuencia de covid-19.<\/p>\n\n\n\n<p>El anterior r\u00e9cord de ingresos infantiles se hab\u00eda alcanzado durante el pico de la ola causada por la variante delta, en el verano de 2021, cuando casi 400 menores fueron hospitalizados en un d\u00eda.<\/p>\n\n\n\n<p>El aumento de hospitalizaciones entre la poblaci\u00f3n infantil y adolescente coincide con el regreso de los estudiantes a las aulas tras las vacaciones navide\u00f1as, pero la cient\u00edfica defendi\u00f3 que los centros escolares cuentan con protocolos seguros para su apertura.<\/p>\n\n\n\n<p>La directora de los CDC tambi\u00e9n habl\u00f3 sobre la confusi\u00f3n generada la semana pasada cuando Estados Unidos redujo la cuarentena a cinco d\u00edas para personas contagiadas de \u00f3micron sin s\u00edntomas.<\/p>\n\n\n\n<p>Wallensky aclar\u00f3 que el inicio de los s\u00edntomas debe contarse como d\u00eda cero y que el confinamiento puede levantarse en el sexto d\u00eda si se es asintom\u00e1tico y siempre usando mascarilla.<\/p>\n\n\n\n<p>La cient\u00edfica no descart\u00f3 la aplicaci\u00f3n de cuartas dosis de la vacuna como ya ha anunciado Israel, si bien subray\u00f3 que los esfuerzos est\u00e1n ahora concentrados en las de refuerzo.<\/p>\n\n\n\n<blockquote class=\"wp-block-quote is-layout-flow wp-block-quote-is-layout-flow\"><p>\u201cNuestra estrategia ahora es aumentar la protecci\u00f3n de las personas elegibles para una tercera dosis antes de empezar a pensar en una cuarta dosis\u201d, explic\u00f3.<\/p><\/blockquote>\n\n\n\n<p>Con informaci\u00f3n de EFE<\/p>\n","protected":false},"excerpt":{"rendered":"<p>Por Carolina Alonso Romei Internacionalista Hasta este viernes m\u00e1s de 3 mil 100 menores est\u00e1n&#8230;<\/p>\n","protected":false},"author":2,"featured_media":88140,"comment_status":"open","ping_status":"open","sticky":false,"template":"","format":"standard","meta":{"_monsterinsights_skip_tracking":false,"_monsterinsights_sitenote_active":false,"_monsterinsights_sitenote_note":"","_monsterinsights_sitenote_category":0,"footnotes":""},"categories":[1],"tags":[],"class_list":["post-88139","post","type-post","status-publish","format-standard","has-post-thumbnail","hentry","category-sin-categoria"],"yoast_head":"<!-- This site is optimized with the Yoast SEO plugin v27.3 - https:\/\/yoast.com\/product\/yoast-seo-wordpress\/ -->\n<title>Internacionales\/\/\/Carolina Alonso Romei\/\/\/EEUU insta a vacunar a ni\u00f1os mayores de cinco a\u00f1os ante el alza de hospitalizaciones -<\/title>\n<meta name=\"robots\" content=\"index, follow, max-snippet:-1, max-image-preview:large, max-video-preview:-1\" \/>\n<link rel=\"canonical\" href=\"https:\/\/quehacerpolitico.mx\/?p=88139\" \/>\n<meta property=\"og:locale\" content=\"es_MX\" \/>\n<meta property=\"og:type\" content=\"article\" \/>\n<meta property=\"og:title\" content=\"Internacionales\/\/\/Carolina Alonso Romei\/\/\/EEUU insta a vacunar a ni\u00f1os mayores de cinco a\u00f1os ante el alza de hospitalizaciones -\" \/>\n<meta property=\"og:description\" content=\"Por Carolina Alonso Romei Internacionalista Hasta este viernes m\u00e1s de 3 mil 100 menores est\u00e1n...\" \/>\n<meta property=\"og:url\" content=\"https:\/\/quehacerpolitico.mx\/?p=88139\" \/>\n<meta property=\"article:published_time\" content=\"2022-01-07T22:04:51+00:00\" \/>\n<meta property=\"article:modified_time\" content=\"2022-01-07T22:04:53+00:00\" \/>\n<meta property=\"og:image\" content=\"https:\/\/quehacerpolitico.mx\/wp-content\/uploads\/2022\/01\/EC2C7A97-8F90-4D75-BC3C-FF7025EFCBF8.jpeg\" \/>\n\t<meta property=\"og:image:width\" content=\"739\" \/>\n\t<meta property=\"og:image:height\" content=\"415\" \/>\n\t<meta property=\"og:image:type\" content=\"image\/jpeg\" \/>\n<meta name=\"author\" content=\"Redacci\u00f3n QP\" \/>\n<meta name=\"twitter:card\" content=\"summary_large_image\" \/>\n<meta name=\"twitter:label1\" content=\"Escrito por\" \/>\n\t<meta name=\"twitter:data1\" content=\"Redacci\u00f3n QP\" \/>\n\t<meta name=\"twitter:label2\" content=\"Tiempo de lectura\" \/>\n\t<meta name=\"twitter:data2\" content=\"3 minutos\" \/>\n<script type=\"application\/ld+json\" class=\"yoast-schema-graph\">{\"@context\":\"https:\\\/\\\/schema.org\",\"@graph\":[{\"@type\":\"Article\",\"@id\":\"https:\\\/\\\/quehacerpolitico.mx\\\/?p=88139#article\",\"isPartOf\":{\"@id\":\"https:\\\/\\\/quehacerpolitico.mx\\\/?p=88139\"},\"author\":{\"name\":\"Redacci\u00f3n QP\",\"@id\":\"https:\\\/\\\/quehacerpolitico.mx\\\/#\\\/schema\\\/person\\\/496d8ad2d1d3f8036101dca7ee39e585\"},\"headline\":\"Internacionales\\\/\\\/\\\/Carolina Alonso Romei\\\/\\\/\\\/EEUU insta a vacunar a ni\u00f1os mayores de cinco a\u00f1os ante el alza de hospitalizaciones\",\"datePublished\":\"2022-01-07T22:04:51+00:00\",\"dateModified\":\"2022-01-07T22:04:53+00:00\",\"mainEntityOfPage\":{\"@id\":\"https:\\\/\\\/quehacerpolitico.mx\\\/?p=88139\"},\"wordCount\":545,\"commentCount\":0,\"image\":{\"@id\":\"https:\\\/\\\/quehacerpolitico.mx\\\/?p=88139#primaryimage\"},\"thumbnailUrl\":\"https:\\\/\\\/quehacerpolitico.mx\\\/wp-content\\\/uploads\\\/2022\\\/01\\\/EC2C7A97-8F90-4D75-BC3C-FF7025EFCBF8.jpeg\",\"articleSection\":[\"Internacionales\"],\"inLanguage\":\"es\",\"potentialAction\":[{\"@type\":\"CommentAction\",\"name\":\"Comment\",\"target\":[\"https:\\\/\\\/quehacerpolitico.mx\\\/?p=88139#respond\"]}]},{\"@type\":\"WebPage\",\"@id\":\"https:\\\/\\\/quehacerpolitico.mx\\\/?p=88139\",\"url\":\"https:\\\/\\\/quehacerpolitico.mx\\\/?p=88139\",\"name\":\"Internacionales\\\/\\\/\\\/Carolina Alonso Romei\\\/\\\/\\\/EEUU insta a vacunar a ni\u00f1os mayores de cinco a\u00f1os ante el alza de hospitalizaciones -\",\"isPartOf\":{\"@id\":\"https:\\\/\\\/quehacerpolitico.mx\\\/#website\"},\"primaryImageOfPage\":{\"@id\":\"https:\\\/\\\/quehacerpolitico.mx\\\/?p=88139#primaryimage\"},\"image\":{\"@id\":\"https:\\\/\\\/quehacerpolitico.mx\\\/?p=88139#primaryimage\"},\"thumbnailUrl\":\"https:\\\/\\\/quehacerpolitico.mx\\\/wp-content\\\/uploads\\\/2022\\\/01\\\/EC2C7A97-8F90-4D75-BC3C-FF7025EFCBF8.jpeg\",\"datePublished\":\"2022-01-07T22:04:51+00:00\",\"dateModified\":\"2022-01-07T22:04:53+00:00\",\"author\":{\"@id\":\"https:\\\/\\\/quehacerpolitico.mx\\\/#\\\/schema\\\/person\\\/496d8ad2d1d3f8036101dca7ee39e585\"},\"breadcrumb\":{\"@id\":\"https:\\\/\\\/quehacerpolitico.mx\\\/?p=88139#breadcrumb\"},\"inLanguage\":\"es\",\"potentialAction\":[{\"@type\":\"ReadAction\",\"target\":[\"https:\\\/\\\/quehacerpolitico.mx\\\/?p=88139\"]}]},{\"@type\":\"ImageObject\",\"inLanguage\":\"es\",\"@id\":\"https:\\\/\\\/quehacerpolitico.mx\\\/?p=88139#primaryimage\",\"url\":\"https:\\\/\\\/quehacerpolitico.mx\\\/wp-content\\\/uploads\\\/2022\\\/01\\\/EC2C7A97-8F90-4D75-BC3C-FF7025EFCBF8.jpeg\",\"contentUrl\":\"https:\\\/\\\/quehacerpolitico.mx\\\/wp-content\\\/uploads\\\/2022\\\/01\\\/EC2C7A97-8F90-4D75-BC3C-FF7025EFCBF8.jpeg\",\"width\":739,\"height\":415},{\"@type\":\"BreadcrumbList\",\"@id\":\"https:\\\/\\\/quehacerpolitico.mx\\\/?p=88139#breadcrumb\",\"itemListElement\":[{\"@type\":\"ListItem\",\"position\":1,\"name\":\"Inicio\",\"item\":\"https:\\\/\\\/quehacerpolitico.mx\\\/\"},{\"@type\":\"ListItem\",\"position\":2,\"name\":\"Internacionales\\\/\\\/\\\/Carolina Alonso Romei\\\/\\\/\\\/EEUU insta a vacunar a ni\u00f1os mayores de cinco a\u00f1os ante el alza de hospitalizaciones\"}]},{\"@type\":\"WebSite\",\"@id\":\"https:\\\/\\\/quehacerpolitico.mx\\\/#website\",\"url\":\"https:\\\/\\\/quehacerpolitico.mx\\\/\",\"name\":\"\",\"description\":\"\",\"potentialAction\":[{\"@type\":\"SearchAction\",\"target\":{\"@type\":\"EntryPoint\",\"urlTemplate\":\"https:\\\/\\\/quehacerpolitico.mx\\\/?s={search_term_string}\"},\"query-input\":{\"@type\":\"PropertyValueSpecification\",\"valueRequired\":true,\"valueName\":\"search_term_string\"}}],\"inLanguage\":\"es\"},{\"@type\":\"Person\",\"@id\":\"https:\\\/\\\/quehacerpolitico.mx\\\/#\\\/schema\\\/person\\\/496d8ad2d1d3f8036101dca7ee39e585\",\"name\":\"Redacci\u00f3n QP\",\"image\":{\"@type\":\"ImageObject\",\"inLanguage\":\"es\",\"@id\":\"https:\\\/\\\/secure.gravatar.com\\\/avatar\\\/c7164ed6fdec453195284ad24a5ae5b6e1eed2b848477fa2a4787ba9adf39a41?s=96&d=mm&r=g\",\"url\":\"https:\\\/\\\/secure.gravatar.com\\\/avatar\\\/c7164ed6fdec453195284ad24a5ae5b6e1eed2b848477fa2a4787ba9adf39a41?s=96&d=mm&r=g\",\"contentUrl\":\"https:\\\/\\\/secure.gravatar.com\\\/avatar\\\/c7164ed6fdec453195284ad24a5ae5b6e1eed2b848477fa2a4787ba9adf39a41?s=96&d=mm&r=g\",\"caption\":\"Redacci\u00f3n QP\"},\"url\":\"https:\\\/\\\/quehacerpolitico.mx\\\/?author=2\"}]}<\/script>\n<!-- \/ Yoast SEO plugin. -->","yoast_head_json":{"title":"Internacionales\/\/\/Carolina Alonso Romei\/\/\/EEUU insta a vacunar a ni\u00f1os mayores de cinco a\u00f1os ante el alza de hospitalizaciones -","robots":{"index":"index","follow":"follow","max-snippet":"max-snippet:-1","max-image-preview":"max-image-preview:large","max-video-preview":"max-video-preview:-1"},"canonical":"https:\/\/quehacerpolitico.mx\/?p=88139","og_locale":"es_MX","og_type":"article","og_title":"Internacionales\/\/\/Carolina Alonso Romei\/\/\/EEUU insta a vacunar a ni\u00f1os mayores de cinco a\u00f1os ante el alza de hospitalizaciones -","og_description":"Por Carolina Alonso Romei Internacionalista Hasta este viernes m\u00e1s de 3 mil 100 menores est\u00e1n...","og_url":"https:\/\/quehacerpolitico.mx\/?p=88139","article_published_time":"2022-01-07T22:04:51+00:00","article_modified_time":"2022-01-07T22:04:53+00:00","og_image":[{"width":739,"height":415,"url":"https:\/\/quehacerpolitico.mx\/wp-content\/uploads\/2022\/01\/EC2C7A97-8F90-4D75-BC3C-FF7025EFCBF8.jpeg","type":"image\/jpeg"}],"author":"Redacci\u00f3n QP","twitter_card":"summary_large_image","twitter_misc":{"Escrito por":"Redacci\u00f3n QP","Tiempo de lectura":"3 minutos"},"schema":{"@context":"https:\/\/schema.org","@graph":[{"@type":"Article","@id":"https:\/\/quehacerpolitico.mx\/?p=88139#article","isPartOf":{"@id":"https:\/\/quehacerpolitico.mx\/?p=88139"},"author":{"name":"Redacci\u00f3n QP","@id":"https:\/\/quehacerpolitico.mx\/#\/schema\/person\/496d8ad2d1d3f8036101dca7ee39e585"},"headline":"Internacionales\/\/\/Carolina Alonso Romei\/\/\/EEUU insta a vacunar a ni\u00f1os mayores de cinco a\u00f1os ante el alza de hospitalizaciones","datePublished":"2022-01-07T22:04:51+00:00","dateModified":"2022-01-07T22:04:53+00:00","mainEntityOfPage":{"@id":"https:\/\/quehacerpolitico.mx\/?p=88139"},"wordCount":545,"commentCount":0,"image":{"@id":"https:\/\/quehacerpolitico.mx\/?p=88139#primaryimage"},"thumbnailUrl":"https:\/\/quehacerpolitico.mx\/wp-content\/uploads\/2022\/01\/EC2C7A97-8F90-4D75-BC3C-FF7025EFCBF8.jpeg","articleSection":["Internacionales"],"inLanguage":"es","potentialAction":[{"@type":"CommentAction","name":"Comment","target":["https:\/\/quehacerpolitico.mx\/?p=88139#respond"]}]},{"@type":"WebPage","@id":"https:\/\/quehacerpolitico.mx\/?p=88139","url":"https:\/\/quehacerpolitico.mx\/?p=88139","name":"Internacionales\/\/\/Carolina Alonso Romei\/\/\/EEUU insta a vacunar a ni\u00f1os mayores de cinco a\u00f1os ante el alza de hospitalizaciones -","isPartOf":{"@id":"https:\/\/quehacerpolitico.mx\/#website"},"primaryImageOfPage":{"@id":"https:\/\/quehacerpolitico.mx\/?p=88139#primaryimage"},"image":{"@id":"https:\/\/quehacerpolitico.mx\/?p=88139#primaryimage"},"thumbnailUrl":"https:\/\/quehacerpolitico.mx\/wp-content\/uploads\/2022\/01\/EC2C7A97-8F90-4D75-BC3C-FF7025EFCBF8.jpeg","datePublished":"2022-01-07T22:04:51+00:00","dateModified":"2022-01-07T22:04:53+00:00","author":{"@id":"https:\/\/quehacerpolitico.mx\/#\/schema\/person\/496d8ad2d1d3f8036101dca7ee39e585"},"breadcrumb":{"@id":"https:\/\/quehacerpolitico.mx\/?p=88139#breadcrumb"},"inLanguage":"es","potentialAction":[{"@type":"ReadAction","target":["https:\/\/quehacerpolitico.mx\/?p=88139"]}]},{"@type":"ImageObject","inLanguage":"es","@id":"https:\/\/quehacerpolitico.mx\/?p=88139#primaryimage","url":"https:\/\/quehacerpolitico.mx\/wp-content\/uploads\/2022\/01\/EC2C7A97-8F90-4D75-BC3C-FF7025EFCBF8.jpeg","contentUrl":"https:\/\/quehacerpolitico.mx\/wp-content\/uploads\/2022\/01\/EC2C7A97-8F90-4D75-BC3C-FF7025EFCBF8.jpeg","width":739,"height":415},{"@type":"BreadcrumbList","@id":"https:\/\/quehacerpolitico.mx\/?p=88139#breadcrumb","itemListElement":[{"@type":"ListItem","position":1,"name":"Inicio","item":"https:\/\/quehacerpolitico.mx\/"},{"@type":"ListItem","position":2,"name":"Internacionales\/\/\/Carolina Alonso Romei\/\/\/EEUU insta a vacunar a ni\u00f1os mayores de cinco a\u00f1os ante el alza de hospitalizaciones"}]},{"@type":"WebSite","@id":"https:\/\/quehacerpolitico.mx\/#website","url":"https:\/\/quehacerpolitico.mx\/","name":"","description":"","potentialAction":[{"@type":"SearchAction","target":{"@type":"EntryPoint","urlTemplate":"https:\/\/quehacerpolitico.mx\/?s={search_term_string}"},"query-input":{"@type":"PropertyValueSpecification","valueRequired":true,"valueName":"search_term_string"}}],"inLanguage":"es"},{"@type":"Person","@id":"https:\/\/quehacerpolitico.mx\/#\/schema\/person\/496d8ad2d1d3f8036101dca7ee39e585","name":"Redacci\u00f3n QP","image":{"@type":"ImageObject","inLanguage":"es","@id":"https:\/\/secure.gravatar.com\/avatar\/c7164ed6fdec453195284ad24a5ae5b6e1eed2b848477fa2a4787ba9adf39a41?s=96&d=mm&r=g","url":"https:\/\/secure.gravatar.com\/avatar\/c7164ed6fdec453195284ad24a5ae5b6e1eed2b848477fa2a4787ba9adf39a41?s=96&d=mm&r=g","contentUrl":"https:\/\/secure.gravatar.com\/avatar\/c7164ed6fdec453195284ad24a5ae5b6e1eed2b848477fa2a4787ba9adf39a41?s=96&d=mm&r=g","caption":"Redacci\u00f3n QP"},"url":"https:\/\/quehacerpolitico.mx\/?author=2"}]}},"featured_image_urls":{"full":["https:\/\/quehacerpolitico.mx\/wp-content\/uploads\/2022\/01\/EC2C7A97-8F90-4D75-BC3C-FF7025EFCBF8.jpeg",739,415,false],"thumbnail":["https:\/\/quehacerpolitico.mx\/wp-content\/uploads\/2022\/01\/EC2C7A97-8F90-4D75-BC3C-FF7025EFCBF8-150x150.jpeg",150,150,true],"medium":["https:\/\/quehacerpolitico.mx\/wp-content\/uploads\/2022\/01\/EC2C7A97-8F90-4D75-BC3C-FF7025EFCBF8-300x168.jpeg",300,168,true],"medium_large":["https:\/\/quehacerpolitico.mx\/wp-content\/uploads\/2022\/01\/EC2C7A97-8F90-4D75-BC3C-FF7025EFCBF8.jpeg",640,359,false],"large":["https:\/\/quehacerpolitico.mx\/wp-content\/uploads\/2022\/01\/EC2C7A97-8F90-4D75-BC3C-FF7025EFCBF8.jpeg",640,359,false],"1536x1536":["https:\/\/quehacerpolitico.mx\/wp-content\/uploads\/2022\/01\/EC2C7A97-8F90-4D75-BC3C-FF7025EFCBF8.jpeg",739,415,false],"2048x2048":["https:\/\/quehacerpolitico.mx\/wp-content\/uploads\/2022\/01\/EC2C7A97-8F90-4D75-BC3C-FF7025EFCBF8.jpeg",739,415,false],"covernews-featured":["https:\/\/quehacerpolitico.mx\/wp-content\/uploads\/2022\/01\/EC2C7A97-8F90-4D75-BC3C-FF7025EFCBF8.jpeg",739,415,false],"covernews-medium":["https:\/\/quehacerpolitico.mx\/wp-content\/uploads\/2022\/01\/EC2C7A97-8F90-4D75-BC3C-FF7025EFCBF8.jpeg",540,303,false]},"author_info":{"display_name":"Redacci\u00f3n QP","author_link":"https:\/\/quehacerpolitico.mx\/?author=2"},"category_info":"<a href=\"https:\/\/quehacerpolitico.mx\/?cat=1\" rel=\"category\">Internacionales<\/a>","tag_info":"Internacionales","comment_count":"0","_links":{"self":[{"href":"https:\/\/quehacerpolitico.mx\/index.php?rest_route=\/wp\/v2\/posts\/88139","targetHints":{"allow":["GET"]}}],"collection":[{"href":"https:\/\/quehacerpolitico.mx\/index.php?rest_route=\/wp\/v2\/posts"}],"about":[{"href":"https:\/\/quehacerpolitico.mx\/index.php?rest_route=\/wp\/v2\/types\/post"}],"author":[{"embeddable":true,"href":"https:\/\/quehacerpolitico.mx\/index.php?rest_route=\/wp\/v2\/users\/2"}],"replies":[{"embeddable":true,"href":"https:\/\/quehacerpolitico.mx\/index.php?rest_route=%2Fwp%2Fv2%2Fcomments&post=88139"}],"version-history":[{"count":1,"href":"https:\/\/quehacerpolitico.mx\/index.php?rest_route=\/wp\/v2\/posts\/88139\/revisions"}],"predecessor-version":[{"id":88141,"href":"https:\/\/quehacerpolitico.mx\/index.php?rest_route=\/wp\/v2\/posts\/88139\/revisions\/88141"}],"wp:featuredmedia":[{"embeddable":true,"href":"https:\/\/quehacerpolitico.mx\/index.php?rest_route=\/wp\/v2\/media\/88140"}],"wp:attachment":[{"href":"https:\/\/quehacerpolitico.mx\/index.php?rest_route=%2Fwp%2Fv2%2Fmedia&parent=88139"}],"wp:term":[{"taxonomy":"category","embeddable":true,"href":"https:\/\/quehacerpolitico.mx\/index.php?rest_route=%2Fwp%2Fv2%2Fcategories&post=88139"},{"taxonomy":"post_tag","embeddable":true,"href":"https:\/\/quehacerpolitico.mx\/index.php?rest_route=%2Fwp%2Fv2%2Ftags&post=88139"}],"curies":[{"name":"wp","href":"https:\/\/api.w.org\/{rel}","templated":true}]}}